{"id":151332,"date":"2026-01-18T19:16:00","date_gmt":"2026-01-18T22:16:00","guid":{"rendered":"https:\/\/portaltela.pt\/noticias\/2026\/01\/18\/paulo-raimundo-afirma-que-resultado-das-eleicoes-conduz-ao-voto-em-seguro\/"},"modified":"2026-01-18T19:16:00","modified_gmt":"2026-01-18T22:16:00","slug":"paulo-raimundo-afirma-que-resultado-das-eleicoes-conduz-ao-voto-em-seguro","status":"publish","type":"post","link":"https:\/\/portaltela.pt\/noticias\/politica\/2026\/01\/18\/paulo-raimundo-afirma-que-resultado-das-eleicoes-conduz-ao-voto-em-seguro\/","title":{"rendered":"Paulo Raimundo afirma que resultado das elei\u00e7\u00f5es conduz ao voto em Seguro"},"content":{"rendered":"<p>O secret\u00e1rio-geral do PCP, Paulo Raimundo, afirmou que o resultado de Ant\u00f3nio Filipe nestas elei\u00e7\u00f5es fica aqu\u00e9m do valor da sua candidatura e que a passagem de Ventura \u00e0 segunda volta conduz ao voto em Ant\u00f3nio Jos\u00e9 Seguro.<\/p>\n<p>Raimundo descreveu a escolha como clara, sublinhando que \u00e9 preciso votar contra a candidatura de Andr\u00e9 Ventura e, assim, favorecer Ant\u00f3nio Jos\u00e9 Seguro. A declara\u00e7\u00e3o foi feita numa rea\u00e7\u00e3o aos resultados das elei\u00e7\u00f5es presidenciais, no hotel que serviu de quartel-general da candidatura de Ant\u00f3nio Filipe, em Lisboa.<\/p>\n<p>Para o l\u00edder comunista, a passagem \u00e0 segunda volta entre Ant\u00f3nio Jos\u00e9 Seguro e Andr\u00e9 Ventura cria um quadro em que o desfecho n\u00e3o pode afastar a identifica\u00e7\u00e3o com pol\u00edticas da direita e com os interesses de determinados grupos econ\u00f3micos.<\/p>\n<p>Anteriormente, o PCP j\u00e1 tinha salientado que, diante das candidaturas em presen\u00e7a, \u00e9 essencial evitar que o Presidente da Rep\u00fablica possa ter uma agenda associada \u00e0 direita e a op\u00e7\u00f5es retr\u00f3gradas que liquidem ou desafiem o regime democr\u00e1tico.<\/p>\n","protected":false},"excerpt":{"rendered":"<ul>\n<li>O secret\u00e1rio-geral do PCP, Paulo Raimundo, disse que o resultado de Ant\u00f3nio Filipe nestas elei\u00e7\u00f5es fica \u201caqu\u00e9m do valor\u201d da sua candidatura.<\/li>\n<li>A passagem de Ant\u00f3nio Jos\u00e9 Seguro \u00e0 segunda volta, em oposi\u00e7\u00e3o a Andr\u00e9 Ventura, \u201cconduz ao voto\u201d em Seguro, afirmou Raimundo.<\/li>\n<li>Raimundo pediu um voto claro contra a candidatura de Ventura e a favor de Seguro, indicando que o desfecho pode afetar o futuro Presidente da Rep\u00fablica.<\/li>\n<li>O l\u00edder comunista afirmou que o cen\u00e1rio com Ventura na segunda volta pode associar o Presidente a pol\u00edticas da direita e aos interesses de grupos econ\u00f3micos.<\/li>\n<\/ul>\n","protected":false},"author":2,"featured_media":151350,"comment_status":"closed","ping_status":"closed","sticky":false,"template":"","format":"standard","meta":{"footnotes":""},"categories":[1,5],"tags":[2453,2766,2655,68,2459,2832],"class_list":["post-151332","post","type-post","status-publish","format-standard","has-post-thumbnail","hentry","category-noticias","category-politica","tag-andre-ventura","tag-antonio-filipe","tag-antonio-jose-seguro","tag-eleicoes","tag-pcp","tag-politica"],"yoast_head":"<!-- This site is optimized with the Yoast SEO plugin v27.2 - https:\/\/yoast.com\/product\/yoast-seo-wordpress\/ -->\n<title>Paulo Raimundo afirma que resultado das elei\u00e7\u00f5es conduz ao voto em Seguro - Portal Tela Portugal<\/title>\n<meta name=\"robots\" content=\"index, follow, max-snippet:-1, max-image-preview:large, max-video-preview:-1\" \/>\n<meta property=\"og:locale\" content=\"pt_PT\" \/>\n<meta property=\"og:type\" content=\"article\" \/>\n<meta property=\"og:title\" content=\"Paulo Raimundo afirma que resultado das elei\u00e7\u00f5es conduz ao voto em Seguro - Portal Tela Portugal\" \/>\n<meta property=\"og:description\" content=\"O secret\u00e1rio-geral do PCP, Paulo Raimundo, disse que o resultado de Ant\u00f3nio Filipe nestas elei\u00e7\u00f5es fica \u201caqu\u00e9m do valor\u201d da sua candidatura. A passagem de Ant\u00f3nio Jos\u00e9 Seguro \u00e0 segunda volta, em oposi\u00e7\u00e3o a Andr\u00e9 Ventura, \u201cconduz ao voto\u201d em Seguro, afirmou Raimundo. Raimundo pediu um voto claro contra a candidatura de Ventura e a favor de Seguro, indicando que o desfecho pode afetar o futuro Presidente da Rep\u00fablica. O l\u00edder comunista afirmou que o cen\u00e1rio com Ventura na segunda volta pode associar o Presidente a pol\u00edticas da direita e aos interesses de grupos econ\u00f3micos.\" \/>\n<meta property=\"og:url\" content=\"https:\/\/portaltela.pt\/noticias\/2026\/01\/18\/paulo-raimundo-afirma-que-resultado-das-eleicoes-conduz-ao-voto-em-seguro\/\" \/>\n<meta property=\"og:site_name\" content=\"Portal Tela Portugal\" \/>\n<meta property=\"article:published_time\" content=\"2026-01-18T22:16:00+00:00\" \/>\n<meta name=\"author\" content=\"Telinha\" \/>\n<meta name=\"twitter:card\" content=\"summary_large_image\" \/>\n<meta name=\"twitter:label1\" content=\"Escrito por\" \/>\n\t<meta name=\"twitter:data1\" content=\"Telinha\" \/>\n\t<meta name=\"twitter:label2\" content=\"Tempo estimado de leitura\" \/>\n\t<meta name=\"twitter:data2\" content=\"1 minuto\" \/>\n<script type=\"application\/ld+json\" class=\"yoast-schema-graph\">{\"@context\":\"https:\/\/schema.org\",\"@graph\":[{\"@type\":\"Article\",\"@id\":\"https:\/\/portaltela.pt\/noticias\/2026\/01\/18\/paulo-raimundo-afirma-que-resultado-das-eleicoes-conduz-ao-voto-em-seguro\/#article\",\"isPartOf\":{\"@id\":\"https:\/\/portaltela.pt\/noticias\/2026\/01\/18\/paulo-raimundo-afirma-que-resultado-das-eleicoes-conduz-ao-voto-em-seguro\/\"},\"author\":{\"name\":\"Telinha\",\"@id\":\"https:\/\/portaltela.pt\/#\/schema\/person\/c4278d4a6028830caff9ee44b42d32ed\"},\"headline\":\"Paulo Raimundo afirma que resultado das elei\u00e7\u00f5es conduz ao voto em Seguro\",\"datePublished\":\"2026-01-18T22:16:00+00:00\",\"mainEntityOfPage\":{\"@id\":\"https:\/\/portaltela.pt\/noticias\/2026\/01\/18\/paulo-raimundo-afirma-que-resultado-das-eleicoes-conduz-ao-voto-em-seguro\/\"},\"wordCount\":192,\"image\":{\"@id\":\"https:\/\/portaltela.pt\/noticias\/2026\/01\/18\/paulo-raimundo-afirma-que-resultado-das-eleicoes-conduz-ao-voto-em-seguro\/#primaryimage\"},\"thumbnailUrl\":\"https:\/\/portaltela.pt\/s.01k8rhncp4jt1\/2026\/01\/unnamed-file-3740.jpg\",\"keywords\":[\"Andr\u00e9 Ventura\",\"Ant\u00f3nio Filipe\",\"Ant\u00f3nio Jos\u00e9 Seguro\",\"elei\u00e7\u00f5es\",\"PCP\",\"pol\u00edtica\"],\"articleSection\":[\"Not\u00edcias\",\"Pol\u00edtica\"],\"inLanguage\":\"pt-PT\"},{\"@type\":\"WebPage\",\"@id\":\"https:\/\/portaltela.pt\/noticias\/2026\/01\/18\/paulo-raimundo-afirma-que-resultado-das-eleicoes-conduz-ao-voto-em-seguro\/\",\"url\":\"https:\/\/portaltela.pt\/noticias\/2026\/01\/18\/paulo-raimundo-afirma-que-resultado-das-eleicoes-conduz-ao-voto-em-seguro\/\",\"name\":\"Paulo Raimundo afirma que resultado das elei\u00e7\u00f5es conduz ao voto em Seguro - Portal Tela Portugal\",\"isPartOf\":{\"@id\":\"https:\/\/portaltela.pt\/#website\"},\"primaryImageOfPage\":{\"@id\":\"https:\/\/portaltela.pt\/noticias\/2026\/01\/18\/paulo-raimundo-afirma-que-resultado-das-eleicoes-conduz-ao-voto-em-seguro\/#primaryimage\"},\"image\":{\"@id\":\"https:\/\/portaltela.pt\/noticias\/2026\/01\/18\/paulo-raimundo-afirma-que-resultado-das-eleicoes-conduz-ao-voto-em-seguro\/#primaryimage\"},\"thumbnailUrl\":\"https:\/\/portaltela.pt\/s.01k8rhncp4jt1\/2026\/01\/unnamed-file-3740.jpg\",\"datePublished\":\"2026-01-18T22:16:00+00:00\",\"author\":{\"@id\":\"https:\/\/portaltela.pt\/#\/schema\/person\/c4278d4a6028830caff9ee44b42d32ed\"},\"breadcrumb\":{\"@id\":\"https:\/\/portaltela.pt\/noticias\/2026\/01\/18\/paulo-raimundo-afirma-que-resultado-das-eleicoes-conduz-ao-voto-em-seguro\/#breadcrumb\"},\"inLanguage\":\"pt-PT\",\"potentialAction\":[{\"@type\":\"ReadAction\",\"target\":[\"https:\/\/portaltela.pt\/noticias\/2026\/01\/18\/paulo-raimundo-afirma-que-resultado-das-eleicoes-conduz-ao-voto-em-seguro\/\"]}]},{\"@type\":\"ImageObject\",\"inLanguage\":\"pt-PT\",\"@id\":\"https:\/\/portaltela.pt\/noticias\/2026\/01\/18\/paulo-raimundo-afirma-que-resultado-das-eleicoes-conduz-ao-voto-em-seguro\/#primaryimage\",\"url\":\"https:\/\/portaltela.pt\/s.01k8rhncp4jt1\/2026\/01\/unnamed-file-3740.jpg\",\"contentUrl\":\"https:\/\/portaltela.pt\/s.01k8rhncp4jt1\/2026\/01\/unnamed-file-3740.jpg\",\"width\":796,\"height\":448,\"caption\":\"Paulo Raimundo diz que resultado das elei\u00e7\u00f5es \\\"conduz ao voto\\\" em Seguro\"},{\"@type\":\"BreadcrumbList\",\"@id\":\"https:\/\/portaltela.pt\/noticias\/2026\/01\/18\/paulo-raimundo-afirma-que-resultado-das-eleicoes-conduz-ao-voto-em-seguro\/#breadcrumb\",\"itemListElement\":[{\"@type\":\"ListItem\",\"position\":1,\"name\":\"In\u00edcio\",\"item\":\"https:\/\/portaltela.pt\/\"},{\"@type\":\"ListItem\",\"position\":2,\"name\":\"Paulo Raimundo afirma que resultado das elei\u00e7\u00f5es conduz ao voto em Seguro\"}]},{\"@type\":\"WebSite\",\"@id\":\"https:\/\/portaltela.pt\/#website\",\"url\":\"https:\/\/portaltela.pt\/\",\"name\":\"Portal Tela Portugal\",\"description\":\"\",\"potentialAction\":[{\"@type\":\"SearchAction\",\"target\":{\"@type\":\"EntryPoint\",\"urlTemplate\":\"https:\/\/portaltela.pt\/?s={search_term_string}\"},\"query-input\":{\"@type\":\"PropertyValueSpecification\",\"valueRequired\":true,\"valueName\":\"search_term_string\"}}],\"inLanguage\":\"pt-PT\"},{\"@type\":\"Person\",\"@id\":\"https:\/\/portaltela.pt\/#\/schema\/person\/c4278d4a6028830caff9ee44b42d32ed\",\"name\":\"Telinha\",\"image\":{\"@type\":\"ImageObject\",\"inLanguage\":\"pt-PT\",\"@id\":\"https:\/\/portaltela.pt\/s.01k8rhncp4jt1\/2025\/11\/talking-bot-125x125.png\",\"url\":\"https:\/\/portaltela.pt\/s.01k8rhncp4jt1\/2025\/11\/talking-bot-125x125.png\",\"contentUrl\":\"https:\/\/portaltela.pt\/s.01k8rhncp4jt1\/2025\/11\/talking-bot-125x125.png\",\"caption\":\"Telinha\"},\"sameAs\":[\"https:\/\/portaltela.pt\/\"],\"url\":\"https:\/\/portaltela.pt\/por\/367410592786\/\"}]}<\/script>\n<!-- \/ Yoast SEO plugin. -->","yoast_head_json":{"title":"Paulo Raimundo afirma que resultado das elei\u00e7\u00f5es conduz ao voto em Seguro - Portal Tela Portugal","robots":{"index":"index","follow":"follow","max-snippet":"max-snippet:-1","max-image-preview":"max-image-preview:large","max-video-preview":"max-video-preview:-1"},"og_locale":"pt_PT","og_type":"article","og_title":"Paulo Raimundo afirma que resultado das elei\u00e7\u00f5es conduz ao voto em Seguro - Portal Tela Portugal","og_description":"O secret\u00e1rio-geral do PCP, Paulo Raimundo, disse que o resultado de Ant\u00f3nio Filipe nestas elei\u00e7\u00f5es fica \u201caqu\u00e9m do valor\u201d da sua candidatura. A passagem de Ant\u00f3nio Jos\u00e9 Seguro \u00e0 segunda volta, em oposi\u00e7\u00e3o a Andr\u00e9 Ventura, \u201cconduz ao voto\u201d em Seguro, afirmou Raimundo. Raimundo pediu um voto claro contra a candidatura de Ventura e a favor de Seguro, indicando que o desfecho pode afetar o futuro Presidente da Rep\u00fablica. O l\u00edder comunista afirmou que o cen\u00e1rio com Ventura na segunda volta pode associar o Presidente a pol\u00edticas da direita e aos interesses de grupos econ\u00f3micos.","og_url":"https:\/\/portaltela.pt\/noticias\/2026\/01\/18\/paulo-raimundo-afirma-que-resultado-das-eleicoes-conduz-ao-voto-em-seguro\/","og_site_name":"Portal Tela Portugal","article_published_time":"2026-01-18T22:16:00+00:00","author":"Telinha","twitter_card":"summary_large_image","twitter_misc":{"Escrito por":"Telinha","Tempo estimado de leitura":"1 minuto"},"schema":{"@context":"https:\/\/schema.org","@graph":[{"@type":"Article","@id":"https:\/\/portaltela.pt\/noticias\/2026\/01\/18\/paulo-raimundo-afirma-que-resultado-das-eleicoes-conduz-ao-voto-em-seguro\/#article","isPartOf":{"@id":"https:\/\/portaltela.pt\/noticias\/2026\/01\/18\/paulo-raimundo-afirma-que-resultado-das-eleicoes-conduz-ao-voto-em-seguro\/"},"author":{"name":"Telinha","@id":"https:\/\/portaltela.pt\/#\/schema\/person\/c4278d4a6028830caff9ee44b42d32ed"},"headline":"Paulo Raimundo afirma que resultado das elei\u00e7\u00f5es conduz ao voto em Seguro","datePublished":"2026-01-18T22:16:00+00:00","mainEntityOfPage":{"@id":"https:\/\/portaltela.pt\/noticias\/2026\/01\/18\/paulo-raimundo-afirma-que-resultado-das-eleicoes-conduz-ao-voto-em-seguro\/"},"wordCount":192,"image":{"@id":"https:\/\/portaltela.pt\/noticias\/2026\/01\/18\/paulo-raimundo-afirma-que-resultado-das-eleicoes-conduz-ao-voto-em-seguro\/#primaryimage"},"thumbnailUrl":"https:\/\/portaltela.pt\/s.01k8rhncp4jt1\/2026\/01\/unnamed-file-3740.jpg","keywords":["Andr\u00e9 Ventura","Ant\u00f3nio Filipe","Ant\u00f3nio Jos\u00e9 Seguro","elei\u00e7\u00f5es","PCP","pol\u00edtica"],"articleSection":["Not\u00edcias","Pol\u00edtica"],"inLanguage":"pt-PT"},{"@type":"WebPage","@id":"https:\/\/portaltela.pt\/noticias\/2026\/01\/18\/paulo-raimundo-afirma-que-resultado-das-eleicoes-conduz-ao-voto-em-seguro\/","url":"https:\/\/portaltela.pt\/noticias\/2026\/01\/18\/paulo-raimundo-afirma-que-resultado-das-eleicoes-conduz-ao-voto-em-seguro\/","name":"Paulo Raimundo afirma que resultado das elei\u00e7\u00f5es conduz ao voto em Seguro - Portal Tela Portugal","isPartOf":{"@id":"https:\/\/portaltela.pt\/#website"},"primaryImageOfPage":{"@id":"https:\/\/portaltela.pt\/noticias\/2026\/01\/18\/paulo-raimundo-afirma-que-resultado-das-eleicoes-conduz-ao-voto-em-seguro\/#primaryimage"},"image":{"@id":"https:\/\/portaltela.pt\/noticias\/2026\/01\/18\/paulo-raimundo-afirma-que-resultado-das-eleicoes-conduz-ao-voto-em-seguro\/#primaryimage"},"thumbnailUrl":"https:\/\/portaltela.pt\/s.01k8rhncp4jt1\/2026\/01\/unnamed-file-3740.jpg","datePublished":"2026-01-18T22:16:00+00:00","author":{"@id":"https:\/\/portaltela.pt\/#\/schema\/person\/c4278d4a6028830caff9ee44b42d32ed"},"breadcrumb":{"@id":"https:\/\/portaltela.pt\/noticias\/2026\/01\/18\/paulo-raimundo-afirma-que-resultado-das-eleicoes-conduz-ao-voto-em-seguro\/#breadcrumb"},"inLanguage":"pt-PT","potentialAction":[{"@type":"ReadAction","target":["https:\/\/portaltela.pt\/noticias\/2026\/01\/18\/paulo-raimundo-afirma-que-resultado-das-eleicoes-conduz-ao-voto-em-seguro\/"]}]},{"@type":"ImageObject","inLanguage":"pt-PT","@id":"https:\/\/portaltela.pt\/noticias\/2026\/01\/18\/paulo-raimundo-afirma-que-resultado-das-eleicoes-conduz-ao-voto-em-seguro\/#primaryimage","url":"https:\/\/portaltela.pt\/s.01k8rhncp4jt1\/2026\/01\/unnamed-file-3740.jpg","contentUrl":"https:\/\/portaltela.pt\/s.01k8rhncp4jt1\/2026\/01\/unnamed-file-3740.jpg","width":796,"height":448,"caption":"Paulo Raimundo diz que resultado das elei\u00e7\u00f5es \"conduz ao voto\" em Seguro"},{"@type":"BreadcrumbList","@id":"https:\/\/portaltela.pt\/noticias\/2026\/01\/18\/paulo-raimundo-afirma-que-resultado-das-eleicoes-conduz-ao-voto-em-seguro\/#breadcrumb","itemListElement":[{"@type":"ListItem","position":1,"name":"In\u00edcio","item":"https:\/\/portaltela.pt\/"},{"@type":"ListItem","position":2,"name":"Paulo Raimundo afirma que resultado das elei\u00e7\u00f5es conduz ao voto em Seguro"}]},{"@type":"WebSite","@id":"https:\/\/portaltela.pt\/#website","url":"https:\/\/portaltela.pt\/","name":"Portal Tela Portugal","description":"","potentialAction":[{"@type":"SearchAction","target":{"@type":"EntryPoint","urlTemplate":"https:\/\/portaltela.pt\/?s={search_term_string}"},"query-input":{"@type":"PropertyValueSpecification","valueRequired":true,"valueName":"search_term_string"}}],"inLanguage":"pt-PT"},{"@type":"Person","@id":"https:\/\/portaltela.pt\/#\/schema\/person\/c4278d4a6028830caff9ee44b42d32ed","name":"Telinha","image":{"@type":"ImageObject","inLanguage":"pt-PT","@id":"https:\/\/portaltela.pt\/s.01k8rhncp4jt1\/2025\/11\/talking-bot-125x125.png","url":"https:\/\/portaltela.pt\/s.01k8rhncp4jt1\/2025\/11\/talking-bot-125x125.png","contentUrl":"https:\/\/portaltela.pt\/s.01k8rhncp4jt1\/2025\/11\/talking-bot-125x125.png","caption":"Telinha"},"sameAs":["https:\/\/portaltela.pt\/"],"url":"https:\/\/portaltela.pt\/por\/367410592786\/"}]}},"_links":{"self":[{"href":"https:\/\/portaltela.pt\/api\/wp\/v2\/posts\/151332","targetHints":{"allow":["GET"]}}],"collection":[{"href":"https:\/\/portaltela.pt\/api\/wp\/v2\/posts"}],"about":[{"href":"https:\/\/portaltela.pt\/api\/wp\/v2\/types\/post"}],"author":[{"embeddable":true,"href":"https:\/\/portaltela.pt\/api\/wp\/v2\/users\/2"}],"replies":[{"embeddable":true,"href":"https:\/\/portaltela.pt\/api\/wp\/v2\/comments?post=151332"}],"version-history":[{"count":0,"href":"https:\/\/portaltela.pt\/api\/wp\/v2\/posts\/151332\/revisions"}],"wp:featuredmedia":[{"embeddable":true,"href":"https:\/\/portaltela.pt\/api\/wp\/v2\/media\/151350"}],"wp:attachment":[{"href":"https:\/\/portaltela.pt\/api\/wp\/v2\/media?parent=151332"}],"wp:term":[{"taxonomy":"category","embeddable":true,"href":"https:\/\/portaltela.pt\/api\/wp\/v2\/categories?post=151332"},{"taxonomy":"post_tag","embeddable":true,"href":"https:\/\/portaltela.pt\/api\/wp\/v2\/tags?post=151332"}],"curies":[{"name":"wp","href":"https:\/\/api.w.org\/{rel}","templated":true}]}}