{"id":151305,"date":"2026-01-18T08:10:00","date_gmt":"2026-01-18T11:10:00","guid":{"rendered":"https:\/\/portaltela.pt\/noticias\/2026\/01\/18\/bruno-fernandes-em-versao-cantonesa-recebe-elogios-de-neville-e-recado-a-amorim\/"},"modified":"2026-01-18T08:10:00","modified_gmt":"2026-01-18T11:10:00","slug":"bruno-fernandes-em-versao-cantonesa-recebe-elogios-de-neville-e-recado-a-amorim","status":"publish","type":"post","link":"https:\/\/portaltela.pt\/desporto\/futebol\/2026\/01\/18\/bruno-fernandes-em-versao-cantonesa-recebe-elogios-de-neville-e-recado-a-amorim\/","title":{"rendered":"Bruno Fernandes em vers\u00e3o cantonesa recebe elogios de Neville e recado a Amorim"},"content":{"rendered":"<p>Na estreia de Michael Carrick no banco, o Manchester United venceu o d\u00e9rbi de Manchester frente ao City por 2-0, em Old Trafford. A vit\u00f3ria, alcan\u00e7ada neste s\u00e1bado, devolve ao clube a refer\u00eancia de casa e refor\u00e7a o momento competitivo da equipa. O jogo confirmou-se como um marco da substitui\u00e7\u00e3o de comando.<\/p>\n<p>A Sky Sports destacou-se entre os coment\u00e1rios, com Gary Neville a elogiar a atua\u00e7\u00e3o dos Red Devils. O antigo capit\u00e3o afirmou que a performance foi uma das melhores j\u00e1 vistas no Manchester United, afirmando que \u00e9 poss\u00edvel jogar o estilo apreciado recentemente no clube.<\/p>\n<p>O t\u00e9cnico Carrick posicionou Bruno Fernandes mais \u00e0 frente, pr\u00f3ximo da baliza, o que o jogador reconheceu como a fun\u00e7\u00e3o ideal para explorar o seu talento. O seleccionador de Portugal foi alvo de coment\u00e1rios que defendiam uma adepta leitura t\u00e1ctica para o clube, associando o regresso aos princ\u00edpios do ADN do United.<\/p>\n<p>A primeira parte ficou marcada por uma ocasi\u00e3o de golo de Fernandes anulada por um fora de jogo, ao passo que o lance que abriu o marcador envolveu Mbeumo aos 65 minutos, com Cunha a assistir e Dorgu a confirmar o 2-0 pouco depois.<\/p>\n","protected":false},"excerpt":{"rendered":"<ul>\n<li>O Manchester United venceu o Manchester City por 2-0 no d\u00e9rbi de Manchester, em Old Trafford, na estreia de Carrick.<\/li>\n<li>Gary Neville elogiou a presta\u00e7\u00e3o, dizendo que foi uma das melhores j\u00e1 vistas no espa\u00e7o do Manchester United.<\/li>\n<li>Neville elogiou a forma como Bruno Fernandes atuou em vers\u00e3o \u201cCantonesca\u201d, com Carrick a posicion\u00e1-lo perto da baliza.<\/li>\n<li>O antigo jogador destacou o sistema do United, com um avan\u00e7ado e um \u201cn\u00famero 10\u201d, e criticou a ideia de o brasileiro Amorim exigir o m\u00e9dio recuar.<\/li>\n<li>No jogo, Fernandes viu golo anulado por fora de jogo na primeira parte e ter\u00e1 assistido Mbeumo aos 65 minutos; onze minutos depois, Cunha cruzou e Dorgu fez o 2-0.<\/li>\n<\/ul>\n","protected":false},"author":2,"featured_media":151311,"comment_status":"closed","ping_status":"closed","sticky":false,"template":"","format":"standard","meta":{"footnotes":""},"categories":[21,24],"tags":[1941,32,3187,2512,1014,2057],"class_list":["post-151305","post","type-post","status-publish","format-standard","has-post-thumbnail","hentry","category-desporto","category-futebol","tag-bruno-fernandes","tag-futebol","tag-manchester-united","tag-michael-carrick","tag-portugal","tag-selecao-nacional"],"yoast_head":"<!-- This site is optimized with the Yoast SEO plugin v27.2 - https:\/\/yoast.com\/product\/yoast-seo-wordpress\/ -->\n<title>Bruno Fernandes em vers\u00e3o cantonesa recebe elogios de Neville e recado a Amorim - Portal Tela Portugal<\/title>\n<meta name=\"robots\" content=\"index, follow, max-snippet:-1, max-image-preview:large, max-video-preview:-1\" \/>\n<meta property=\"og:locale\" content=\"pt_PT\" \/>\n<meta property=\"og:type\" content=\"article\" \/>\n<meta property=\"og:title\" content=\"Bruno Fernandes em vers\u00e3o cantonesa recebe elogios de Neville e recado a Amorim - Portal Tela Portugal\" \/>\n<meta property=\"og:description\" content=\"O Manchester United venceu o Manchester City por 2-0 no d\u00e9rbi de Manchester, em Old Trafford, na estreia de Carrick. Gary Neville elogiou a presta\u00e7\u00e3o, dizendo que foi uma das melhores j\u00e1 vistas no espa\u00e7o do Manchester United. Neville elogiou a forma como Bruno Fernandes atuou em vers\u00e3o \u201cCantonesca\u201d, com Carrick a posicion\u00e1-lo perto da baliza. O antigo jogador destacou o sistema do United, com um avan\u00e7ado e um \u201cn\u00famero 10\u201d, e criticou a ideia de o brasileiro Amorim exigir o m\u00e9dio recuar. No jogo, Fernandes viu golo anulado por fora de jogo na primeira parte e ter\u00e1 assistido Mbeumo aos 65 minutos; onze minutos depois, Cunha cruzou e Dorgu fez o 2-0.\" \/>\n<meta property=\"og:url\" content=\"https:\/\/portaltela.pt\/noticias\/2026\/01\/18\/bruno-fernandes-em-versao-cantonesa-recebe-elogios-de-neville-e-recado-a-amorim\/\" \/>\n<meta property=\"og:site_name\" content=\"Portal Tela Portugal\" \/>\n<meta property=\"article:published_time\" content=\"2026-01-18T11:10:00+00:00\" \/>\n<meta name=\"author\" content=\"Telinha\" \/>\n<meta name=\"twitter:card\" content=\"summary_large_image\" \/>\n<meta name=\"twitter:label1\" content=\"Escrito por\" \/>\n\t<meta name=\"twitter:data1\" content=\"Telinha\" \/>\n\t<meta name=\"twitter:label2\" content=\"Tempo estimado de leitura\" \/>\n\t<meta name=\"twitter:data2\" content=\"1 minuto\" \/>\n<script type=\"application\/ld+json\" class=\"yoast-schema-graph\">{\"@context\":\"https:\/\/schema.org\",\"@graph\":[{\"@type\":\"Article\",\"@id\":\"https:\/\/portaltela.pt\/noticias\/2026\/01\/18\/bruno-fernandes-em-versao-cantonesa-recebe-elogios-de-neville-e-recado-a-amorim\/#article\",\"isPartOf\":{\"@id\":\"https:\/\/portaltela.pt\/noticias\/2026\/01\/18\/bruno-fernandes-em-versao-cantonesa-recebe-elogios-de-neville-e-recado-a-amorim\/\"},\"author\":{\"name\":\"Telinha\",\"@id\":\"https:\/\/portaltela.pt\/#\/schema\/person\/c4278d4a6028830caff9ee44b42d32ed\"},\"headline\":\"Bruno Fernandes em vers\u00e3o cantonesa recebe elogios de Neville e recado a Amorim\",\"datePublished\":\"2026-01-18T11:10:00+00:00\",\"mainEntityOfPage\":{\"@id\":\"https:\/\/portaltela.pt\/noticias\/2026\/01\/18\/bruno-fernandes-em-versao-cantonesa-recebe-elogios-de-neville-e-recado-a-amorim\/\"},\"wordCount\":221,\"image\":{\"@id\":\"https:\/\/portaltela.pt\/noticias\/2026\/01\/18\/bruno-fernandes-em-versao-cantonesa-recebe-elogios-de-neville-e-recado-a-amorim\/#primaryimage\"},\"thumbnailUrl\":\"https:\/\/portaltela.pt\/s.01k8rhncp4jt1\/2026\/01\/img_920x518uu2026-01-18-11-09-37-2415500-im-639043314002732883-4.jpg\",\"keywords\":[\"Bruno Fernandes\",\"futebol\",\"Manchester United\",\"Michael Carrick\",\"Portugal\",\"Sele\u00e7\u00e3o Nacional\"],\"articleSection\":[\"Desporto\",\"Futebol\"],\"inLanguage\":\"pt-PT\"},{\"@type\":\"WebPage\",\"@id\":\"https:\/\/portaltela.pt\/noticias\/2026\/01\/18\/bruno-fernandes-em-versao-cantonesa-recebe-elogios-de-neville-e-recado-a-amorim\/\",\"url\":\"https:\/\/portaltela.pt\/noticias\/2026\/01\/18\/bruno-fernandes-em-versao-cantonesa-recebe-elogios-de-neville-e-recado-a-amorim\/\",\"name\":\"Bruno Fernandes em vers\u00e3o cantonesa recebe elogios de Neville e recado a Amorim - Portal Tela Portugal\",\"isPartOf\":{\"@id\":\"https:\/\/portaltela.pt\/#website\"},\"primaryImageOfPage\":{\"@id\":\"https:\/\/portaltela.pt\/noticias\/2026\/01\/18\/bruno-fernandes-em-versao-cantonesa-recebe-elogios-de-neville-e-recado-a-amorim\/#primaryimage\"},\"image\":{\"@id\":\"https:\/\/portaltela.pt\/noticias\/2026\/01\/18\/bruno-fernandes-em-versao-cantonesa-recebe-elogios-de-neville-e-recado-a-amorim\/#primaryimage\"},\"thumbnailUrl\":\"https:\/\/portaltela.pt\/s.01k8rhncp4jt1\/2026\/01\/img_920x518uu2026-01-18-11-09-37-2415500-im-639043314002732883-4.jpg\",\"datePublished\":\"2026-01-18T11:10:00+00:00\",\"author\":{\"@id\":\"https:\/\/portaltela.pt\/#\/schema\/person\/c4278d4a6028830caff9ee44b42d32ed\"},\"breadcrumb\":{\"@id\":\"https:\/\/portaltela.pt\/noticias\/2026\/01\/18\/bruno-fernandes-em-versao-cantonesa-recebe-elogios-de-neville-e-recado-a-amorim\/#breadcrumb\"},\"inLanguage\":\"pt-PT\",\"potentialAction\":[{\"@type\":\"ReadAction\",\"target\":[\"https:\/\/portaltela.pt\/noticias\/2026\/01\/18\/bruno-fernandes-em-versao-cantonesa-recebe-elogios-de-neville-e-recado-a-amorim\/\"]}]},{\"@type\":\"ImageObject\",\"inLanguage\":\"pt-PT\",\"@id\":\"https:\/\/portaltela.pt\/noticias\/2026\/01\/18\/bruno-fernandes-em-versao-cantonesa-recebe-elogios-de-neville-e-recado-a-amorim\/#primaryimage\",\"url\":\"https:\/\/portaltela.pt\/s.01k8rhncp4jt1\/2026\/01\/img_920x518uu2026-01-18-11-09-37-2415500-im-639043314002732883-4.jpg\",\"contentUrl\":\"https:\/\/portaltela.pt\/s.01k8rhncp4jt1\/2026\/01\/img_920x518uu2026-01-18-11-09-37-2415500-im-639043314002732883-4.jpg\",\"width\":796,\"height\":448,\"caption\":\"Bruno Fernandes no d\u00e9rbi United-City\"},{\"@type\":\"BreadcrumbList\",\"@id\":\"https:\/\/portaltela.pt\/noticias\/2026\/01\/18\/bruno-fernandes-em-versao-cantonesa-recebe-elogios-de-neville-e-recado-a-amorim\/#breadcrumb\",\"itemListElement\":[{\"@type\":\"ListItem\",\"position\":1,\"name\":\"In\u00edcio\",\"item\":\"https:\/\/portaltela.pt\/\"},{\"@type\":\"ListItem\",\"position\":2,\"name\":\"Bruno Fernandes em vers\u00e3o cantonesa recebe elogios de Neville e recado a Amorim\"}]},{\"@type\":\"WebSite\",\"@id\":\"https:\/\/portaltela.pt\/#website\",\"url\":\"https:\/\/portaltela.pt\/\",\"name\":\"Portal Tela Portugal\",\"description\":\"\",\"potentialAction\":[{\"@type\":\"SearchAction\",\"target\":{\"@type\":\"EntryPoint\",\"urlTemplate\":\"https:\/\/portaltela.pt\/?s={search_term_string}\"},\"query-input\":{\"@type\":\"PropertyValueSpecification\",\"valueRequired\":true,\"valueName\":\"search_term_string\"}}],\"inLanguage\":\"pt-PT\"},{\"@type\":\"Person\",\"@id\":\"https:\/\/portaltela.pt\/#\/schema\/person\/c4278d4a6028830caff9ee44b42d32ed\",\"name\":\"Telinha\",\"image\":{\"@type\":\"ImageObject\",\"inLanguage\":\"pt-PT\",\"@id\":\"https:\/\/portaltela.pt\/s.01k8rhncp4jt1\/2025\/11\/talking-bot-125x125.png\",\"url\":\"https:\/\/portaltela.pt\/s.01k8rhncp4jt1\/2025\/11\/talking-bot-125x125.png\",\"contentUrl\":\"https:\/\/portaltela.pt\/s.01k8rhncp4jt1\/2025\/11\/talking-bot-125x125.png\",\"caption\":\"Telinha\"},\"sameAs\":[\"https:\/\/portaltela.pt\/\"],\"url\":\"https:\/\/portaltela.pt\/por\/367410592786\/\"}]}<\/script>\n<!-- \/ Yoast SEO plugin. -->","yoast_head_json":{"title":"Bruno Fernandes em vers\u00e3o cantonesa recebe elogios de Neville e recado a Amorim - Portal Tela Portugal","robots":{"index":"index","follow":"follow","max-snippet":"max-snippet:-1","max-image-preview":"max-image-preview:large","max-video-preview":"max-video-preview:-1"},"og_locale":"pt_PT","og_type":"article","og_title":"Bruno Fernandes em vers\u00e3o cantonesa recebe elogios de Neville e recado a Amorim - Portal Tela Portugal","og_description":"O Manchester United venceu o Manchester City por 2-0 no d\u00e9rbi de Manchester, em Old Trafford, na estreia de Carrick. Gary Neville elogiou a presta\u00e7\u00e3o, dizendo que foi uma das melhores j\u00e1 vistas no espa\u00e7o do Manchester United. Neville elogiou a forma como Bruno Fernandes atuou em vers\u00e3o \u201cCantonesca\u201d, com Carrick a posicion\u00e1-lo perto da baliza. O antigo jogador destacou o sistema do United, com um avan\u00e7ado e um \u201cn\u00famero 10\u201d, e criticou a ideia de o brasileiro Amorim exigir o m\u00e9dio recuar. No jogo, Fernandes viu golo anulado por fora de jogo na primeira parte e ter\u00e1 assistido Mbeumo aos 65 minutos; onze minutos depois, Cunha cruzou e Dorgu fez o 2-0.","og_url":"https:\/\/portaltela.pt\/noticias\/2026\/01\/18\/bruno-fernandes-em-versao-cantonesa-recebe-elogios-de-neville-e-recado-a-amorim\/","og_site_name":"Portal Tela Portugal","article_published_time":"2026-01-18T11:10:00+00:00","author":"Telinha","twitter_card":"summary_large_image","twitter_misc":{"Escrito por":"Telinha","Tempo estimado de leitura":"1 minuto"},"schema":{"@context":"https:\/\/schema.org","@graph":[{"@type":"Article","@id":"https:\/\/portaltela.pt\/noticias\/2026\/01\/18\/bruno-fernandes-em-versao-cantonesa-recebe-elogios-de-neville-e-recado-a-amorim\/#article","isPartOf":{"@id":"https:\/\/portaltela.pt\/noticias\/2026\/01\/18\/bruno-fernandes-em-versao-cantonesa-recebe-elogios-de-neville-e-recado-a-amorim\/"},"author":{"name":"Telinha","@id":"https:\/\/portaltela.pt\/#\/schema\/person\/c4278d4a6028830caff9ee44b42d32ed"},"headline":"Bruno Fernandes em vers\u00e3o cantonesa recebe elogios de Neville e recado a Amorim","datePublished":"2026-01-18T11:10:00+00:00","mainEntityOfPage":{"@id":"https:\/\/portaltela.pt\/noticias\/2026\/01\/18\/bruno-fernandes-em-versao-cantonesa-recebe-elogios-de-neville-e-recado-a-amorim\/"},"wordCount":221,"image":{"@id":"https:\/\/portaltela.pt\/noticias\/2026\/01\/18\/bruno-fernandes-em-versao-cantonesa-recebe-elogios-de-neville-e-recado-a-amorim\/#primaryimage"},"thumbnailUrl":"https:\/\/portaltela.pt\/s.01k8rhncp4jt1\/2026\/01\/img_920x518uu2026-01-18-11-09-37-2415500-im-639043314002732883-4.jpg","keywords":["Bruno Fernandes","futebol","Manchester United","Michael Carrick","Portugal","Sele\u00e7\u00e3o Nacional"],"articleSection":["Desporto","Futebol"],"inLanguage":"pt-PT"},{"@type":"WebPage","@id":"https:\/\/portaltela.pt\/noticias\/2026\/01\/18\/bruno-fernandes-em-versao-cantonesa-recebe-elogios-de-neville-e-recado-a-amorim\/","url":"https:\/\/portaltela.pt\/noticias\/2026\/01\/18\/bruno-fernandes-em-versao-cantonesa-recebe-elogios-de-neville-e-recado-a-amorim\/","name":"Bruno Fernandes em vers\u00e3o cantonesa recebe elogios de Neville e recado a Amorim - Portal Tela Portugal","isPartOf":{"@id":"https:\/\/portaltela.pt\/#website"},"primaryImageOfPage":{"@id":"https:\/\/portaltela.pt\/noticias\/2026\/01\/18\/bruno-fernandes-em-versao-cantonesa-recebe-elogios-de-neville-e-recado-a-amorim\/#primaryimage"},"image":{"@id":"https:\/\/portaltela.pt\/noticias\/2026\/01\/18\/bruno-fernandes-em-versao-cantonesa-recebe-elogios-de-neville-e-recado-a-amorim\/#primaryimage"},"thumbnailUrl":"https:\/\/portaltela.pt\/s.01k8rhncp4jt1\/2026\/01\/img_920x518uu2026-01-18-11-09-37-2415500-im-639043314002732883-4.jpg","datePublished":"2026-01-18T11:10:00+00:00","author":{"@id":"https:\/\/portaltela.pt\/#\/schema\/person\/c4278d4a6028830caff9ee44b42d32ed"},"breadcrumb":{"@id":"https:\/\/portaltela.pt\/noticias\/2026\/01\/18\/bruno-fernandes-em-versao-cantonesa-recebe-elogios-de-neville-e-recado-a-amorim\/#breadcrumb"},"inLanguage":"pt-PT","potentialAction":[{"@type":"ReadAction","target":["https:\/\/portaltela.pt\/noticias\/2026\/01\/18\/bruno-fernandes-em-versao-cantonesa-recebe-elogios-de-neville-e-recado-a-amorim\/"]}]},{"@type":"ImageObject","inLanguage":"pt-PT","@id":"https:\/\/portaltela.pt\/noticias\/2026\/01\/18\/bruno-fernandes-em-versao-cantonesa-recebe-elogios-de-neville-e-recado-a-amorim\/#primaryimage","url":"https:\/\/portaltela.pt\/s.01k8rhncp4jt1\/2026\/01\/img_920x518uu2026-01-18-11-09-37-2415500-im-639043314002732883-4.jpg","contentUrl":"https:\/\/portaltela.pt\/s.01k8rhncp4jt1\/2026\/01\/img_920x518uu2026-01-18-11-09-37-2415500-im-639043314002732883-4.jpg","width":796,"height":448,"caption":"Bruno Fernandes no d\u00e9rbi United-City"},{"@type":"BreadcrumbList","@id":"https:\/\/portaltela.pt\/noticias\/2026\/01\/18\/bruno-fernandes-em-versao-cantonesa-recebe-elogios-de-neville-e-recado-a-amorim\/#breadcrumb","itemListElement":[{"@type":"ListItem","position":1,"name":"In\u00edcio","item":"https:\/\/portaltela.pt\/"},{"@type":"ListItem","position":2,"name":"Bruno Fernandes em vers\u00e3o cantonesa recebe elogios de Neville e recado a Amorim"}]},{"@type":"WebSite","@id":"https:\/\/portaltela.pt\/#website","url":"https:\/\/portaltela.pt\/","name":"Portal Tela Portugal","description":"","potentialAction":[{"@type":"SearchAction","target":{"@type":"EntryPoint","urlTemplate":"https:\/\/portaltela.pt\/?s={search_term_string}"},"query-input":{"@type":"PropertyValueSpecification","valueRequired":true,"valueName":"search_term_string"}}],"inLanguage":"pt-PT"},{"@type":"Person","@id":"https:\/\/portaltela.pt\/#\/schema\/person\/c4278d4a6028830caff9ee44b42d32ed","name":"Telinha","image":{"@type":"ImageObject","inLanguage":"pt-PT","@id":"https:\/\/portaltela.pt\/s.01k8rhncp4jt1\/2025\/11\/talking-bot-125x125.png","url":"https:\/\/portaltela.pt\/s.01k8rhncp4jt1\/2025\/11\/talking-bot-125x125.png","contentUrl":"https:\/\/portaltela.pt\/s.01k8rhncp4jt1\/2025\/11\/talking-bot-125x125.png","caption":"Telinha"},"sameAs":["https:\/\/portaltela.pt\/"],"url":"https:\/\/portaltela.pt\/por\/367410592786\/"}]}},"_links":{"self":[{"href":"https:\/\/portaltela.pt\/api\/wp\/v2\/posts\/151305","targetHints":{"allow":["GET"]}}],"collection":[{"href":"https:\/\/portaltela.pt\/api\/wp\/v2\/posts"}],"about":[{"href":"https:\/\/portaltela.pt\/api\/wp\/v2\/types\/post"}],"author":[{"embeddable":true,"href":"https:\/\/portaltela.pt\/api\/wp\/v2\/users\/2"}],"replies":[{"embeddable":true,"href":"https:\/\/portaltela.pt\/api\/wp\/v2\/comments?post=151305"}],"version-history":[{"count":0,"href":"https:\/\/portaltela.pt\/api\/wp\/v2\/posts\/151305\/revisions"}],"wp:featuredmedia":[{"embeddable":true,"href":"https:\/\/portaltela.pt\/api\/wp\/v2\/media\/151311"}],"wp:attachment":[{"href":"https:\/\/portaltela.pt\/api\/wp\/v2\/media?parent=151305"}],"wp:term":[{"taxonomy":"category","embeddable":true,"href":"https:\/\/portaltela.pt\/api\/wp\/v2\/categories?post=151305"},{"taxonomy":"post_tag","embeddable":true,"href":"https:\/\/portaltela.pt\/api\/wp\/v2\/tags?post=151305"}],"curies":[{"name":"wp","href":"https:\/\/api.w.org\/{rel}","templated":true}]}}