{"id":151263,"date":"2026-01-18T18:58:21","date_gmt":"2026-01-18T21:58:21","guid":{"rendered":"https:\/\/portaltela.pt\/noticias\/2026\/01\/18\/seguro-vence-em-famalicao-nas-eleicoes-presidenciais\/"},"modified":"2026-01-18T18:58:21","modified_gmt":"2026-01-18T21:58:21","slug":"seguro-vence-em-famalicao-nas-eleicoes-presidenciais","status":"publish","type":"post","link":"https:\/\/portaltela.pt\/noticias\/politica\/2026\/01\/18\/seguro-vence-em-famalicao-nas-eleicoes-presidenciais\/","title":{"rendered":"Seguro vence em Famalic\u00e3o nas elei\u00e7\u00f5es presidenciais"},"content":{"rendered":"<p>Ant\u00f3nio Jos\u00e9 Seguro foi o candidato mais votado no concelho de Vila Nova de Famalic\u00e3o na primeira volta das elei\u00e7\u00f5es presidenciais deste domingo, 18 de janeiro. A contagem indica vit\u00f3ria em 35 das 39 freguesias.<\/p>\n<p>Seguro recolheu 30,98% dos votos, num total de 25.504 eleitores. Em segundo lugar ficou Andr\u00e9 Ventura, com 22,25% (18.311 votos). Jo\u00e3o Cotrim de Figueiredo marcou 18,07% (14.874 votos).<\/p>\n<p>Segue-se Lu\u00eds Marques Mendes, com 13,15% (10.821 votos), e Henrique Gouveia e Melo, com 11,76% (9.684 votos). Votos em branco somaram 1,28% e nulos 0,97% no concelho.<\/p>\n<p>A n\u00edvel nacional, o pa\u00eds avan\u00e7a para segunda volta marcada para 8 de fevereiro, entre Ant\u00f3nio Jos\u00e9 Seguro e Andr\u00e9 Ventura. A vota\u00e7\u00e3o em Famalic\u00e3o foi parte do apuramento nacional.<\/p>\n","protected":false},"excerpt":{"rendered":"<ul>\n<li>Ant\u00f3nio Jos\u00e9 Seguro foi o candidato mais votado no concelho de Vila Nova de Famalic\u00e3o na primeira volta, vencendo em 35 das 39 freguesias.<\/li>\n<li>Seguro obteve 30,98% dos votos, num total de 25.504 eleitores.<\/li>\n<li>Andr\u00e9 Ventura ficou em segundo, com 22,25% (18.311 votos).<\/li>\n<li>Jo\u00e3o Cotrim de Figueiredo teve 18,07% (14.874 votos); Lu\u00eds Marques Mendes 13,15% (10.821 votos); Henrique Gouveia e Melo 11,76% (9.684 votos).<\/li>\n<li>A n\u00edvel nacional, o pa\u00eds segue para a segunda volta a 8 de fevereiro entre Ant\u00f3nio Jos\u00e9 Seguro e Andr\u00e9 Ventura; votos em branco 1,28%, votos nulos 0,97%.<\/li>\n<\/ul>\n","protected":false},"author":2,"featured_media":151269,"comment_status":"closed","ping_status":"closed","sticky":false,"template":"","format":"standard","meta":{"footnotes":""},"categories":[1,5],"tags":[2453,2655,68,1396,3145,2612],"class_list":["post-151263","post","type-post","status-publish","format-standard","has-post-thumbnail","hentry","category-noticias","category-politica","tag-andre-ventura","tag-antonio-jose-seguro","tag-eleicoes","tag-famalicao","tag-joao-cotrim-de-figueiredo","tag-luis-marques-mendes"],"yoast_head":"<!-- This site is optimized with the Yoast SEO plugin v27.2 - https:\/\/yoast.com\/product\/yoast-seo-wordpress\/ -->\n<title>Seguro vence em Famalic\u00e3o nas elei\u00e7\u00f5es presidenciais - Portal Tela Portugal<\/title>\n<meta name=\"robots\" content=\"index, follow, max-snippet:-1, max-image-preview:large, max-video-preview:-1\" \/>\n<meta property=\"og:locale\" content=\"pt_PT\" \/>\n<meta property=\"og:type\" content=\"article\" \/>\n<meta property=\"og:title\" content=\"Seguro vence em Famalic\u00e3o nas elei\u00e7\u00f5es presidenciais - Portal Tela Portugal\" \/>\n<meta property=\"og:description\" content=\"Ant\u00f3nio Jos\u00e9 Seguro foi o candidato mais votado no concelho de Vila Nova de Famalic\u00e3o na primeira volta, vencendo em 35 das 39 freguesias. Seguro obteve 30,98% dos votos, num total de 25.504 eleitores. Andr\u00e9 Ventura ficou em segundo, com 22,25% (18.311 votos). Jo\u00e3o Cotrim de Figueiredo teve 18,07% (14.874 votos); Lu\u00eds Marques Mendes 13,15% (10.821 votos); Henrique Gouveia e Melo 11,76% (9.684 votos). A n\u00edvel nacional, o pa\u00eds segue para a segunda volta a 8 de fevereiro entre Ant\u00f3nio Jos\u00e9 Seguro e Andr\u00e9 Ventura; votos em branco 1,28%, votos nulos 0,97%.\" \/>\n<meta property=\"og:url\" content=\"https:\/\/portaltela.pt\/noticias\/2026\/01\/18\/seguro-vence-em-famalicao-nas-eleicoes-presidenciais\/\" \/>\n<meta property=\"og:site_name\" content=\"Portal Tela Portugal\" \/>\n<meta property=\"article:published_time\" content=\"2026-01-18T21:58:21+00:00\" \/>\n<meta name=\"author\" content=\"Telinha\" \/>\n<meta name=\"twitter:card\" content=\"summary_large_image\" \/>\n<meta name=\"twitter:label1\" content=\"Escrito por\" \/>\n\t<meta name=\"twitter:data1\" content=\"Telinha\" \/>\n\t<meta name=\"twitter:label2\" content=\"Tempo estimado de leitura\" \/>\n\t<meta name=\"twitter:data2\" content=\"1 minuto\" \/>\n<script type=\"application\/ld+json\" class=\"yoast-schema-graph\">{\"@context\":\"https:\/\/schema.org\",\"@graph\":[{\"@type\":\"Article\",\"@id\":\"https:\/\/portaltela.pt\/noticias\/2026\/01\/18\/seguro-vence-em-famalicao-nas-eleicoes-presidenciais\/#article\",\"isPartOf\":{\"@id\":\"https:\/\/portaltela.pt\/noticias\/2026\/01\/18\/seguro-vence-em-famalicao-nas-eleicoes-presidenciais\/\"},\"author\":{\"name\":\"Telinha\",\"@id\":\"https:\/\/portaltela.pt\/#\/schema\/person\/c4278d4a6028830caff9ee44b42d32ed\"},\"headline\":\"Seguro vence em Famalic\u00e3o nas elei\u00e7\u00f5es presidenciais\",\"datePublished\":\"2026-01-18T21:58:21+00:00\",\"mainEntityOfPage\":{\"@id\":\"https:\/\/portaltela.pt\/noticias\/2026\/01\/18\/seguro-vence-em-famalicao-nas-eleicoes-presidenciais\/\"},\"wordCount\":125,\"image\":{\"@id\":\"https:\/\/portaltela.pt\/noticias\/2026\/01\/18\/seguro-vence-em-famalicao-nas-eleicoes-presidenciais\/#primaryimage\"},\"thumbnailUrl\":\"https:\/\/portaltela.pt\/s.01k8rhncp4jt1\/2026\/01\/unnamed-file-3732.jpg\",\"keywords\":[\"Andr\u00e9 Ventura\",\"Ant\u00f3nio Jos\u00e9 Seguro\",\"elei\u00e7\u00f5es\",\"Famalic\u00e3o\",\"Jo\u00e3o Cotrim de Figueiredo\",\"Lu\u00eds Marques Mendes\"],\"articleSection\":[\"Not\u00edcias\",\"Pol\u00edtica\"],\"inLanguage\":\"pt-PT\"},{\"@type\":\"WebPage\",\"@id\":\"https:\/\/portaltela.pt\/noticias\/2026\/01\/18\/seguro-vence-em-famalicao-nas-eleicoes-presidenciais\/\",\"url\":\"https:\/\/portaltela.pt\/noticias\/2026\/01\/18\/seguro-vence-em-famalicao-nas-eleicoes-presidenciais\/\",\"name\":\"Seguro vence em Famalic\u00e3o nas elei\u00e7\u00f5es presidenciais - Portal Tela Portugal\",\"isPartOf\":{\"@id\":\"https:\/\/portaltela.pt\/#website\"},\"primaryImageOfPage\":{\"@id\":\"https:\/\/portaltela.pt\/noticias\/2026\/01\/18\/seguro-vence-em-famalicao-nas-eleicoes-presidenciais\/#primaryimage\"},\"image\":{\"@id\":\"https:\/\/portaltela.pt\/noticias\/2026\/01\/18\/seguro-vence-em-famalicao-nas-eleicoes-presidenciais\/#primaryimage\"},\"thumbnailUrl\":\"https:\/\/portaltela.pt\/s.01k8rhncp4jt1\/2026\/01\/unnamed-file-3732.jpg\",\"datePublished\":\"2026-01-18T21:58:21+00:00\",\"author\":{\"@id\":\"https:\/\/portaltela.pt\/#\/schema\/person\/c4278d4a6028830caff9ee44b42d32ed\"},\"breadcrumb\":{\"@id\":\"https:\/\/portaltela.pt\/noticias\/2026\/01\/18\/seguro-vence-em-famalicao-nas-eleicoes-presidenciais\/#breadcrumb\"},\"inLanguage\":\"pt-PT\",\"potentialAction\":[{\"@type\":\"ReadAction\",\"target\":[\"https:\/\/portaltela.pt\/noticias\/2026\/01\/18\/seguro-vence-em-famalicao-nas-eleicoes-presidenciais\/\"]}]},{\"@type\":\"ImageObject\",\"inLanguage\":\"pt-PT\",\"@id\":\"https:\/\/portaltela.pt\/noticias\/2026\/01\/18\/seguro-vence-em-famalicao-nas-eleicoes-presidenciais\/#primaryimage\",\"url\":\"https:\/\/portaltela.pt\/s.01k8rhncp4jt1\/2026\/01\/unnamed-file-3732.jpg\",\"contentUrl\":\"https:\/\/portaltela.pt\/s.01k8rhncp4jt1\/2026\/01\/unnamed-file-3732.jpg\",\"width\":796,\"height\":448,\"caption\":\"Elei\u00e7\u00f5es Presidenciais: Ant\u00f3nio Jos\u00e9 Seguro vence em Famalic\u00e3o\"},{\"@type\":\"BreadcrumbList\",\"@id\":\"https:\/\/portaltela.pt\/noticias\/2026\/01\/18\/seguro-vence-em-famalicao-nas-eleicoes-presidenciais\/#breadcrumb\",\"itemListElement\":[{\"@type\":\"ListItem\",\"position\":1,\"name\":\"In\u00edcio\",\"item\":\"https:\/\/portaltela.pt\/\"},{\"@type\":\"ListItem\",\"position\":2,\"name\":\"Seguro vence em Famalic\u00e3o nas elei\u00e7\u00f5es presidenciais\"}]},{\"@type\":\"WebSite\",\"@id\":\"https:\/\/portaltela.pt\/#website\",\"url\":\"https:\/\/portaltela.pt\/\",\"name\":\"Portal Tela Portugal\",\"description\":\"\",\"potentialAction\":[{\"@type\":\"SearchAction\",\"target\":{\"@type\":\"EntryPoint\",\"urlTemplate\":\"https:\/\/portaltela.pt\/?s={search_term_string}\"},\"query-input\":{\"@type\":\"PropertyValueSpecification\",\"valueRequired\":true,\"valueName\":\"search_term_string\"}}],\"inLanguage\":\"pt-PT\"},{\"@type\":\"Person\",\"@id\":\"https:\/\/portaltela.pt\/#\/schema\/person\/c4278d4a6028830caff9ee44b42d32ed\",\"name\":\"Telinha\",\"image\":{\"@type\":\"ImageObject\",\"inLanguage\":\"pt-PT\",\"@id\":\"https:\/\/portaltela.pt\/s.01k8rhncp4jt1\/2025\/11\/talking-bot-125x125.png\",\"url\":\"https:\/\/portaltela.pt\/s.01k8rhncp4jt1\/2025\/11\/talking-bot-125x125.png\",\"contentUrl\":\"https:\/\/portaltela.pt\/s.01k8rhncp4jt1\/2025\/11\/talking-bot-125x125.png\",\"caption\":\"Telinha\"},\"sameAs\":[\"https:\/\/portaltela.pt\/\"],\"url\":\"https:\/\/portaltela.pt\/por\/367410592786\/\"}]}<\/script>\n<!-- \/ Yoast SEO plugin. -->","yoast_head_json":{"title":"Seguro vence em Famalic\u00e3o nas elei\u00e7\u00f5es presidenciais - Portal Tela Portugal","robots":{"index":"index","follow":"follow","max-snippet":"max-snippet:-1","max-image-preview":"max-image-preview:large","max-video-preview":"max-video-preview:-1"},"og_locale":"pt_PT","og_type":"article","og_title":"Seguro vence em Famalic\u00e3o nas elei\u00e7\u00f5es presidenciais - Portal Tela Portugal","og_description":"Ant\u00f3nio Jos\u00e9 Seguro foi o candidato mais votado no concelho de Vila Nova de Famalic\u00e3o na primeira volta, vencendo em 35 das 39 freguesias. Seguro obteve 30,98% dos votos, num total de 25.504 eleitores. Andr\u00e9 Ventura ficou em segundo, com 22,25% (18.311 votos). Jo\u00e3o Cotrim de Figueiredo teve 18,07% (14.874 votos); Lu\u00eds Marques Mendes 13,15% (10.821 votos); Henrique Gouveia e Melo 11,76% (9.684 votos). A n\u00edvel nacional, o pa\u00eds segue para a segunda volta a 8 de fevereiro entre Ant\u00f3nio Jos\u00e9 Seguro e Andr\u00e9 Ventura; votos em branco 1,28%, votos nulos 0,97%.","og_url":"https:\/\/portaltela.pt\/noticias\/2026\/01\/18\/seguro-vence-em-famalicao-nas-eleicoes-presidenciais\/","og_site_name":"Portal Tela Portugal","article_published_time":"2026-01-18T21:58:21+00:00","author":"Telinha","twitter_card":"summary_large_image","twitter_misc":{"Escrito por":"Telinha","Tempo estimado de leitura":"1 minuto"},"schema":{"@context":"https:\/\/schema.org","@graph":[{"@type":"Article","@id":"https:\/\/portaltela.pt\/noticias\/2026\/01\/18\/seguro-vence-em-famalicao-nas-eleicoes-presidenciais\/#article","isPartOf":{"@id":"https:\/\/portaltela.pt\/noticias\/2026\/01\/18\/seguro-vence-em-famalicao-nas-eleicoes-presidenciais\/"},"author":{"name":"Telinha","@id":"https:\/\/portaltela.pt\/#\/schema\/person\/c4278d4a6028830caff9ee44b42d32ed"},"headline":"Seguro vence em Famalic\u00e3o nas elei\u00e7\u00f5es presidenciais","datePublished":"2026-01-18T21:58:21+00:00","mainEntityOfPage":{"@id":"https:\/\/portaltela.pt\/noticias\/2026\/01\/18\/seguro-vence-em-famalicao-nas-eleicoes-presidenciais\/"},"wordCount":125,"image":{"@id":"https:\/\/portaltela.pt\/noticias\/2026\/01\/18\/seguro-vence-em-famalicao-nas-eleicoes-presidenciais\/#primaryimage"},"thumbnailUrl":"https:\/\/portaltela.pt\/s.01k8rhncp4jt1\/2026\/01\/unnamed-file-3732.jpg","keywords":["Andr\u00e9 Ventura","Ant\u00f3nio Jos\u00e9 Seguro","elei\u00e7\u00f5es","Famalic\u00e3o","Jo\u00e3o Cotrim de Figueiredo","Lu\u00eds Marques Mendes"],"articleSection":["Not\u00edcias","Pol\u00edtica"],"inLanguage":"pt-PT"},{"@type":"WebPage","@id":"https:\/\/portaltela.pt\/noticias\/2026\/01\/18\/seguro-vence-em-famalicao-nas-eleicoes-presidenciais\/","url":"https:\/\/portaltela.pt\/noticias\/2026\/01\/18\/seguro-vence-em-famalicao-nas-eleicoes-presidenciais\/","name":"Seguro vence em Famalic\u00e3o nas elei\u00e7\u00f5es presidenciais - Portal Tela Portugal","isPartOf":{"@id":"https:\/\/portaltela.pt\/#website"},"primaryImageOfPage":{"@id":"https:\/\/portaltela.pt\/noticias\/2026\/01\/18\/seguro-vence-em-famalicao-nas-eleicoes-presidenciais\/#primaryimage"},"image":{"@id":"https:\/\/portaltela.pt\/noticias\/2026\/01\/18\/seguro-vence-em-famalicao-nas-eleicoes-presidenciais\/#primaryimage"},"thumbnailUrl":"https:\/\/portaltela.pt\/s.01k8rhncp4jt1\/2026\/01\/unnamed-file-3732.jpg","datePublished":"2026-01-18T21:58:21+00:00","author":{"@id":"https:\/\/portaltela.pt\/#\/schema\/person\/c4278d4a6028830caff9ee44b42d32ed"},"breadcrumb":{"@id":"https:\/\/portaltela.pt\/noticias\/2026\/01\/18\/seguro-vence-em-famalicao-nas-eleicoes-presidenciais\/#breadcrumb"},"inLanguage":"pt-PT","potentialAction":[{"@type":"ReadAction","target":["https:\/\/portaltela.pt\/noticias\/2026\/01\/18\/seguro-vence-em-famalicao-nas-eleicoes-presidenciais\/"]}]},{"@type":"ImageObject","inLanguage":"pt-PT","@id":"https:\/\/portaltela.pt\/noticias\/2026\/01\/18\/seguro-vence-em-famalicao-nas-eleicoes-presidenciais\/#primaryimage","url":"https:\/\/portaltela.pt\/s.01k8rhncp4jt1\/2026\/01\/unnamed-file-3732.jpg","contentUrl":"https:\/\/portaltela.pt\/s.01k8rhncp4jt1\/2026\/01\/unnamed-file-3732.jpg","width":796,"height":448,"caption":"Elei\u00e7\u00f5es Presidenciais: Ant\u00f3nio Jos\u00e9 Seguro vence em Famalic\u00e3o"},{"@type":"BreadcrumbList","@id":"https:\/\/portaltela.pt\/noticias\/2026\/01\/18\/seguro-vence-em-famalicao-nas-eleicoes-presidenciais\/#breadcrumb","itemListElement":[{"@type":"ListItem","position":1,"name":"In\u00edcio","item":"https:\/\/portaltela.pt\/"},{"@type":"ListItem","position":2,"name":"Seguro vence em Famalic\u00e3o nas elei\u00e7\u00f5es presidenciais"}]},{"@type":"WebSite","@id":"https:\/\/portaltela.pt\/#website","url":"https:\/\/portaltela.pt\/","name":"Portal Tela Portugal","description":"","potentialAction":[{"@type":"SearchAction","target":{"@type":"EntryPoint","urlTemplate":"https:\/\/portaltela.pt\/?s={search_term_string}"},"query-input":{"@type":"PropertyValueSpecification","valueRequired":true,"valueName":"search_term_string"}}],"inLanguage":"pt-PT"},{"@type":"Person","@id":"https:\/\/portaltela.pt\/#\/schema\/person\/c4278d4a6028830caff9ee44b42d32ed","name":"Telinha","image":{"@type":"ImageObject","inLanguage":"pt-PT","@id":"https:\/\/portaltela.pt\/s.01k8rhncp4jt1\/2025\/11\/talking-bot-125x125.png","url":"https:\/\/portaltela.pt\/s.01k8rhncp4jt1\/2025\/11\/talking-bot-125x125.png","contentUrl":"https:\/\/portaltela.pt\/s.01k8rhncp4jt1\/2025\/11\/talking-bot-125x125.png","caption":"Telinha"},"sameAs":["https:\/\/portaltela.pt\/"],"url":"https:\/\/portaltela.pt\/por\/367410592786\/"}]}},"_links":{"self":[{"href":"https:\/\/portaltela.pt\/api\/wp\/v2\/posts\/151263","targetHints":{"allow":["GET"]}}],"collection":[{"href":"https:\/\/portaltela.pt\/api\/wp\/v2\/posts"}],"about":[{"href":"https:\/\/portaltela.pt\/api\/wp\/v2\/types\/post"}],"author":[{"embeddable":true,"href":"https:\/\/portaltela.pt\/api\/wp\/v2\/users\/2"}],"replies":[{"embeddable":true,"href":"https:\/\/portaltela.pt\/api\/wp\/v2\/comments?post=151263"}],"version-history":[{"count":0,"href":"https:\/\/portaltela.pt\/api\/wp\/v2\/posts\/151263\/revisions"}],"wp:featuredmedia":[{"embeddable":true,"href":"https:\/\/portaltela.pt\/api\/wp\/v2\/media\/151269"}],"wp:attachment":[{"href":"https:\/\/portaltela.pt\/api\/wp\/v2\/media?parent=151263"}],"wp:term":[{"taxonomy":"category","embeddable":true,"href":"https:\/\/portaltela.pt\/api\/wp\/v2\/categories?post=151263"},{"taxonomy":"post_tag","embeddable":true,"href":"https:\/\/portaltela.pt\/api\/wp\/v2\/tags?post=151263"}],"curies":[{"name":"wp","href":"https:\/\/api.w.org\/{rel}","templated":true}]}}