{"id":151234,"date":"2026-01-18T18:41:00","date_gmt":"2026-01-18T21:41:00","guid":{"rendered":"https:\/\/portaltela.pt\/noticias\/2026\/01\/18\/jn-atribui-nota-3-a-luis-marques-mendes\/"},"modified":"2026-01-18T18:41:00","modified_gmt":"2026-01-18T21:41:00","slug":"jn-atribui-nota-3-a-luis-marques-mendes","status":"publish","type":"post","link":"https:\/\/portaltela.pt\/noticias\/politica\/2026\/01\/18\/jn-atribui-nota-3-a-luis-marques-mendes\/","title":{"rendered":"JN atribui nota 3 a Lu\u00eds Marques Mendes"},"content":{"rendered":"<p>O telejornal JN atribuiu a Lu\u00eds Marques Mendes uma classifica\u00e7\u00e3o de 3 numa nota sobre a noite eleitoral.<\/p>\n<p>A avalia\u00e7\u00e3o coloca o comentador entre os principais derrotados da noite, segundo a an\u00e1lise divulgada pelo programa.<\/p>\n<p>A nota foi publicada durante a cobertura da noite eleitoral e envolve o pr\u00f3prio Marques Mendes, figura p\u00fablica ligada \u00e0 an\u00e1lise pol\u00edtica em Portugal.<\/p>\n<p>A quem interessa conhecer o contexto, a avalia\u00e7\u00e3o enquadra-se no resumo feito pelo JN sobre a performance de figuras p\u00fablicas na noite de escrut\u00ednio.<\/p>\n","protected":false},"excerpt":{"rendered":"<ul>\n<li>Marques Mendes foi um dos grandes derrotados da noite eleitoral.<\/li>\n<li>A noite come\u00e7ou bem para ele.<\/li>\n<li>A noite terminou com derrota para Marques Mendes.<\/li>\n<\/ul>\n","protected":false},"author":2,"featured_media":151249,"comment_status":"closed","ping_status":"closed","sticky":false,"template":"","format":"standard","meta":{"footnotes":""},"categories":[1,5],"tags":[206,68,2612,41,2832],"class_list":["post-151234","post","type-post","status-publish","format-standard","has-post-thumbnail","hentry","category-noticias","category-politica","tag-analise","tag-eleicoes","tag-luis-marques-mendes","tag-noticia","tag-politica"],"yoast_head":"<!-- This site is optimized with the Yoast SEO plugin v27.2 - https:\/\/yoast.com\/product\/yoast-seo-wordpress\/ -->\n<title>JN atribui nota 3 a Lu\u00eds Marques Mendes - Portal Tela Portugal<\/title>\n<meta name=\"robots\" content=\"index, follow, max-snippet:-1, max-image-preview:large, max-video-preview:-1\" \/>\n<meta property=\"og:locale\" content=\"pt_PT\" \/>\n<meta property=\"og:type\" content=\"article\" \/>\n<meta property=\"og:title\" content=\"JN atribui nota 3 a Lu\u00eds Marques Mendes - Portal Tela Portugal\" \/>\n<meta property=\"og:description\" content=\"Marques Mendes foi um dos grandes derrotados da noite eleitoral. A noite come\u00e7ou bem para ele. A noite terminou com derrota para Marques Mendes.\" \/>\n<meta property=\"og:url\" content=\"https:\/\/portaltela.pt\/noticias\/2026\/01\/18\/jn-atribui-nota-3-a-luis-marques-mendes\/\" \/>\n<meta property=\"og:site_name\" content=\"Portal Tela Portugal\" \/>\n<meta property=\"article:published_time\" content=\"2026-01-18T21:41:00+00:00\" \/>\n<meta name=\"author\" content=\"Telinha\" \/>\n<meta name=\"twitter:card\" content=\"summary_large_image\" \/>\n<meta name=\"twitter:label1\" content=\"Escrito por\" \/>\n\t<meta name=\"twitter:data1\" content=\"Telinha\" \/>\n<script type=\"application\/ld+json\" class=\"yoast-schema-graph\">{\"@context\":\"https:\/\/schema.org\",\"@graph\":[{\"@type\":\"Article\",\"@id\":\"https:\/\/portaltela.pt\/noticias\/2026\/01\/18\/jn-atribui-nota-3-a-luis-marques-mendes\/#article\",\"isPartOf\":{\"@id\":\"https:\/\/portaltela.pt\/noticias\/2026\/01\/18\/jn-atribui-nota-3-a-luis-marques-mendes\/\"},\"author\":{\"name\":\"Telinha\",\"@id\":\"https:\/\/portaltela.pt\/#\/schema\/person\/c4278d4a6028830caff9ee44b42d32ed\"},\"headline\":\"JN atribui nota 3 a Lu\u00eds Marques Mendes\",\"datePublished\":\"2026-01-18T21:41:00+00:00\",\"mainEntityOfPage\":{\"@id\":\"https:\/\/portaltela.pt\/noticias\/2026\/01\/18\/jn-atribui-nota-3-a-luis-marques-mendes\/\"},\"wordCount\":100,\"image\":{\"@id\":\"https:\/\/portaltela.pt\/noticias\/2026\/01\/18\/jn-atribui-nota-3-a-luis-marques-mendes\/#primaryimage\"},\"thumbnailUrl\":\"https:\/\/portaltela.pt\/s.01k8rhncp4jt1\/2026\/01\/108e5f50-9a65-488a-8213-a14708434e0e_1200x675-1.jpg\",\"keywords\":[\"an\u00e1lise\",\"elei\u00e7\u00f5es\",\"Lu\u00eds Marques Mendes\",\"not\u00edcia\",\"pol\u00edtica\"],\"articleSection\":[\"Not\u00edcias\",\"Pol\u00edtica\"],\"inLanguage\":\"pt-PT\"},{\"@type\":\"WebPage\",\"@id\":\"https:\/\/portaltela.pt\/noticias\/2026\/01\/18\/jn-atribui-nota-3-a-luis-marques-mendes\/\",\"url\":\"https:\/\/portaltela.pt\/noticias\/2026\/01\/18\/jn-atribui-nota-3-a-luis-marques-mendes\/\",\"name\":\"JN atribui nota 3 a Lu\u00eds Marques Mendes - Portal Tela Portugal\",\"isPartOf\":{\"@id\":\"https:\/\/portaltela.pt\/#website\"},\"primaryImageOfPage\":{\"@id\":\"https:\/\/portaltela.pt\/noticias\/2026\/01\/18\/jn-atribui-nota-3-a-luis-marques-mendes\/#primaryimage\"},\"image\":{\"@id\":\"https:\/\/portaltela.pt\/noticias\/2026\/01\/18\/jn-atribui-nota-3-a-luis-marques-mendes\/#primaryimage\"},\"thumbnailUrl\":\"https:\/\/portaltela.pt\/s.01k8rhncp4jt1\/2026\/01\/108e5f50-9a65-488a-8213-a14708434e0e_1200x675-1.jpg\",\"datePublished\":\"2026-01-18T21:41:00+00:00\",\"author\":{\"@id\":\"https:\/\/portaltela.pt\/#\/schema\/person\/c4278d4a6028830caff9ee44b42d32ed\"},\"breadcrumb\":{\"@id\":\"https:\/\/portaltela.pt\/noticias\/2026\/01\/18\/jn-atribui-nota-3-a-luis-marques-mendes\/#breadcrumb\"},\"inLanguage\":\"pt-PT\",\"potentialAction\":[{\"@type\":\"ReadAction\",\"target\":[\"https:\/\/portaltela.pt\/noticias\/2026\/01\/18\/jn-atribui-nota-3-a-luis-marques-mendes\/\"]}]},{\"@type\":\"ImageObject\",\"inLanguage\":\"pt-PT\",\"@id\":\"https:\/\/portaltela.pt\/noticias\/2026\/01\/18\/jn-atribui-nota-3-a-luis-marques-mendes\/#primaryimage\",\"url\":\"https:\/\/portaltela.pt\/s.01k8rhncp4jt1\/2026\/01\/108e5f50-9a65-488a-8213-a14708434e0e_1200x675-1.jpg\",\"contentUrl\":\"https:\/\/portaltela.pt\/s.01k8rhncp4jt1\/2026\/01\/108e5f50-9a65-488a-8213-a14708434e0e_1200x675-1.jpg\",\"width\":796,\"height\":448,\"caption\":\"Photo\"},{\"@type\":\"BreadcrumbList\",\"@id\":\"https:\/\/portaltela.pt\/noticias\/2026\/01\/18\/jn-atribui-nota-3-a-luis-marques-mendes\/#breadcrumb\",\"itemListElement\":[{\"@type\":\"ListItem\",\"position\":1,\"name\":\"In\u00edcio\",\"item\":\"https:\/\/portaltela.pt\/\"},{\"@type\":\"ListItem\",\"position\":2,\"name\":\"JN atribui nota 3 a Lu\u00eds Marques Mendes\"}]},{\"@type\":\"WebSite\",\"@id\":\"https:\/\/portaltela.pt\/#website\",\"url\":\"https:\/\/portaltela.pt\/\",\"name\":\"Portal Tela Portugal\",\"description\":\"\",\"potentialAction\":[{\"@type\":\"SearchAction\",\"target\":{\"@type\":\"EntryPoint\",\"urlTemplate\":\"https:\/\/portaltela.pt\/?s={search_term_string}\"},\"query-input\":{\"@type\":\"PropertyValueSpecification\",\"valueRequired\":true,\"valueName\":\"search_term_string\"}}],\"inLanguage\":\"pt-PT\"},{\"@type\":\"Person\",\"@id\":\"https:\/\/portaltela.pt\/#\/schema\/person\/c4278d4a6028830caff9ee44b42d32ed\",\"name\":\"Telinha\",\"image\":{\"@type\":\"ImageObject\",\"inLanguage\":\"pt-PT\",\"@id\":\"https:\/\/portaltela.pt\/s.01k8rhncp4jt1\/2025\/11\/talking-bot-125x125.png\",\"url\":\"https:\/\/portaltela.pt\/s.01k8rhncp4jt1\/2025\/11\/talking-bot-125x125.png\",\"contentUrl\":\"https:\/\/portaltela.pt\/s.01k8rhncp4jt1\/2025\/11\/talking-bot-125x125.png\",\"caption\":\"Telinha\"},\"sameAs\":[\"https:\/\/portaltela.pt\/\"],\"url\":\"https:\/\/portaltela.pt\/por\/367410592786\/\"}]}<\/script>\n<!-- \/ Yoast SEO plugin. -->","yoast_head_json":{"title":"JN atribui nota 3 a Lu\u00eds Marques Mendes - Portal Tela Portugal","robots":{"index":"index","follow":"follow","max-snippet":"max-snippet:-1","max-image-preview":"max-image-preview:large","max-video-preview":"max-video-preview:-1"},"og_locale":"pt_PT","og_type":"article","og_title":"JN atribui nota 3 a Lu\u00eds Marques Mendes - Portal Tela Portugal","og_description":"Marques Mendes foi um dos grandes derrotados da noite eleitoral. A noite come\u00e7ou bem para ele. A noite terminou com derrota para Marques Mendes.","og_url":"https:\/\/portaltela.pt\/noticias\/2026\/01\/18\/jn-atribui-nota-3-a-luis-marques-mendes\/","og_site_name":"Portal Tela Portugal","article_published_time":"2026-01-18T21:41:00+00:00","author":"Telinha","twitter_card":"summary_large_image","twitter_misc":{"Escrito por":"Telinha"},"schema":{"@context":"https:\/\/schema.org","@graph":[{"@type":"Article","@id":"https:\/\/portaltela.pt\/noticias\/2026\/01\/18\/jn-atribui-nota-3-a-luis-marques-mendes\/#article","isPartOf":{"@id":"https:\/\/portaltela.pt\/noticias\/2026\/01\/18\/jn-atribui-nota-3-a-luis-marques-mendes\/"},"author":{"name":"Telinha","@id":"https:\/\/portaltela.pt\/#\/schema\/person\/c4278d4a6028830caff9ee44b42d32ed"},"headline":"JN atribui nota 3 a Lu\u00eds Marques Mendes","datePublished":"2026-01-18T21:41:00+00:00","mainEntityOfPage":{"@id":"https:\/\/portaltela.pt\/noticias\/2026\/01\/18\/jn-atribui-nota-3-a-luis-marques-mendes\/"},"wordCount":100,"image":{"@id":"https:\/\/portaltela.pt\/noticias\/2026\/01\/18\/jn-atribui-nota-3-a-luis-marques-mendes\/#primaryimage"},"thumbnailUrl":"https:\/\/portaltela.pt\/s.01k8rhncp4jt1\/2026\/01\/108e5f50-9a65-488a-8213-a14708434e0e_1200x675-1.jpg","keywords":["an\u00e1lise","elei\u00e7\u00f5es","Lu\u00eds Marques Mendes","not\u00edcia","pol\u00edtica"],"articleSection":["Not\u00edcias","Pol\u00edtica"],"inLanguage":"pt-PT"},{"@type":"WebPage","@id":"https:\/\/portaltela.pt\/noticias\/2026\/01\/18\/jn-atribui-nota-3-a-luis-marques-mendes\/","url":"https:\/\/portaltela.pt\/noticias\/2026\/01\/18\/jn-atribui-nota-3-a-luis-marques-mendes\/","name":"JN atribui nota 3 a Lu\u00eds Marques Mendes - Portal Tela Portugal","isPartOf":{"@id":"https:\/\/portaltela.pt\/#website"},"primaryImageOfPage":{"@id":"https:\/\/portaltela.pt\/noticias\/2026\/01\/18\/jn-atribui-nota-3-a-luis-marques-mendes\/#primaryimage"},"image":{"@id":"https:\/\/portaltela.pt\/noticias\/2026\/01\/18\/jn-atribui-nota-3-a-luis-marques-mendes\/#primaryimage"},"thumbnailUrl":"https:\/\/portaltela.pt\/s.01k8rhncp4jt1\/2026\/01\/108e5f50-9a65-488a-8213-a14708434e0e_1200x675-1.jpg","datePublished":"2026-01-18T21:41:00+00:00","author":{"@id":"https:\/\/portaltela.pt\/#\/schema\/person\/c4278d4a6028830caff9ee44b42d32ed"},"breadcrumb":{"@id":"https:\/\/portaltela.pt\/noticias\/2026\/01\/18\/jn-atribui-nota-3-a-luis-marques-mendes\/#breadcrumb"},"inLanguage":"pt-PT","potentialAction":[{"@type":"ReadAction","target":["https:\/\/portaltela.pt\/noticias\/2026\/01\/18\/jn-atribui-nota-3-a-luis-marques-mendes\/"]}]},{"@type":"ImageObject","inLanguage":"pt-PT","@id":"https:\/\/portaltela.pt\/noticias\/2026\/01\/18\/jn-atribui-nota-3-a-luis-marques-mendes\/#primaryimage","url":"https:\/\/portaltela.pt\/s.01k8rhncp4jt1\/2026\/01\/108e5f50-9a65-488a-8213-a14708434e0e_1200x675-1.jpg","contentUrl":"https:\/\/portaltela.pt\/s.01k8rhncp4jt1\/2026\/01\/108e5f50-9a65-488a-8213-a14708434e0e_1200x675-1.jpg","width":796,"height":448,"caption":"Photo"},{"@type":"BreadcrumbList","@id":"https:\/\/portaltela.pt\/noticias\/2026\/01\/18\/jn-atribui-nota-3-a-luis-marques-mendes\/#breadcrumb","itemListElement":[{"@type":"ListItem","position":1,"name":"In\u00edcio","item":"https:\/\/portaltela.pt\/"},{"@type":"ListItem","position":2,"name":"JN atribui nota 3 a Lu\u00eds Marques Mendes"}]},{"@type":"WebSite","@id":"https:\/\/portaltela.pt\/#website","url":"https:\/\/portaltela.pt\/","name":"Portal Tela Portugal","description":"","potentialAction":[{"@type":"SearchAction","target":{"@type":"EntryPoint","urlTemplate":"https:\/\/portaltela.pt\/?s={search_term_string}"},"query-input":{"@type":"PropertyValueSpecification","valueRequired":true,"valueName":"search_term_string"}}],"inLanguage":"pt-PT"},{"@type":"Person","@id":"https:\/\/portaltela.pt\/#\/schema\/person\/c4278d4a6028830caff9ee44b42d32ed","name":"Telinha","image":{"@type":"ImageObject","inLanguage":"pt-PT","@id":"https:\/\/portaltela.pt\/s.01k8rhncp4jt1\/2025\/11\/talking-bot-125x125.png","url":"https:\/\/portaltela.pt\/s.01k8rhncp4jt1\/2025\/11\/talking-bot-125x125.png","contentUrl":"https:\/\/portaltela.pt\/s.01k8rhncp4jt1\/2025\/11\/talking-bot-125x125.png","caption":"Telinha"},"sameAs":["https:\/\/portaltela.pt\/"],"url":"https:\/\/portaltela.pt\/por\/367410592786\/"}]}},"_links":{"self":[{"href":"https:\/\/portaltela.pt\/api\/wp\/v2\/posts\/151234","targetHints":{"allow":["GET"]}}],"collection":[{"href":"https:\/\/portaltela.pt\/api\/wp\/v2\/posts"}],"about":[{"href":"https:\/\/portaltela.pt\/api\/wp\/v2\/types\/post"}],"author":[{"embeddable":true,"href":"https:\/\/portaltela.pt\/api\/wp\/v2\/users\/2"}],"replies":[{"embeddable":true,"href":"https:\/\/portaltela.pt\/api\/wp\/v2\/comments?post=151234"}],"version-history":[{"count":0,"href":"https:\/\/portaltela.pt\/api\/wp\/v2\/posts\/151234\/revisions"}],"wp:featuredmedia":[{"embeddable":true,"href":"https:\/\/portaltela.pt\/api\/wp\/v2\/media\/151249"}],"wp:attachment":[{"href":"https:\/\/portaltela.pt\/api\/wp\/v2\/media?parent=151234"}],"wp:term":[{"taxonomy":"category","embeddable":true,"href":"https:\/\/portaltela.pt\/api\/wp\/v2\/categories?post=151234"},{"taxonomy":"post_tag","embeddable":true,"href":"https:\/\/portaltela.pt\/api\/wp\/v2\/tags?post=151234"}],"curies":[{"name":"wp","href":"https:\/\/api.w.org\/{rel}","templated":true}]}}