{"id":151210,"date":"2026-01-18T18:25:00","date_gmt":"2026-01-18T21:25:00","guid":{"rendered":"https:\/\/portaltela.pt\/noticias\/2026\/01\/18\/antonio-jose-seguro-vence-em-ponte-de-sor-nas-presidenciais-2026\/"},"modified":"2026-01-18T18:25:00","modified_gmt":"2026-01-18T21:25:00","slug":"antonio-jose-seguro-vence-em-ponte-de-sor-nas-presidenciais-2026","status":"publish","type":"post","link":"https:\/\/portaltela.pt\/noticias\/politica\/2026\/01\/18\/antonio-jose-seguro-vence-em-ponte-de-sor-nas-presidenciais-2026\/","title":{"rendered":"Ant\u00f3nio Jos\u00e9 Seguro vence em Ponte de Sor nas presidenciais 2026"},"content":{"rendered":"<p>Ant\u00f3nio Jos\u00e9 Seguro venceu as elei\u00e7\u00f5es presidenciais de 2026 no concelho de Ponte de Sor. O vencedor registou 31,78% dos votos, equivalentes a 2.374 apoios, numa participa\u00e7\u00e3o de 56,58% dos eleitores inscritos, entre 13.502 recenseados e 7.640 votantes.<\/p>\n<p>Em segundo lugar ficou Andr\u00e9 Ventura, com 30,99% (2.315 votos), seguido de Henrique Gouveia e Melo, com 13,19% (985 votos), e Jo\u00e3o Cotrim de Figueiredo, com 10,50% (784 votos). Lu\u00eds Marques Mendes obteve 6,17% (461 votos).<\/p>\n<p>Os restantes candidatos tiveram percentagens menores: Ant\u00f3nio Filipe 3,59% (268 votos), Catarina Martins 1,86% (139 votos) e Manuel Jo\u00e3o Vieira 1,10% (82 votos). Registaram-se 76 votos em branco (0,99%) e 94 votos nulos (1,23%).<\/p>\n","protected":false},"excerpt":{"rendered":"<ul>\n<li>Ant\u00f3nio Jos\u00e9 Seguro venceu as elei\u00e7\u00f5es Presidenciais de 2026 no concelho de Ponte de Sor, com 31,78% (2.374 votos).<\/li>\n<li>Andr\u00e9 Ventura ficou em segundo, com 30,99% (2.315 votos).<\/li>\n<li>O turnout foi de 56,58% entre 13.502 eleitores inscritos, com 7.640 votantes.<\/li>\n<li>Henrique Gouveia e Melo recebeu 13,19% (985 votos) e Jo\u00e3o Cotrim de Figueiredo 10,50% (784 votos).<\/li>\n<li>Houve 76 votos em branco (0,99%) e 94 nulos (1,23%).<\/li>\n<\/ul>\n","protected":false},"author":2,"featured_media":151243,"comment_status":"closed","ping_status":"closed","sticky":false,"template":"","format":"standard","meta":{"footnotes":""},"categories":[1,5],"tags":[2453,2655,68,3146,3145,3001],"class_list":["post-151210","post","type-post","status-publish","format-standard","has-post-thumbnail","hentry","category-noticias","category-politica","tag-andre-ventura","tag-antonio-jose-seguro","tag-eleicoes","tag-henrique-gouveia-e-melo","tag-joao-cotrim-de-figueiredo","tag-presidenciais"],"yoast_head":"<!-- This site is optimized with the Yoast SEO plugin v27.2 - https:\/\/yoast.com\/product\/yoast-seo-wordpress\/ -->\n<title>Ant\u00f3nio Jos\u00e9 Seguro vence em Ponte de Sor nas presidenciais 2026 - Portal Tela Portugal<\/title>\n<meta name=\"robots\" content=\"index, follow, max-snippet:-1, max-image-preview:large, max-video-preview:-1\" \/>\n<meta property=\"og:locale\" content=\"pt_PT\" \/>\n<meta property=\"og:type\" content=\"article\" \/>\n<meta property=\"og:title\" content=\"Ant\u00f3nio Jos\u00e9 Seguro vence em Ponte de Sor nas presidenciais 2026 - Portal Tela Portugal\" \/>\n<meta property=\"og:description\" content=\"Ant\u00f3nio Jos\u00e9 Seguro venceu as elei\u00e7\u00f5es Presidenciais de 2026 no concelho de Ponte de Sor, com 31,78% (2.374 votos). Andr\u00e9 Ventura ficou em segundo, com 30,99% (2.315 votos). O turnout foi de 56,58% entre 13.502 eleitores inscritos, com 7.640 votantes. Henrique Gouveia e Melo recebeu 13,19% (985 votos) e Jo\u00e3o Cotrim de Figueiredo 10,50% (784 votos). Houve 76 votos em branco (0,99%) e 94 nulos (1,23%).\" \/>\n<meta property=\"og:url\" content=\"https:\/\/portaltela.pt\/noticias\/2026\/01\/18\/antonio-jose-seguro-vence-em-ponte-de-sor-nas-presidenciais-2026\/\" \/>\n<meta property=\"og:site_name\" content=\"Portal Tela Portugal\" \/>\n<meta property=\"article:published_time\" content=\"2026-01-18T21:25:00+00:00\" \/>\n<meta name=\"author\" content=\"Telinha\" \/>\n<meta name=\"twitter:card\" content=\"summary_large_image\" \/>\n<meta name=\"twitter:label1\" content=\"Escrito por\" \/>\n\t<meta name=\"twitter:data1\" content=\"Telinha\" \/>\n<script type=\"application\/ld+json\" class=\"yoast-schema-graph\">{\"@context\":\"https:\/\/schema.org\",\"@graph\":[{\"@type\":\"Article\",\"@id\":\"https:\/\/portaltela.pt\/noticias\/2026\/01\/18\/antonio-jose-seguro-vence-em-ponte-de-sor-nas-presidenciais-2026\/#article\",\"isPartOf\":{\"@id\":\"https:\/\/portaltela.pt\/noticias\/2026\/01\/18\/antonio-jose-seguro-vence-em-ponte-de-sor-nas-presidenciais-2026\/\"},\"author\":{\"name\":\"Telinha\",\"@id\":\"https:\/\/portaltela.pt\/#\/schema\/person\/c4278d4a6028830caff9ee44b42d32ed\"},\"headline\":\"Ant\u00f3nio Jos\u00e9 Seguro vence em Ponte de Sor nas presidenciais 2026\",\"datePublished\":\"2026-01-18T21:25:00+00:00\",\"mainEntityOfPage\":{\"@id\":\"https:\/\/portaltela.pt\/noticias\/2026\/01\/18\/antonio-jose-seguro-vence-em-ponte-de-sor-nas-presidenciais-2026\/\"},\"wordCount\":102,\"image\":{\"@id\":\"https:\/\/portaltela.pt\/noticias\/2026\/01\/18\/antonio-jose-seguro-vence-em-ponte-de-sor-nas-presidenciais-2026\/#primaryimage\"},\"thumbnailUrl\":\"https:\/\/portaltela.pt\/s.01k8rhncp4jt1\/2026\/01\/unnamed-file-3727.jpg\",\"keywords\":[\"Andr\u00e9 Ventura\",\"Ant\u00f3nio Jos\u00e9 Seguro\",\"elei\u00e7\u00f5es\",\"Henrique Gouveia e Melo\",\"Jo\u00e3o Cotrim de Figueiredo\",\"Presidenciais\"],\"articleSection\":[\"Not\u00edcias\",\"Pol\u00edtica\"],\"inLanguage\":\"pt-PT\"},{\"@type\":\"WebPage\",\"@id\":\"https:\/\/portaltela.pt\/noticias\/2026\/01\/18\/antonio-jose-seguro-vence-em-ponte-de-sor-nas-presidenciais-2026\/\",\"url\":\"https:\/\/portaltela.pt\/noticias\/2026\/01\/18\/antonio-jose-seguro-vence-em-ponte-de-sor-nas-presidenciais-2026\/\",\"name\":\"Ant\u00f3nio Jos\u00e9 Seguro vence em Ponte de Sor nas presidenciais 2026 - Portal Tela Portugal\",\"isPartOf\":{\"@id\":\"https:\/\/portaltela.pt\/#website\"},\"primaryImageOfPage\":{\"@id\":\"https:\/\/portaltela.pt\/noticias\/2026\/01\/18\/antonio-jose-seguro-vence-em-ponte-de-sor-nas-presidenciais-2026\/#primaryimage\"},\"image\":{\"@id\":\"https:\/\/portaltela.pt\/noticias\/2026\/01\/18\/antonio-jose-seguro-vence-em-ponte-de-sor-nas-presidenciais-2026\/#primaryimage\"},\"thumbnailUrl\":\"https:\/\/portaltela.pt\/s.01k8rhncp4jt1\/2026\/01\/unnamed-file-3727.jpg\",\"datePublished\":\"2026-01-18T21:25:00+00:00\",\"author\":{\"@id\":\"https:\/\/portaltela.pt\/#\/schema\/person\/c4278d4a6028830caff9ee44b42d32ed\"},\"breadcrumb\":{\"@id\":\"https:\/\/portaltela.pt\/noticias\/2026\/01\/18\/antonio-jose-seguro-vence-em-ponte-de-sor-nas-presidenciais-2026\/#breadcrumb\"},\"inLanguage\":\"pt-PT\",\"potentialAction\":[{\"@type\":\"ReadAction\",\"target\":[\"https:\/\/portaltela.pt\/noticias\/2026\/01\/18\/antonio-jose-seguro-vence-em-ponte-de-sor-nas-presidenciais-2026\/\"]}]},{\"@type\":\"ImageObject\",\"inLanguage\":\"pt-PT\",\"@id\":\"https:\/\/portaltela.pt\/noticias\/2026\/01\/18\/antonio-jose-seguro-vence-em-ponte-de-sor-nas-presidenciais-2026\/#primaryimage\",\"url\":\"https:\/\/portaltela.pt\/s.01k8rhncp4jt1\/2026\/01\/unnamed-file-3727.jpg\",\"contentUrl\":\"https:\/\/portaltela.pt\/s.01k8rhncp4jt1\/2026\/01\/unnamed-file-3727.jpg\",\"width\":796,\"height\":448,\"caption\":\"Presidenciais 2026: Ant\u00f3nio Jos\u00e9 Seguro vence no concelho de Ponte de Sor\"},{\"@type\":\"BreadcrumbList\",\"@id\":\"https:\/\/portaltela.pt\/noticias\/2026\/01\/18\/antonio-jose-seguro-vence-em-ponte-de-sor-nas-presidenciais-2026\/#breadcrumb\",\"itemListElement\":[{\"@type\":\"ListItem\",\"position\":1,\"name\":\"In\u00edcio\",\"item\":\"https:\/\/portaltela.pt\/\"},{\"@type\":\"ListItem\",\"position\":2,\"name\":\"Ant\u00f3nio Jos\u00e9 Seguro vence em Ponte de Sor nas presidenciais 2026\"}]},{\"@type\":\"WebSite\",\"@id\":\"https:\/\/portaltela.pt\/#website\",\"url\":\"https:\/\/portaltela.pt\/\",\"name\":\"Portal Tela Portugal\",\"description\":\"\",\"potentialAction\":[{\"@type\":\"SearchAction\",\"target\":{\"@type\":\"EntryPoint\",\"urlTemplate\":\"https:\/\/portaltela.pt\/?s={search_term_string}\"},\"query-input\":{\"@type\":\"PropertyValueSpecification\",\"valueRequired\":true,\"valueName\":\"search_term_string\"}}],\"inLanguage\":\"pt-PT\"},{\"@type\":\"Person\",\"@id\":\"https:\/\/portaltela.pt\/#\/schema\/person\/c4278d4a6028830caff9ee44b42d32ed\",\"name\":\"Telinha\",\"image\":{\"@type\":\"ImageObject\",\"inLanguage\":\"pt-PT\",\"@id\":\"https:\/\/portaltela.pt\/s.01k8rhncp4jt1\/2025\/11\/talking-bot-125x125.png\",\"url\":\"https:\/\/portaltela.pt\/s.01k8rhncp4jt1\/2025\/11\/talking-bot-125x125.png\",\"contentUrl\":\"https:\/\/portaltela.pt\/s.01k8rhncp4jt1\/2025\/11\/talking-bot-125x125.png\",\"caption\":\"Telinha\"},\"sameAs\":[\"https:\/\/portaltela.pt\/\"],\"url\":\"https:\/\/portaltela.pt\/por\/367410592786\/\"}]}<\/script>\n<!-- \/ Yoast SEO plugin. -->","yoast_head_json":{"title":"Ant\u00f3nio Jos\u00e9 Seguro vence em Ponte de Sor nas presidenciais 2026 - Portal Tela Portugal","robots":{"index":"index","follow":"follow","max-snippet":"max-snippet:-1","max-image-preview":"max-image-preview:large","max-video-preview":"max-video-preview:-1"},"og_locale":"pt_PT","og_type":"article","og_title":"Ant\u00f3nio Jos\u00e9 Seguro vence em Ponte de Sor nas presidenciais 2026 - Portal Tela Portugal","og_description":"Ant\u00f3nio Jos\u00e9 Seguro venceu as elei\u00e7\u00f5es Presidenciais de 2026 no concelho de Ponte de Sor, com 31,78% (2.374 votos). Andr\u00e9 Ventura ficou em segundo, com 30,99% (2.315 votos). O turnout foi de 56,58% entre 13.502 eleitores inscritos, com 7.640 votantes. Henrique Gouveia e Melo recebeu 13,19% (985 votos) e Jo\u00e3o Cotrim de Figueiredo 10,50% (784 votos). Houve 76 votos em branco (0,99%) e 94 nulos (1,23%).","og_url":"https:\/\/portaltela.pt\/noticias\/2026\/01\/18\/antonio-jose-seguro-vence-em-ponte-de-sor-nas-presidenciais-2026\/","og_site_name":"Portal Tela Portugal","article_published_time":"2026-01-18T21:25:00+00:00","author":"Telinha","twitter_card":"summary_large_image","twitter_misc":{"Escrito por":"Telinha"},"schema":{"@context":"https:\/\/schema.org","@graph":[{"@type":"Article","@id":"https:\/\/portaltela.pt\/noticias\/2026\/01\/18\/antonio-jose-seguro-vence-em-ponte-de-sor-nas-presidenciais-2026\/#article","isPartOf":{"@id":"https:\/\/portaltela.pt\/noticias\/2026\/01\/18\/antonio-jose-seguro-vence-em-ponte-de-sor-nas-presidenciais-2026\/"},"author":{"name":"Telinha","@id":"https:\/\/portaltela.pt\/#\/schema\/person\/c4278d4a6028830caff9ee44b42d32ed"},"headline":"Ant\u00f3nio Jos\u00e9 Seguro vence em Ponte de Sor nas presidenciais 2026","datePublished":"2026-01-18T21:25:00+00:00","mainEntityOfPage":{"@id":"https:\/\/portaltela.pt\/noticias\/2026\/01\/18\/antonio-jose-seguro-vence-em-ponte-de-sor-nas-presidenciais-2026\/"},"wordCount":102,"image":{"@id":"https:\/\/portaltela.pt\/noticias\/2026\/01\/18\/antonio-jose-seguro-vence-em-ponte-de-sor-nas-presidenciais-2026\/#primaryimage"},"thumbnailUrl":"https:\/\/portaltela.pt\/s.01k8rhncp4jt1\/2026\/01\/unnamed-file-3727.jpg","keywords":["Andr\u00e9 Ventura","Ant\u00f3nio Jos\u00e9 Seguro","elei\u00e7\u00f5es","Henrique Gouveia e Melo","Jo\u00e3o Cotrim de Figueiredo","Presidenciais"],"articleSection":["Not\u00edcias","Pol\u00edtica"],"inLanguage":"pt-PT"},{"@type":"WebPage","@id":"https:\/\/portaltela.pt\/noticias\/2026\/01\/18\/antonio-jose-seguro-vence-em-ponte-de-sor-nas-presidenciais-2026\/","url":"https:\/\/portaltela.pt\/noticias\/2026\/01\/18\/antonio-jose-seguro-vence-em-ponte-de-sor-nas-presidenciais-2026\/","name":"Ant\u00f3nio Jos\u00e9 Seguro vence em Ponte de Sor nas presidenciais 2026 - Portal Tela Portugal","isPartOf":{"@id":"https:\/\/portaltela.pt\/#website"},"primaryImageOfPage":{"@id":"https:\/\/portaltela.pt\/noticias\/2026\/01\/18\/antonio-jose-seguro-vence-em-ponte-de-sor-nas-presidenciais-2026\/#primaryimage"},"image":{"@id":"https:\/\/portaltela.pt\/noticias\/2026\/01\/18\/antonio-jose-seguro-vence-em-ponte-de-sor-nas-presidenciais-2026\/#primaryimage"},"thumbnailUrl":"https:\/\/portaltela.pt\/s.01k8rhncp4jt1\/2026\/01\/unnamed-file-3727.jpg","datePublished":"2026-01-18T21:25:00+00:00","author":{"@id":"https:\/\/portaltela.pt\/#\/schema\/person\/c4278d4a6028830caff9ee44b42d32ed"},"breadcrumb":{"@id":"https:\/\/portaltela.pt\/noticias\/2026\/01\/18\/antonio-jose-seguro-vence-em-ponte-de-sor-nas-presidenciais-2026\/#breadcrumb"},"inLanguage":"pt-PT","potentialAction":[{"@type":"ReadAction","target":["https:\/\/portaltela.pt\/noticias\/2026\/01\/18\/antonio-jose-seguro-vence-em-ponte-de-sor-nas-presidenciais-2026\/"]}]},{"@type":"ImageObject","inLanguage":"pt-PT","@id":"https:\/\/portaltela.pt\/noticias\/2026\/01\/18\/antonio-jose-seguro-vence-em-ponte-de-sor-nas-presidenciais-2026\/#primaryimage","url":"https:\/\/portaltela.pt\/s.01k8rhncp4jt1\/2026\/01\/unnamed-file-3727.jpg","contentUrl":"https:\/\/portaltela.pt\/s.01k8rhncp4jt1\/2026\/01\/unnamed-file-3727.jpg","width":796,"height":448,"caption":"Presidenciais 2026: Ant\u00f3nio Jos\u00e9 Seguro vence no concelho de Ponte de Sor"},{"@type":"BreadcrumbList","@id":"https:\/\/portaltela.pt\/noticias\/2026\/01\/18\/antonio-jose-seguro-vence-em-ponte-de-sor-nas-presidenciais-2026\/#breadcrumb","itemListElement":[{"@type":"ListItem","position":1,"name":"In\u00edcio","item":"https:\/\/portaltela.pt\/"},{"@type":"ListItem","position":2,"name":"Ant\u00f3nio Jos\u00e9 Seguro vence em Ponte de Sor nas presidenciais 2026"}]},{"@type":"WebSite","@id":"https:\/\/portaltela.pt\/#website","url":"https:\/\/portaltela.pt\/","name":"Portal Tela Portugal","description":"","potentialAction":[{"@type":"SearchAction","target":{"@type":"EntryPoint","urlTemplate":"https:\/\/portaltela.pt\/?s={search_term_string}"},"query-input":{"@type":"PropertyValueSpecification","valueRequired":true,"valueName":"search_term_string"}}],"inLanguage":"pt-PT"},{"@type":"Person","@id":"https:\/\/portaltela.pt\/#\/schema\/person\/c4278d4a6028830caff9ee44b42d32ed","name":"Telinha","image":{"@type":"ImageObject","inLanguage":"pt-PT","@id":"https:\/\/portaltela.pt\/s.01k8rhncp4jt1\/2025\/11\/talking-bot-125x125.png","url":"https:\/\/portaltela.pt\/s.01k8rhncp4jt1\/2025\/11\/talking-bot-125x125.png","contentUrl":"https:\/\/portaltela.pt\/s.01k8rhncp4jt1\/2025\/11\/talking-bot-125x125.png","caption":"Telinha"},"sameAs":["https:\/\/portaltela.pt\/"],"url":"https:\/\/portaltela.pt\/por\/367410592786\/"}]}},"_links":{"self":[{"href":"https:\/\/portaltela.pt\/api\/wp\/v2\/posts\/151210","targetHints":{"allow":["GET"]}}],"collection":[{"href":"https:\/\/portaltela.pt\/api\/wp\/v2\/posts"}],"about":[{"href":"https:\/\/portaltela.pt\/api\/wp\/v2\/types\/post"}],"author":[{"embeddable":true,"href":"https:\/\/portaltela.pt\/api\/wp\/v2\/users\/2"}],"replies":[{"embeddable":true,"href":"https:\/\/portaltela.pt\/api\/wp\/v2\/comments?post=151210"}],"version-history":[{"count":0,"href":"https:\/\/portaltela.pt\/api\/wp\/v2\/posts\/151210\/revisions"}],"wp:featuredmedia":[{"embeddable":true,"href":"https:\/\/portaltela.pt\/api\/wp\/v2\/media\/151243"}],"wp:attachment":[{"href":"https:\/\/portaltela.pt\/api\/wp\/v2\/media?parent=151210"}],"wp:term":[{"taxonomy":"category","embeddable":true,"href":"https:\/\/portaltela.pt\/api\/wp\/v2\/categories?post=151210"},{"taxonomy":"post_tag","embeddable":true,"href":"https:\/\/portaltela.pt\/api\/wp\/v2\/tags?post=151210"}],"curies":[{"name":"wp","href":"https:\/\/api.w.org\/{rel}","templated":true}]}}