{"id":151186,"date":"2026-01-18T18:16:07","date_gmt":"2026-01-18T21:16:07","guid":{"rendered":"https:\/\/portaltela.pt\/noticias\/2026\/01\/18\/seguro-vence-em-marvao-nas-presidenciais-de-2026\/"},"modified":"2026-01-18T18:16:07","modified_gmt":"2026-01-18T21:16:07","slug":"seguro-vence-em-marvao-nas-presidenciais-de-2026","status":"publish","type":"post","link":"https:\/\/portaltela.pt\/noticias\/politica\/2026\/01\/18\/seguro-vence-em-marvao-nas-presidenciais-de-2026\/","title":{"rendered":"Seguro vence em Marv\u00e3o nas presidenciais de 2026"},"content":{"rendered":"<p>Ant\u00f3nio Jos\u00e9 Seguro venceu as elei\u00e7\u00f5es Presidenciais de 2026 no concelho de Marv\u00e3o, ao conquistar 31,73% dos votos, equivalentes a 461 viotos. O turnout foi de 60,78%, com 1.503 votos emitidos entre 2.473 eleitores inscritos.<\/p>\n<p>O segundo lugar coube a Andr\u00e9 Ventura, com 21,40% (311 votos), seguido por Henrique Gouveia e Melo, com 16,45% (239 votos), e Lu\u00eds Marques Mendes, com 14,32% (208 votos).<\/p>\n<p>Entre os restantes candidatos, Jo\u00e3o Cotrim de Figueiredo teve 9,64% (140 votos), Catarina Martins 2,20% (32 votos), Manuel Jo\u00e3o Vieira 1,93% (28 votos) e Ant\u00f3nio Filipe 1,24% (18 votos). Jorge Pinto recolheu 0,41% (6 votos) e Andr\u00e9 Pestana da Silva, Humberto Correia registaram 0,34% (5 votos) cada.<\/p>\n<p>Registaram-se ainda 26 votos em branco (1,73%) e 24 votos nulos (1,60%).<\/p>\n","protected":false},"excerpt":{"rendered":"<ul>\n<li>Ant\u00f3nio Jos\u00e9 Seguro venceu as presidenciais de 2026 no concelho de Marv\u00e3o, com 31,73% dos votos (461).<\/li>\n<li>A participa\u00e7\u00e3o foi de 60,78% entre 2.473 eleitores, com 1.503 votantes.<\/li>\n<li>Andr\u00e9 Ventura ficou em segundo lugar, com 21,40% (311 votos).<\/li>\n<li>Henrique Gouveia e Melo registrou 16,45% (239 votos) e Lu\u00eds Marques Mendes 14,32% (208 votos); Jo\u00e3o Cotrim de Figueiredo teve 9,64% (140 votos).<\/li>\n<li>Houve 26 votos em branco (1,73%) e 24 votos nulos (1,60%).<\/li>\n<\/ul>\n","protected":false},"author":2,"featured_media":151199,"comment_status":"closed","ping_status":"closed","sticky":false,"template":"","format":"standard","meta":{"footnotes":""},"categories":[1,5],"tags":[2453,2655,144,68,2612,30],"class_list":["post-151186","post","type-post","status-publish","format-standard","has-post-thumbnail","hentry","category-noticias","category-politica","tag-andre-ventura","tag-antonio-jose-seguro","tag-concelho","tag-eleicoes","tag-luis-marques-mendes","tag-presidente"],"yoast_head":"<!-- This site is optimized with the Yoast SEO plugin v27.2 - https:\/\/yoast.com\/product\/yoast-seo-wordpress\/ -->\n<title>Seguro vence em Marv\u00e3o nas presidenciais de 2026 - Portal Tela Portugal<\/title>\n<meta name=\"robots\" content=\"index, follow, max-snippet:-1, max-image-preview:large, max-video-preview:-1\" \/>\n<meta property=\"og:locale\" content=\"pt_PT\" \/>\n<meta property=\"og:type\" content=\"article\" \/>\n<meta property=\"og:title\" content=\"Seguro vence em Marv\u00e3o nas presidenciais de 2026 - Portal Tela Portugal\" \/>\n<meta property=\"og:description\" content=\"Ant\u00f3nio Jos\u00e9 Seguro venceu as presidenciais de 2026 no concelho de Marv\u00e3o, com 31,73% dos votos (461). A participa\u00e7\u00e3o foi de 60,78% entre 2.473 eleitores, com 1.503 votantes. Andr\u00e9 Ventura ficou em segundo lugar, com 21,40% (311 votos). Henrique Gouveia e Melo registrou 16,45% (239 votos) e Lu\u00eds Marques Mendes 14,32% (208 votos); Jo\u00e3o Cotrim de Figueiredo teve 9,64% (140 votos). Houve 26 votos em branco (1,73%) e 24 votos nulos (1,60%).\" \/>\n<meta property=\"og:url\" content=\"https:\/\/portaltela.pt\/noticias\/2026\/01\/18\/seguro-vence-em-marvao-nas-presidenciais-de-2026\/\" \/>\n<meta property=\"og:site_name\" content=\"Portal Tela Portugal\" \/>\n<meta property=\"article:published_time\" content=\"2026-01-18T21:16:07+00:00\" \/>\n<meta name=\"author\" content=\"Telinha\" \/>\n<meta name=\"twitter:card\" content=\"summary_large_image\" \/>\n<meta name=\"twitter:label1\" content=\"Escrito por\" \/>\n\t<meta name=\"twitter:data1\" content=\"Telinha\" \/>\n\t<meta name=\"twitter:label2\" content=\"Tempo estimado de leitura\" \/>\n\t<meta name=\"twitter:data2\" content=\"1 minuto\" \/>\n<script type=\"application\/ld+json\" class=\"yoast-schema-graph\">{\"@context\":\"https:\/\/schema.org\",\"@graph\":[{\"@type\":\"Article\",\"@id\":\"https:\/\/portaltela.pt\/noticias\/2026\/01\/18\/seguro-vence-em-marvao-nas-presidenciais-de-2026\/#article\",\"isPartOf\":{\"@id\":\"https:\/\/portaltela.pt\/noticias\/2026\/01\/18\/seguro-vence-em-marvao-nas-presidenciais-de-2026\/\"},\"author\":{\"name\":\"Telinha\",\"@id\":\"https:\/\/portaltela.pt\/#\/schema\/person\/c4278d4a6028830caff9ee44b42d32ed\"},\"headline\":\"Seguro vence em Marv\u00e3o nas presidenciais de 2026\",\"datePublished\":\"2026-01-18T21:16:07+00:00\",\"mainEntityOfPage\":{\"@id\":\"https:\/\/portaltela.pt\/noticias\/2026\/01\/18\/seguro-vence-em-marvao-nas-presidenciais-de-2026\/\"},\"wordCount\":110,\"image\":{\"@id\":\"https:\/\/portaltela.pt\/noticias\/2026\/01\/18\/seguro-vence-em-marvao-nas-presidenciais-de-2026\/#primaryimage\"},\"thumbnailUrl\":\"https:\/\/portaltela.pt\/s.01k8rhncp4jt1\/2026\/01\/unnamed-file-3725.jpg\",\"keywords\":[\"Andr\u00e9 Ventura\",\"Ant\u00f3nio Jos\u00e9 Seguro\",\"concelho\",\"elei\u00e7\u00f5es\",\"Lu\u00eds Marques Mendes\",\"presidente\"],\"articleSection\":[\"Not\u00edcias\",\"Pol\u00edtica\"],\"inLanguage\":\"pt-PT\"},{\"@type\":\"WebPage\",\"@id\":\"https:\/\/portaltela.pt\/noticias\/2026\/01\/18\/seguro-vence-em-marvao-nas-presidenciais-de-2026\/\",\"url\":\"https:\/\/portaltela.pt\/noticias\/2026\/01\/18\/seguro-vence-em-marvao-nas-presidenciais-de-2026\/\",\"name\":\"Seguro vence em Marv\u00e3o nas presidenciais de 2026 - Portal Tela Portugal\",\"isPartOf\":{\"@id\":\"https:\/\/portaltela.pt\/#website\"},\"primaryImageOfPage\":{\"@id\":\"https:\/\/portaltela.pt\/noticias\/2026\/01\/18\/seguro-vence-em-marvao-nas-presidenciais-de-2026\/#primaryimage\"},\"image\":{\"@id\":\"https:\/\/portaltela.pt\/noticias\/2026\/01\/18\/seguro-vence-em-marvao-nas-presidenciais-de-2026\/#primaryimage\"},\"thumbnailUrl\":\"https:\/\/portaltela.pt\/s.01k8rhncp4jt1\/2026\/01\/unnamed-file-3725.jpg\",\"datePublished\":\"2026-01-18T21:16:07+00:00\",\"author\":{\"@id\":\"https:\/\/portaltela.pt\/#\/schema\/person\/c4278d4a6028830caff9ee44b42d32ed\"},\"breadcrumb\":{\"@id\":\"https:\/\/portaltela.pt\/noticias\/2026\/01\/18\/seguro-vence-em-marvao-nas-presidenciais-de-2026\/#breadcrumb\"},\"inLanguage\":\"pt-PT\",\"potentialAction\":[{\"@type\":\"ReadAction\",\"target\":[\"https:\/\/portaltela.pt\/noticias\/2026\/01\/18\/seguro-vence-em-marvao-nas-presidenciais-de-2026\/\"]}]},{\"@type\":\"ImageObject\",\"inLanguage\":\"pt-PT\",\"@id\":\"https:\/\/portaltela.pt\/noticias\/2026\/01\/18\/seguro-vence-em-marvao-nas-presidenciais-de-2026\/#primaryimage\",\"url\":\"https:\/\/portaltela.pt\/s.01k8rhncp4jt1\/2026\/01\/unnamed-file-3725.jpg\",\"contentUrl\":\"https:\/\/portaltela.pt\/s.01k8rhncp4jt1\/2026\/01\/unnamed-file-3725.jpg\",\"width\":796,\"height\":448,\"caption\":\"Presidenciais 2026: Ant\u00f3nio Jos\u00e9 Seguro vence no concelho de Marv\u00e3o\"},{\"@type\":\"BreadcrumbList\",\"@id\":\"https:\/\/portaltela.pt\/noticias\/2026\/01\/18\/seguro-vence-em-marvao-nas-presidenciais-de-2026\/#breadcrumb\",\"itemListElement\":[{\"@type\":\"ListItem\",\"position\":1,\"name\":\"In\u00edcio\",\"item\":\"https:\/\/portaltela.pt\/\"},{\"@type\":\"ListItem\",\"position\":2,\"name\":\"Seguro vence em Marv\u00e3o nas presidenciais de 2026\"}]},{\"@type\":\"WebSite\",\"@id\":\"https:\/\/portaltela.pt\/#website\",\"url\":\"https:\/\/portaltela.pt\/\",\"name\":\"Portal Tela Portugal\",\"description\":\"\",\"potentialAction\":[{\"@type\":\"SearchAction\",\"target\":{\"@type\":\"EntryPoint\",\"urlTemplate\":\"https:\/\/portaltela.pt\/?s={search_term_string}\"},\"query-input\":{\"@type\":\"PropertyValueSpecification\",\"valueRequired\":true,\"valueName\":\"search_term_string\"}}],\"inLanguage\":\"pt-PT\"},{\"@type\":\"Person\",\"@id\":\"https:\/\/portaltela.pt\/#\/schema\/person\/c4278d4a6028830caff9ee44b42d32ed\",\"name\":\"Telinha\",\"image\":{\"@type\":\"ImageObject\",\"inLanguage\":\"pt-PT\",\"@id\":\"https:\/\/portaltela.pt\/s.01k8rhncp4jt1\/2025\/11\/talking-bot-125x125.png\",\"url\":\"https:\/\/portaltela.pt\/s.01k8rhncp4jt1\/2025\/11\/talking-bot-125x125.png\",\"contentUrl\":\"https:\/\/portaltela.pt\/s.01k8rhncp4jt1\/2025\/11\/talking-bot-125x125.png\",\"caption\":\"Telinha\"},\"sameAs\":[\"https:\/\/portaltela.pt\/\"],\"url\":\"https:\/\/portaltela.pt\/por\/367410592786\/\"}]}<\/script>\n<!-- \/ Yoast SEO plugin. -->","yoast_head_json":{"title":"Seguro vence em Marv\u00e3o nas presidenciais de 2026 - Portal Tela Portugal","robots":{"index":"index","follow":"follow","max-snippet":"max-snippet:-1","max-image-preview":"max-image-preview:large","max-video-preview":"max-video-preview:-1"},"og_locale":"pt_PT","og_type":"article","og_title":"Seguro vence em Marv\u00e3o nas presidenciais de 2026 - Portal Tela Portugal","og_description":"Ant\u00f3nio Jos\u00e9 Seguro venceu as presidenciais de 2026 no concelho de Marv\u00e3o, com 31,73% dos votos (461). A participa\u00e7\u00e3o foi de 60,78% entre 2.473 eleitores, com 1.503 votantes. Andr\u00e9 Ventura ficou em segundo lugar, com 21,40% (311 votos). Henrique Gouveia e Melo registrou 16,45% (239 votos) e Lu\u00eds Marques Mendes 14,32% (208 votos); Jo\u00e3o Cotrim de Figueiredo teve 9,64% (140 votos). Houve 26 votos em branco (1,73%) e 24 votos nulos (1,60%).","og_url":"https:\/\/portaltela.pt\/noticias\/2026\/01\/18\/seguro-vence-em-marvao-nas-presidenciais-de-2026\/","og_site_name":"Portal Tela Portugal","article_published_time":"2026-01-18T21:16:07+00:00","author":"Telinha","twitter_card":"summary_large_image","twitter_misc":{"Escrito por":"Telinha","Tempo estimado de leitura":"1 minuto"},"schema":{"@context":"https:\/\/schema.org","@graph":[{"@type":"Article","@id":"https:\/\/portaltela.pt\/noticias\/2026\/01\/18\/seguro-vence-em-marvao-nas-presidenciais-de-2026\/#article","isPartOf":{"@id":"https:\/\/portaltela.pt\/noticias\/2026\/01\/18\/seguro-vence-em-marvao-nas-presidenciais-de-2026\/"},"author":{"name":"Telinha","@id":"https:\/\/portaltela.pt\/#\/schema\/person\/c4278d4a6028830caff9ee44b42d32ed"},"headline":"Seguro vence em Marv\u00e3o nas presidenciais de 2026","datePublished":"2026-01-18T21:16:07+00:00","mainEntityOfPage":{"@id":"https:\/\/portaltela.pt\/noticias\/2026\/01\/18\/seguro-vence-em-marvao-nas-presidenciais-de-2026\/"},"wordCount":110,"image":{"@id":"https:\/\/portaltela.pt\/noticias\/2026\/01\/18\/seguro-vence-em-marvao-nas-presidenciais-de-2026\/#primaryimage"},"thumbnailUrl":"https:\/\/portaltela.pt\/s.01k8rhncp4jt1\/2026\/01\/unnamed-file-3725.jpg","keywords":["Andr\u00e9 Ventura","Ant\u00f3nio Jos\u00e9 Seguro","concelho","elei\u00e7\u00f5es","Lu\u00eds Marques Mendes","presidente"],"articleSection":["Not\u00edcias","Pol\u00edtica"],"inLanguage":"pt-PT"},{"@type":"WebPage","@id":"https:\/\/portaltela.pt\/noticias\/2026\/01\/18\/seguro-vence-em-marvao-nas-presidenciais-de-2026\/","url":"https:\/\/portaltela.pt\/noticias\/2026\/01\/18\/seguro-vence-em-marvao-nas-presidenciais-de-2026\/","name":"Seguro vence em Marv\u00e3o nas presidenciais de 2026 - Portal Tela Portugal","isPartOf":{"@id":"https:\/\/portaltela.pt\/#website"},"primaryImageOfPage":{"@id":"https:\/\/portaltela.pt\/noticias\/2026\/01\/18\/seguro-vence-em-marvao-nas-presidenciais-de-2026\/#primaryimage"},"image":{"@id":"https:\/\/portaltela.pt\/noticias\/2026\/01\/18\/seguro-vence-em-marvao-nas-presidenciais-de-2026\/#primaryimage"},"thumbnailUrl":"https:\/\/portaltela.pt\/s.01k8rhncp4jt1\/2026\/01\/unnamed-file-3725.jpg","datePublished":"2026-01-18T21:16:07+00:00","author":{"@id":"https:\/\/portaltela.pt\/#\/schema\/person\/c4278d4a6028830caff9ee44b42d32ed"},"breadcrumb":{"@id":"https:\/\/portaltela.pt\/noticias\/2026\/01\/18\/seguro-vence-em-marvao-nas-presidenciais-de-2026\/#breadcrumb"},"inLanguage":"pt-PT","potentialAction":[{"@type":"ReadAction","target":["https:\/\/portaltela.pt\/noticias\/2026\/01\/18\/seguro-vence-em-marvao-nas-presidenciais-de-2026\/"]}]},{"@type":"ImageObject","inLanguage":"pt-PT","@id":"https:\/\/portaltela.pt\/noticias\/2026\/01\/18\/seguro-vence-em-marvao-nas-presidenciais-de-2026\/#primaryimage","url":"https:\/\/portaltela.pt\/s.01k8rhncp4jt1\/2026\/01\/unnamed-file-3725.jpg","contentUrl":"https:\/\/portaltela.pt\/s.01k8rhncp4jt1\/2026\/01\/unnamed-file-3725.jpg","width":796,"height":448,"caption":"Presidenciais 2026: Ant\u00f3nio Jos\u00e9 Seguro vence no concelho de Marv\u00e3o"},{"@type":"BreadcrumbList","@id":"https:\/\/portaltela.pt\/noticias\/2026\/01\/18\/seguro-vence-em-marvao-nas-presidenciais-de-2026\/#breadcrumb","itemListElement":[{"@type":"ListItem","position":1,"name":"In\u00edcio","item":"https:\/\/portaltela.pt\/"},{"@type":"ListItem","position":2,"name":"Seguro vence em Marv\u00e3o nas presidenciais de 2026"}]},{"@type":"WebSite","@id":"https:\/\/portaltela.pt\/#website","url":"https:\/\/portaltela.pt\/","name":"Portal Tela Portugal","description":"","potentialAction":[{"@type":"SearchAction","target":{"@type":"EntryPoint","urlTemplate":"https:\/\/portaltela.pt\/?s={search_term_string}"},"query-input":{"@type":"PropertyValueSpecification","valueRequired":true,"valueName":"search_term_string"}}],"inLanguage":"pt-PT"},{"@type":"Person","@id":"https:\/\/portaltela.pt\/#\/schema\/person\/c4278d4a6028830caff9ee44b42d32ed","name":"Telinha","image":{"@type":"ImageObject","inLanguage":"pt-PT","@id":"https:\/\/portaltela.pt\/s.01k8rhncp4jt1\/2025\/11\/talking-bot-125x125.png","url":"https:\/\/portaltela.pt\/s.01k8rhncp4jt1\/2025\/11\/talking-bot-125x125.png","contentUrl":"https:\/\/portaltela.pt\/s.01k8rhncp4jt1\/2025\/11\/talking-bot-125x125.png","caption":"Telinha"},"sameAs":["https:\/\/portaltela.pt\/"],"url":"https:\/\/portaltela.pt\/por\/367410592786\/"}]}},"_links":{"self":[{"href":"https:\/\/portaltela.pt\/api\/wp\/v2\/posts\/151186","targetHints":{"allow":["GET"]}}],"collection":[{"href":"https:\/\/portaltela.pt\/api\/wp\/v2\/posts"}],"about":[{"href":"https:\/\/portaltela.pt\/api\/wp\/v2\/types\/post"}],"author":[{"embeddable":true,"href":"https:\/\/portaltela.pt\/api\/wp\/v2\/users\/2"}],"replies":[{"embeddable":true,"href":"https:\/\/portaltela.pt\/api\/wp\/v2\/comments?post=151186"}],"version-history":[{"count":0,"href":"https:\/\/portaltela.pt\/api\/wp\/v2\/posts\/151186\/revisions"}],"wp:featuredmedia":[{"embeddable":true,"href":"https:\/\/portaltela.pt\/api\/wp\/v2\/media\/151199"}],"wp:attachment":[{"href":"https:\/\/portaltela.pt\/api\/wp\/v2\/media?parent=151186"}],"wp:term":[{"taxonomy":"category","embeddable":true,"href":"https:\/\/portaltela.pt\/api\/wp\/v2\/categories?post=151186"},{"taxonomy":"post_tag","embeddable":true,"href":"https:\/\/portaltela.pt\/api\/wp\/v2\/tags?post=151186"}],"curies":[{"name":"wp","href":"https:\/\/api.w.org\/{rel}","templated":true}]}}