{"id":151149,"date":"2026-01-18T18:13:04","date_gmt":"2026-01-18T21:13:04","guid":{"rendered":"https:\/\/portaltela.pt\/noticias\/2026\/01\/18\/antonio-jose-seguro-e-o-mais-votado-em-coruche\/"},"modified":"2026-01-18T18:13:04","modified_gmt":"2026-01-18T21:13:04","slug":"antonio-jose-seguro-e-o-mais-votado-em-coruche","status":"publish","type":"post","link":"https:\/\/portaltela.pt\/noticias\/politica\/2026\/01\/18\/antonio-jose-seguro-e-o-mais-votado-em-coruche\/","title":{"rendered":"Ant\u00f3nio Jos\u00e9 Seguro \u00e9 o mais votado em Coruche"},"content":{"rendered":"<p>Ant\u00f3nio Jos\u00e9 Seguro foi o candidato mais votado no concelho de Coruche na primeira volta das Elei\u00e7\u00f5es Presidenciais deste domingo, 18 de janeiro. A vota\u00e7\u00e3o ocorreu na regi\u00e3o, com a contagem a seguir o registo oficial.<\/p>\n<p>Seguro recebeu 2.856 votos, equivalentes a 31,53% do total. O resultado coloca-o no topo entre os eleitores de Coruche na primeira volta.<\/p>\n<p>Em segundo ficou Andr\u00e9 Venturam, com 2.754 votos e 30,40% do total. Henrique Gouveia e Melo ocupou o terceiro lugar, com 1.194 votos e 13,18%.<\/p>\n<p>Os n\u00fameros apresentados correspondem aos registos oficiais da Comiss\u00e3o Nacional de Elei\u00e7\u00f5es para o concelho de Coruche e refletem o cen\u00e1rio local na manh\u00e3 seguinte ao ato eleitoral.<\/p>\n","protected":false},"excerpt":{"rendered":"<ul>\n<li>Ant\u00f3nio Jos\u00e9 Seguro foi o candidato mais votado no concelho de Coruche na primeira volta das Elei\u00e7\u00f5es Presidenciais de 18 de janeiro, com 2.856 votos (31,53%).<\/li>\n<li>Andr\u00e9 Venturam ficou em segundo lugar, com 2.754 votos (30,40%).<\/li>\n<li>Henrique Gouveia e Melo ficou em terceiro, com 1.194 votos (13,18%).<\/li>\n<\/ul>\n","protected":false},"author":2,"featured_media":151153,"comment_status":"closed","ping_status":"closed","sticky":false,"template":"","format":"standard","meta":{"footnotes":""},"categories":[1,5],"tags":[2453,2655,68,3146,1014,30],"class_list":["post-151149","post","type-post","status-publish","format-standard","has-post-thumbnail","hentry","category-noticias","category-politica","tag-andre-ventura","tag-antonio-jose-seguro","tag-eleicoes","tag-henrique-gouveia-e-melo","tag-portugal","tag-presidente"],"yoast_head":"<!-- This site is optimized with the Yoast SEO plugin v27.2 - https:\/\/yoast.com\/product\/yoast-seo-wordpress\/ -->\n<title>Ant\u00f3nio Jos\u00e9 Seguro \u00e9 o mais votado em Coruche - Portal Tela Portugal<\/title>\n<meta name=\"robots\" content=\"index, follow, max-snippet:-1, max-image-preview:large, max-video-preview:-1\" \/>\n<meta property=\"og:locale\" content=\"pt_PT\" \/>\n<meta property=\"og:type\" content=\"article\" \/>\n<meta property=\"og:title\" content=\"Ant\u00f3nio Jos\u00e9 Seguro \u00e9 o mais votado em Coruche - Portal Tela Portugal\" \/>\n<meta property=\"og:description\" content=\"Ant\u00f3nio Jos\u00e9 Seguro foi o candidato mais votado no concelho de Coruche na primeira volta das Elei\u00e7\u00f5es Presidenciais de 18 de janeiro, com 2.856 votos (31,53%). Andr\u00e9 Venturam ficou em segundo lugar, com 2.754 votos (30,40%). Henrique Gouveia e Melo ficou em terceiro, com 1.194 votos (13,18%).\" \/>\n<meta property=\"og:url\" content=\"https:\/\/portaltela.pt\/noticias\/2026\/01\/18\/antonio-jose-seguro-e-o-mais-votado-em-coruche\/\" \/>\n<meta property=\"og:site_name\" content=\"Portal Tela Portugal\" \/>\n<meta property=\"article:published_time\" content=\"2026-01-18T21:13:04+00:00\" \/>\n<meta name=\"author\" content=\"Telinha\" \/>\n<meta name=\"twitter:card\" content=\"summary_large_image\" \/>\n<meta name=\"twitter:label1\" content=\"Escrito por\" \/>\n\t<meta name=\"twitter:data1\" content=\"Telinha\" \/>\n\t<meta name=\"twitter:label2\" content=\"Tempo estimado de leitura\" \/>\n\t<meta name=\"twitter:data2\" content=\"1 minuto\" \/>\n<script type=\"application\/ld+json\" class=\"yoast-schema-graph\">{\"@context\":\"https:\/\/schema.org\",\"@graph\":[{\"@type\":\"Article\",\"@id\":\"https:\/\/portaltela.pt\/noticias\/2026\/01\/18\/antonio-jose-seguro-e-o-mais-votado-em-coruche\/#article\",\"isPartOf\":{\"@id\":\"https:\/\/portaltela.pt\/noticias\/2026\/01\/18\/antonio-jose-seguro-e-o-mais-votado-em-coruche\/\"},\"author\":{\"name\":\"Telinha\",\"@id\":\"https:\/\/portaltela.pt\/#\/schema\/person\/c4278d4a6028830caff9ee44b42d32ed\"},\"headline\":\"Ant\u00f3nio Jos\u00e9 Seguro \u00e9 o mais votado em Coruche\",\"datePublished\":\"2026-01-18T21:13:04+00:00\",\"mainEntityOfPage\":{\"@id\":\"https:\/\/portaltela.pt\/noticias\/2026\/01\/18\/antonio-jose-seguro-e-o-mais-votado-em-coruche\/\"},\"wordCount\":121,\"image\":{\"@id\":\"https:\/\/portaltela.pt\/noticias\/2026\/01\/18\/antonio-jose-seguro-e-o-mais-votado-em-coruche\/#primaryimage\"},\"thumbnailUrl\":\"https:\/\/portaltela.pt\/s.01k8rhncp4jt1\/2026\/01\/Antonio_Jose_Seguro_7-e1768770761121.jpg\",\"keywords\":[\"Andr\u00e9 Ventura\",\"Ant\u00f3nio Jos\u00e9 Seguro\",\"elei\u00e7\u00f5es\",\"Henrique Gouveia e Melo\",\"Portugal\",\"presidente\"],\"articleSection\":[\"Not\u00edcias\",\"Pol\u00edtica\"],\"inLanguage\":\"pt-PT\"},{\"@type\":\"WebPage\",\"@id\":\"https:\/\/portaltela.pt\/noticias\/2026\/01\/18\/antonio-jose-seguro-e-o-mais-votado-em-coruche\/\",\"url\":\"https:\/\/portaltela.pt\/noticias\/2026\/01\/18\/antonio-jose-seguro-e-o-mais-votado-em-coruche\/\",\"name\":\"Ant\u00f3nio Jos\u00e9 Seguro \u00e9 o mais votado em Coruche - Portal Tela Portugal\",\"isPartOf\":{\"@id\":\"https:\/\/portaltela.pt\/#website\"},\"primaryImageOfPage\":{\"@id\":\"https:\/\/portaltela.pt\/noticias\/2026\/01\/18\/antonio-jose-seguro-e-o-mais-votado-em-coruche\/#primaryimage\"},\"image\":{\"@id\":\"https:\/\/portaltela.pt\/noticias\/2026\/01\/18\/antonio-jose-seguro-e-o-mais-votado-em-coruche\/#primaryimage\"},\"thumbnailUrl\":\"https:\/\/portaltela.pt\/s.01k8rhncp4jt1\/2026\/01\/Antonio_Jose_Seguro_7-e1768770761121.jpg\",\"datePublished\":\"2026-01-18T21:13:04+00:00\",\"author\":{\"@id\":\"https:\/\/portaltela.pt\/#\/schema\/person\/c4278d4a6028830caff9ee44b42d32ed\"},\"breadcrumb\":{\"@id\":\"https:\/\/portaltela.pt\/noticias\/2026\/01\/18\/antonio-jose-seguro-e-o-mais-votado-em-coruche\/#breadcrumb\"},\"inLanguage\":\"pt-PT\",\"potentialAction\":[{\"@type\":\"ReadAction\",\"target\":[\"https:\/\/portaltela.pt\/noticias\/2026\/01\/18\/antonio-jose-seguro-e-o-mais-votado-em-coruche\/\"]}]},{\"@type\":\"ImageObject\",\"inLanguage\":\"pt-PT\",\"@id\":\"https:\/\/portaltela.pt\/noticias\/2026\/01\/18\/antonio-jose-seguro-e-o-mais-votado-em-coruche\/#primaryimage\",\"url\":\"https:\/\/portaltela.pt\/s.01k8rhncp4jt1\/2026\/01\/Antonio_Jose_Seguro_7-e1768770761121.jpg\",\"contentUrl\":\"https:\/\/portaltela.pt\/s.01k8rhncp4jt1\/2026\/01\/Antonio_Jose_Seguro_7-e1768770761121.jpg\",\"width\":796,\"height\":448,\"caption\":\"Ant\u00f3nio Jos\u00e9 Seguro foi o mais votado no concelho de Coruche\"},{\"@type\":\"BreadcrumbList\",\"@id\":\"https:\/\/portaltela.pt\/noticias\/2026\/01\/18\/antonio-jose-seguro-e-o-mais-votado-em-coruche\/#breadcrumb\",\"itemListElement\":[{\"@type\":\"ListItem\",\"position\":1,\"name\":\"In\u00edcio\",\"item\":\"https:\/\/portaltela.pt\/\"},{\"@type\":\"ListItem\",\"position\":2,\"name\":\"Ant\u00f3nio Jos\u00e9 Seguro \u00e9 o mais votado em Coruche\"}]},{\"@type\":\"WebSite\",\"@id\":\"https:\/\/portaltela.pt\/#website\",\"url\":\"https:\/\/portaltela.pt\/\",\"name\":\"Portal Tela Portugal\",\"description\":\"\",\"potentialAction\":[{\"@type\":\"SearchAction\",\"target\":{\"@type\":\"EntryPoint\",\"urlTemplate\":\"https:\/\/portaltela.pt\/?s={search_term_string}\"},\"query-input\":{\"@type\":\"PropertyValueSpecification\",\"valueRequired\":true,\"valueName\":\"search_term_string\"}}],\"inLanguage\":\"pt-PT\"},{\"@type\":\"Person\",\"@id\":\"https:\/\/portaltela.pt\/#\/schema\/person\/c4278d4a6028830caff9ee44b42d32ed\",\"name\":\"Telinha\",\"image\":{\"@type\":\"ImageObject\",\"inLanguage\":\"pt-PT\",\"@id\":\"https:\/\/portaltela.pt\/s.01k8rhncp4jt1\/2025\/11\/talking-bot-125x125.png\",\"url\":\"https:\/\/portaltela.pt\/s.01k8rhncp4jt1\/2025\/11\/talking-bot-125x125.png\",\"contentUrl\":\"https:\/\/portaltela.pt\/s.01k8rhncp4jt1\/2025\/11\/talking-bot-125x125.png\",\"caption\":\"Telinha\"},\"sameAs\":[\"https:\/\/portaltela.pt\/\"],\"url\":\"https:\/\/portaltela.pt\/por\/367410592786\/\"}]}<\/script>\n<!-- \/ Yoast SEO plugin. -->","yoast_head_json":{"title":"Ant\u00f3nio Jos\u00e9 Seguro \u00e9 o mais votado em Coruche - Portal Tela Portugal","robots":{"index":"index","follow":"follow","max-snippet":"max-snippet:-1","max-image-preview":"max-image-preview:large","max-video-preview":"max-video-preview:-1"},"og_locale":"pt_PT","og_type":"article","og_title":"Ant\u00f3nio Jos\u00e9 Seguro \u00e9 o mais votado em Coruche - Portal Tela Portugal","og_description":"Ant\u00f3nio Jos\u00e9 Seguro foi o candidato mais votado no concelho de Coruche na primeira volta das Elei\u00e7\u00f5es Presidenciais de 18 de janeiro, com 2.856 votos (31,53%). Andr\u00e9 Venturam ficou em segundo lugar, com 2.754 votos (30,40%). Henrique Gouveia e Melo ficou em terceiro, com 1.194 votos (13,18%).","og_url":"https:\/\/portaltela.pt\/noticias\/2026\/01\/18\/antonio-jose-seguro-e-o-mais-votado-em-coruche\/","og_site_name":"Portal Tela Portugal","article_published_time":"2026-01-18T21:13:04+00:00","author":"Telinha","twitter_card":"summary_large_image","twitter_misc":{"Escrito por":"Telinha","Tempo estimado de leitura":"1 minuto"},"schema":{"@context":"https:\/\/schema.org","@graph":[{"@type":"Article","@id":"https:\/\/portaltela.pt\/noticias\/2026\/01\/18\/antonio-jose-seguro-e-o-mais-votado-em-coruche\/#article","isPartOf":{"@id":"https:\/\/portaltela.pt\/noticias\/2026\/01\/18\/antonio-jose-seguro-e-o-mais-votado-em-coruche\/"},"author":{"name":"Telinha","@id":"https:\/\/portaltela.pt\/#\/schema\/person\/c4278d4a6028830caff9ee44b42d32ed"},"headline":"Ant\u00f3nio Jos\u00e9 Seguro \u00e9 o mais votado em Coruche","datePublished":"2026-01-18T21:13:04+00:00","mainEntityOfPage":{"@id":"https:\/\/portaltela.pt\/noticias\/2026\/01\/18\/antonio-jose-seguro-e-o-mais-votado-em-coruche\/"},"wordCount":121,"image":{"@id":"https:\/\/portaltela.pt\/noticias\/2026\/01\/18\/antonio-jose-seguro-e-o-mais-votado-em-coruche\/#primaryimage"},"thumbnailUrl":"https:\/\/portaltela.pt\/s.01k8rhncp4jt1\/2026\/01\/Antonio_Jose_Seguro_7-e1768770761121.jpg","keywords":["Andr\u00e9 Ventura","Ant\u00f3nio Jos\u00e9 Seguro","elei\u00e7\u00f5es","Henrique Gouveia e Melo","Portugal","presidente"],"articleSection":["Not\u00edcias","Pol\u00edtica"],"inLanguage":"pt-PT"},{"@type":"WebPage","@id":"https:\/\/portaltela.pt\/noticias\/2026\/01\/18\/antonio-jose-seguro-e-o-mais-votado-em-coruche\/","url":"https:\/\/portaltela.pt\/noticias\/2026\/01\/18\/antonio-jose-seguro-e-o-mais-votado-em-coruche\/","name":"Ant\u00f3nio Jos\u00e9 Seguro \u00e9 o mais votado em Coruche - Portal Tela Portugal","isPartOf":{"@id":"https:\/\/portaltela.pt\/#website"},"primaryImageOfPage":{"@id":"https:\/\/portaltela.pt\/noticias\/2026\/01\/18\/antonio-jose-seguro-e-o-mais-votado-em-coruche\/#primaryimage"},"image":{"@id":"https:\/\/portaltela.pt\/noticias\/2026\/01\/18\/antonio-jose-seguro-e-o-mais-votado-em-coruche\/#primaryimage"},"thumbnailUrl":"https:\/\/portaltela.pt\/s.01k8rhncp4jt1\/2026\/01\/Antonio_Jose_Seguro_7-e1768770761121.jpg","datePublished":"2026-01-18T21:13:04+00:00","author":{"@id":"https:\/\/portaltela.pt\/#\/schema\/person\/c4278d4a6028830caff9ee44b42d32ed"},"breadcrumb":{"@id":"https:\/\/portaltela.pt\/noticias\/2026\/01\/18\/antonio-jose-seguro-e-o-mais-votado-em-coruche\/#breadcrumb"},"inLanguage":"pt-PT","potentialAction":[{"@type":"ReadAction","target":["https:\/\/portaltela.pt\/noticias\/2026\/01\/18\/antonio-jose-seguro-e-o-mais-votado-em-coruche\/"]}]},{"@type":"ImageObject","inLanguage":"pt-PT","@id":"https:\/\/portaltela.pt\/noticias\/2026\/01\/18\/antonio-jose-seguro-e-o-mais-votado-em-coruche\/#primaryimage","url":"https:\/\/portaltela.pt\/s.01k8rhncp4jt1\/2026\/01\/Antonio_Jose_Seguro_7-e1768770761121.jpg","contentUrl":"https:\/\/portaltela.pt\/s.01k8rhncp4jt1\/2026\/01\/Antonio_Jose_Seguro_7-e1768770761121.jpg","width":796,"height":448,"caption":"Ant\u00f3nio Jos\u00e9 Seguro foi o mais votado no concelho de Coruche"},{"@type":"BreadcrumbList","@id":"https:\/\/portaltela.pt\/noticias\/2026\/01\/18\/antonio-jose-seguro-e-o-mais-votado-em-coruche\/#breadcrumb","itemListElement":[{"@type":"ListItem","position":1,"name":"In\u00edcio","item":"https:\/\/portaltela.pt\/"},{"@type":"ListItem","position":2,"name":"Ant\u00f3nio Jos\u00e9 Seguro \u00e9 o mais votado em Coruche"}]},{"@type":"WebSite","@id":"https:\/\/portaltela.pt\/#website","url":"https:\/\/portaltela.pt\/","name":"Portal Tela Portugal","description":"","potentialAction":[{"@type":"SearchAction","target":{"@type":"EntryPoint","urlTemplate":"https:\/\/portaltela.pt\/?s={search_term_string}"},"query-input":{"@type":"PropertyValueSpecification","valueRequired":true,"valueName":"search_term_string"}}],"inLanguage":"pt-PT"},{"@type":"Person","@id":"https:\/\/portaltela.pt\/#\/schema\/person\/c4278d4a6028830caff9ee44b42d32ed","name":"Telinha","image":{"@type":"ImageObject","inLanguage":"pt-PT","@id":"https:\/\/portaltela.pt\/s.01k8rhncp4jt1\/2025\/11\/talking-bot-125x125.png","url":"https:\/\/portaltela.pt\/s.01k8rhncp4jt1\/2025\/11\/talking-bot-125x125.png","contentUrl":"https:\/\/portaltela.pt\/s.01k8rhncp4jt1\/2025\/11\/talking-bot-125x125.png","caption":"Telinha"},"sameAs":["https:\/\/portaltela.pt\/"],"url":"https:\/\/portaltela.pt\/por\/367410592786\/"}]}},"_links":{"self":[{"href":"https:\/\/portaltela.pt\/api\/wp\/v2\/posts\/151149","targetHints":{"allow":["GET"]}}],"collection":[{"href":"https:\/\/portaltela.pt\/api\/wp\/v2\/posts"}],"about":[{"href":"https:\/\/portaltela.pt\/api\/wp\/v2\/types\/post"}],"author":[{"embeddable":true,"href":"https:\/\/portaltela.pt\/api\/wp\/v2\/users\/2"}],"replies":[{"embeddable":true,"href":"https:\/\/portaltela.pt\/api\/wp\/v2\/comments?post=151149"}],"version-history":[{"count":0,"href":"https:\/\/portaltela.pt\/api\/wp\/v2\/posts\/151149\/revisions"}],"wp:featuredmedia":[{"embeddable":true,"href":"https:\/\/portaltela.pt\/api\/wp\/v2\/media\/151153"}],"wp:attachment":[{"href":"https:\/\/portaltela.pt\/api\/wp\/v2\/media?parent=151149"}],"wp:term":[{"taxonomy":"category","embeddable":true,"href":"https:\/\/portaltela.pt\/api\/wp\/v2\/categories?post=151149"},{"taxonomy":"post_tag","embeddable":true,"href":"https:\/\/portaltela.pt\/api\/wp\/v2\/tags?post=151149"}],"curies":[{"name":"wp","href":"https:\/\/api.w.org\/{rel}","templated":true}]}}