{"id":151021,"date":"2026-01-18T17:08:00","date_gmt":"2026-01-18T20:08:00","guid":{"rendered":"https:\/\/portaltela.pt\/noticias\/2026\/01\/18\/presidenciais-quem-recebeu-mais-votos-entre-os-oliveirenses\/"},"modified":"2026-01-18T17:08:00","modified_gmt":"2026-01-18T20:08:00","slug":"presidenciais-quem-recebeu-mais-votos-entre-os-oliveirenses","status":"publish","type":"post","link":"https:\/\/portaltela.pt\/noticias\/politica\/2026\/01\/18\/presidenciais-quem-recebeu-mais-votos-entre-os-oliveirenses\/","title":{"rendered":"Presidenciais: quem recebeu mais votos entre os oliveirenses"},"content":{"rendered":"<p>Este domingo, 18 de janeiro, os eleitores portugueses votaram para eleger o Presidente da Rep\u00fablica, num dos atos eleitorais mais disputados das \u00faltimas d\u00e9cadas. A atualiza\u00e7\u00e3o guarda os resultados finais do concelho de Oliveira do Hospital.<\/p>\n<p>Resultados finais do concelho de Oliveira do Hospital: os votantes registaram diferentes ordens de prefer\u00eancia por freguesia, com Ant\u00f3nio Jos\u00e9 Seguro, Andr\u00e9 Ventura, Henrique Gouveia e Melo e Lu\u00eds Marques Mendes a surgirem com maior express\u00e3o consoante o territ\u00f3rio.<\/p>\n<p>Aldeia das Dez: Ant\u00f3nio Jos\u00e9 Seguro, Andr\u00e9 Ventura, Henrique Gouveia e Melo.<\/p>\n<p>Alvoco das V\u00e1rzeas: Ant\u00f3nio Jos\u00e9 Seguro, Lu\u00eds Marques Mendes, Andr\u00e9 Ventura.<\/p>\n<p>Av\u00f4: Ant\u00f3nio Jos\u00e9 Seguro, Andr\u00e9 Ventura, Lu\u00eds Marques Mendes.<\/p>\n<p>Bobadela: Ant\u00f3nio Jos\u00e9 Seguro, Andr\u00e9 Ventura, Lu\u00eds Marques Mendes.<\/p>\n<p>Ervedal da Beira: Ant\u00f3nio Jos\u00e9 Seguro, Andr\u00e9 Ventura, Henrique Gouveia e Melo.<\/p>\n<p>Lagares da Beira: Ant\u00f3nio Jos\u00e9 Seguro, Andr\u00e9 Ventura, Henrique Gouveia e Melo.<\/p>\n<p>Lagos da Beira e Lajeosa: Ant\u00f3nio Jos\u00e9 Seguro, Andr\u00e9 Ventura, Henrique Gouveia e Melo.<\/p>\n<p>Lourosa: Andr\u00e9 Ventura, Ant\u00f3nio Jos\u00e9 Seguro, Lu\u00eds Marques Mendes.<\/p>\n<p>Meruge: Ant\u00f3nio Jos\u00e9 Seguro, Andr\u00e9 Ventura, Henrique Gouveia e Melo.<\/p>\n<p>Nogueira do Cravo: Oliveira do Hospital e S. Paio de Grama\u00e7os: Ant\u00f3nio Jos\u00e9 Seguro, Andr\u00e9 Ventura, Jo\u00e3o Cotrim de Figueiredo.<\/p>\n<p>Penalva de Alva e S. Sebasti\u00e3o da Feira: Ant\u00f3nio Jos\u00e9 Seguro, Andr\u00e9 Ventura, Henrique Gouveia e Melo.<\/p>\n<p>Santa Ovaia e Vila Pouca da Beira: Ant\u00f3nio Jos\u00e9 Seguro, Andr\u00e9 Ventura, Lu\u00eds Marques Mendes.<\/p>\n<p>S\u00e3o Gi\u00e3o: Ant\u00f3nio Jos\u00e9 Seguro, Lu\u00eds Marques Mendes, Henrique Gouveia e Melo.<\/p>\n<p>Seixo da Beira: Andr\u00e9 Ventura, Ant\u00f3nio Jos\u00e9 Seguro, Lu\u00eds Marques Mendes.<\/p>\n<p>Travanca de Lagos: Ant\u00f3nio Jos\u00e9 Seguro, Andr\u00e9 Ventura, Jo\u00e3o Cotrim de Figueiredo.<\/p>\n<p>Vila Franca da Beira: Henrique Gouveia e Melo, Ant\u00f3nio Jos\u00e9 Seguro, Andr\u00e9 Ventura.<\/p>\n","protected":false},"excerpt":{"rendered":"<ul>\n<li>Este domingo, 18 de janeiro, os oliveirenses participaram na elei\u00e7\u00e3o para o Presidente da Rep\u00fablica, com resultados ainda em atualiza\u00e7\u00e3o.<\/li>\n<li>Em Aldeia das Dez, a ordem foi Ant\u00f3nio Jos\u00e9 Seguro, Andr\u00e9 Ventura e Henrique Gouveia e Melo.<\/li>\n<li>Em Alvoco das V\u00e1rzeas, Ant\u00f3nio Jos\u00e9 Seguro voltou a liderar, seguidos de Lu\u00eds Marques Mendes e Andr\u00e9 Ventura.<\/li>\n<li>Em Lourosa, a vota\u00e7\u00e3o colocou Andr\u00e9 Ventura em primeiro lugar, seguido de Ant\u00f3nio Jos\u00e9 Seguro e Lu\u00eds Marques Mendes.<\/li>\n<li>Em Vila Franca da Beira, Henrique Gouveia e Melo ficou em primeiro, seguido de Ant\u00f3nio Jos\u00e9 Seguro e Andr\u00e9 Ventura.<\/li>\n<\/ul>\n","protected":false},"author":2,"featured_media":151030,"comment_status":"closed","ping_status":"closed","sticky":false,"template":"","format":"standard","meta":{"footnotes":""},"categories":[1,5],"tags":[2453,2655,68,3146,2612,30],"class_list":["post-151021","post","type-post","status-publish","format-standard","has-post-thumbnail","hentry","category-noticias","category-politica","tag-andre-ventura","tag-antonio-jose-seguro","tag-eleicoes","tag-henrique-gouveia-e-melo","tag-luis-marques-mendes","tag-presidente"],"yoast_head":"<!-- This site is optimized with the Yoast SEO plugin v27.2 - https:\/\/yoast.com\/product\/yoast-seo-wordpress\/ -->\n<title>Presidenciais: quem recebeu mais votos entre os oliveirenses - Portal Tela Portugal<\/title>\n<meta name=\"robots\" content=\"index, follow, max-snippet:-1, max-image-preview:large, max-video-preview:-1\" \/>\n<meta property=\"og:locale\" content=\"pt_PT\" \/>\n<meta property=\"og:type\" content=\"article\" \/>\n<meta property=\"og:title\" content=\"Presidenciais: quem recebeu mais votos entre os oliveirenses - Portal Tela Portugal\" \/>\n<meta property=\"og:description\" content=\"Este domingo, 18 de janeiro, os oliveirenses participaram na elei\u00e7\u00e3o para o Presidente da Rep\u00fablica, com resultados ainda em atualiza\u00e7\u00e3o. Em Aldeia das Dez, a ordem foi Ant\u00f3nio Jos\u00e9 Seguro, Andr\u00e9 Ventura e Henrique Gouveia e Melo. Em Alvoco das V\u00e1rzeas, Ant\u00f3nio Jos\u00e9 Seguro voltou a liderar, seguidos de Lu\u00eds Marques Mendes e Andr\u00e9 Ventura. Em Lourosa, a vota\u00e7\u00e3o colocou Andr\u00e9 Ventura em primeiro lugar, seguido de Ant\u00f3nio Jos\u00e9 Seguro e Lu\u00eds Marques Mendes. Em Vila Franca da Beira, Henrique Gouveia e Melo ficou em primeiro, seguido de Ant\u00f3nio Jos\u00e9 Seguro e Andr\u00e9 Ventura.\" \/>\n<meta property=\"og:url\" content=\"https:\/\/portaltela.pt\/noticias\/2026\/01\/18\/presidenciais-quem-recebeu-mais-votos-entre-os-oliveirenses\/\" \/>\n<meta property=\"og:site_name\" content=\"Portal Tela Portugal\" \/>\n<meta property=\"article:published_time\" content=\"2026-01-18T20:08:00+00:00\" \/>\n<meta name=\"author\" content=\"Telinha\" \/>\n<meta name=\"twitter:card\" content=\"summary_large_image\" \/>\n<meta name=\"twitter:label1\" content=\"Escrito por\" \/>\n\t<meta name=\"twitter:data1\" content=\"Telinha\" \/>\n\t<meta name=\"twitter:label2\" content=\"Tempo estimado de leitura\" \/>\n\t<meta name=\"twitter:data2\" content=\"2 minutos\" \/>\n<script type=\"application\/ld+json\" class=\"yoast-schema-graph\">{\"@context\":\"https:\/\/schema.org\",\"@graph\":[{\"@type\":\"Article\",\"@id\":\"https:\/\/portaltela.pt\/noticias\/2026\/01\/18\/presidenciais-quem-recebeu-mais-votos-entre-os-oliveirenses\/#article\",\"isPartOf\":{\"@id\":\"https:\/\/portaltela.pt\/noticias\/2026\/01\/18\/presidenciais-quem-recebeu-mais-votos-entre-os-oliveirenses\/\"},\"author\":{\"name\":\"Telinha\",\"@id\":\"https:\/\/portaltela.pt\/#\/schema\/person\/c4278d4a6028830caff9ee44b42d32ed\"},\"headline\":\"Presidenciais: quem recebeu mais votos entre os oliveirenses\",\"datePublished\":\"2026-01-18T20:08:00+00:00\",\"mainEntityOfPage\":{\"@id\":\"https:\/\/portaltela.pt\/noticias\/2026\/01\/18\/presidenciais-quem-recebeu-mais-votos-entre-os-oliveirenses\/\"},\"wordCount\":318,\"image\":{\"@id\":\"https:\/\/portaltela.pt\/noticias\/2026\/01\/18\/presidenciais-quem-recebeu-mais-votos-entre-os-oliveirenses\/#primaryimage\"},\"thumbnailUrl\":\"https:\/\/portaltela.pt\/s.01k8rhncp4jt1\/2026\/01\/unnamed-file-3712.jpg\",\"keywords\":[\"Andr\u00e9 Ventura\",\"Ant\u00f3nio Jos\u00e9 Seguro\",\"elei\u00e7\u00f5es\",\"Henrique Gouveia e Melo\",\"Lu\u00eds Marques Mendes\",\"presidente\"],\"articleSection\":[\"Not\u00edcias\",\"Pol\u00edtica\"],\"inLanguage\":\"pt-PT\"},{\"@type\":\"WebPage\",\"@id\":\"https:\/\/portaltela.pt\/noticias\/2026\/01\/18\/presidenciais-quem-recebeu-mais-votos-entre-os-oliveirenses\/\",\"url\":\"https:\/\/portaltela.pt\/noticias\/2026\/01\/18\/presidenciais-quem-recebeu-mais-votos-entre-os-oliveirenses\/\",\"name\":\"Presidenciais: quem recebeu mais votos entre os oliveirenses - Portal Tela Portugal\",\"isPartOf\":{\"@id\":\"https:\/\/portaltela.pt\/#website\"},\"primaryImageOfPage\":{\"@id\":\"https:\/\/portaltela.pt\/noticias\/2026\/01\/18\/presidenciais-quem-recebeu-mais-votos-entre-os-oliveirenses\/#primaryimage\"},\"image\":{\"@id\":\"https:\/\/portaltela.pt\/noticias\/2026\/01\/18\/presidenciais-quem-recebeu-mais-votos-entre-os-oliveirenses\/#primaryimage\"},\"thumbnailUrl\":\"https:\/\/portaltela.pt\/s.01k8rhncp4jt1\/2026\/01\/unnamed-file-3712.jpg\",\"datePublished\":\"2026-01-18T20:08:00+00:00\",\"author\":{\"@id\":\"https:\/\/portaltela.pt\/#\/schema\/person\/c4278d4a6028830caff9ee44b42d32ed\"},\"breadcrumb\":{\"@id\":\"https:\/\/portaltela.pt\/noticias\/2026\/01\/18\/presidenciais-quem-recebeu-mais-votos-entre-os-oliveirenses\/#breadcrumb\"},\"inLanguage\":\"pt-PT\",\"potentialAction\":[{\"@type\":\"ReadAction\",\"target\":[\"https:\/\/portaltela.pt\/noticias\/2026\/01\/18\/presidenciais-quem-recebeu-mais-votos-entre-os-oliveirenses\/\"]}]},{\"@type\":\"ImageObject\",\"inLanguage\":\"pt-PT\",\"@id\":\"https:\/\/portaltela.pt\/noticias\/2026\/01\/18\/presidenciais-quem-recebeu-mais-votos-entre-os-oliveirenses\/#primaryimage\",\"url\":\"https:\/\/portaltela.pt\/s.01k8rhncp4jt1\/2026\/01\/unnamed-file-3712.jpg\",\"contentUrl\":\"https:\/\/portaltela.pt\/s.01k8rhncp4jt1\/2026\/01\/unnamed-file-3712.jpg\",\"width\":796,\"height\":448,\"caption\":\"Photo\"},{\"@type\":\"BreadcrumbList\",\"@id\":\"https:\/\/portaltela.pt\/noticias\/2026\/01\/18\/presidenciais-quem-recebeu-mais-votos-entre-os-oliveirenses\/#breadcrumb\",\"itemListElement\":[{\"@type\":\"ListItem\",\"position\":1,\"name\":\"In\u00edcio\",\"item\":\"https:\/\/portaltela.pt\/\"},{\"@type\":\"ListItem\",\"position\":2,\"name\":\"Presidenciais: quem recebeu mais votos entre os oliveirenses\"}]},{\"@type\":\"WebSite\",\"@id\":\"https:\/\/portaltela.pt\/#website\",\"url\":\"https:\/\/portaltela.pt\/\",\"name\":\"Portal Tela Portugal\",\"description\":\"\",\"potentialAction\":[{\"@type\":\"SearchAction\",\"target\":{\"@type\":\"EntryPoint\",\"urlTemplate\":\"https:\/\/portaltela.pt\/?s={search_term_string}\"},\"query-input\":{\"@type\":\"PropertyValueSpecification\",\"valueRequired\":true,\"valueName\":\"search_term_string\"}}],\"inLanguage\":\"pt-PT\"},{\"@type\":\"Person\",\"@id\":\"https:\/\/portaltela.pt\/#\/schema\/person\/c4278d4a6028830caff9ee44b42d32ed\",\"name\":\"Telinha\",\"image\":{\"@type\":\"ImageObject\",\"inLanguage\":\"pt-PT\",\"@id\":\"https:\/\/portaltela.pt\/s.01k8rhncp4jt1\/2025\/11\/talking-bot-125x125.png\",\"url\":\"https:\/\/portaltela.pt\/s.01k8rhncp4jt1\/2025\/11\/talking-bot-125x125.png\",\"contentUrl\":\"https:\/\/portaltela.pt\/s.01k8rhncp4jt1\/2025\/11\/talking-bot-125x125.png\",\"caption\":\"Telinha\"},\"sameAs\":[\"https:\/\/portaltela.pt\/\"],\"url\":\"https:\/\/portaltela.pt\/por\/367410592786\/\"}]}<\/script>\n<!-- \/ Yoast SEO plugin. -->","yoast_head_json":{"title":"Presidenciais: quem recebeu mais votos entre os oliveirenses - Portal Tela Portugal","robots":{"index":"index","follow":"follow","max-snippet":"max-snippet:-1","max-image-preview":"max-image-preview:large","max-video-preview":"max-video-preview:-1"},"og_locale":"pt_PT","og_type":"article","og_title":"Presidenciais: quem recebeu mais votos entre os oliveirenses - Portal Tela Portugal","og_description":"Este domingo, 18 de janeiro, os oliveirenses participaram na elei\u00e7\u00e3o para o Presidente da Rep\u00fablica, com resultados ainda em atualiza\u00e7\u00e3o. Em Aldeia das Dez, a ordem foi Ant\u00f3nio Jos\u00e9 Seguro, Andr\u00e9 Ventura e Henrique Gouveia e Melo. Em Alvoco das V\u00e1rzeas, Ant\u00f3nio Jos\u00e9 Seguro voltou a liderar, seguidos de Lu\u00eds Marques Mendes e Andr\u00e9 Ventura. Em Lourosa, a vota\u00e7\u00e3o colocou Andr\u00e9 Ventura em primeiro lugar, seguido de Ant\u00f3nio Jos\u00e9 Seguro e Lu\u00eds Marques Mendes. Em Vila Franca da Beira, Henrique Gouveia e Melo ficou em primeiro, seguido de Ant\u00f3nio Jos\u00e9 Seguro e Andr\u00e9 Ventura.","og_url":"https:\/\/portaltela.pt\/noticias\/2026\/01\/18\/presidenciais-quem-recebeu-mais-votos-entre-os-oliveirenses\/","og_site_name":"Portal Tela Portugal","article_published_time":"2026-01-18T20:08:00+00:00","author":"Telinha","twitter_card":"summary_large_image","twitter_misc":{"Escrito por":"Telinha","Tempo estimado de leitura":"2 minutos"},"schema":{"@context":"https:\/\/schema.org","@graph":[{"@type":"Article","@id":"https:\/\/portaltela.pt\/noticias\/2026\/01\/18\/presidenciais-quem-recebeu-mais-votos-entre-os-oliveirenses\/#article","isPartOf":{"@id":"https:\/\/portaltela.pt\/noticias\/2026\/01\/18\/presidenciais-quem-recebeu-mais-votos-entre-os-oliveirenses\/"},"author":{"name":"Telinha","@id":"https:\/\/portaltela.pt\/#\/schema\/person\/c4278d4a6028830caff9ee44b42d32ed"},"headline":"Presidenciais: quem recebeu mais votos entre os oliveirenses","datePublished":"2026-01-18T20:08:00+00:00","mainEntityOfPage":{"@id":"https:\/\/portaltela.pt\/noticias\/2026\/01\/18\/presidenciais-quem-recebeu-mais-votos-entre-os-oliveirenses\/"},"wordCount":318,"image":{"@id":"https:\/\/portaltela.pt\/noticias\/2026\/01\/18\/presidenciais-quem-recebeu-mais-votos-entre-os-oliveirenses\/#primaryimage"},"thumbnailUrl":"https:\/\/portaltela.pt\/s.01k8rhncp4jt1\/2026\/01\/unnamed-file-3712.jpg","keywords":["Andr\u00e9 Ventura","Ant\u00f3nio Jos\u00e9 Seguro","elei\u00e7\u00f5es","Henrique Gouveia e Melo","Lu\u00eds Marques Mendes","presidente"],"articleSection":["Not\u00edcias","Pol\u00edtica"],"inLanguage":"pt-PT"},{"@type":"WebPage","@id":"https:\/\/portaltela.pt\/noticias\/2026\/01\/18\/presidenciais-quem-recebeu-mais-votos-entre-os-oliveirenses\/","url":"https:\/\/portaltela.pt\/noticias\/2026\/01\/18\/presidenciais-quem-recebeu-mais-votos-entre-os-oliveirenses\/","name":"Presidenciais: quem recebeu mais votos entre os oliveirenses - Portal Tela Portugal","isPartOf":{"@id":"https:\/\/portaltela.pt\/#website"},"primaryImageOfPage":{"@id":"https:\/\/portaltela.pt\/noticias\/2026\/01\/18\/presidenciais-quem-recebeu-mais-votos-entre-os-oliveirenses\/#primaryimage"},"image":{"@id":"https:\/\/portaltela.pt\/noticias\/2026\/01\/18\/presidenciais-quem-recebeu-mais-votos-entre-os-oliveirenses\/#primaryimage"},"thumbnailUrl":"https:\/\/portaltela.pt\/s.01k8rhncp4jt1\/2026\/01\/unnamed-file-3712.jpg","datePublished":"2026-01-18T20:08:00+00:00","author":{"@id":"https:\/\/portaltela.pt\/#\/schema\/person\/c4278d4a6028830caff9ee44b42d32ed"},"breadcrumb":{"@id":"https:\/\/portaltela.pt\/noticias\/2026\/01\/18\/presidenciais-quem-recebeu-mais-votos-entre-os-oliveirenses\/#breadcrumb"},"inLanguage":"pt-PT","potentialAction":[{"@type":"ReadAction","target":["https:\/\/portaltela.pt\/noticias\/2026\/01\/18\/presidenciais-quem-recebeu-mais-votos-entre-os-oliveirenses\/"]}]},{"@type":"ImageObject","inLanguage":"pt-PT","@id":"https:\/\/portaltela.pt\/noticias\/2026\/01\/18\/presidenciais-quem-recebeu-mais-votos-entre-os-oliveirenses\/#primaryimage","url":"https:\/\/portaltela.pt\/s.01k8rhncp4jt1\/2026\/01\/unnamed-file-3712.jpg","contentUrl":"https:\/\/portaltela.pt\/s.01k8rhncp4jt1\/2026\/01\/unnamed-file-3712.jpg","width":796,"height":448,"caption":"Photo"},{"@type":"BreadcrumbList","@id":"https:\/\/portaltela.pt\/noticias\/2026\/01\/18\/presidenciais-quem-recebeu-mais-votos-entre-os-oliveirenses\/#breadcrumb","itemListElement":[{"@type":"ListItem","position":1,"name":"In\u00edcio","item":"https:\/\/portaltela.pt\/"},{"@type":"ListItem","position":2,"name":"Presidenciais: quem recebeu mais votos entre os oliveirenses"}]},{"@type":"WebSite","@id":"https:\/\/portaltela.pt\/#website","url":"https:\/\/portaltela.pt\/","name":"Portal Tela Portugal","description":"","potentialAction":[{"@type":"SearchAction","target":{"@type":"EntryPoint","urlTemplate":"https:\/\/portaltela.pt\/?s={search_term_string}"},"query-input":{"@type":"PropertyValueSpecification","valueRequired":true,"valueName":"search_term_string"}}],"inLanguage":"pt-PT"},{"@type":"Person","@id":"https:\/\/portaltela.pt\/#\/schema\/person\/c4278d4a6028830caff9ee44b42d32ed","name":"Telinha","image":{"@type":"ImageObject","inLanguage":"pt-PT","@id":"https:\/\/portaltela.pt\/s.01k8rhncp4jt1\/2025\/11\/talking-bot-125x125.png","url":"https:\/\/portaltela.pt\/s.01k8rhncp4jt1\/2025\/11\/talking-bot-125x125.png","contentUrl":"https:\/\/portaltela.pt\/s.01k8rhncp4jt1\/2025\/11\/talking-bot-125x125.png","caption":"Telinha"},"sameAs":["https:\/\/portaltela.pt\/"],"url":"https:\/\/portaltela.pt\/por\/367410592786\/"}]}},"_links":{"self":[{"href":"https:\/\/portaltela.pt\/api\/wp\/v2\/posts\/151021","targetHints":{"allow":["GET"]}}],"collection":[{"href":"https:\/\/portaltela.pt\/api\/wp\/v2\/posts"}],"about":[{"href":"https:\/\/portaltela.pt\/api\/wp\/v2\/types\/post"}],"author":[{"embeddable":true,"href":"https:\/\/portaltela.pt\/api\/wp\/v2\/users\/2"}],"replies":[{"embeddable":true,"href":"https:\/\/portaltela.pt\/api\/wp\/v2\/comments?post=151021"}],"version-history":[{"count":0,"href":"https:\/\/portaltela.pt\/api\/wp\/v2\/posts\/151021\/revisions"}],"wp:featuredmedia":[{"embeddable":true,"href":"https:\/\/portaltela.pt\/api\/wp\/v2\/media\/151030"}],"wp:attachment":[{"href":"https:\/\/portaltela.pt\/api\/wp\/v2\/media?parent=151021"}],"wp:term":[{"taxonomy":"category","embeddable":true,"href":"https:\/\/portaltela.pt\/api\/wp\/v2\/categories?post=151021"},{"taxonomy":"post_tag","embeddable":true,"href":"https:\/\/portaltela.pt\/api\/wp\/v2\/tags?post=151021"}],"curies":[{"name":"wp","href":"https:\/\/api.w.org\/{rel}","templated":true}]}}