{"id":150989,"date":"2026-01-18T17:12:51","date_gmt":"2026-01-18T20:12:51","guid":{"rendered":"https:\/\/portaltela.pt\/noticias\/2026\/01\/18\/projecao-da-cmtv-indica-segunda-volta-entre-seguro-e-ventura\/"},"modified":"2026-01-18T17:12:51","modified_gmt":"2026-01-18T20:12:51","slug":"projecao-da-cmtv-indica-segunda-volta-entre-seguro-e-ventura","status":"publish","type":"post","link":"https:\/\/portaltela.pt\/noticias\/politica\/2026\/01\/18\/projecao-da-cmtv-indica-segunda-volta-entre-seguro-e-ventura\/","title":{"rendered":"Proje\u00e7\u00e3o da CMTV indica segunda volta entre Seguro e Ventura"},"content":{"rendered":"<p>A CMTV e a Now divulgaram \u00e0s 20:00 uma proje\u00e7\u00e3o para as elei\u00e7\u00f5es presidenciais. A sondagem aponta uma segunda volta entre Ant\u00f3nio Jos\u00e9 Seguro e Andr\u00e9 Ventura. A divulga\u00e7\u00e3o ocorreu no decorrer do escrut\u00ednio, com base em dados parciais.<\/p>\n<p>A proje\u00e7\u00e3o baseia-se na sondagem \u00e0 boca de urna realizada pela Intercampus para a CMTV\/Now. O m\u00e9todo utilizado \u00e9 o apuramento r\u00e1pido junto dos eleitores que votaram.<\/p>\n<p>Segundo a Intercampus, Seguro ficou entre 29,6% e 33,6% dos votos. Ventura, por seu turno, ficou entre 21% e 25%. Os intervalos refletem resultados provis\u00f3rios de apuramento parcial.<\/p>\n<h3>Dados da proje\u00e7\u00e3o<\/h3>\n<p>A estimativa indica que os dois candidatos ir\u00e3o disputar a segunda volta. O objetivo da proje\u00e7\u00e3o \u00e9 oferecer uma leitura imediata do sentido de voto com base no escrut\u00ednio inicial. Fontes: CMTV\/Now e Intercampus.<\/p>\n","protected":false},"excerpt":{"rendered":"<ul>\n<li>A proje\u00e7\u00e3o da CMTV\/Now aponta para uma segunda volta entre Ant\u00f3nio Jos\u00e9 Seguro e Andr\u00e9 Ventura.<\/li>\n<li>Segundo a sondagem \u00e0 boca das urnas da Intercampus, Seguro fica entre 29,6% e 33,6% dos votos.<\/li>\n<li>Andr\u00e9 Ventura fica entre 21% e 25% dos votos.<\/li>\n<li>A proje\u00e7\u00e3o foi divulgada \u00e0s 20:00 de hoje.<\/li>\n<li>A sondagem foi encomendada pela CMTV\/Now e realizada pela Intercampus.<\/li>\n<\/ul>\n","protected":false},"author":2,"featured_media":150992,"comment_status":"closed","ping_status":"closed","sticky":false,"template":"","format":"standard","meta":{"footnotes":""},"categories":[1,5],"tags":[2453,2655,68,3400,2832,30],"class_list":["post-150989","post","type-post","status-publish","format-standard","has-post-thumbnail","hentry","category-noticias","category-politica","tag-andre-ventura","tag-antonio-jose-seguro","tag-eleicoes","tag-intercampus","tag-politica","tag-presidente"],"yoast_head":"<!-- This site is optimized with the Yoast SEO plugin v27.2 - https:\/\/yoast.com\/product\/yoast-seo-wordpress\/ -->\n<title>Proje\u00e7\u00e3o da CMTV indica segunda volta entre Seguro e Ventura - Portal Tela Portugal<\/title>\n<meta name=\"robots\" content=\"index, follow, max-snippet:-1, max-image-preview:large, max-video-preview:-1\" \/>\n<meta property=\"og:locale\" content=\"pt_PT\" \/>\n<meta property=\"og:type\" content=\"article\" \/>\n<meta property=\"og:title\" content=\"Proje\u00e7\u00e3o da CMTV indica segunda volta entre Seguro e Ventura - Portal Tela Portugal\" \/>\n<meta property=\"og:description\" content=\"A proje\u00e7\u00e3o da CMTV\/Now aponta para uma segunda volta entre Ant\u00f3nio Jos\u00e9 Seguro e Andr\u00e9 Ventura. Segundo a sondagem \u00e0 boca das urnas da Intercampus, Seguro fica entre 29,6% e 33,6% dos votos. Andr\u00e9 Ventura fica entre 21% e 25% dos votos. A proje\u00e7\u00e3o foi divulgada \u00e0s 20:00 de hoje. A sondagem foi encomendada pela CMTV\/Now e realizada pela Intercampus.\" \/>\n<meta property=\"og:url\" content=\"https:\/\/portaltela.pt\/noticias\/2026\/01\/18\/projecao-da-cmtv-indica-segunda-volta-entre-seguro-e-ventura\/\" \/>\n<meta property=\"og:site_name\" content=\"Portal Tela Portugal\" \/>\n<meta property=\"article:published_time\" content=\"2026-01-18T20:12:51+00:00\" \/>\n<meta name=\"author\" content=\"Telinha\" \/>\n<meta name=\"twitter:card\" content=\"summary_large_image\" \/>\n<meta name=\"twitter:label1\" content=\"Escrito por\" \/>\n\t<meta name=\"twitter:data1\" content=\"Telinha\" \/>\n\t<meta name=\"twitter:label2\" content=\"Tempo estimado de leitura\" \/>\n\t<meta name=\"twitter:data2\" content=\"1 minuto\" \/>\n<script type=\"application\/ld+json\" class=\"yoast-schema-graph\">{\"@context\":\"https:\/\/schema.org\",\"@graph\":[{\"@type\":\"Article\",\"@id\":\"https:\/\/portaltela.pt\/noticias\/2026\/01\/18\/projecao-da-cmtv-indica-segunda-volta-entre-seguro-e-ventura\/#article\",\"isPartOf\":{\"@id\":\"https:\/\/portaltela.pt\/noticias\/2026\/01\/18\/projecao-da-cmtv-indica-segunda-volta-entre-seguro-e-ventura\/\"},\"author\":{\"name\":\"Telinha\",\"@id\":\"https:\/\/portaltela.pt\/#\/schema\/person\/c4278d4a6028830caff9ee44b42d32ed\"},\"headline\":\"Proje\u00e7\u00e3o da CMTV indica segunda volta entre Seguro e Ventura\",\"datePublished\":\"2026-01-18T20:12:51+00:00\",\"mainEntityOfPage\":{\"@id\":\"https:\/\/portaltela.pt\/noticias\/2026\/01\/18\/projecao-da-cmtv-indica-segunda-volta-entre-seguro-e-ventura\/\"},\"wordCount\":149,\"image\":{\"@id\":\"https:\/\/portaltela.pt\/noticias\/2026\/01\/18\/projecao-da-cmtv-indica-segunda-volta-entre-seguro-e-ventura\/#primaryimage\"},\"thumbnailUrl\":\"https:\/\/portaltela.pt\/s.01k8rhncp4jt1\/2026\/01\/Eleicoes_Votar_Presidencias_18012026-10.jpg\",\"keywords\":[\"Andr\u00e9 Ventura\",\"Ant\u00f3nio Jos\u00e9 Seguro\",\"elei\u00e7\u00f5es\",\"Intercampus\",\"pol\u00edtica\",\"presidente\"],\"articleSection\":[\"Not\u00edcias\",\"Pol\u00edtica\"],\"inLanguage\":\"pt-PT\"},{\"@type\":\"WebPage\",\"@id\":\"https:\/\/portaltela.pt\/noticias\/2026\/01\/18\/projecao-da-cmtv-indica-segunda-volta-entre-seguro-e-ventura\/\",\"url\":\"https:\/\/portaltela.pt\/noticias\/2026\/01\/18\/projecao-da-cmtv-indica-segunda-volta-entre-seguro-e-ventura\/\",\"name\":\"Proje\u00e7\u00e3o da CMTV indica segunda volta entre Seguro e Ventura - Portal Tela Portugal\",\"isPartOf\":{\"@id\":\"https:\/\/portaltela.pt\/#website\"},\"primaryImageOfPage\":{\"@id\":\"https:\/\/portaltela.pt\/noticias\/2026\/01\/18\/projecao-da-cmtv-indica-segunda-volta-entre-seguro-e-ventura\/#primaryimage\"},\"image\":{\"@id\":\"https:\/\/portaltela.pt\/noticias\/2026\/01\/18\/projecao-da-cmtv-indica-segunda-volta-entre-seguro-e-ventura\/#primaryimage\"},\"thumbnailUrl\":\"https:\/\/portaltela.pt\/s.01k8rhncp4jt1\/2026\/01\/Eleicoes_Votar_Presidencias_18012026-10.jpg\",\"datePublished\":\"2026-01-18T20:12:51+00:00\",\"author\":{\"@id\":\"https:\/\/portaltela.pt\/#\/schema\/person\/c4278d4a6028830caff9ee44b42d32ed\"},\"breadcrumb\":{\"@id\":\"https:\/\/portaltela.pt\/noticias\/2026\/01\/18\/projecao-da-cmtv-indica-segunda-volta-entre-seguro-e-ventura\/#breadcrumb\"},\"inLanguage\":\"pt-PT\",\"potentialAction\":[{\"@type\":\"ReadAction\",\"target\":[\"https:\/\/portaltela.pt\/noticias\/2026\/01\/18\/projecao-da-cmtv-indica-segunda-volta-entre-seguro-e-ventura\/\"]}]},{\"@type\":\"ImageObject\",\"inLanguage\":\"pt-PT\",\"@id\":\"https:\/\/portaltela.pt\/noticias\/2026\/01\/18\/projecao-da-cmtv-indica-segunda-volta-entre-seguro-e-ventura\/#primaryimage\",\"url\":\"https:\/\/portaltela.pt\/s.01k8rhncp4jt1\/2026\/01\/Eleicoes_Votar_Presidencias_18012026-10.jpg\",\"contentUrl\":\"https:\/\/portaltela.pt\/s.01k8rhncp4jt1\/2026\/01\/Eleicoes_Votar_Presidencias_18012026-10.jpg\",\"width\":796,\"height\":448,\"caption\":\"Presidenciais: Proje\u00e7\u00e3o da CMTV aponta para segunda volta entre Seguro e Ventura\"},{\"@type\":\"BreadcrumbList\",\"@id\":\"https:\/\/portaltela.pt\/noticias\/2026\/01\/18\/projecao-da-cmtv-indica-segunda-volta-entre-seguro-e-ventura\/#breadcrumb\",\"itemListElement\":[{\"@type\":\"ListItem\",\"position\":1,\"name\":\"In\u00edcio\",\"item\":\"https:\/\/portaltela.pt\/\"},{\"@type\":\"ListItem\",\"position\":2,\"name\":\"Proje\u00e7\u00e3o da CMTV indica segunda volta entre Seguro e Ventura\"}]},{\"@type\":\"WebSite\",\"@id\":\"https:\/\/portaltela.pt\/#website\",\"url\":\"https:\/\/portaltela.pt\/\",\"name\":\"Portal Tela Portugal\",\"description\":\"\",\"potentialAction\":[{\"@type\":\"SearchAction\",\"target\":{\"@type\":\"EntryPoint\",\"urlTemplate\":\"https:\/\/portaltela.pt\/?s={search_term_string}\"},\"query-input\":{\"@type\":\"PropertyValueSpecification\",\"valueRequired\":true,\"valueName\":\"search_term_string\"}}],\"inLanguage\":\"pt-PT\"},{\"@type\":\"Person\",\"@id\":\"https:\/\/portaltela.pt\/#\/schema\/person\/c4278d4a6028830caff9ee44b42d32ed\",\"name\":\"Telinha\",\"image\":{\"@type\":\"ImageObject\",\"inLanguage\":\"pt-PT\",\"@id\":\"https:\/\/portaltela.pt\/s.01k8rhncp4jt1\/2025\/11\/talking-bot-125x125.png\",\"url\":\"https:\/\/portaltela.pt\/s.01k8rhncp4jt1\/2025\/11\/talking-bot-125x125.png\",\"contentUrl\":\"https:\/\/portaltela.pt\/s.01k8rhncp4jt1\/2025\/11\/talking-bot-125x125.png\",\"caption\":\"Telinha\"},\"sameAs\":[\"https:\/\/portaltela.pt\/\"],\"url\":\"https:\/\/portaltela.pt\/por\/367410592786\/\"}]}<\/script>\n<!-- \/ Yoast SEO plugin. -->","yoast_head_json":{"title":"Proje\u00e7\u00e3o da CMTV indica segunda volta entre Seguro e Ventura - Portal Tela Portugal","robots":{"index":"index","follow":"follow","max-snippet":"max-snippet:-1","max-image-preview":"max-image-preview:large","max-video-preview":"max-video-preview:-1"},"og_locale":"pt_PT","og_type":"article","og_title":"Proje\u00e7\u00e3o da CMTV indica segunda volta entre Seguro e Ventura - Portal Tela Portugal","og_description":"A proje\u00e7\u00e3o da CMTV\/Now aponta para uma segunda volta entre Ant\u00f3nio Jos\u00e9 Seguro e Andr\u00e9 Ventura. Segundo a sondagem \u00e0 boca das urnas da Intercampus, Seguro fica entre 29,6% e 33,6% dos votos. Andr\u00e9 Ventura fica entre 21% e 25% dos votos. A proje\u00e7\u00e3o foi divulgada \u00e0s 20:00 de hoje. A sondagem foi encomendada pela CMTV\/Now e realizada pela Intercampus.","og_url":"https:\/\/portaltela.pt\/noticias\/2026\/01\/18\/projecao-da-cmtv-indica-segunda-volta-entre-seguro-e-ventura\/","og_site_name":"Portal Tela Portugal","article_published_time":"2026-01-18T20:12:51+00:00","author":"Telinha","twitter_card":"summary_large_image","twitter_misc":{"Escrito por":"Telinha","Tempo estimado de leitura":"1 minuto"},"schema":{"@context":"https:\/\/schema.org","@graph":[{"@type":"Article","@id":"https:\/\/portaltela.pt\/noticias\/2026\/01\/18\/projecao-da-cmtv-indica-segunda-volta-entre-seguro-e-ventura\/#article","isPartOf":{"@id":"https:\/\/portaltela.pt\/noticias\/2026\/01\/18\/projecao-da-cmtv-indica-segunda-volta-entre-seguro-e-ventura\/"},"author":{"name":"Telinha","@id":"https:\/\/portaltela.pt\/#\/schema\/person\/c4278d4a6028830caff9ee44b42d32ed"},"headline":"Proje\u00e7\u00e3o da CMTV indica segunda volta entre Seguro e Ventura","datePublished":"2026-01-18T20:12:51+00:00","mainEntityOfPage":{"@id":"https:\/\/portaltela.pt\/noticias\/2026\/01\/18\/projecao-da-cmtv-indica-segunda-volta-entre-seguro-e-ventura\/"},"wordCount":149,"image":{"@id":"https:\/\/portaltela.pt\/noticias\/2026\/01\/18\/projecao-da-cmtv-indica-segunda-volta-entre-seguro-e-ventura\/#primaryimage"},"thumbnailUrl":"https:\/\/portaltela.pt\/s.01k8rhncp4jt1\/2026\/01\/Eleicoes_Votar_Presidencias_18012026-10.jpg","keywords":["Andr\u00e9 Ventura","Ant\u00f3nio Jos\u00e9 Seguro","elei\u00e7\u00f5es","Intercampus","pol\u00edtica","presidente"],"articleSection":["Not\u00edcias","Pol\u00edtica"],"inLanguage":"pt-PT"},{"@type":"WebPage","@id":"https:\/\/portaltela.pt\/noticias\/2026\/01\/18\/projecao-da-cmtv-indica-segunda-volta-entre-seguro-e-ventura\/","url":"https:\/\/portaltela.pt\/noticias\/2026\/01\/18\/projecao-da-cmtv-indica-segunda-volta-entre-seguro-e-ventura\/","name":"Proje\u00e7\u00e3o da CMTV indica segunda volta entre Seguro e Ventura - Portal Tela Portugal","isPartOf":{"@id":"https:\/\/portaltela.pt\/#website"},"primaryImageOfPage":{"@id":"https:\/\/portaltela.pt\/noticias\/2026\/01\/18\/projecao-da-cmtv-indica-segunda-volta-entre-seguro-e-ventura\/#primaryimage"},"image":{"@id":"https:\/\/portaltela.pt\/noticias\/2026\/01\/18\/projecao-da-cmtv-indica-segunda-volta-entre-seguro-e-ventura\/#primaryimage"},"thumbnailUrl":"https:\/\/portaltela.pt\/s.01k8rhncp4jt1\/2026\/01\/Eleicoes_Votar_Presidencias_18012026-10.jpg","datePublished":"2026-01-18T20:12:51+00:00","author":{"@id":"https:\/\/portaltela.pt\/#\/schema\/person\/c4278d4a6028830caff9ee44b42d32ed"},"breadcrumb":{"@id":"https:\/\/portaltela.pt\/noticias\/2026\/01\/18\/projecao-da-cmtv-indica-segunda-volta-entre-seguro-e-ventura\/#breadcrumb"},"inLanguage":"pt-PT","potentialAction":[{"@type":"ReadAction","target":["https:\/\/portaltela.pt\/noticias\/2026\/01\/18\/projecao-da-cmtv-indica-segunda-volta-entre-seguro-e-ventura\/"]}]},{"@type":"ImageObject","inLanguage":"pt-PT","@id":"https:\/\/portaltela.pt\/noticias\/2026\/01\/18\/projecao-da-cmtv-indica-segunda-volta-entre-seguro-e-ventura\/#primaryimage","url":"https:\/\/portaltela.pt\/s.01k8rhncp4jt1\/2026\/01\/Eleicoes_Votar_Presidencias_18012026-10.jpg","contentUrl":"https:\/\/portaltela.pt\/s.01k8rhncp4jt1\/2026\/01\/Eleicoes_Votar_Presidencias_18012026-10.jpg","width":796,"height":448,"caption":"Presidenciais: Proje\u00e7\u00e3o da CMTV aponta para segunda volta entre Seguro e Ventura"},{"@type":"BreadcrumbList","@id":"https:\/\/portaltela.pt\/noticias\/2026\/01\/18\/projecao-da-cmtv-indica-segunda-volta-entre-seguro-e-ventura\/#breadcrumb","itemListElement":[{"@type":"ListItem","position":1,"name":"In\u00edcio","item":"https:\/\/portaltela.pt\/"},{"@type":"ListItem","position":2,"name":"Proje\u00e7\u00e3o da CMTV indica segunda volta entre Seguro e Ventura"}]},{"@type":"WebSite","@id":"https:\/\/portaltela.pt\/#website","url":"https:\/\/portaltela.pt\/","name":"Portal Tela Portugal","description":"","potentialAction":[{"@type":"SearchAction","target":{"@type":"EntryPoint","urlTemplate":"https:\/\/portaltela.pt\/?s={search_term_string}"},"query-input":{"@type":"PropertyValueSpecification","valueRequired":true,"valueName":"search_term_string"}}],"inLanguage":"pt-PT"},{"@type":"Person","@id":"https:\/\/portaltela.pt\/#\/schema\/person\/c4278d4a6028830caff9ee44b42d32ed","name":"Telinha","image":{"@type":"ImageObject","inLanguage":"pt-PT","@id":"https:\/\/portaltela.pt\/s.01k8rhncp4jt1\/2025\/11\/talking-bot-125x125.png","url":"https:\/\/portaltela.pt\/s.01k8rhncp4jt1\/2025\/11\/talking-bot-125x125.png","contentUrl":"https:\/\/portaltela.pt\/s.01k8rhncp4jt1\/2025\/11\/talking-bot-125x125.png","caption":"Telinha"},"sameAs":["https:\/\/portaltela.pt\/"],"url":"https:\/\/portaltela.pt\/por\/367410592786\/"}]}},"_links":{"self":[{"href":"https:\/\/portaltela.pt\/api\/wp\/v2\/posts\/150989","targetHints":{"allow":["GET"]}}],"collection":[{"href":"https:\/\/portaltela.pt\/api\/wp\/v2\/posts"}],"about":[{"href":"https:\/\/portaltela.pt\/api\/wp\/v2\/types\/post"}],"author":[{"embeddable":true,"href":"https:\/\/portaltela.pt\/api\/wp\/v2\/users\/2"}],"replies":[{"embeddable":true,"href":"https:\/\/portaltela.pt\/api\/wp\/v2\/comments?post=150989"}],"version-history":[{"count":0,"href":"https:\/\/portaltela.pt\/api\/wp\/v2\/posts\/150989\/revisions"}],"wp:featuredmedia":[{"embeddable":true,"href":"https:\/\/portaltela.pt\/api\/wp\/v2\/media\/150992"}],"wp:attachment":[{"href":"https:\/\/portaltela.pt\/api\/wp\/v2\/media?parent=150989"}],"wp:term":[{"taxonomy":"category","embeddable":true,"href":"https:\/\/portaltela.pt\/api\/wp\/v2\/categories?post=150989"},{"taxonomy":"post_tag","embeddable":true,"href":"https:\/\/portaltela.pt\/api\/wp\/v2\/tags?post=150989"}],"curies":[{"name":"wp","href":"https:\/\/api.w.org\/{rel}","templated":true}]}}