{"id":150937,"date":"2026-01-18T16:58:00","date_gmt":"2026-01-18T19:58:00","guid":{"rendered":"https:\/\/portaltela.pt\/noticias\/2026\/01\/18\/seguro-vence-eleicoes-e-disputa-segunda-volta-com-ventura\/"},"modified":"2026-01-18T16:58:00","modified_gmt":"2026-01-18T19:58:00","slug":"seguro-vence-eleicoes-e-disputa-segunda-volta-com-ventura","status":"publish","type":"post","link":"https:\/\/portaltela.pt\/noticias\/politica\/2026\/01\/18\/seguro-vence-eleicoes-e-disputa-segunda-volta-com-ventura\/","title":{"rendered":"Seguro vence elei\u00e7\u00f5es e disputa segunda volta com Ventura"},"content":{"rendered":"<p>Ant\u00f3nio Jos\u00e9 Seguro tem a lideran\u00e7a na sondagem \u00e0 boca das urnas para as elei\u00e7\u00f5es presidenciais de 2026, segundo a INTERCAMPUS para a CMTV\/NOW\/JORNAL NEG\u00d3CIOS. Realizada a 18 de janeiro, aponta para 31.6% dos votos, com intervalo de 29.6% a 33.6%. Andr\u00e9 Ventura fica em segundo com 23%, entre 21% e 25%. Seguem-se Cotrim de Figueiredo (15.9%) e Gouveia e Melo (12.9%).<\/p>\n<p>Lu\u00eds Marques Mendes fica em quinto lugar com 10.3%, entre 8.3% e 12.3%. Catarina Martins regista 2.3%, Ant\u00f3nio Filipe 1.6% e Manuel Jo\u00e3o Vieira 1.4%. Jorge Pinto fecha o conjunto com 0.7% dos votos.<\/p>\n<h3>Resultados da sondagem<\/h3>\n<p>A sondagem da INTERCAMPUS para a CMTV\/NOW\/JORNAL NEG\u00d3CIOS foi realizada a 18 de janeiro de 2026. O universo foi composto por eleitores que j\u00e1 votaram, com 18.411 entrevistas em 21 freguesias de Portugal Continental. O erro de amostragem, a 95% de confian\u00e7a, \u00e9 de cerca de 0,72%.<\/p>\n","protected":false},"excerpt":{"rendered":"<ul>\n<li>Sondagem aponta Ant\u00f3nio Jos\u00e9 Seguro como vencedor das elei\u00e7\u00f5es presidenciais de 2026, com 31,6% dos votos, abrindo a possibilidade de segunda volta contra Andr\u00e9 Ventura.<\/li>\n<li>Andr\u00e9 Ventura fica em segundo com 23% dos votos, estimando a disputa da segunda volta entre os dois.<\/li>\n<li>Jo\u00e3o Cotrim de Figueiredo regista 15,9% dos votos e Henrique Gouveia e Melo 12,9%.<\/li>\n<li>Lu\u00eds Marques Mendes fica em quinto lugar, com 10,3%, sendo a maior surpresa da noite.<\/li>\n<li>A sondagem foi realizada a 18 de janeiro de 2026 pela Intercampus para a CMTV\/NOW\/Jornal de Neg\u00f3cios, com 18.411 entrevistas em 21 freguesias de Portugal continental; erro estimado de 0,72% (95% de confian\u00e7a).<\/li>\n<\/ul>\n","protected":false},"author":2,"featured_media":150938,"comment_status":"closed","ping_status":"closed","sticky":false,"template":"","format":"standard","meta":{"footnotes":""},"categories":[1,5],"tags":[68,3400,2832,3001,30],"class_list":["post-150937","post","type-post","status-publish","format-standard","has-post-thumbnail","hentry","category-noticias","category-politica","tag-eleicoes","tag-intercampus","tag-politica","tag-presidenciais","tag-presidente"],"yoast_head":"<!-- This site is optimized with the Yoast SEO plugin v27.2 - https:\/\/yoast.com\/product\/yoast-seo-wordpress\/ -->\n<title>Seguro vence elei\u00e7\u00f5es e disputa segunda volta com Ventura - Portal Tela Portugal<\/title>\n<meta name=\"robots\" content=\"index, follow, max-snippet:-1, max-image-preview:large, max-video-preview:-1\" \/>\n<meta property=\"og:locale\" content=\"pt_PT\" \/>\n<meta property=\"og:type\" content=\"article\" \/>\n<meta property=\"og:title\" content=\"Seguro vence elei\u00e7\u00f5es e disputa segunda volta com Ventura - Portal Tela Portugal\" \/>\n<meta property=\"og:description\" content=\"Sondagem aponta Ant\u00f3nio Jos\u00e9 Seguro como vencedor das elei\u00e7\u00f5es presidenciais de 2026, com 31,6% dos votos, abrindo a possibilidade de segunda volta contra Andr\u00e9 Ventura. Andr\u00e9 Ventura fica em segundo com 23% dos votos, estimando a disputa da segunda volta entre os dois. Jo\u00e3o Cotrim de Figueiredo regista 15,9% dos votos e Henrique Gouveia e Melo 12,9%. Lu\u00eds Marques Mendes fica em quinto lugar, com 10,3%, sendo a maior surpresa da noite. A sondagem foi realizada a 18 de janeiro de 2026 pela Intercampus para a CMTV\/NOW\/Jornal de Neg\u00f3cios, com 18.411 entrevistas em 21 freguesias de Portugal continental; erro estimado de 0,72% (95% de confian\u00e7a).\" \/>\n<meta property=\"og:url\" content=\"https:\/\/portaltela.pt\/noticias\/2026\/01\/18\/seguro-vence-eleicoes-e-disputa-segunda-volta-com-ventura\/\" \/>\n<meta property=\"og:site_name\" content=\"Portal Tela Portugal\" \/>\n<meta property=\"article:published_time\" content=\"2026-01-18T19:58:00+00:00\" \/>\n<meta name=\"author\" content=\"Telinha\" \/>\n<meta name=\"twitter:card\" content=\"summary_large_image\" \/>\n<meta name=\"twitter:label1\" content=\"Escrito por\" \/>\n\t<meta name=\"twitter:data1\" content=\"Telinha\" \/>\n\t<meta name=\"twitter:label2\" content=\"Tempo estimado de leitura\" \/>\n\t<meta name=\"twitter:data2\" content=\"1 minuto\" \/>\n<script type=\"application\/ld+json\" class=\"yoast-schema-graph\">{\"@context\":\"https:\/\/schema.org\",\"@graph\":[{\"@type\":\"Article\",\"@id\":\"https:\/\/portaltela.pt\/noticias\/2026\/01\/18\/seguro-vence-eleicoes-e-disputa-segunda-volta-com-ventura\/#article\",\"isPartOf\":{\"@id\":\"https:\/\/portaltela.pt\/noticias\/2026\/01\/18\/seguro-vence-eleicoes-e-disputa-segunda-volta-com-ventura\/\"},\"author\":{\"name\":\"Telinha\",\"@id\":\"https:\/\/portaltela.pt\/#\/schema\/person\/c4278d4a6028830caff9ee44b42d32ed\"},\"headline\":\"Seguro vence elei\u00e7\u00f5es e disputa segunda volta com Ventura\",\"datePublished\":\"2026-01-18T19:58:00+00:00\",\"mainEntityOfPage\":{\"@id\":\"https:\/\/portaltela.pt\/noticias\/2026\/01\/18\/seguro-vence-eleicoes-e-disputa-segunda-volta-com-ventura\/\"},\"wordCount\":144,\"image\":{\"@id\":\"https:\/\/portaltela.pt\/noticias\/2026\/01\/18\/seguro-vence-eleicoes-e-disputa-segunda-volta-com-ventura\/#primaryimage\"},\"thumbnailUrl\":\"https:\/\/portaltela.pt\/s.01k8rhncp4jt1\/2026\/01\/img_1500x1000uu2026-01-18-19-43-14-2261112.jpg\",\"keywords\":[\"elei\u00e7\u00f5es\",\"Intercampus\",\"pol\u00edtica\",\"Presidenciais\",\"presidente\"],\"articleSection\":[\"Not\u00edcias\",\"Pol\u00edtica\"],\"inLanguage\":\"pt-PT\"},{\"@type\":\"WebPage\",\"@id\":\"https:\/\/portaltela.pt\/noticias\/2026\/01\/18\/seguro-vence-eleicoes-e-disputa-segunda-volta-com-ventura\/\",\"url\":\"https:\/\/portaltela.pt\/noticias\/2026\/01\/18\/seguro-vence-eleicoes-e-disputa-segunda-volta-com-ventura\/\",\"name\":\"Seguro vence elei\u00e7\u00f5es e disputa segunda volta com Ventura - Portal Tela Portugal\",\"isPartOf\":{\"@id\":\"https:\/\/portaltela.pt\/#website\"},\"primaryImageOfPage\":{\"@id\":\"https:\/\/portaltela.pt\/noticias\/2026\/01\/18\/seguro-vence-eleicoes-e-disputa-segunda-volta-com-ventura\/#primaryimage\"},\"image\":{\"@id\":\"https:\/\/portaltela.pt\/noticias\/2026\/01\/18\/seguro-vence-eleicoes-e-disputa-segunda-volta-com-ventura\/#primaryimage\"},\"thumbnailUrl\":\"https:\/\/portaltela.pt\/s.01k8rhncp4jt1\/2026\/01\/img_1500x1000uu2026-01-18-19-43-14-2261112.jpg\",\"datePublished\":\"2026-01-18T19:58:00+00:00\",\"author\":{\"@id\":\"https:\/\/portaltela.pt\/#\/schema\/person\/c4278d4a6028830caff9ee44b42d32ed\"},\"breadcrumb\":{\"@id\":\"https:\/\/portaltela.pt\/noticias\/2026\/01\/18\/seguro-vence-eleicoes-e-disputa-segunda-volta-com-ventura\/#breadcrumb\"},\"inLanguage\":\"pt-PT\",\"potentialAction\":[{\"@type\":\"ReadAction\",\"target\":[\"https:\/\/portaltela.pt\/noticias\/2026\/01\/18\/seguro-vence-eleicoes-e-disputa-segunda-volta-com-ventura\/\"]}]},{\"@type\":\"ImageObject\",\"inLanguage\":\"pt-PT\",\"@id\":\"https:\/\/portaltela.pt\/noticias\/2026\/01\/18\/seguro-vence-eleicoes-e-disputa-segunda-volta-com-ventura\/#primaryimage\",\"url\":\"https:\/\/portaltela.pt\/s.01k8rhncp4jt1\/2026\/01\/img_1500x1000uu2026-01-18-19-43-14-2261112.jpg\",\"contentUrl\":\"https:\/\/portaltela.pt\/s.01k8rhncp4jt1\/2026\/01\/img_1500x1000uu2026-01-18-19-43-14-2261112.jpg\",\"width\":796,\"height\":448,\"caption\":\"Seguro e Ventura\"},{\"@type\":\"BreadcrumbList\",\"@id\":\"https:\/\/portaltela.pt\/noticias\/2026\/01\/18\/seguro-vence-eleicoes-e-disputa-segunda-volta-com-ventura\/#breadcrumb\",\"itemListElement\":[{\"@type\":\"ListItem\",\"position\":1,\"name\":\"In\u00edcio\",\"item\":\"https:\/\/portaltela.pt\/\"},{\"@type\":\"ListItem\",\"position\":2,\"name\":\"Seguro vence elei\u00e7\u00f5es e disputa segunda volta com Ventura\"}]},{\"@type\":\"WebSite\",\"@id\":\"https:\/\/portaltela.pt\/#website\",\"url\":\"https:\/\/portaltela.pt\/\",\"name\":\"Portal Tela Portugal\",\"description\":\"\",\"potentialAction\":[{\"@type\":\"SearchAction\",\"target\":{\"@type\":\"EntryPoint\",\"urlTemplate\":\"https:\/\/portaltela.pt\/?s={search_term_string}\"},\"query-input\":{\"@type\":\"PropertyValueSpecification\",\"valueRequired\":true,\"valueName\":\"search_term_string\"}}],\"inLanguage\":\"pt-PT\"},{\"@type\":\"Person\",\"@id\":\"https:\/\/portaltela.pt\/#\/schema\/person\/c4278d4a6028830caff9ee44b42d32ed\",\"name\":\"Telinha\",\"image\":{\"@type\":\"ImageObject\",\"inLanguage\":\"pt-PT\",\"@id\":\"https:\/\/portaltela.pt\/s.01k8rhncp4jt1\/2025\/11\/talking-bot-125x125.png\",\"url\":\"https:\/\/portaltela.pt\/s.01k8rhncp4jt1\/2025\/11\/talking-bot-125x125.png\",\"contentUrl\":\"https:\/\/portaltela.pt\/s.01k8rhncp4jt1\/2025\/11\/talking-bot-125x125.png\",\"caption\":\"Telinha\"},\"sameAs\":[\"https:\/\/portaltela.pt\/\"],\"url\":\"https:\/\/portaltela.pt\/por\/367410592786\/\"}]}<\/script>\n<!-- \/ Yoast SEO plugin. -->","yoast_head_json":{"title":"Seguro vence elei\u00e7\u00f5es e disputa segunda volta com Ventura - Portal Tela Portugal","robots":{"index":"index","follow":"follow","max-snippet":"max-snippet:-1","max-image-preview":"max-image-preview:large","max-video-preview":"max-video-preview:-1"},"og_locale":"pt_PT","og_type":"article","og_title":"Seguro vence elei\u00e7\u00f5es e disputa segunda volta com Ventura - Portal Tela Portugal","og_description":"Sondagem aponta Ant\u00f3nio Jos\u00e9 Seguro como vencedor das elei\u00e7\u00f5es presidenciais de 2026, com 31,6% dos votos, abrindo a possibilidade de segunda volta contra Andr\u00e9 Ventura. Andr\u00e9 Ventura fica em segundo com 23% dos votos, estimando a disputa da segunda volta entre os dois. Jo\u00e3o Cotrim de Figueiredo regista 15,9% dos votos e Henrique Gouveia e Melo 12,9%. Lu\u00eds Marques Mendes fica em quinto lugar, com 10,3%, sendo a maior surpresa da noite. A sondagem foi realizada a 18 de janeiro de 2026 pela Intercampus para a CMTV\/NOW\/Jornal de Neg\u00f3cios, com 18.411 entrevistas em 21 freguesias de Portugal continental; erro estimado de 0,72% (95% de confian\u00e7a).","og_url":"https:\/\/portaltela.pt\/noticias\/2026\/01\/18\/seguro-vence-eleicoes-e-disputa-segunda-volta-com-ventura\/","og_site_name":"Portal Tela Portugal","article_published_time":"2026-01-18T19:58:00+00:00","author":"Telinha","twitter_card":"summary_large_image","twitter_misc":{"Escrito por":"Telinha","Tempo estimado de leitura":"1 minuto"},"schema":{"@context":"https:\/\/schema.org","@graph":[{"@type":"Article","@id":"https:\/\/portaltela.pt\/noticias\/2026\/01\/18\/seguro-vence-eleicoes-e-disputa-segunda-volta-com-ventura\/#article","isPartOf":{"@id":"https:\/\/portaltela.pt\/noticias\/2026\/01\/18\/seguro-vence-eleicoes-e-disputa-segunda-volta-com-ventura\/"},"author":{"name":"Telinha","@id":"https:\/\/portaltela.pt\/#\/schema\/person\/c4278d4a6028830caff9ee44b42d32ed"},"headline":"Seguro vence elei\u00e7\u00f5es e disputa segunda volta com Ventura","datePublished":"2026-01-18T19:58:00+00:00","mainEntityOfPage":{"@id":"https:\/\/portaltela.pt\/noticias\/2026\/01\/18\/seguro-vence-eleicoes-e-disputa-segunda-volta-com-ventura\/"},"wordCount":144,"image":{"@id":"https:\/\/portaltela.pt\/noticias\/2026\/01\/18\/seguro-vence-eleicoes-e-disputa-segunda-volta-com-ventura\/#primaryimage"},"thumbnailUrl":"https:\/\/portaltela.pt\/s.01k8rhncp4jt1\/2026\/01\/img_1500x1000uu2026-01-18-19-43-14-2261112.jpg","keywords":["elei\u00e7\u00f5es","Intercampus","pol\u00edtica","Presidenciais","presidente"],"articleSection":["Not\u00edcias","Pol\u00edtica"],"inLanguage":"pt-PT"},{"@type":"WebPage","@id":"https:\/\/portaltela.pt\/noticias\/2026\/01\/18\/seguro-vence-eleicoes-e-disputa-segunda-volta-com-ventura\/","url":"https:\/\/portaltela.pt\/noticias\/2026\/01\/18\/seguro-vence-eleicoes-e-disputa-segunda-volta-com-ventura\/","name":"Seguro vence elei\u00e7\u00f5es e disputa segunda volta com Ventura - Portal Tela Portugal","isPartOf":{"@id":"https:\/\/portaltela.pt\/#website"},"primaryImageOfPage":{"@id":"https:\/\/portaltela.pt\/noticias\/2026\/01\/18\/seguro-vence-eleicoes-e-disputa-segunda-volta-com-ventura\/#primaryimage"},"image":{"@id":"https:\/\/portaltela.pt\/noticias\/2026\/01\/18\/seguro-vence-eleicoes-e-disputa-segunda-volta-com-ventura\/#primaryimage"},"thumbnailUrl":"https:\/\/portaltela.pt\/s.01k8rhncp4jt1\/2026\/01\/img_1500x1000uu2026-01-18-19-43-14-2261112.jpg","datePublished":"2026-01-18T19:58:00+00:00","author":{"@id":"https:\/\/portaltela.pt\/#\/schema\/person\/c4278d4a6028830caff9ee44b42d32ed"},"breadcrumb":{"@id":"https:\/\/portaltela.pt\/noticias\/2026\/01\/18\/seguro-vence-eleicoes-e-disputa-segunda-volta-com-ventura\/#breadcrumb"},"inLanguage":"pt-PT","potentialAction":[{"@type":"ReadAction","target":["https:\/\/portaltela.pt\/noticias\/2026\/01\/18\/seguro-vence-eleicoes-e-disputa-segunda-volta-com-ventura\/"]}]},{"@type":"ImageObject","inLanguage":"pt-PT","@id":"https:\/\/portaltela.pt\/noticias\/2026\/01\/18\/seguro-vence-eleicoes-e-disputa-segunda-volta-com-ventura\/#primaryimage","url":"https:\/\/portaltela.pt\/s.01k8rhncp4jt1\/2026\/01\/img_1500x1000uu2026-01-18-19-43-14-2261112.jpg","contentUrl":"https:\/\/portaltela.pt\/s.01k8rhncp4jt1\/2026\/01\/img_1500x1000uu2026-01-18-19-43-14-2261112.jpg","width":796,"height":448,"caption":"Seguro e Ventura"},{"@type":"BreadcrumbList","@id":"https:\/\/portaltela.pt\/noticias\/2026\/01\/18\/seguro-vence-eleicoes-e-disputa-segunda-volta-com-ventura\/#breadcrumb","itemListElement":[{"@type":"ListItem","position":1,"name":"In\u00edcio","item":"https:\/\/portaltela.pt\/"},{"@type":"ListItem","position":2,"name":"Seguro vence elei\u00e7\u00f5es e disputa segunda volta com Ventura"}]},{"@type":"WebSite","@id":"https:\/\/portaltela.pt\/#website","url":"https:\/\/portaltela.pt\/","name":"Portal Tela Portugal","description":"","potentialAction":[{"@type":"SearchAction","target":{"@type":"EntryPoint","urlTemplate":"https:\/\/portaltela.pt\/?s={search_term_string}"},"query-input":{"@type":"PropertyValueSpecification","valueRequired":true,"valueName":"search_term_string"}}],"inLanguage":"pt-PT"},{"@type":"Person","@id":"https:\/\/portaltela.pt\/#\/schema\/person\/c4278d4a6028830caff9ee44b42d32ed","name":"Telinha","image":{"@type":"ImageObject","inLanguage":"pt-PT","@id":"https:\/\/portaltela.pt\/s.01k8rhncp4jt1\/2025\/11\/talking-bot-125x125.png","url":"https:\/\/portaltela.pt\/s.01k8rhncp4jt1\/2025\/11\/talking-bot-125x125.png","contentUrl":"https:\/\/portaltela.pt\/s.01k8rhncp4jt1\/2025\/11\/talking-bot-125x125.png","caption":"Telinha"},"sameAs":["https:\/\/portaltela.pt\/"],"url":"https:\/\/portaltela.pt\/por\/367410592786\/"}]}},"_links":{"self":[{"href":"https:\/\/portaltela.pt\/api\/wp\/v2\/posts\/150937","targetHints":{"allow":["GET"]}}],"collection":[{"href":"https:\/\/portaltela.pt\/api\/wp\/v2\/posts"}],"about":[{"href":"https:\/\/portaltela.pt\/api\/wp\/v2\/types\/post"}],"author":[{"embeddable":true,"href":"https:\/\/portaltela.pt\/api\/wp\/v2\/users\/2"}],"replies":[{"embeddable":true,"href":"https:\/\/portaltela.pt\/api\/wp\/v2\/comments?post=150937"}],"version-history":[{"count":0,"href":"https:\/\/portaltela.pt\/api\/wp\/v2\/posts\/150937\/revisions"}],"wp:featuredmedia":[{"embeddable":true,"href":"https:\/\/portaltela.pt\/api\/wp\/v2\/media\/150938"}],"wp:attachment":[{"href":"https:\/\/portaltela.pt\/api\/wp\/v2\/media?parent=150937"}],"wp:term":[{"taxonomy":"category","embeddable":true,"href":"https:\/\/portaltela.pt\/api\/wp\/v2\/categories?post=150937"},{"taxonomy":"post_tag","embeddable":true,"href":"https:\/\/portaltela.pt\/api\/wp\/v2\/tags?post=150937"}],"curies":[{"name":"wp","href":"https:\/\/api.w.org\/{rel}","templated":true}]}}