{"id":150879,"date":"2026-01-18T16:29:00","date_gmt":"2026-01-18T19:29:00","guid":{"rendered":"https:\/\/portaltela.pt\/noticias\/2026\/01\/18\/candidatura-de-andre-ventura-regista-aumento-da-afluencia-as-urnas\/"},"modified":"2026-01-18T16:29:00","modified_gmt":"2026-01-18T19:29:00","slug":"candidatura-de-andre-ventura-regista-aumento-da-afluencia-as-urnas","status":"publish","type":"post","link":"https:\/\/portaltela.pt\/noticias\/politica\/2026\/01\/18\/candidatura-de-andre-ventura-regista-aumento-da-afluencia-as-urnas\/","title":{"rendered":"Candidatura de Andr\u00e9 Ventura regista aumento da aflu\u00eancia \u00e0s urnas"},"content":{"rendered":"<p>O mandat\u00e1rio financeiro da candidatura de Andr\u00e9 Ventura, Rui Paulo Sousa, celebrou hoje as proje\u00e7\u00f5es de absten\u00e7\u00e3o para as elei\u00e7\u00f5es presidenciais, afirmando que estas poder\u00e3o marcar a maior aflu\u00eancia dos \u00faltimos 20 anos. A an\u00e1lise \u00e9 valorada como indicadora de participa\u00e7\u00e3o c\u00edvica elevada.<\/p>\n<p>As proje\u00e7\u00f5es televisivas apontam uma absten\u00e7\u00e3o entre 35,6% e 43%. Sousa considera que estes dados s\u00e3o promissores face aos \u00faltimos dois mandatos, sugerindo que o sufr\u00e1gio poder\u00e1 representar uma participa\u00e7\u00e3o not\u00e1vel.<\/p>\n<p>O respons\u00e1vel pela campanha destaca ainda a natureza democr\u00e1tica e pac\u00edfica do dia de vota\u00e7\u00e3o, agradecendo aos eleitores que estiveram nas mesas de voto e a quem contribuiu para a organiza\u00e7\u00e3o do escrut\u00ednio. Afirmou que a campanha espera, naturalmente, um bom resultado.<\/p>\n<h3>Perspetivas de absten\u00e7\u00e3o e desdobramentos<\/h3>\n<p>\u00c0s 19:00, a RTP apontava uma absten\u00e7\u00e3o de 37% a 43%, enquanto SIC\/TVI situava-a entre 35,6% e 40,6%. Em 2019, a absten\u00e7\u00e3o chegou a 60,74%, n\u00famero associado a contextos como a pandemia e altera\u00e7\u00f5es eleitorais para emigrantes.<\/p>\n<p>A elei\u00e7\u00e3o decorre com 11 candidatos, entre eles Andr\u00e9 Ventura (Chega), Catarina Martins (Bloco de Esquerda), Ant\u00f3nio Jos\u00e9 Seguro (PS) e Lu\u00eds Marques Mendes (PSD\/CDS). O escrut\u00ednio est\u00e1 a decorrer num cen\u00e1rio de expectativa sobre o desempenho de cada candidatura.<\/p>\n","protected":false},"excerpt":{"rendered":"<ul>\n<li>O mandat\u00e1rio financeiro da candidatura de Andr\u00e9 Ventura, Rui Paulo Sousa, congratula-se com as proje\u00e7\u00f5es de absten\u00e7\u00e3o, dizendo que estas elei\u00e7\u00f5es poder\u00e3o ter a maior aflu\u00eancia dos \u00faltimos 20 anos.<\/li>\n<li>As proje\u00e7\u00f5es apontam uma absten\u00e7\u00e3o entre 35,6% e 43% nas presidenciais de hoje.<\/li>\n<li>Sousa destaca que as elei\u00e7\u00f5es s\u00e3o importantes para os portugueses e que a participa\u00e7\u00e3o demonstra a democracia.<\/li>\n<li>A candidatura de Andr\u00e9 Ventura, apoiada pelo Chega, espera um bom resultado e n\u00e3o descarta boas not\u00edcias \u00e0s 20:00.<\/li>\n<li>As previs\u00f5es de absten\u00e7\u00e3o variam entre canais: RTP aponta 37% a 43%, SIC\/TVI entre 35,6% e 40,6%; o processo decorreu de forma democr\u00e1tica e pac\u00edfica.<\/li>\n<\/ul>\n","protected":false},"author":2,"featured_media":150910,"comment_status":"closed","ping_status":"closed","sticky":false,"template":"","format":"standard","meta":{"footnotes":""},"categories":[1,5],"tags":[2453,2655,2578,68,2612,30],"class_list":["post-150879","post","type-post","status-publish","format-standard","has-post-thumbnail","hentry","category-noticias","category-politica","tag-andre-ventura","tag-antonio-jose-seguro","tag-catarina-martins","tag-eleicoes","tag-luis-marques-mendes","tag-presidente"],"yoast_head":"<!-- This site is optimized with the Yoast SEO plugin v27.2 - https:\/\/yoast.com\/product\/yoast-seo-wordpress\/ -->\n<title>Candidatura de Andr\u00e9 Ventura regista aumento da aflu\u00eancia \u00e0s urnas - Portal Tela Portugal<\/title>\n<meta name=\"robots\" content=\"index, follow, max-snippet:-1, max-image-preview:large, max-video-preview:-1\" \/>\n<meta property=\"og:locale\" content=\"pt_PT\" \/>\n<meta property=\"og:type\" content=\"article\" \/>\n<meta property=\"og:title\" content=\"Candidatura de Andr\u00e9 Ventura regista aumento da aflu\u00eancia \u00e0s urnas - Portal Tela Portugal\" \/>\n<meta property=\"og:description\" content=\"O mandat\u00e1rio financeiro da candidatura de Andr\u00e9 Ventura, Rui Paulo Sousa, congratula-se com as proje\u00e7\u00f5es de absten\u00e7\u00e3o, dizendo que estas elei\u00e7\u00f5es poder\u00e3o ter a maior aflu\u00eancia dos \u00faltimos 20 anos. As proje\u00e7\u00f5es apontam uma absten\u00e7\u00e3o entre 35,6% e 43% nas presidenciais de hoje. Sousa destaca que as elei\u00e7\u00f5es s\u00e3o importantes para os portugueses e que a participa\u00e7\u00e3o demonstra a democracia. A candidatura de Andr\u00e9 Ventura, apoiada pelo Chega, espera um bom resultado e n\u00e3o descarta boas not\u00edcias \u00e0s 20:00. As previs\u00f5es de absten\u00e7\u00e3o variam entre canais: RTP aponta 37% a 43%, SIC\/TVI entre 35,6% e 40,6%; o processo decorreu de forma democr\u00e1tica e pac\u00edfica.\" \/>\n<meta property=\"og:url\" content=\"https:\/\/portaltela.pt\/noticias\/2026\/01\/18\/candidatura-de-andre-ventura-regista-aumento-da-afluencia-as-urnas\/\" \/>\n<meta property=\"og:site_name\" content=\"Portal Tela Portugal\" \/>\n<meta property=\"article:published_time\" content=\"2026-01-18T19:29:00+00:00\" \/>\n<meta name=\"author\" content=\"Telinha\" \/>\n<meta name=\"twitter:card\" content=\"summary_large_image\" \/>\n<meta name=\"twitter:label1\" content=\"Escrito por\" \/>\n\t<meta name=\"twitter:data1\" content=\"Telinha\" \/>\n\t<meta name=\"twitter:label2\" content=\"Tempo estimado de leitura\" \/>\n\t<meta name=\"twitter:data2\" content=\"1 minuto\" \/>\n<script type=\"application\/ld+json\" class=\"yoast-schema-graph\">{\"@context\":\"https:\/\/schema.org\",\"@graph\":[{\"@type\":\"Article\",\"@id\":\"https:\/\/portaltela.pt\/noticias\/2026\/01\/18\/candidatura-de-andre-ventura-regista-aumento-da-afluencia-as-urnas\/#article\",\"isPartOf\":{\"@id\":\"https:\/\/portaltela.pt\/noticias\/2026\/01\/18\/candidatura-de-andre-ventura-regista-aumento-da-afluencia-as-urnas\/\"},\"author\":{\"name\":\"Telinha\",\"@id\":\"https:\/\/portaltela.pt\/#\/schema\/person\/c4278d4a6028830caff9ee44b42d32ed\"},\"headline\":\"Candidatura de Andr\u00e9 Ventura regista aumento da aflu\u00eancia \u00e0s urnas\",\"datePublished\":\"2026-01-18T19:29:00+00:00\",\"mainEntityOfPage\":{\"@id\":\"https:\/\/portaltela.pt\/noticias\/2026\/01\/18\/candidatura-de-andre-ventura-regista-aumento-da-afluencia-as-urnas\/\"},\"wordCount\":230,\"image\":{\"@id\":\"https:\/\/portaltela.pt\/noticias\/2026\/01\/18\/candidatura-de-andre-ventura-regista-aumento-da-afluencia-as-urnas\/#primaryimage\"},\"thumbnailUrl\":\"https:\/\/portaltela.pt\/s.01k8rhncp4jt1\/2026\/01\/unnamed-file-3702.jpg\",\"keywords\":[\"Andr\u00e9 Ventura\",\"Ant\u00f3nio Jos\u00e9 Seguro\",\"Catarina Martins\",\"elei\u00e7\u00f5es\",\"Lu\u00eds Marques Mendes\",\"presidente\"],\"articleSection\":[\"Not\u00edcias\",\"Pol\u00edtica\"],\"inLanguage\":\"pt-PT\"},{\"@type\":\"WebPage\",\"@id\":\"https:\/\/portaltela.pt\/noticias\/2026\/01\/18\/candidatura-de-andre-ventura-regista-aumento-da-afluencia-as-urnas\/\",\"url\":\"https:\/\/portaltela.pt\/noticias\/2026\/01\/18\/candidatura-de-andre-ventura-regista-aumento-da-afluencia-as-urnas\/\",\"name\":\"Candidatura de Andr\u00e9 Ventura regista aumento da aflu\u00eancia \u00e0s urnas - Portal Tela Portugal\",\"isPartOf\":{\"@id\":\"https:\/\/portaltela.pt\/#website\"},\"primaryImageOfPage\":{\"@id\":\"https:\/\/portaltela.pt\/noticias\/2026\/01\/18\/candidatura-de-andre-ventura-regista-aumento-da-afluencia-as-urnas\/#primaryimage\"},\"image\":{\"@id\":\"https:\/\/portaltela.pt\/noticias\/2026\/01\/18\/candidatura-de-andre-ventura-regista-aumento-da-afluencia-as-urnas\/#primaryimage\"},\"thumbnailUrl\":\"https:\/\/portaltela.pt\/s.01k8rhncp4jt1\/2026\/01\/unnamed-file-3702.jpg\",\"datePublished\":\"2026-01-18T19:29:00+00:00\",\"author\":{\"@id\":\"https:\/\/portaltela.pt\/#\/schema\/person\/c4278d4a6028830caff9ee44b42d32ed\"},\"breadcrumb\":{\"@id\":\"https:\/\/portaltela.pt\/noticias\/2026\/01\/18\/candidatura-de-andre-ventura-regista-aumento-da-afluencia-as-urnas\/#breadcrumb\"},\"inLanguage\":\"pt-PT\",\"potentialAction\":[{\"@type\":\"ReadAction\",\"target\":[\"https:\/\/portaltela.pt\/noticias\/2026\/01\/18\/candidatura-de-andre-ventura-regista-aumento-da-afluencia-as-urnas\/\"]}]},{\"@type\":\"ImageObject\",\"inLanguage\":\"pt-PT\",\"@id\":\"https:\/\/portaltela.pt\/noticias\/2026\/01\/18\/candidatura-de-andre-ventura-regista-aumento-da-afluencia-as-urnas\/#primaryimage\",\"url\":\"https:\/\/portaltela.pt\/s.01k8rhncp4jt1\/2026\/01\/unnamed-file-3702.jpg\",\"contentUrl\":\"https:\/\/portaltela.pt\/s.01k8rhncp4jt1\/2026\/01\/unnamed-file-3702.jpg\",\"width\":796,\"height\":448,\"caption\":\"Candidatura de Andr\u00e9 Ventura congratula-se com aumento da aflu\u00eancia \u00e0s urnas\"},{\"@type\":\"BreadcrumbList\",\"@id\":\"https:\/\/portaltela.pt\/noticias\/2026\/01\/18\/candidatura-de-andre-ventura-regista-aumento-da-afluencia-as-urnas\/#breadcrumb\",\"itemListElement\":[{\"@type\":\"ListItem\",\"position\":1,\"name\":\"In\u00edcio\",\"item\":\"https:\/\/portaltela.pt\/\"},{\"@type\":\"ListItem\",\"position\":2,\"name\":\"Candidatura de Andr\u00e9 Ventura regista aumento da aflu\u00eancia \u00e0s urnas\"}]},{\"@type\":\"WebSite\",\"@id\":\"https:\/\/portaltela.pt\/#website\",\"url\":\"https:\/\/portaltela.pt\/\",\"name\":\"Portal Tela Portugal\",\"description\":\"\",\"potentialAction\":[{\"@type\":\"SearchAction\",\"target\":{\"@type\":\"EntryPoint\",\"urlTemplate\":\"https:\/\/portaltela.pt\/?s={search_term_string}\"},\"query-input\":{\"@type\":\"PropertyValueSpecification\",\"valueRequired\":true,\"valueName\":\"search_term_string\"}}],\"inLanguage\":\"pt-PT\"},{\"@type\":\"Person\",\"@id\":\"https:\/\/portaltela.pt\/#\/schema\/person\/c4278d4a6028830caff9ee44b42d32ed\",\"name\":\"Telinha\",\"image\":{\"@type\":\"ImageObject\",\"inLanguage\":\"pt-PT\",\"@id\":\"https:\/\/portaltela.pt\/s.01k8rhncp4jt1\/2025\/11\/talking-bot-125x125.png\",\"url\":\"https:\/\/portaltela.pt\/s.01k8rhncp4jt1\/2025\/11\/talking-bot-125x125.png\",\"contentUrl\":\"https:\/\/portaltela.pt\/s.01k8rhncp4jt1\/2025\/11\/talking-bot-125x125.png\",\"caption\":\"Telinha\"},\"sameAs\":[\"https:\/\/portaltela.pt\/\"],\"url\":\"https:\/\/portaltela.pt\/por\/367410592786\/\"}]}<\/script>\n<!-- \/ Yoast SEO plugin. -->","yoast_head_json":{"title":"Candidatura de Andr\u00e9 Ventura regista aumento da aflu\u00eancia \u00e0s urnas - Portal Tela Portugal","robots":{"index":"index","follow":"follow","max-snippet":"max-snippet:-1","max-image-preview":"max-image-preview:large","max-video-preview":"max-video-preview:-1"},"og_locale":"pt_PT","og_type":"article","og_title":"Candidatura de Andr\u00e9 Ventura regista aumento da aflu\u00eancia \u00e0s urnas - Portal Tela Portugal","og_description":"O mandat\u00e1rio financeiro da candidatura de Andr\u00e9 Ventura, Rui Paulo Sousa, congratula-se com as proje\u00e7\u00f5es de absten\u00e7\u00e3o, dizendo que estas elei\u00e7\u00f5es poder\u00e3o ter a maior aflu\u00eancia dos \u00faltimos 20 anos. As proje\u00e7\u00f5es apontam uma absten\u00e7\u00e3o entre 35,6% e 43% nas presidenciais de hoje. Sousa destaca que as elei\u00e7\u00f5es s\u00e3o importantes para os portugueses e que a participa\u00e7\u00e3o demonstra a democracia. A candidatura de Andr\u00e9 Ventura, apoiada pelo Chega, espera um bom resultado e n\u00e3o descarta boas not\u00edcias \u00e0s 20:00. As previs\u00f5es de absten\u00e7\u00e3o variam entre canais: RTP aponta 37% a 43%, SIC\/TVI entre 35,6% e 40,6%; o processo decorreu de forma democr\u00e1tica e pac\u00edfica.","og_url":"https:\/\/portaltela.pt\/noticias\/2026\/01\/18\/candidatura-de-andre-ventura-regista-aumento-da-afluencia-as-urnas\/","og_site_name":"Portal Tela Portugal","article_published_time":"2026-01-18T19:29:00+00:00","author":"Telinha","twitter_card":"summary_large_image","twitter_misc":{"Escrito por":"Telinha","Tempo estimado de leitura":"1 minuto"},"schema":{"@context":"https:\/\/schema.org","@graph":[{"@type":"Article","@id":"https:\/\/portaltela.pt\/noticias\/2026\/01\/18\/candidatura-de-andre-ventura-regista-aumento-da-afluencia-as-urnas\/#article","isPartOf":{"@id":"https:\/\/portaltela.pt\/noticias\/2026\/01\/18\/candidatura-de-andre-ventura-regista-aumento-da-afluencia-as-urnas\/"},"author":{"name":"Telinha","@id":"https:\/\/portaltela.pt\/#\/schema\/person\/c4278d4a6028830caff9ee44b42d32ed"},"headline":"Candidatura de Andr\u00e9 Ventura regista aumento da aflu\u00eancia \u00e0s urnas","datePublished":"2026-01-18T19:29:00+00:00","mainEntityOfPage":{"@id":"https:\/\/portaltela.pt\/noticias\/2026\/01\/18\/candidatura-de-andre-ventura-regista-aumento-da-afluencia-as-urnas\/"},"wordCount":230,"image":{"@id":"https:\/\/portaltela.pt\/noticias\/2026\/01\/18\/candidatura-de-andre-ventura-regista-aumento-da-afluencia-as-urnas\/#primaryimage"},"thumbnailUrl":"https:\/\/portaltela.pt\/s.01k8rhncp4jt1\/2026\/01\/unnamed-file-3702.jpg","keywords":["Andr\u00e9 Ventura","Ant\u00f3nio Jos\u00e9 Seguro","Catarina Martins","elei\u00e7\u00f5es","Lu\u00eds Marques Mendes","presidente"],"articleSection":["Not\u00edcias","Pol\u00edtica"],"inLanguage":"pt-PT"},{"@type":"WebPage","@id":"https:\/\/portaltela.pt\/noticias\/2026\/01\/18\/candidatura-de-andre-ventura-regista-aumento-da-afluencia-as-urnas\/","url":"https:\/\/portaltela.pt\/noticias\/2026\/01\/18\/candidatura-de-andre-ventura-regista-aumento-da-afluencia-as-urnas\/","name":"Candidatura de Andr\u00e9 Ventura regista aumento da aflu\u00eancia \u00e0s urnas - Portal Tela Portugal","isPartOf":{"@id":"https:\/\/portaltela.pt\/#website"},"primaryImageOfPage":{"@id":"https:\/\/portaltela.pt\/noticias\/2026\/01\/18\/candidatura-de-andre-ventura-regista-aumento-da-afluencia-as-urnas\/#primaryimage"},"image":{"@id":"https:\/\/portaltela.pt\/noticias\/2026\/01\/18\/candidatura-de-andre-ventura-regista-aumento-da-afluencia-as-urnas\/#primaryimage"},"thumbnailUrl":"https:\/\/portaltela.pt\/s.01k8rhncp4jt1\/2026\/01\/unnamed-file-3702.jpg","datePublished":"2026-01-18T19:29:00+00:00","author":{"@id":"https:\/\/portaltela.pt\/#\/schema\/person\/c4278d4a6028830caff9ee44b42d32ed"},"breadcrumb":{"@id":"https:\/\/portaltela.pt\/noticias\/2026\/01\/18\/candidatura-de-andre-ventura-regista-aumento-da-afluencia-as-urnas\/#breadcrumb"},"inLanguage":"pt-PT","potentialAction":[{"@type":"ReadAction","target":["https:\/\/portaltela.pt\/noticias\/2026\/01\/18\/candidatura-de-andre-ventura-regista-aumento-da-afluencia-as-urnas\/"]}]},{"@type":"ImageObject","inLanguage":"pt-PT","@id":"https:\/\/portaltela.pt\/noticias\/2026\/01\/18\/candidatura-de-andre-ventura-regista-aumento-da-afluencia-as-urnas\/#primaryimage","url":"https:\/\/portaltela.pt\/s.01k8rhncp4jt1\/2026\/01\/unnamed-file-3702.jpg","contentUrl":"https:\/\/portaltela.pt\/s.01k8rhncp4jt1\/2026\/01\/unnamed-file-3702.jpg","width":796,"height":448,"caption":"Candidatura de Andr\u00e9 Ventura congratula-se com aumento da aflu\u00eancia \u00e0s urnas"},{"@type":"BreadcrumbList","@id":"https:\/\/portaltela.pt\/noticias\/2026\/01\/18\/candidatura-de-andre-ventura-regista-aumento-da-afluencia-as-urnas\/#breadcrumb","itemListElement":[{"@type":"ListItem","position":1,"name":"In\u00edcio","item":"https:\/\/portaltela.pt\/"},{"@type":"ListItem","position":2,"name":"Candidatura de Andr\u00e9 Ventura regista aumento da aflu\u00eancia \u00e0s urnas"}]},{"@type":"WebSite","@id":"https:\/\/portaltela.pt\/#website","url":"https:\/\/portaltela.pt\/","name":"Portal Tela Portugal","description":"","potentialAction":[{"@type":"SearchAction","target":{"@type":"EntryPoint","urlTemplate":"https:\/\/portaltela.pt\/?s={search_term_string}"},"query-input":{"@type":"PropertyValueSpecification","valueRequired":true,"valueName":"search_term_string"}}],"inLanguage":"pt-PT"},{"@type":"Person","@id":"https:\/\/portaltela.pt\/#\/schema\/person\/c4278d4a6028830caff9ee44b42d32ed","name":"Telinha","image":{"@type":"ImageObject","inLanguage":"pt-PT","@id":"https:\/\/portaltela.pt\/s.01k8rhncp4jt1\/2025\/11\/talking-bot-125x125.png","url":"https:\/\/portaltela.pt\/s.01k8rhncp4jt1\/2025\/11\/talking-bot-125x125.png","contentUrl":"https:\/\/portaltela.pt\/s.01k8rhncp4jt1\/2025\/11\/talking-bot-125x125.png","caption":"Telinha"},"sameAs":["https:\/\/portaltela.pt\/"],"url":"https:\/\/portaltela.pt\/por\/367410592786\/"}]}},"_links":{"self":[{"href":"https:\/\/portaltela.pt\/api\/wp\/v2\/posts\/150879","targetHints":{"allow":["GET"]}}],"collection":[{"href":"https:\/\/portaltela.pt\/api\/wp\/v2\/posts"}],"about":[{"href":"https:\/\/portaltela.pt\/api\/wp\/v2\/types\/post"}],"author":[{"embeddable":true,"href":"https:\/\/portaltela.pt\/api\/wp\/v2\/users\/2"}],"replies":[{"embeddable":true,"href":"https:\/\/portaltela.pt\/api\/wp\/v2\/comments?post=150879"}],"version-history":[{"count":0,"href":"https:\/\/portaltela.pt\/api\/wp\/v2\/posts\/150879\/revisions"}],"wp:featuredmedia":[{"embeddable":true,"href":"https:\/\/portaltela.pt\/api\/wp\/v2\/media\/150910"}],"wp:attachment":[{"href":"https:\/\/portaltela.pt\/api\/wp\/v2\/media?parent=150879"}],"wp:term":[{"taxonomy":"category","embeddable":true,"href":"https:\/\/portaltela.pt\/api\/wp\/v2\/categories?post=150879"},{"taxonomy":"post_tag","embeddable":true,"href":"https:\/\/portaltela.pt\/api\/wp\/v2\/tags?post=150879"}],"curies":[{"name":"wp","href":"https:\/\/api.w.org\/{rel}","templated":true}]}}