{"id":150856,"date":"2026-01-18T16:15:25","date_gmt":"2026-01-18T19:15:25","guid":{"rendered":"https:\/\/portaltela.pt\/noticias\/2026\/01\/18\/vitorias-fora-e-empates-animam-a-11-a-jornada-da-2-a-divisao-distrital\/"},"modified":"2026-01-18T16:15:25","modified_gmt":"2026-01-18T19:15:25","slug":"vitorias-fora-e-empates-animam-a-11-a-jornada-da-2-a-divisao-distrital","status":"publish","type":"post","link":"https:\/\/portaltela.pt\/desporto\/futebol\/2026\/01\/18\/vitorias-fora-e-empates-animam-a-11-a-jornada-da-2-a-divisao-distrital\/","title":{"rendered":"Vit\u00f3rias fora e empates animam a 11.\u00aa jornada da 2.\u00aa Divis\u00e3o Distrital"},"content":{"rendered":"<p>Foram disputados a 18 de janeiro os jogos da 11.\u00aa jornada da 2.\u00aa Divis\u00e3o Distrital da A.F. Guarda, com v\u00e1rios candidatos aos lugares cimeiros a somar pontos importantes. Os encontros decorrem fora de casa e no pr\u00f3prio recinto da regi\u00e3o, mantendo a competi\u00e7\u00e3o intensa na primeira metade da tabela.<\/p>\n<p>O SC Gon\u00e7alense confirmou a segunda vit\u00f3ria consecutiva fora de casa ao vencer por 3-0 o GCR Casal Cinza, no Campo do Zambito. Em Seia, o ACDR Freixo Num\u00e3o venceu o Seia FC por 2-1, refor\u00e7ando o seu papel na luta pelos lugares de subida. No Est\u00e1dio Municipal da Carreira do Tiro, UD Os Pinhelenses empatou 4-4 com o CD Gouveia \u2013 Futebol SAD (Sub-23), num jogo com v\u00e1rias altern\u00e2ncias no marcador.<\/p>\n<h3>Resultados da 11.\u00aa jornada (18 jan)<\/h3>\n<ul>\n<li>GCR Casal Cinza 0\u20133 SC Gon\u00e7alense<\/li>\n<li>Seia FC 1\u20132 ACDR Freixo Num\u00e3o<\/li>\n<li>UD Os Pinhelenses 4\u20134 CD Gouveia \u2013 Futebol SAD (Sub-23)<\/li>\n<\/ul>\n<h3>Classifica\u00e7\u00e3o (ap\u00f3s 11 jornadas)<\/h3>\n<p>1. AD Manteigas \u2013 26 pts<\/p>\n<p>2. UD Os Pinhelenses \u2013 21 pts<\/p>\n<p>3. SC Gon\u00e7alense \u2013 21 pts<\/p>\n<p>4. ACDR Freixo Num\u00e3o \u2013 19 pts<\/p>\n<p>5. CD Gouveia \u2013 Futebol SAD (Sub-23) \u2013 14 pts<\/p>\n<p>6. Seia FC \u2013 9 pts<\/p>\n<p>7. SCSIR Pa\u00e7os da Serra \u2013 9 pts<\/p>\n<p>8. GCR Casal Cinza \u2013 7 pts<\/p>\n<p>A competi\u00e7\u00e3o aproxima-se de fases decisivas, mantendo-se a disputa intensa pelos lugares de topo nas jornadas seguintes.<\/p>\n","protected":false},"excerpt":{"rendered":"<ul>\n<li>A 11.\u00aa jornada da 2.\u00aa Divis\u00e3o Distrital da A.F. Guarda realizou-se a 18 de janeiro, com tr\u00eas jogos relevantes na luta pelos lugares cimeiros.<\/li>\n<li>No Campo do Zambito, o SC Gon\u00e7alense venceu o GCR Casal Cinza por 3-0, mantendo-se perto dos primeiros lugares.<\/li>\n<li>Em Seia, a ACDR Freixo Num\u00e3o triunfou ante o Seia FC, por 2-1, somando tr\u00eas pontos importantes.<\/li>\n<li>No Est\u00e1dio Municipal da Carreira do Tiro, UD Os Pinhelenses empatou 4-4 com CD Gouveia \u2013 Futebol SAD (Sub-23), num jogo com muitas altern\u00e2ncias.<\/li>\n<li>A tabela ap\u00f3s a jornada indica AD Manteigas na lideran\u00e7a com 26 pontos, seguido de Os Pinhelenses e Gon\u00e7alense com 21 pontos cada; Freixo Num\u00e3o tem 19 e Gouveia 14, com Casal Cinza a 7 pontos.<\/li>\n<\/ul>\n","protected":false},"author":2,"featured_media":150859,"comment_status":"closed","ping_status":"closed","sticky":false,"template":"","format":"standard","meta":{"footnotes":""},"categories":[21,24],"tags":[123,152,32,1113,1399],"class_list":["post-150856","post","type-post","status-publish","format-standard","has-post-thumbnail","hentry","category-desporto","category-futebol","tag-desportivos","tag-desporto","tag-futebol","tag-guarda","tag-manteigas"],"yoast_head":"<!-- This site is optimized with the Yoast SEO plugin v27.2 - https:\/\/yoast.com\/product\/yoast-seo-wordpress\/ -->\n<title>Vit\u00f3rias fora e empates animam a 11.\u00aa jornada da 2.\u00aa Divis\u00e3o Distrital - Portal Tela Portugal<\/title>\n<meta name=\"robots\" content=\"index, follow, max-snippet:-1, max-image-preview:large, max-video-preview:-1\" \/>\n<meta property=\"og:locale\" content=\"pt_PT\" \/>\n<meta property=\"og:type\" content=\"article\" \/>\n<meta property=\"og:title\" content=\"Vit\u00f3rias fora e empates animam a 11.\u00aa jornada da 2.\u00aa Divis\u00e3o Distrital - Portal Tela Portugal\" \/>\n<meta property=\"og:description\" content=\"A 11.\u00aa jornada da 2.\u00aa Divis\u00e3o Distrital da A.F. Guarda realizou-se a 18 de janeiro, com tr\u00eas jogos relevantes na luta pelos lugares cimeiros. No Campo do Zambito, o SC Gon\u00e7alense venceu o GCR Casal Cinza por 3-0, mantendo-se perto dos primeiros lugares. Em Seia, a ACDR Freixo Num\u00e3o triunfou ante o Seia FC, por 2-1, somando tr\u00eas pontos importantes. No Est\u00e1dio Municipal da Carreira do Tiro, UD Os Pinhelenses empatou 4-4 com CD Gouveia \u2013 Futebol SAD (Sub-23), num jogo com muitas altern\u00e2ncias. A tabela ap\u00f3s a jornada indica AD Manteigas na lideran\u00e7a com 26 pontos, seguido de Os Pinhelenses e Gon\u00e7alense com 21 pontos cada; Freixo Num\u00e3o tem 19 e Gouveia 14, com Casal Cinza a 7 pontos.\" \/>\n<meta property=\"og:url\" content=\"https:\/\/portaltela.pt\/noticias\/2026\/01\/18\/vitorias-fora-e-empates-animam-a-11-a-jornada-da-2-a-divisao-distrital\/\" \/>\n<meta property=\"og:site_name\" content=\"Portal Tela Portugal\" \/>\n<meta property=\"article:published_time\" content=\"2026-01-18T19:15:25+00:00\" \/>\n<meta name=\"author\" content=\"Telinha\" \/>\n<meta name=\"twitter:card\" content=\"summary_large_image\" \/>\n<meta name=\"twitter:label1\" content=\"Escrito por\" \/>\n\t<meta name=\"twitter:data1\" content=\"Telinha\" \/>\n\t<meta name=\"twitter:label2\" content=\"Tempo estimado de leitura\" \/>\n\t<meta name=\"twitter:data2\" content=\"1 minuto\" \/>\n<script type=\"application\/ld+json\" class=\"yoast-schema-graph\">{\"@context\":\"https:\/\/schema.org\",\"@graph\":[{\"@type\":\"Article\",\"@id\":\"https:\/\/portaltela.pt\/noticias\/2026\/01\/18\/vitorias-fora-e-empates-animam-a-11-a-jornada-da-2-a-divisao-distrital\/#article\",\"isPartOf\":{\"@id\":\"https:\/\/portaltela.pt\/noticias\/2026\/01\/18\/vitorias-fora-e-empates-animam-a-11-a-jornada-da-2-a-divisao-distrital\/\"},\"author\":{\"name\":\"Telinha\",\"@id\":\"https:\/\/portaltela.pt\/#\/schema\/person\/c4278d4a6028830caff9ee44b42d32ed\"},\"headline\":\"Vit\u00f3rias fora e empates animam a 11.\u00aa jornada da 2.\u00aa Divis\u00e3o Distrital\",\"datePublished\":\"2026-01-18T19:15:25+00:00\",\"mainEntityOfPage\":{\"@id\":\"https:\/\/portaltela.pt\/noticias\/2026\/01\/18\/vitorias-fora-e-empates-animam-a-11-a-jornada-da-2-a-divisao-distrital\/\"},\"wordCount\":224,\"image\":{\"@id\":\"https:\/\/portaltela.pt\/noticias\/2026\/01\/18\/vitorias-fora-e-empates-animam-a-11-a-jornada-da-2-a-divisao-distrital\/#primaryimage\"},\"thumbnailUrl\":\"https:\/\/portaltela.pt\/s.01k8rhncp4jt1\/2026\/01\/Captura-de-ecra-2026-01-18-191435.jpg\",\"keywords\":[\"desportivos\",\"desporto\",\"futebol\",\"Guarda\",\"Manteigas\"],\"articleSection\":[\"Desporto\",\"Futebol\"],\"inLanguage\":\"pt-PT\"},{\"@type\":\"WebPage\",\"@id\":\"https:\/\/portaltela.pt\/noticias\/2026\/01\/18\/vitorias-fora-e-empates-animam-a-11-a-jornada-da-2-a-divisao-distrital\/\",\"url\":\"https:\/\/portaltela.pt\/noticias\/2026\/01\/18\/vitorias-fora-e-empates-animam-a-11-a-jornada-da-2-a-divisao-distrital\/\",\"name\":\"Vit\u00f3rias fora e empates animam a 11.\u00aa jornada da 2.\u00aa Divis\u00e3o Distrital - Portal Tela Portugal\",\"isPartOf\":{\"@id\":\"https:\/\/portaltela.pt\/#website\"},\"primaryImageOfPage\":{\"@id\":\"https:\/\/portaltela.pt\/noticias\/2026\/01\/18\/vitorias-fora-e-empates-animam-a-11-a-jornada-da-2-a-divisao-distrital\/#primaryimage\"},\"image\":{\"@id\":\"https:\/\/portaltela.pt\/noticias\/2026\/01\/18\/vitorias-fora-e-empates-animam-a-11-a-jornada-da-2-a-divisao-distrital\/#primaryimage\"},\"thumbnailUrl\":\"https:\/\/portaltela.pt\/s.01k8rhncp4jt1\/2026\/01\/Captura-de-ecra-2026-01-18-191435.jpg\",\"datePublished\":\"2026-01-18T19:15:25+00:00\",\"author\":{\"@id\":\"https:\/\/portaltela.pt\/#\/schema\/person\/c4278d4a6028830caff9ee44b42d32ed\"},\"breadcrumb\":{\"@id\":\"https:\/\/portaltela.pt\/noticias\/2026\/01\/18\/vitorias-fora-e-empates-animam-a-11-a-jornada-da-2-a-divisao-distrital\/#breadcrumb\"},\"inLanguage\":\"pt-PT\",\"potentialAction\":[{\"@type\":\"ReadAction\",\"target\":[\"https:\/\/portaltela.pt\/noticias\/2026\/01\/18\/vitorias-fora-e-empates-animam-a-11-a-jornada-da-2-a-divisao-distrital\/\"]}]},{\"@type\":\"ImageObject\",\"inLanguage\":\"pt-PT\",\"@id\":\"https:\/\/portaltela.pt\/noticias\/2026\/01\/18\/vitorias-fora-e-empates-animam-a-11-a-jornada-da-2-a-divisao-distrital\/#primaryimage\",\"url\":\"https:\/\/portaltela.pt\/s.01k8rhncp4jt1\/2026\/01\/Captura-de-ecra-2026-01-18-191435.jpg\",\"contentUrl\":\"https:\/\/portaltela.pt\/s.01k8rhncp4jt1\/2026\/01\/Captura-de-ecra-2026-01-18-191435.jpg\",\"width\":796,\"height\":448,\"caption\":\"Vit\u00f3rias fora e empates animam a 11.\u00aa jornada da 2.\u00aa Divis\u00e3o Distrital\"},{\"@type\":\"BreadcrumbList\",\"@id\":\"https:\/\/portaltela.pt\/noticias\/2026\/01\/18\/vitorias-fora-e-empates-animam-a-11-a-jornada-da-2-a-divisao-distrital\/#breadcrumb\",\"itemListElement\":[{\"@type\":\"ListItem\",\"position\":1,\"name\":\"In\u00edcio\",\"item\":\"https:\/\/portaltela.pt\/\"},{\"@type\":\"ListItem\",\"position\":2,\"name\":\"Vit\u00f3rias fora e empates animam a 11.\u00aa jornada da 2.\u00aa Divis\u00e3o Distrital\"}]},{\"@type\":\"WebSite\",\"@id\":\"https:\/\/portaltela.pt\/#website\",\"url\":\"https:\/\/portaltela.pt\/\",\"name\":\"Portal Tela Portugal\",\"description\":\"\",\"potentialAction\":[{\"@type\":\"SearchAction\",\"target\":{\"@type\":\"EntryPoint\",\"urlTemplate\":\"https:\/\/portaltela.pt\/?s={search_term_string}\"},\"query-input\":{\"@type\":\"PropertyValueSpecification\",\"valueRequired\":true,\"valueName\":\"search_term_string\"}}],\"inLanguage\":\"pt-PT\"},{\"@type\":\"Person\",\"@id\":\"https:\/\/portaltela.pt\/#\/schema\/person\/c4278d4a6028830caff9ee44b42d32ed\",\"name\":\"Telinha\",\"image\":{\"@type\":\"ImageObject\",\"inLanguage\":\"pt-PT\",\"@id\":\"https:\/\/portaltela.pt\/s.01k8rhncp4jt1\/2025\/11\/talking-bot-125x125.png\",\"url\":\"https:\/\/portaltela.pt\/s.01k8rhncp4jt1\/2025\/11\/talking-bot-125x125.png\",\"contentUrl\":\"https:\/\/portaltela.pt\/s.01k8rhncp4jt1\/2025\/11\/talking-bot-125x125.png\",\"caption\":\"Telinha\"},\"sameAs\":[\"https:\/\/portaltela.pt\/\"],\"url\":\"https:\/\/portaltela.pt\/por\/367410592786\/\"}]}<\/script>\n<!-- \/ Yoast SEO plugin. -->","yoast_head_json":{"title":"Vit\u00f3rias fora e empates animam a 11.\u00aa jornada da 2.\u00aa Divis\u00e3o Distrital - Portal Tela Portugal","robots":{"index":"index","follow":"follow","max-snippet":"max-snippet:-1","max-image-preview":"max-image-preview:large","max-video-preview":"max-video-preview:-1"},"og_locale":"pt_PT","og_type":"article","og_title":"Vit\u00f3rias fora e empates animam a 11.\u00aa jornada da 2.\u00aa Divis\u00e3o Distrital - Portal Tela Portugal","og_description":"A 11.\u00aa jornada da 2.\u00aa Divis\u00e3o Distrital da A.F. Guarda realizou-se a 18 de janeiro, com tr\u00eas jogos relevantes na luta pelos lugares cimeiros. No Campo do Zambito, o SC Gon\u00e7alense venceu o GCR Casal Cinza por 3-0, mantendo-se perto dos primeiros lugares. Em Seia, a ACDR Freixo Num\u00e3o triunfou ante o Seia FC, por 2-1, somando tr\u00eas pontos importantes. No Est\u00e1dio Municipal da Carreira do Tiro, UD Os Pinhelenses empatou 4-4 com CD Gouveia \u2013 Futebol SAD (Sub-23), num jogo com muitas altern\u00e2ncias. A tabela ap\u00f3s a jornada indica AD Manteigas na lideran\u00e7a com 26 pontos, seguido de Os Pinhelenses e Gon\u00e7alense com 21 pontos cada; Freixo Num\u00e3o tem 19 e Gouveia 14, com Casal Cinza a 7 pontos.","og_url":"https:\/\/portaltela.pt\/noticias\/2026\/01\/18\/vitorias-fora-e-empates-animam-a-11-a-jornada-da-2-a-divisao-distrital\/","og_site_name":"Portal Tela Portugal","article_published_time":"2026-01-18T19:15:25+00:00","author":"Telinha","twitter_card":"summary_large_image","twitter_misc":{"Escrito por":"Telinha","Tempo estimado de leitura":"1 minuto"},"schema":{"@context":"https:\/\/schema.org","@graph":[{"@type":"Article","@id":"https:\/\/portaltela.pt\/noticias\/2026\/01\/18\/vitorias-fora-e-empates-animam-a-11-a-jornada-da-2-a-divisao-distrital\/#article","isPartOf":{"@id":"https:\/\/portaltela.pt\/noticias\/2026\/01\/18\/vitorias-fora-e-empates-animam-a-11-a-jornada-da-2-a-divisao-distrital\/"},"author":{"name":"Telinha","@id":"https:\/\/portaltela.pt\/#\/schema\/person\/c4278d4a6028830caff9ee44b42d32ed"},"headline":"Vit\u00f3rias fora e empates animam a 11.\u00aa jornada da 2.\u00aa Divis\u00e3o Distrital","datePublished":"2026-01-18T19:15:25+00:00","mainEntityOfPage":{"@id":"https:\/\/portaltela.pt\/noticias\/2026\/01\/18\/vitorias-fora-e-empates-animam-a-11-a-jornada-da-2-a-divisao-distrital\/"},"wordCount":224,"image":{"@id":"https:\/\/portaltela.pt\/noticias\/2026\/01\/18\/vitorias-fora-e-empates-animam-a-11-a-jornada-da-2-a-divisao-distrital\/#primaryimage"},"thumbnailUrl":"https:\/\/portaltela.pt\/s.01k8rhncp4jt1\/2026\/01\/Captura-de-ecra-2026-01-18-191435.jpg","keywords":["desportivos","desporto","futebol","Guarda","Manteigas"],"articleSection":["Desporto","Futebol"],"inLanguage":"pt-PT"},{"@type":"WebPage","@id":"https:\/\/portaltela.pt\/noticias\/2026\/01\/18\/vitorias-fora-e-empates-animam-a-11-a-jornada-da-2-a-divisao-distrital\/","url":"https:\/\/portaltela.pt\/noticias\/2026\/01\/18\/vitorias-fora-e-empates-animam-a-11-a-jornada-da-2-a-divisao-distrital\/","name":"Vit\u00f3rias fora e empates animam a 11.\u00aa jornada da 2.\u00aa Divis\u00e3o Distrital - Portal Tela Portugal","isPartOf":{"@id":"https:\/\/portaltela.pt\/#website"},"primaryImageOfPage":{"@id":"https:\/\/portaltela.pt\/noticias\/2026\/01\/18\/vitorias-fora-e-empates-animam-a-11-a-jornada-da-2-a-divisao-distrital\/#primaryimage"},"image":{"@id":"https:\/\/portaltela.pt\/noticias\/2026\/01\/18\/vitorias-fora-e-empates-animam-a-11-a-jornada-da-2-a-divisao-distrital\/#primaryimage"},"thumbnailUrl":"https:\/\/portaltela.pt\/s.01k8rhncp4jt1\/2026\/01\/Captura-de-ecra-2026-01-18-191435.jpg","datePublished":"2026-01-18T19:15:25+00:00","author":{"@id":"https:\/\/portaltela.pt\/#\/schema\/person\/c4278d4a6028830caff9ee44b42d32ed"},"breadcrumb":{"@id":"https:\/\/portaltela.pt\/noticias\/2026\/01\/18\/vitorias-fora-e-empates-animam-a-11-a-jornada-da-2-a-divisao-distrital\/#breadcrumb"},"inLanguage":"pt-PT","potentialAction":[{"@type":"ReadAction","target":["https:\/\/portaltela.pt\/noticias\/2026\/01\/18\/vitorias-fora-e-empates-animam-a-11-a-jornada-da-2-a-divisao-distrital\/"]}]},{"@type":"ImageObject","inLanguage":"pt-PT","@id":"https:\/\/portaltela.pt\/noticias\/2026\/01\/18\/vitorias-fora-e-empates-animam-a-11-a-jornada-da-2-a-divisao-distrital\/#primaryimage","url":"https:\/\/portaltela.pt\/s.01k8rhncp4jt1\/2026\/01\/Captura-de-ecra-2026-01-18-191435.jpg","contentUrl":"https:\/\/portaltela.pt\/s.01k8rhncp4jt1\/2026\/01\/Captura-de-ecra-2026-01-18-191435.jpg","width":796,"height":448,"caption":"Vit\u00f3rias fora e empates animam a 11.\u00aa jornada da 2.\u00aa Divis\u00e3o Distrital"},{"@type":"BreadcrumbList","@id":"https:\/\/portaltela.pt\/noticias\/2026\/01\/18\/vitorias-fora-e-empates-animam-a-11-a-jornada-da-2-a-divisao-distrital\/#breadcrumb","itemListElement":[{"@type":"ListItem","position":1,"name":"In\u00edcio","item":"https:\/\/portaltela.pt\/"},{"@type":"ListItem","position":2,"name":"Vit\u00f3rias fora e empates animam a 11.\u00aa jornada da 2.\u00aa Divis\u00e3o Distrital"}]},{"@type":"WebSite","@id":"https:\/\/portaltela.pt\/#website","url":"https:\/\/portaltela.pt\/","name":"Portal Tela Portugal","description":"","potentialAction":[{"@type":"SearchAction","target":{"@type":"EntryPoint","urlTemplate":"https:\/\/portaltela.pt\/?s={search_term_string}"},"query-input":{"@type":"PropertyValueSpecification","valueRequired":true,"valueName":"search_term_string"}}],"inLanguage":"pt-PT"},{"@type":"Person","@id":"https:\/\/portaltela.pt\/#\/schema\/person\/c4278d4a6028830caff9ee44b42d32ed","name":"Telinha","image":{"@type":"ImageObject","inLanguage":"pt-PT","@id":"https:\/\/portaltela.pt\/s.01k8rhncp4jt1\/2025\/11\/talking-bot-125x125.png","url":"https:\/\/portaltela.pt\/s.01k8rhncp4jt1\/2025\/11\/talking-bot-125x125.png","contentUrl":"https:\/\/portaltela.pt\/s.01k8rhncp4jt1\/2025\/11\/talking-bot-125x125.png","caption":"Telinha"},"sameAs":["https:\/\/portaltela.pt\/"],"url":"https:\/\/portaltela.pt\/por\/367410592786\/"}]}},"_links":{"self":[{"href":"https:\/\/portaltela.pt\/api\/wp\/v2\/posts\/150856","targetHints":{"allow":["GET"]}}],"collection":[{"href":"https:\/\/portaltela.pt\/api\/wp\/v2\/posts"}],"about":[{"href":"https:\/\/portaltela.pt\/api\/wp\/v2\/types\/post"}],"author":[{"embeddable":true,"href":"https:\/\/portaltela.pt\/api\/wp\/v2\/users\/2"}],"replies":[{"embeddable":true,"href":"https:\/\/portaltela.pt\/api\/wp\/v2\/comments?post=150856"}],"version-history":[{"count":0,"href":"https:\/\/portaltela.pt\/api\/wp\/v2\/posts\/150856\/revisions"}],"wp:featuredmedia":[{"embeddable":true,"href":"https:\/\/portaltela.pt\/api\/wp\/v2\/media\/150859"}],"wp:attachment":[{"href":"https:\/\/portaltela.pt\/api\/wp\/v2\/media?parent=150856"}],"wp:term":[{"taxonomy":"category","embeddable":true,"href":"https:\/\/portaltela.pt\/api\/wp\/v2\/categories?post=150856"},{"taxonomy":"post_tag","embeddable":true,"href":"https:\/\/portaltela.pt\/api\/wp\/v2\/tags?post=150856"}],"curies":[{"name":"wp","href":"https:\/\/api.w.org\/{rel}","templated":true}]}}