{"id":150762,"date":"2026-01-18T08:10:00","date_gmt":"2026-01-18T11:10:00","guid":{"rendered":"https:\/\/portaltela.pt\/noticias\/2026\/01\/18\/bruno-fernandes-em-versao-cantonesa-neville-elogia-apontando-para-amorim\/"},"modified":"2026-01-18T08:10:00","modified_gmt":"2026-01-18T11:10:00","slug":"bruno-fernandes-em-versao-cantonesa-neville-elogia-apontando-para-amorim","status":"publish","type":"post","link":"https:\/\/portaltela.pt\/desporto\/futebol\/2026\/01\/18\/bruno-fernandes-em-versao-cantonesa-neville-elogia-apontando-para-amorim\/","title":{"rendered":"Bruno Fernandes em vers\u00e3o cantonesa: Neville elogia, apontando para Amorim"},"content":{"rendered":"<p>Na estreia de Michael Carrick no comando, o Manchester United venceu o d\u00e9rbi de Manchester diante do Manchester City por 2-0, em Old Trafford. A equipa devolveu \u00e0 casa o seu t\u00edtulo de Teatro dos Sonhos, com uma atua\u00e7\u00e3o s\u00f3lida e eficaz durante os 90 minutos.<\/p>\n<p>Gary Neville elogiu publicamente o desempenho, destacando que foi uma das melhores exibi\u00e7\u00f5es j\u00e1 vistas no clube. O antigo capit\u00e3o premiou a organiza\u00e7\u00e3o defensiva e a transi\u00e7\u00e3o r\u00e1pida, tra\u00e7os que considerou t\u00edpicos do United.<\/p>\n<p>A posi\u00e7\u00e3o de Bruno Fernandes ganhou relevo na leitura do jogo, com Carrick a apostar num papel pr\u00f3ximo da baliza para explorar o talento ofensivo do internacional portugu\u00eas. A atua\u00e7\u00e3o foi apresentada como uma resposta ao que tem sido pedido ao clube.<\/p>\n<p>No desenrolar do jogo, Fernandes viu o seu golo ser anulado por fora de jogo na primeira parte. O lance de abertura surgiu quando Mbeumo foi lan\u00e7ado em linha de finta e terminou em berlinda de golo no 65\u00ba minuto. Onze minutos depois, Cunha cruzou para Dorgu finalizar o 2-0.<\/p>\n<h3>An\u00e1lise de Neville e leitura t\u00e1tica<\/h3>\n<ul>\n<li>A equipa de Carrick demonstrou capacidade de jogar de forma mais direta e compacta, sem renunciar \u00e0 constru\u00e7\u00e3o desde a defesa.<\/li>\n<li>A adapta\u00e7\u00e3o t\u00e1tica permitiu manter a press\u00e3o alta e explorar a frente de ataque com Ferralhares e Fernandes.<\/li>\n<\/ul>\n","protected":false},"excerpt":{"rendered":"<ul>\n<li>O Manchester United venceu o d\u00e9rbi frente ao Manchester City por 2-0, com Carrick no banco pela primeira vez.<\/li>\n<li>Gary Neville elogiou a atua\u00e7\u00e3o, considerando-a uma das melhores j\u00e1 vistas no United.<\/li>\n<li>O antigo jogador comentou que \u00e9 poss\u00edvel jogar daquele modo no futebol moderno, desafiando cr\u00edticas anteriores.<\/li>\n<li>Neville destacou a leitura t\u00e1tica de Carrick, posicionando Bruno Fernandes perto da baliza, numa abordagem \u201cCantonesca\u201d, e fez uma cr\u00edtica velada a Amorim.<\/li>\n<li>Fernandes viu um golo ser anulado por fora de jogo e assistiu Mbeumo aos 65 minutos no lance que abriu o marcador, antes de Cunha cruzar para Dorgu fazer o 2-0.<\/li>\n<\/ul>\n","protected":false},"author":2,"featured_media":150765,"comment_status":"closed","ping_status":"closed","sticky":false,"template":"","format":"standard","meta":{"footnotes":""},"categories":[21,24],"tags":[1941,152,32,1980,3187,2512],"class_list":["post-150762","post","type-post","status-publish","format-standard","has-post-thumbnail","hentry","category-desporto","category-futebol","tag-bruno-fernandes","tag-desporto","tag-futebol","tag-manchester-city","tag-manchester-united","tag-michael-carrick"],"yoast_head":"<!-- This site is optimized with the Yoast SEO plugin v27.2 - https:\/\/yoast.com\/product\/yoast-seo-wordpress\/ -->\n<title>Bruno Fernandes em vers\u00e3o cantonesa: Neville elogia, apontando para Amorim - Portal Tela Portugal<\/title>\n<meta name=\"robots\" content=\"index, follow, max-snippet:-1, max-image-preview:large, max-video-preview:-1\" \/>\n<meta property=\"og:locale\" content=\"pt_PT\" \/>\n<meta property=\"og:type\" content=\"article\" \/>\n<meta property=\"og:title\" content=\"Bruno Fernandes em vers\u00e3o cantonesa: Neville elogia, apontando para Amorim - Portal Tela Portugal\" \/>\n<meta property=\"og:description\" content=\"O Manchester United venceu o d\u00e9rbi frente ao Manchester City por 2-0, com Carrick no banco pela primeira vez. Gary Neville elogiou a atua\u00e7\u00e3o, considerando-a uma das melhores j\u00e1 vistas no United. O antigo jogador comentou que \u00e9 poss\u00edvel jogar daquele modo no futebol moderno, desafiando cr\u00edticas anteriores. Neville destacou a leitura t\u00e1tica de Carrick, posicionando Bruno Fernandes perto da baliza, numa abordagem \u201cCantonesca\u201d, e fez uma cr\u00edtica velada a Amorim. Fernandes viu um golo ser anulado por fora de jogo e assistiu Mbeumo aos 65 minutos no lance que abriu o marcador, antes de Cunha cruzar para Dorgu fazer o 2-0.\" \/>\n<meta property=\"og:url\" content=\"https:\/\/portaltela.pt\/noticias\/2026\/01\/18\/bruno-fernandes-em-versao-cantonesa-neville-elogia-apontando-para-amorim\/\" \/>\n<meta property=\"og:site_name\" content=\"Portal Tela Portugal\" \/>\n<meta property=\"article:published_time\" content=\"2026-01-18T11:10:00+00:00\" \/>\n<meta name=\"author\" content=\"Telinha\" \/>\n<meta name=\"twitter:card\" content=\"summary_large_image\" \/>\n<meta name=\"twitter:label1\" content=\"Escrito por\" \/>\n\t<meta name=\"twitter:data1\" content=\"Telinha\" \/>\n\t<meta name=\"twitter:label2\" content=\"Tempo estimado de leitura\" \/>\n\t<meta name=\"twitter:data2\" content=\"1 minuto\" \/>\n<script type=\"application\/ld+json\" class=\"yoast-schema-graph\">{\"@context\":\"https:\/\/schema.org\",\"@graph\":[{\"@type\":\"Article\",\"@id\":\"https:\/\/portaltela.pt\/noticias\/2026\/01\/18\/bruno-fernandes-em-versao-cantonesa-neville-elogia-apontando-para-amorim\/#article\",\"isPartOf\":{\"@id\":\"https:\/\/portaltela.pt\/noticias\/2026\/01\/18\/bruno-fernandes-em-versao-cantonesa-neville-elogia-apontando-para-amorim\/\"},\"author\":{\"name\":\"Telinha\",\"@id\":\"https:\/\/portaltela.pt\/#\/schema\/person\/c4278d4a6028830caff9ee44b42d32ed\"},\"headline\":\"Bruno Fernandes em vers\u00e3o cantonesa: Neville elogia, apontando para Amorim\",\"datePublished\":\"2026-01-18T11:10:00+00:00\",\"mainEntityOfPage\":{\"@id\":\"https:\/\/portaltela.pt\/noticias\/2026\/01\/18\/bruno-fernandes-em-versao-cantonesa-neville-elogia-apontando-para-amorim\/\"},\"wordCount\":246,\"image\":{\"@id\":\"https:\/\/portaltela.pt\/noticias\/2026\/01\/18\/bruno-fernandes-em-versao-cantonesa-neville-elogia-apontando-para-amorim\/#primaryimage\"},\"thumbnailUrl\":\"https:\/\/portaltela.pt\/s.01k8rhncp4jt1\/2026\/01\/img_920x518uu2026-01-18-11-09-37-2415500-im-639043314002732883-3.jpg\",\"keywords\":[\"Bruno Fernandes\",\"desporto\",\"futebol\",\"Manchester City\",\"Manchester United\",\"Michael Carrick\"],\"articleSection\":[\"Desporto\",\"Futebol\"],\"inLanguage\":\"pt-PT\"},{\"@type\":\"WebPage\",\"@id\":\"https:\/\/portaltela.pt\/noticias\/2026\/01\/18\/bruno-fernandes-em-versao-cantonesa-neville-elogia-apontando-para-amorim\/\",\"url\":\"https:\/\/portaltela.pt\/noticias\/2026\/01\/18\/bruno-fernandes-em-versao-cantonesa-neville-elogia-apontando-para-amorim\/\",\"name\":\"Bruno Fernandes em vers\u00e3o cantonesa: Neville elogia, apontando para Amorim - Portal Tela Portugal\",\"isPartOf\":{\"@id\":\"https:\/\/portaltela.pt\/#website\"},\"primaryImageOfPage\":{\"@id\":\"https:\/\/portaltela.pt\/noticias\/2026\/01\/18\/bruno-fernandes-em-versao-cantonesa-neville-elogia-apontando-para-amorim\/#primaryimage\"},\"image\":{\"@id\":\"https:\/\/portaltela.pt\/noticias\/2026\/01\/18\/bruno-fernandes-em-versao-cantonesa-neville-elogia-apontando-para-amorim\/#primaryimage\"},\"thumbnailUrl\":\"https:\/\/portaltela.pt\/s.01k8rhncp4jt1\/2026\/01\/img_920x518uu2026-01-18-11-09-37-2415500-im-639043314002732883-3.jpg\",\"datePublished\":\"2026-01-18T11:10:00+00:00\",\"author\":{\"@id\":\"https:\/\/portaltela.pt\/#\/schema\/person\/c4278d4a6028830caff9ee44b42d32ed\"},\"breadcrumb\":{\"@id\":\"https:\/\/portaltela.pt\/noticias\/2026\/01\/18\/bruno-fernandes-em-versao-cantonesa-neville-elogia-apontando-para-amorim\/#breadcrumb\"},\"inLanguage\":\"pt-PT\",\"potentialAction\":[{\"@type\":\"ReadAction\",\"target\":[\"https:\/\/portaltela.pt\/noticias\/2026\/01\/18\/bruno-fernandes-em-versao-cantonesa-neville-elogia-apontando-para-amorim\/\"]}]},{\"@type\":\"ImageObject\",\"inLanguage\":\"pt-PT\",\"@id\":\"https:\/\/portaltela.pt\/noticias\/2026\/01\/18\/bruno-fernandes-em-versao-cantonesa-neville-elogia-apontando-para-amorim\/#primaryimage\",\"url\":\"https:\/\/portaltela.pt\/s.01k8rhncp4jt1\/2026\/01\/img_920x518uu2026-01-18-11-09-37-2415500-im-639043314002732883-3.jpg\",\"contentUrl\":\"https:\/\/portaltela.pt\/s.01k8rhncp4jt1\/2026\/01\/img_920x518uu2026-01-18-11-09-37-2415500-im-639043314002732883-3.jpg\",\"width\":796,\"height\":448,\"caption\":\"Bruno Fernandes no d\u00e9rbi United-City\"},{\"@type\":\"BreadcrumbList\",\"@id\":\"https:\/\/portaltela.pt\/noticias\/2026\/01\/18\/bruno-fernandes-em-versao-cantonesa-neville-elogia-apontando-para-amorim\/#breadcrumb\",\"itemListElement\":[{\"@type\":\"ListItem\",\"position\":1,\"name\":\"In\u00edcio\",\"item\":\"https:\/\/portaltela.pt\/\"},{\"@type\":\"ListItem\",\"position\":2,\"name\":\"Bruno Fernandes em vers\u00e3o cantonesa: Neville elogia, apontando para Amorim\"}]},{\"@type\":\"WebSite\",\"@id\":\"https:\/\/portaltela.pt\/#website\",\"url\":\"https:\/\/portaltela.pt\/\",\"name\":\"Portal Tela Portugal\",\"description\":\"\",\"potentialAction\":[{\"@type\":\"SearchAction\",\"target\":{\"@type\":\"EntryPoint\",\"urlTemplate\":\"https:\/\/portaltela.pt\/?s={search_term_string}\"},\"query-input\":{\"@type\":\"PropertyValueSpecification\",\"valueRequired\":true,\"valueName\":\"search_term_string\"}}],\"inLanguage\":\"pt-PT\"},{\"@type\":\"Person\",\"@id\":\"https:\/\/portaltela.pt\/#\/schema\/person\/c4278d4a6028830caff9ee44b42d32ed\",\"name\":\"Telinha\",\"image\":{\"@type\":\"ImageObject\",\"inLanguage\":\"pt-PT\",\"@id\":\"https:\/\/portaltela.pt\/s.01k8rhncp4jt1\/2025\/11\/talking-bot-125x125.png\",\"url\":\"https:\/\/portaltela.pt\/s.01k8rhncp4jt1\/2025\/11\/talking-bot-125x125.png\",\"contentUrl\":\"https:\/\/portaltela.pt\/s.01k8rhncp4jt1\/2025\/11\/talking-bot-125x125.png\",\"caption\":\"Telinha\"},\"sameAs\":[\"https:\/\/portaltela.pt\/\"],\"url\":\"https:\/\/portaltela.pt\/por\/367410592786\/\"}]}<\/script>\n<!-- \/ Yoast SEO plugin. -->","yoast_head_json":{"title":"Bruno Fernandes em vers\u00e3o cantonesa: Neville elogia, apontando para Amorim - Portal Tela Portugal","robots":{"index":"index","follow":"follow","max-snippet":"max-snippet:-1","max-image-preview":"max-image-preview:large","max-video-preview":"max-video-preview:-1"},"og_locale":"pt_PT","og_type":"article","og_title":"Bruno Fernandes em vers\u00e3o cantonesa: Neville elogia, apontando para Amorim - Portal Tela Portugal","og_description":"O Manchester United venceu o d\u00e9rbi frente ao Manchester City por 2-0, com Carrick no banco pela primeira vez. Gary Neville elogiou a atua\u00e7\u00e3o, considerando-a uma das melhores j\u00e1 vistas no United. O antigo jogador comentou que \u00e9 poss\u00edvel jogar daquele modo no futebol moderno, desafiando cr\u00edticas anteriores. Neville destacou a leitura t\u00e1tica de Carrick, posicionando Bruno Fernandes perto da baliza, numa abordagem \u201cCantonesca\u201d, e fez uma cr\u00edtica velada a Amorim. Fernandes viu um golo ser anulado por fora de jogo e assistiu Mbeumo aos 65 minutos no lance que abriu o marcador, antes de Cunha cruzar para Dorgu fazer o 2-0.","og_url":"https:\/\/portaltela.pt\/noticias\/2026\/01\/18\/bruno-fernandes-em-versao-cantonesa-neville-elogia-apontando-para-amorim\/","og_site_name":"Portal Tela Portugal","article_published_time":"2026-01-18T11:10:00+00:00","author":"Telinha","twitter_card":"summary_large_image","twitter_misc":{"Escrito por":"Telinha","Tempo estimado de leitura":"1 minuto"},"schema":{"@context":"https:\/\/schema.org","@graph":[{"@type":"Article","@id":"https:\/\/portaltela.pt\/noticias\/2026\/01\/18\/bruno-fernandes-em-versao-cantonesa-neville-elogia-apontando-para-amorim\/#article","isPartOf":{"@id":"https:\/\/portaltela.pt\/noticias\/2026\/01\/18\/bruno-fernandes-em-versao-cantonesa-neville-elogia-apontando-para-amorim\/"},"author":{"name":"Telinha","@id":"https:\/\/portaltela.pt\/#\/schema\/person\/c4278d4a6028830caff9ee44b42d32ed"},"headline":"Bruno Fernandes em vers\u00e3o cantonesa: Neville elogia, apontando para Amorim","datePublished":"2026-01-18T11:10:00+00:00","mainEntityOfPage":{"@id":"https:\/\/portaltela.pt\/noticias\/2026\/01\/18\/bruno-fernandes-em-versao-cantonesa-neville-elogia-apontando-para-amorim\/"},"wordCount":246,"image":{"@id":"https:\/\/portaltela.pt\/noticias\/2026\/01\/18\/bruno-fernandes-em-versao-cantonesa-neville-elogia-apontando-para-amorim\/#primaryimage"},"thumbnailUrl":"https:\/\/portaltela.pt\/s.01k8rhncp4jt1\/2026\/01\/img_920x518uu2026-01-18-11-09-37-2415500-im-639043314002732883-3.jpg","keywords":["Bruno Fernandes","desporto","futebol","Manchester City","Manchester United","Michael Carrick"],"articleSection":["Desporto","Futebol"],"inLanguage":"pt-PT"},{"@type":"WebPage","@id":"https:\/\/portaltela.pt\/noticias\/2026\/01\/18\/bruno-fernandes-em-versao-cantonesa-neville-elogia-apontando-para-amorim\/","url":"https:\/\/portaltela.pt\/noticias\/2026\/01\/18\/bruno-fernandes-em-versao-cantonesa-neville-elogia-apontando-para-amorim\/","name":"Bruno Fernandes em vers\u00e3o cantonesa: Neville elogia, apontando para Amorim - Portal Tela Portugal","isPartOf":{"@id":"https:\/\/portaltela.pt\/#website"},"primaryImageOfPage":{"@id":"https:\/\/portaltela.pt\/noticias\/2026\/01\/18\/bruno-fernandes-em-versao-cantonesa-neville-elogia-apontando-para-amorim\/#primaryimage"},"image":{"@id":"https:\/\/portaltela.pt\/noticias\/2026\/01\/18\/bruno-fernandes-em-versao-cantonesa-neville-elogia-apontando-para-amorim\/#primaryimage"},"thumbnailUrl":"https:\/\/portaltela.pt\/s.01k8rhncp4jt1\/2026\/01\/img_920x518uu2026-01-18-11-09-37-2415500-im-639043314002732883-3.jpg","datePublished":"2026-01-18T11:10:00+00:00","author":{"@id":"https:\/\/portaltela.pt\/#\/schema\/person\/c4278d4a6028830caff9ee44b42d32ed"},"breadcrumb":{"@id":"https:\/\/portaltela.pt\/noticias\/2026\/01\/18\/bruno-fernandes-em-versao-cantonesa-neville-elogia-apontando-para-amorim\/#breadcrumb"},"inLanguage":"pt-PT","potentialAction":[{"@type":"ReadAction","target":["https:\/\/portaltela.pt\/noticias\/2026\/01\/18\/bruno-fernandes-em-versao-cantonesa-neville-elogia-apontando-para-amorim\/"]}]},{"@type":"ImageObject","inLanguage":"pt-PT","@id":"https:\/\/portaltela.pt\/noticias\/2026\/01\/18\/bruno-fernandes-em-versao-cantonesa-neville-elogia-apontando-para-amorim\/#primaryimage","url":"https:\/\/portaltela.pt\/s.01k8rhncp4jt1\/2026\/01\/img_920x518uu2026-01-18-11-09-37-2415500-im-639043314002732883-3.jpg","contentUrl":"https:\/\/portaltela.pt\/s.01k8rhncp4jt1\/2026\/01\/img_920x518uu2026-01-18-11-09-37-2415500-im-639043314002732883-3.jpg","width":796,"height":448,"caption":"Bruno Fernandes no d\u00e9rbi United-City"},{"@type":"BreadcrumbList","@id":"https:\/\/portaltela.pt\/noticias\/2026\/01\/18\/bruno-fernandes-em-versao-cantonesa-neville-elogia-apontando-para-amorim\/#breadcrumb","itemListElement":[{"@type":"ListItem","position":1,"name":"In\u00edcio","item":"https:\/\/portaltela.pt\/"},{"@type":"ListItem","position":2,"name":"Bruno Fernandes em vers\u00e3o cantonesa: Neville elogia, apontando para Amorim"}]},{"@type":"WebSite","@id":"https:\/\/portaltela.pt\/#website","url":"https:\/\/portaltela.pt\/","name":"Portal Tela Portugal","description":"","potentialAction":[{"@type":"SearchAction","target":{"@type":"EntryPoint","urlTemplate":"https:\/\/portaltela.pt\/?s={search_term_string}"},"query-input":{"@type":"PropertyValueSpecification","valueRequired":true,"valueName":"search_term_string"}}],"inLanguage":"pt-PT"},{"@type":"Person","@id":"https:\/\/portaltela.pt\/#\/schema\/person\/c4278d4a6028830caff9ee44b42d32ed","name":"Telinha","image":{"@type":"ImageObject","inLanguage":"pt-PT","@id":"https:\/\/portaltela.pt\/s.01k8rhncp4jt1\/2025\/11\/talking-bot-125x125.png","url":"https:\/\/portaltela.pt\/s.01k8rhncp4jt1\/2025\/11\/talking-bot-125x125.png","contentUrl":"https:\/\/portaltela.pt\/s.01k8rhncp4jt1\/2025\/11\/talking-bot-125x125.png","caption":"Telinha"},"sameAs":["https:\/\/portaltela.pt\/"],"url":"https:\/\/portaltela.pt\/por\/367410592786\/"}]}},"_links":{"self":[{"href":"https:\/\/portaltela.pt\/api\/wp\/v2\/posts\/150762","targetHints":{"allow":["GET"]}}],"collection":[{"href":"https:\/\/portaltela.pt\/api\/wp\/v2\/posts"}],"about":[{"href":"https:\/\/portaltela.pt\/api\/wp\/v2\/types\/post"}],"author":[{"embeddable":true,"href":"https:\/\/portaltela.pt\/api\/wp\/v2\/users\/2"}],"replies":[{"embeddable":true,"href":"https:\/\/portaltela.pt\/api\/wp\/v2\/comments?post=150762"}],"version-history":[{"count":0,"href":"https:\/\/portaltela.pt\/api\/wp\/v2\/posts\/150762\/revisions"}],"wp:featuredmedia":[{"embeddable":true,"href":"https:\/\/portaltela.pt\/api\/wp\/v2\/media\/150765"}],"wp:attachment":[{"href":"https:\/\/portaltela.pt\/api\/wp\/v2\/media?parent=150762"}],"wp:term":[{"taxonomy":"category","embeddable":true,"href":"https:\/\/portaltela.pt\/api\/wp\/v2\/categories?post=150762"},{"taxonomy":"post_tag","embeddable":true,"href":"https:\/\/portaltela.pt\/api\/wp\/v2\/tags?post=150762"}],"curies":[{"name":"wp","href":"https:\/\/api.w.org\/{rel}","templated":true}]}}