{"id":150720,"date":"2026-01-18T15:00:00","date_gmt":"2026-01-18T18:00:00","guid":{"rendered":"https:\/\/portaltela.pt\/noticias\/2026\/01\/18\/alvito-investe-em-veiculos-eletricos-para-mobilidade-condicionada\/"},"modified":"2026-01-18T15:00:00","modified_gmt":"2026-01-18T18:00:00","slug":"alvito-investe-em-veiculos-eletricos-para-mobilidade-condicionada","status":"publish","type":"post","link":"https:\/\/portaltela.pt\/noticias\/2026\/01\/18\/alvito-investe-em-veiculos-eletricos-para-mobilidade-condicionada\/","title":{"rendered":"Alvito investe em ve\u00edculos el\u00e9tricos para mobilidade condicionada"},"content":{"rendered":"<p>O Munic\u00edpio de Alvito recebeu na passada quarta-feira, 14 de janeiro, cinco ve\u00edculos 100% el\u00e9tricos destinados a apoiar pessoas com mobilidade condicionada. A aquisi\u00e7\u00e3o inclui ciclomotores e motociclos de quatro rodas.<\/p>\n<p>A opera\u00e7\u00e3o resulta de uma candidatura ao Plano de Recupera\u00e7\u00e3o e Resili\u00eancia (PRR), no \u00e2mbito de um aviso dedicado \u00e0 inclus\u00e3o e acessibilidade gerido pelo Instituto Nacional para a Reabilita\u00e7\u00e3o. O objetivo \u00e9 promover autonomia e qualidade de vida.<\/p>\n<p>O investimento total foi de 15.767,50 \u20ac, com uma comparticipa\u00e7\u00e3o de 14.875,00 \u20ac ap\u00f3s verifica\u00e7\u00e3o de requisitos regulamentares, como a inexist\u00eancia de duplo financiamento e a regulariza\u00e7\u00e3o fiscal da autarquia.<\/p>\n<h3>Regulamento de Ced\u00eancia<\/h3>\n<p>T\u00e9cnicos municipais est\u00e3o a preparar um regulamento espec\u00edfico para a ced\u00eancia dos novos equipamentos, com crit\u00e9rios claros e transparentes de atribui\u00e7\u00e3o aos utentes. A medida pretende assegurar utiliza\u00e7\u00e3o adequada e equitativa.<\/p>\n","protected":false},"excerpt":{"rendered":"<ul>\n<li>O Munic\u00edpio de Alvito recebeu cinco ve\u00edculos 100% el\u00e9tricos destinados a apoiar pessoas com mobilidade condicionada, na quarta-feira, 14 de janeiro.<\/li>\n<li>A aquisi\u00e7\u00e3o, que inclui ciclomotores e motociclos de quatro rodas, resulta de uma candidatura ao Plano de Recupera\u00e7\u00e3o e Resili\u00eancia gerida pelo Instituto Nacional para a Reabilita\u00e7\u00e3o.<\/li>\n<li>O projeto envolve um investimento total de 15.767,50 \u20ac, com comparticipa\u00e7\u00e3o de 14.875,00 \u20ac ap\u00f3s verifica\u00e7\u00e3o de cumprimento de requisitos regulamentares.<\/li>\n<li>A iniciativa promove autonomia e qualidade de vida para pessoas com defici\u00eancia e refor\u00e7a a mobilidade sustent\u00e1vel, alinhando-se com as metas de Portugal na Uni\u00e3o Europeia.<\/li>\n<li>T\u00e9cnicos municipais est\u00e3o a elaborar um regulamento de ced\u00eancia para definir crit\u00e9rios de atribui\u00e7\u00e3o e assegurar uma utiliza\u00e7\u00e3o equitativa dos recursos.<\/li>\n<\/ul>\n","protected":false},"author":2,"featured_media":150729,"comment_status":"closed","ping_status":"closed","sticky":false,"template":"","format":"standard","meta":{"footnotes":""},"categories":[1],"tags":[1173,1211,2371,2110,3263,1505],"class_list":["post-150720","post","type-post","status-publish","format-standard","has-post-thumbnail","hentry","category-noticias","tag-alvito","tag-apoio-social","tag-automoveis","tag-mobilidade","tag-mobilidade-urbana","tag-transportes-rodoviarios"],"yoast_head":"<!-- This site is optimized with the Yoast SEO plugin v27.2 - https:\/\/yoast.com\/product\/yoast-seo-wordpress\/ -->\n<title>Alvito investe em ve\u00edculos el\u00e9tricos para mobilidade condicionada - Portal Tela Portugal<\/title>\n<meta name=\"robots\" content=\"index, follow, max-snippet:-1, max-image-preview:large, max-video-preview:-1\" \/>\n<meta property=\"og:locale\" content=\"pt_PT\" \/>\n<meta property=\"og:type\" content=\"article\" \/>\n<meta property=\"og:title\" content=\"Alvito investe em ve\u00edculos el\u00e9tricos para mobilidade condicionada - Portal Tela Portugal\" \/>\n<meta property=\"og:description\" content=\"O Munic\u00edpio de Alvito recebeu cinco ve\u00edculos 100% el\u00e9tricos destinados a apoiar pessoas com mobilidade condicionada, na quarta-feira, 14 de janeiro. A aquisi\u00e7\u00e3o, que inclui ciclomotores e motociclos de quatro rodas, resulta de uma candidatura ao Plano de Recupera\u00e7\u00e3o e Resili\u00eancia gerida pelo Instituto Nacional para a Reabilita\u00e7\u00e3o. O projeto envolve um investimento total de 15.767,50 \u20ac, com comparticipa\u00e7\u00e3o de 14.875,00 \u20ac ap\u00f3s verifica\u00e7\u00e3o de cumprimento de requisitos regulamentares. A iniciativa promove autonomia e qualidade de vida para pessoas com defici\u00eancia e refor\u00e7a a mobilidade sustent\u00e1vel, alinhando-se com as metas de Portugal na Uni\u00e3o Europeia. T\u00e9cnicos municipais est\u00e3o a elaborar um regulamento de ced\u00eancia para definir crit\u00e9rios de atribui\u00e7\u00e3o e assegurar uma utiliza\u00e7\u00e3o equitativa dos recursos.\" \/>\n<meta property=\"og:url\" content=\"https:\/\/portaltela.pt\/noticias\/2026\/01\/18\/alvito-investe-em-veiculos-eletricos-para-mobilidade-condicionada\/\" \/>\n<meta property=\"og:site_name\" content=\"Portal Tela Portugal\" \/>\n<meta property=\"article:published_time\" content=\"2026-01-18T18:00:00+00:00\" \/>\n<meta name=\"author\" content=\"Telinha\" \/>\n<meta name=\"twitter:card\" content=\"summary_large_image\" \/>\n<meta name=\"twitter:label1\" content=\"Escrito por\" \/>\n\t<meta name=\"twitter:data1\" content=\"Telinha\" \/>\n\t<meta name=\"twitter:label2\" content=\"Tempo estimado de leitura\" \/>\n\t<meta name=\"twitter:data2\" content=\"1 minuto\" \/>\n<script type=\"application\/ld+json\" class=\"yoast-schema-graph\">{\"@context\":\"https:\/\/schema.org\",\"@graph\":[{\"@type\":\"Article\",\"@id\":\"https:\/\/portaltela.pt\/noticias\/2026\/01\/18\/alvito-investe-em-veiculos-eletricos-para-mobilidade-condicionada\/#article\",\"isPartOf\":{\"@id\":\"https:\/\/portaltela.pt\/noticias\/2026\/01\/18\/alvito-investe-em-veiculos-eletricos-para-mobilidade-condicionada\/\"},\"author\":{\"name\":\"Telinha\",\"@id\":\"https:\/\/portaltela.pt\/#\/schema\/person\/c4278d4a6028830caff9ee44b42d32ed\"},\"headline\":\"Alvito investe em ve\u00edculos el\u00e9tricos para mobilidade condicionada\",\"datePublished\":\"2026-01-18T18:00:00+00:00\",\"mainEntityOfPage\":{\"@id\":\"https:\/\/portaltela.pt\/noticias\/2026\/01\/18\/alvito-investe-em-veiculos-eletricos-para-mobilidade-condicionada\/\"},\"wordCount\":158,\"image\":{\"@id\":\"https:\/\/portaltela.pt\/noticias\/2026\/01\/18\/alvito-investe-em-veiculos-eletricos-para-mobilidade-condicionada\/#primaryimage\"},\"thumbnailUrl\":\"https:\/\/portaltela.pt\/s.01k8rhncp4jt1\/2026\/01\/5e6e7222938987843e44a2897f2749ae.jpg\",\"keywords\":[\"Alvito\",\"Apoio Social\",\"Autom\u00f3veis\",\"mobilidade\",\"mobilidade urbana\",\"Transportes Rodovi\u00e1rios\"],\"articleSection\":[\"Not\u00edcias\"],\"inLanguage\":\"pt-PT\"},{\"@type\":\"WebPage\",\"@id\":\"https:\/\/portaltela.pt\/noticias\/2026\/01\/18\/alvito-investe-em-veiculos-eletricos-para-mobilidade-condicionada\/\",\"url\":\"https:\/\/portaltela.pt\/noticias\/2026\/01\/18\/alvito-investe-em-veiculos-eletricos-para-mobilidade-condicionada\/\",\"name\":\"Alvito investe em ve\u00edculos el\u00e9tricos para mobilidade condicionada - Portal Tela Portugal\",\"isPartOf\":{\"@id\":\"https:\/\/portaltela.pt\/#website\"},\"primaryImageOfPage\":{\"@id\":\"https:\/\/portaltela.pt\/noticias\/2026\/01\/18\/alvito-investe-em-veiculos-eletricos-para-mobilidade-condicionada\/#primaryimage\"},\"image\":{\"@id\":\"https:\/\/portaltela.pt\/noticias\/2026\/01\/18\/alvito-investe-em-veiculos-eletricos-para-mobilidade-condicionada\/#primaryimage\"},\"thumbnailUrl\":\"https:\/\/portaltela.pt\/s.01k8rhncp4jt1\/2026\/01\/5e6e7222938987843e44a2897f2749ae.jpg\",\"datePublished\":\"2026-01-18T18:00:00+00:00\",\"author\":{\"@id\":\"https:\/\/portaltela.pt\/#\/schema\/person\/c4278d4a6028830caff9ee44b42d32ed\"},\"breadcrumb\":{\"@id\":\"https:\/\/portaltela.pt\/noticias\/2026\/01\/18\/alvito-investe-em-veiculos-eletricos-para-mobilidade-condicionada\/#breadcrumb\"},\"inLanguage\":\"pt-PT\",\"potentialAction\":[{\"@type\":\"ReadAction\",\"target\":[\"https:\/\/portaltela.pt\/noticias\/2026\/01\/18\/alvito-investe-em-veiculos-eletricos-para-mobilidade-condicionada\/\"]}]},{\"@type\":\"ImageObject\",\"inLanguage\":\"pt-PT\",\"@id\":\"https:\/\/portaltela.pt\/noticias\/2026\/01\/18\/alvito-investe-em-veiculos-eletricos-para-mobilidade-condicionada\/#primaryimage\",\"url\":\"https:\/\/portaltela.pt\/s.01k8rhncp4jt1\/2026\/01\/5e6e7222938987843e44a2897f2749ae.jpg\",\"contentUrl\":\"https:\/\/portaltela.pt\/s.01k8rhncp4jt1\/2026\/01\/5e6e7222938987843e44a2897f2749ae.jpg\",\"width\":796,\"height\":448,\"caption\":\"Munic\u00edpio de Alvito refor\u00e7a inclus\u00e3o e sustentabilidade com novos ve\u00edculos el\u00e9tricos para pessoas com mobilidade condicionada\"},{\"@type\":\"BreadcrumbList\",\"@id\":\"https:\/\/portaltela.pt\/noticias\/2026\/01\/18\/alvito-investe-em-veiculos-eletricos-para-mobilidade-condicionada\/#breadcrumb\",\"itemListElement\":[{\"@type\":\"ListItem\",\"position\":1,\"name\":\"In\u00edcio\",\"item\":\"https:\/\/portaltela.pt\/\"},{\"@type\":\"ListItem\",\"position\":2,\"name\":\"Alvito investe em ve\u00edculos el\u00e9tricos para mobilidade condicionada\"}]},{\"@type\":\"WebSite\",\"@id\":\"https:\/\/portaltela.pt\/#website\",\"url\":\"https:\/\/portaltela.pt\/\",\"name\":\"Portal Tela Portugal\",\"description\":\"\",\"potentialAction\":[{\"@type\":\"SearchAction\",\"target\":{\"@type\":\"EntryPoint\",\"urlTemplate\":\"https:\/\/portaltela.pt\/?s={search_term_string}\"},\"query-input\":{\"@type\":\"PropertyValueSpecification\",\"valueRequired\":true,\"valueName\":\"search_term_string\"}}],\"inLanguage\":\"pt-PT\"},{\"@type\":\"Person\",\"@id\":\"https:\/\/portaltela.pt\/#\/schema\/person\/c4278d4a6028830caff9ee44b42d32ed\",\"name\":\"Telinha\",\"image\":{\"@type\":\"ImageObject\",\"inLanguage\":\"pt-PT\",\"@id\":\"https:\/\/portaltela.pt\/s.01k8rhncp4jt1\/2025\/11\/talking-bot-125x125.png\",\"url\":\"https:\/\/portaltela.pt\/s.01k8rhncp4jt1\/2025\/11\/talking-bot-125x125.png\",\"contentUrl\":\"https:\/\/portaltela.pt\/s.01k8rhncp4jt1\/2025\/11\/talking-bot-125x125.png\",\"caption\":\"Telinha\"},\"sameAs\":[\"https:\/\/portaltela.pt\/\"],\"url\":\"https:\/\/portaltela.pt\/por\/367410592786\/\"}]}<\/script>\n<!-- \/ Yoast SEO plugin. -->","yoast_head_json":{"title":"Alvito investe em ve\u00edculos el\u00e9tricos para mobilidade condicionada - Portal Tela Portugal","robots":{"index":"index","follow":"follow","max-snippet":"max-snippet:-1","max-image-preview":"max-image-preview:large","max-video-preview":"max-video-preview:-1"},"og_locale":"pt_PT","og_type":"article","og_title":"Alvito investe em ve\u00edculos el\u00e9tricos para mobilidade condicionada - Portal Tela Portugal","og_description":"O Munic\u00edpio de Alvito recebeu cinco ve\u00edculos 100% el\u00e9tricos destinados a apoiar pessoas com mobilidade condicionada, na quarta-feira, 14 de janeiro. A aquisi\u00e7\u00e3o, que inclui ciclomotores e motociclos de quatro rodas, resulta de uma candidatura ao Plano de Recupera\u00e7\u00e3o e Resili\u00eancia gerida pelo Instituto Nacional para a Reabilita\u00e7\u00e3o. O projeto envolve um investimento total de 15.767,50 \u20ac, com comparticipa\u00e7\u00e3o de 14.875,00 \u20ac ap\u00f3s verifica\u00e7\u00e3o de cumprimento de requisitos regulamentares. A iniciativa promove autonomia e qualidade de vida para pessoas com defici\u00eancia e refor\u00e7a a mobilidade sustent\u00e1vel, alinhando-se com as metas de Portugal na Uni\u00e3o Europeia. T\u00e9cnicos municipais est\u00e3o a elaborar um regulamento de ced\u00eancia para definir crit\u00e9rios de atribui\u00e7\u00e3o e assegurar uma utiliza\u00e7\u00e3o equitativa dos recursos.","og_url":"https:\/\/portaltela.pt\/noticias\/2026\/01\/18\/alvito-investe-em-veiculos-eletricos-para-mobilidade-condicionada\/","og_site_name":"Portal Tela Portugal","article_published_time":"2026-01-18T18:00:00+00:00","author":"Telinha","twitter_card":"summary_large_image","twitter_misc":{"Escrito por":"Telinha","Tempo estimado de leitura":"1 minuto"},"schema":{"@context":"https:\/\/schema.org","@graph":[{"@type":"Article","@id":"https:\/\/portaltela.pt\/noticias\/2026\/01\/18\/alvito-investe-em-veiculos-eletricos-para-mobilidade-condicionada\/#article","isPartOf":{"@id":"https:\/\/portaltela.pt\/noticias\/2026\/01\/18\/alvito-investe-em-veiculos-eletricos-para-mobilidade-condicionada\/"},"author":{"name":"Telinha","@id":"https:\/\/portaltela.pt\/#\/schema\/person\/c4278d4a6028830caff9ee44b42d32ed"},"headline":"Alvito investe em ve\u00edculos el\u00e9tricos para mobilidade condicionada","datePublished":"2026-01-18T18:00:00+00:00","mainEntityOfPage":{"@id":"https:\/\/portaltela.pt\/noticias\/2026\/01\/18\/alvito-investe-em-veiculos-eletricos-para-mobilidade-condicionada\/"},"wordCount":158,"image":{"@id":"https:\/\/portaltela.pt\/noticias\/2026\/01\/18\/alvito-investe-em-veiculos-eletricos-para-mobilidade-condicionada\/#primaryimage"},"thumbnailUrl":"https:\/\/portaltela.pt\/s.01k8rhncp4jt1\/2026\/01\/5e6e7222938987843e44a2897f2749ae.jpg","keywords":["Alvito","Apoio Social","Autom\u00f3veis","mobilidade","mobilidade urbana","Transportes Rodovi\u00e1rios"],"articleSection":["Not\u00edcias"],"inLanguage":"pt-PT"},{"@type":"WebPage","@id":"https:\/\/portaltela.pt\/noticias\/2026\/01\/18\/alvito-investe-em-veiculos-eletricos-para-mobilidade-condicionada\/","url":"https:\/\/portaltela.pt\/noticias\/2026\/01\/18\/alvito-investe-em-veiculos-eletricos-para-mobilidade-condicionada\/","name":"Alvito investe em ve\u00edculos el\u00e9tricos para mobilidade condicionada - Portal Tela Portugal","isPartOf":{"@id":"https:\/\/portaltela.pt\/#website"},"primaryImageOfPage":{"@id":"https:\/\/portaltela.pt\/noticias\/2026\/01\/18\/alvito-investe-em-veiculos-eletricos-para-mobilidade-condicionada\/#primaryimage"},"image":{"@id":"https:\/\/portaltela.pt\/noticias\/2026\/01\/18\/alvito-investe-em-veiculos-eletricos-para-mobilidade-condicionada\/#primaryimage"},"thumbnailUrl":"https:\/\/portaltela.pt\/s.01k8rhncp4jt1\/2026\/01\/5e6e7222938987843e44a2897f2749ae.jpg","datePublished":"2026-01-18T18:00:00+00:00","author":{"@id":"https:\/\/portaltela.pt\/#\/schema\/person\/c4278d4a6028830caff9ee44b42d32ed"},"breadcrumb":{"@id":"https:\/\/portaltela.pt\/noticias\/2026\/01\/18\/alvito-investe-em-veiculos-eletricos-para-mobilidade-condicionada\/#breadcrumb"},"inLanguage":"pt-PT","potentialAction":[{"@type":"ReadAction","target":["https:\/\/portaltela.pt\/noticias\/2026\/01\/18\/alvito-investe-em-veiculos-eletricos-para-mobilidade-condicionada\/"]}]},{"@type":"ImageObject","inLanguage":"pt-PT","@id":"https:\/\/portaltela.pt\/noticias\/2026\/01\/18\/alvito-investe-em-veiculos-eletricos-para-mobilidade-condicionada\/#primaryimage","url":"https:\/\/portaltela.pt\/s.01k8rhncp4jt1\/2026\/01\/5e6e7222938987843e44a2897f2749ae.jpg","contentUrl":"https:\/\/portaltela.pt\/s.01k8rhncp4jt1\/2026\/01\/5e6e7222938987843e44a2897f2749ae.jpg","width":796,"height":448,"caption":"Munic\u00edpio de Alvito refor\u00e7a inclus\u00e3o e sustentabilidade com novos ve\u00edculos el\u00e9tricos para pessoas com mobilidade condicionada"},{"@type":"BreadcrumbList","@id":"https:\/\/portaltela.pt\/noticias\/2026\/01\/18\/alvito-investe-em-veiculos-eletricos-para-mobilidade-condicionada\/#breadcrumb","itemListElement":[{"@type":"ListItem","position":1,"name":"In\u00edcio","item":"https:\/\/portaltela.pt\/"},{"@type":"ListItem","position":2,"name":"Alvito investe em ve\u00edculos el\u00e9tricos para mobilidade condicionada"}]},{"@type":"WebSite","@id":"https:\/\/portaltela.pt\/#website","url":"https:\/\/portaltela.pt\/","name":"Portal Tela Portugal","description":"","potentialAction":[{"@type":"SearchAction","target":{"@type":"EntryPoint","urlTemplate":"https:\/\/portaltela.pt\/?s={search_term_string}"},"query-input":{"@type":"PropertyValueSpecification","valueRequired":true,"valueName":"search_term_string"}}],"inLanguage":"pt-PT"},{"@type":"Person","@id":"https:\/\/portaltela.pt\/#\/schema\/person\/c4278d4a6028830caff9ee44b42d32ed","name":"Telinha","image":{"@type":"ImageObject","inLanguage":"pt-PT","@id":"https:\/\/portaltela.pt\/s.01k8rhncp4jt1\/2025\/11\/talking-bot-125x125.png","url":"https:\/\/portaltela.pt\/s.01k8rhncp4jt1\/2025\/11\/talking-bot-125x125.png","contentUrl":"https:\/\/portaltela.pt\/s.01k8rhncp4jt1\/2025\/11\/talking-bot-125x125.png","caption":"Telinha"},"sameAs":["https:\/\/portaltela.pt\/"],"url":"https:\/\/portaltela.pt\/por\/367410592786\/"}]}},"_links":{"self":[{"href":"https:\/\/portaltela.pt\/api\/wp\/v2\/posts\/150720","targetHints":{"allow":["GET"]}}],"collection":[{"href":"https:\/\/portaltela.pt\/api\/wp\/v2\/posts"}],"about":[{"href":"https:\/\/portaltela.pt\/api\/wp\/v2\/types\/post"}],"author":[{"embeddable":true,"href":"https:\/\/portaltela.pt\/api\/wp\/v2\/users\/2"}],"replies":[{"embeddable":true,"href":"https:\/\/portaltela.pt\/api\/wp\/v2\/comments?post=150720"}],"version-history":[{"count":0,"href":"https:\/\/portaltela.pt\/api\/wp\/v2\/posts\/150720\/revisions"}],"wp:featuredmedia":[{"embeddable":true,"href":"https:\/\/portaltela.pt\/api\/wp\/v2\/media\/150729"}],"wp:attachment":[{"href":"https:\/\/portaltela.pt\/api\/wp\/v2\/media?parent=150720"}],"wp:term":[{"taxonomy":"category","embeddable":true,"href":"https:\/\/portaltela.pt\/api\/wp\/v2\/categories?post=150720"},{"taxonomy":"post_tag","embeddable":true,"href":"https:\/\/portaltela.pt\/api\/wp\/v2\/tags?post=150720"}],"curies":[{"name":"wp","href":"https:\/\/api.w.org\/{rel}","templated":true}]}}