{"id":150657,"date":"2026-01-18T15:13:00","date_gmt":"2026-01-18T18:13:00","guid":{"rendered":"https:\/\/portaltela.pt\/noticias\/2026\/01\/18\/presidente-sirio-assina-novo-acordo-de-cessar-fogo\/"},"modified":"2026-01-18T15:13:00","modified_gmt":"2026-01-18T18:13:00","slug":"presidente-sirio-assina-novo-acordo-de-cessar-fogo","status":"publish","type":"post","link":"https:\/\/portaltela.pt\/noticias\/2026\/01\/18\/presidente-sirio-assina-novo-acordo-de-cessar-fogo\/","title":{"rendered":"Presidente s\u00edrio assina novo acordo de cessar-fogo"},"content":{"rendered":"<p>O Presidente s\u00edrio, Ahmed al-Sharaa, assinou este domingo um acordo de cessar-fogo com as For\u00e7as Democr\u00e1ticas S\u00edrias (FDS), lideradas pelos curdos. O acordo prev\u00ea a entrega \u00e0 Administra\u00e7\u00e3o do governo de tr\u00eas prov\u00edncias controladas pelos curdos no nordeste do pa\u00eds. O cessar-fogo \u00e9 total e imediato em todas as frentes, e as forma\u00e7\u00f5es da FDS devem retirar-se para a zona a leste do rio Eufrates, como etapa de reposicionamento.<\/p>\n<p>O acordo foi rubricado por al-Sharaa e pelo l\u00edder das FDS, Mazlum Abdi, ap\u00f3s uma reuni\u00e3o de al-Sharaa com o enviado especial dos EUA para a S\u00edria, Thomas Barrack, em Damasco. O presidente s\u00edrio reiterou a soberania da S\u00edria sobre todo o territ\u00f3rio e destacou a import\u00e2ncia do di\u00e1logo e da reconstru\u00e7\u00e3o com a participa\u00e7\u00e3o de todos os s\u00edrios.<\/p>\n<p>Barrack saudou o pacto, considerando-o um ponto de viragem que aproxima antigos advers\u00e1rios pela coopera\u00e7\u00e3o em vez da divis\u00e3o. O enviado reuniu-se com al-Sharaa em Damasco e com Abdi em Erbil, no Iraque, na v\u00e9spera.<\/p>\n<p>Damasco e as FDS j\u00e1 tinham assinado, a 10 de mar\u00e7o de 2025, um acordo para definir uma solu\u00e7\u00e3o para as zonas aut\u00f3nomas no nordeste, administradas pelos curdos. O processo, iniciado ap\u00f3s a queda de Bashar al-Assad, ainda n\u00e3o foi aplicado na pr\u00e1tica.<\/p>\n<p>A assinatura do acordo ocorre numa altura de escalada de viol\u00eancia na prov\u00edncia de Alepo, no noroeste, onde t\u00eam sido reportados ataques contra Deir Hafir e outras \u00e1reas sob controlo curdo. O Ex\u00e9rcito s\u00edrio tamb\u00e9m avan\u00e7a em Raqqa e Deir ez-Zor.<\/p>\n","protected":false},"excerpt":{"rendered":"<ul>\n<li>O Presidente s\u00edrio Ahmed al-Sharaa assinou um novo acordo de cessar-fogo com as For\u00e7as Democr\u00e1ticas S\u00edrias (FDS), lideradas pelos curdos, incluindo a entrega de tr\u00eas prov\u00edncias ao Governo.<\/li>\n<li>O acordo estabelece cessar-fogo total e imediato em todas as frentes e a retirada de todas as forma\u00e7\u00f5es das FDS para a zona a leste do rio Eufrates, como etapa de reposicionamento.<\/li>\n<li>A assinatura ocorreu ap\u00f3s al-Sharaa se reunir em Damasco com o enviado especial dos EUA para a S\u00edria, Thomas Barrack, que elogiou o acordo como um marco de coopera\u00e7\u00e3o entre antigos advers\u00e1rios.<\/li>\n<li>Barrack reuniu-se com Mazloum Abdi, l\u00edder das FDS, em Erbil, no Iraque, na v\u00e9spera do an\u00fancio.<\/li>\n<li>A assinatura surge num contexto de escalada de viol\u00eancia na prov\u00edncia de Alepo, com ataques governamentais a zonas curdas e avan\u00e7os do Ex\u00e9rcito s\u00edrio em Raqqa e Deir ez-Zor; j\u00e1 havia um acordo de 10 de mar\u00e7o de 2025 sobre zonas aut\u00f3nomas no nordeste, ainda sem concretiza\u00e7\u00e3o.<\/li>\n<\/ul>\n","protected":false},"author":2,"featured_media":150658,"comment_status":"closed","ping_status":"closed","sticky":false,"template":"","format":"standard","meta":{"footnotes":""},"categories":[1],"tags":[272,2198,256,3399,1779,2108],"class_list":["post-150657","post","type-post","status-publish","format-standard","has-post-thumbnail","hentry","category-noticias","tag-acordos-internacionais","tag-conflitos-internacionais","tag-cooperacao-internacional","tag-erbil","tag-forcas-armadas","tag-intervencao-internacional"],"yoast_head":"<!-- This site is optimized with the Yoast SEO plugin v27.2 - https:\/\/yoast.com\/product\/yoast-seo-wordpress\/ -->\n<title>Presidente s\u00edrio assina novo acordo de cessar-fogo - Portal Tela Portugal<\/title>\n<meta name=\"robots\" content=\"index, follow, max-snippet:-1, max-image-preview:large, max-video-preview:-1\" \/>\n<meta property=\"og:locale\" content=\"pt_PT\" \/>\n<meta property=\"og:type\" content=\"article\" \/>\n<meta property=\"og:title\" content=\"Presidente s\u00edrio assina novo acordo de cessar-fogo - Portal Tela Portugal\" \/>\n<meta property=\"og:description\" content=\"O Presidente s\u00edrio Ahmed al-Sharaa assinou um novo acordo de cessar-fogo com as For\u00e7as Democr\u00e1ticas S\u00edrias (FDS), lideradas pelos curdos, incluindo a entrega de tr\u00eas prov\u00edncias ao Governo. O acordo estabelece cessar-fogo total e imediato em todas as frentes e a retirada de todas as forma\u00e7\u00f5es das FDS para a zona a leste do rio Eufrates, como etapa de reposicionamento. A assinatura ocorreu ap\u00f3s al-Sharaa se reunir em Damasco com o enviado especial dos EUA para a S\u00edria, Thomas Barrack, que elogiou o acordo como um marco de coopera\u00e7\u00e3o entre antigos advers\u00e1rios. Barrack reuniu-se com Mazloum Abdi, l\u00edder das FDS, em Erbil, no Iraque, na v\u00e9spera do an\u00fancio. A assinatura surge num contexto de escalada de viol\u00eancia na prov\u00edncia de Alepo, com ataques governamentais a zonas curdas e avan\u00e7os do Ex\u00e9rcito s\u00edrio em Raqqa e Deir ez-Zor; j\u00e1 havia um acordo de 10 de mar\u00e7o de 2025 sobre zonas aut\u00f3nomas no nordeste, ainda sem concretiza\u00e7\u00e3o.\" \/>\n<meta property=\"og:url\" content=\"https:\/\/portaltela.pt\/noticias\/2026\/01\/18\/presidente-sirio-assina-novo-acordo-de-cessar-fogo\/\" \/>\n<meta property=\"og:site_name\" content=\"Portal Tela Portugal\" \/>\n<meta property=\"article:published_time\" content=\"2026-01-18T18:13:00+00:00\" \/>\n<meta name=\"author\" content=\"Telinha\" \/>\n<meta name=\"twitter:card\" content=\"summary_large_image\" \/>\n<meta name=\"twitter:label1\" content=\"Escrito por\" \/>\n\t<meta name=\"twitter:data1\" content=\"Telinha\" \/>\n\t<meta name=\"twitter:label2\" content=\"Tempo estimado de leitura\" \/>\n\t<meta name=\"twitter:data2\" content=\"1 minuto\" \/>\n<script type=\"application\/ld+json\" class=\"yoast-schema-graph\">{\"@context\":\"https:\/\/schema.org\",\"@graph\":[{\"@type\":\"Article\",\"@id\":\"https:\/\/portaltela.pt\/noticias\/2026\/01\/18\/presidente-sirio-assina-novo-acordo-de-cessar-fogo\/#article\",\"isPartOf\":{\"@id\":\"https:\/\/portaltela.pt\/noticias\/2026\/01\/18\/presidente-sirio-assina-novo-acordo-de-cessar-fogo\/\"},\"author\":{\"name\":\"Telinha\",\"@id\":\"https:\/\/portaltela.pt\/#\/schema\/person\/c4278d4a6028830caff9ee44b42d32ed\"},\"headline\":\"Presidente s\u00edrio assina novo acordo de cessar-fogo\",\"datePublished\":\"2026-01-18T18:13:00+00:00\",\"mainEntityOfPage\":{\"@id\":\"https:\/\/portaltela.pt\/noticias\/2026\/01\/18\/presidente-sirio-assina-novo-acordo-de-cessar-fogo\/\"},\"wordCount\":289,\"image\":{\"@id\":\"https:\/\/portaltela.pt\/noticias\/2026\/01\/18\/presidente-sirio-assina-novo-acordo-de-cessar-fogo\/#primaryimage\"},\"thumbnailUrl\":\"https:\/\/portaltela.pt\/s.01k8rhncp4jt1\/2026\/01\/46375407.jpg\",\"keywords\":[\"acordos internacionais\",\"conflitos internacionais\",\"coopera\u00e7\u00e3o internacional\",\"Erbil\",\"For\u00e7as Armadas\",\"interven\u00e7\u00e3o internacional\"],\"articleSection\":[\"Not\u00edcias\"],\"inLanguage\":\"pt-PT\"},{\"@type\":\"WebPage\",\"@id\":\"https:\/\/portaltela.pt\/noticias\/2026\/01\/18\/presidente-sirio-assina-novo-acordo-de-cessar-fogo\/\",\"url\":\"https:\/\/portaltela.pt\/noticias\/2026\/01\/18\/presidente-sirio-assina-novo-acordo-de-cessar-fogo\/\",\"name\":\"Presidente s\u00edrio assina novo acordo de cessar-fogo - Portal Tela Portugal\",\"isPartOf\":{\"@id\":\"https:\/\/portaltela.pt\/#website\"},\"primaryImageOfPage\":{\"@id\":\"https:\/\/portaltela.pt\/noticias\/2026\/01\/18\/presidente-sirio-assina-novo-acordo-de-cessar-fogo\/#primaryimage\"},\"image\":{\"@id\":\"https:\/\/portaltela.pt\/noticias\/2026\/01\/18\/presidente-sirio-assina-novo-acordo-de-cessar-fogo\/#primaryimage\"},\"thumbnailUrl\":\"https:\/\/portaltela.pt\/s.01k8rhncp4jt1\/2026\/01\/46375407.jpg\",\"datePublished\":\"2026-01-18T18:13:00+00:00\",\"author\":{\"@id\":\"https:\/\/portaltela.pt\/#\/schema\/person\/c4278d4a6028830caff9ee44b42d32ed\"},\"breadcrumb\":{\"@id\":\"https:\/\/portaltela.pt\/noticias\/2026\/01\/18\/presidente-sirio-assina-novo-acordo-de-cessar-fogo\/#breadcrumb\"},\"inLanguage\":\"pt-PT\",\"potentialAction\":[{\"@type\":\"ReadAction\",\"target\":[\"https:\/\/portaltela.pt\/noticias\/2026\/01\/18\/presidente-sirio-assina-novo-acordo-de-cessar-fogo\/\"]}]},{\"@type\":\"ImageObject\",\"inLanguage\":\"pt-PT\",\"@id\":\"https:\/\/portaltela.pt\/noticias\/2026\/01\/18\/presidente-sirio-assina-novo-acordo-de-cessar-fogo\/#primaryimage\",\"url\":\"https:\/\/portaltela.pt\/s.01k8rhncp4jt1\/2026\/01\/46375407.jpg\",\"contentUrl\":\"https:\/\/portaltela.pt\/s.01k8rhncp4jt1\/2026\/01\/46375407.jpg\",\"width\":796,\"height\":448,\"caption\":\"Locals cheer as Syrian army and security forces enter the city of Tabqa in the Raqqa countryside, after the Syrian government took control of the city on January 18, 2026.\"},{\"@type\":\"BreadcrumbList\",\"@id\":\"https:\/\/portaltela.pt\/noticias\/2026\/01\/18\/presidente-sirio-assina-novo-acordo-de-cessar-fogo\/#breadcrumb\",\"itemListElement\":[{\"@type\":\"ListItem\",\"position\":1,\"name\":\"In\u00edcio\",\"item\":\"https:\/\/portaltela.pt\/\"},{\"@type\":\"ListItem\",\"position\":2,\"name\":\"Presidente s\u00edrio assina novo acordo de cessar-fogo\"}]},{\"@type\":\"WebSite\",\"@id\":\"https:\/\/portaltela.pt\/#website\",\"url\":\"https:\/\/portaltela.pt\/\",\"name\":\"Portal Tela Portugal\",\"description\":\"\",\"potentialAction\":[{\"@type\":\"SearchAction\",\"target\":{\"@type\":\"EntryPoint\",\"urlTemplate\":\"https:\/\/portaltela.pt\/?s={search_term_string}\"},\"query-input\":{\"@type\":\"PropertyValueSpecification\",\"valueRequired\":true,\"valueName\":\"search_term_string\"}}],\"inLanguage\":\"pt-PT\"},{\"@type\":\"Person\",\"@id\":\"https:\/\/portaltela.pt\/#\/schema\/person\/c4278d4a6028830caff9ee44b42d32ed\",\"name\":\"Telinha\",\"image\":{\"@type\":\"ImageObject\",\"inLanguage\":\"pt-PT\",\"@id\":\"https:\/\/portaltela.pt\/s.01k8rhncp4jt1\/2025\/11\/talking-bot-125x125.png\",\"url\":\"https:\/\/portaltela.pt\/s.01k8rhncp4jt1\/2025\/11\/talking-bot-125x125.png\",\"contentUrl\":\"https:\/\/portaltela.pt\/s.01k8rhncp4jt1\/2025\/11\/talking-bot-125x125.png\",\"caption\":\"Telinha\"},\"sameAs\":[\"https:\/\/portaltela.pt\/\"],\"url\":\"https:\/\/portaltela.pt\/por\/367410592786\/\"}]}<\/script>\n<!-- \/ Yoast SEO plugin. -->","yoast_head_json":{"title":"Presidente s\u00edrio assina novo acordo de cessar-fogo - Portal Tela Portugal","robots":{"index":"index","follow":"follow","max-snippet":"max-snippet:-1","max-image-preview":"max-image-preview:large","max-video-preview":"max-video-preview:-1"},"og_locale":"pt_PT","og_type":"article","og_title":"Presidente s\u00edrio assina novo acordo de cessar-fogo - Portal Tela Portugal","og_description":"O Presidente s\u00edrio Ahmed al-Sharaa assinou um novo acordo de cessar-fogo com as For\u00e7as Democr\u00e1ticas S\u00edrias (FDS), lideradas pelos curdos, incluindo a entrega de tr\u00eas prov\u00edncias ao Governo. O acordo estabelece cessar-fogo total e imediato em todas as frentes e a retirada de todas as forma\u00e7\u00f5es das FDS para a zona a leste do rio Eufrates, como etapa de reposicionamento. A assinatura ocorreu ap\u00f3s al-Sharaa se reunir em Damasco com o enviado especial dos EUA para a S\u00edria, Thomas Barrack, que elogiou o acordo como um marco de coopera\u00e7\u00e3o entre antigos advers\u00e1rios. Barrack reuniu-se com Mazloum Abdi, l\u00edder das FDS, em Erbil, no Iraque, na v\u00e9spera do an\u00fancio. A assinatura surge num contexto de escalada de viol\u00eancia na prov\u00edncia de Alepo, com ataques governamentais a zonas curdas e avan\u00e7os do Ex\u00e9rcito s\u00edrio em Raqqa e Deir ez-Zor; j\u00e1 havia um acordo de 10 de mar\u00e7o de 2025 sobre zonas aut\u00f3nomas no nordeste, ainda sem concretiza\u00e7\u00e3o.","og_url":"https:\/\/portaltela.pt\/noticias\/2026\/01\/18\/presidente-sirio-assina-novo-acordo-de-cessar-fogo\/","og_site_name":"Portal Tela Portugal","article_published_time":"2026-01-18T18:13:00+00:00","author":"Telinha","twitter_card":"summary_large_image","twitter_misc":{"Escrito por":"Telinha","Tempo estimado de leitura":"1 minuto"},"schema":{"@context":"https:\/\/schema.org","@graph":[{"@type":"Article","@id":"https:\/\/portaltela.pt\/noticias\/2026\/01\/18\/presidente-sirio-assina-novo-acordo-de-cessar-fogo\/#article","isPartOf":{"@id":"https:\/\/portaltela.pt\/noticias\/2026\/01\/18\/presidente-sirio-assina-novo-acordo-de-cessar-fogo\/"},"author":{"name":"Telinha","@id":"https:\/\/portaltela.pt\/#\/schema\/person\/c4278d4a6028830caff9ee44b42d32ed"},"headline":"Presidente s\u00edrio assina novo acordo de cessar-fogo","datePublished":"2026-01-18T18:13:00+00:00","mainEntityOfPage":{"@id":"https:\/\/portaltela.pt\/noticias\/2026\/01\/18\/presidente-sirio-assina-novo-acordo-de-cessar-fogo\/"},"wordCount":289,"image":{"@id":"https:\/\/portaltela.pt\/noticias\/2026\/01\/18\/presidente-sirio-assina-novo-acordo-de-cessar-fogo\/#primaryimage"},"thumbnailUrl":"https:\/\/portaltela.pt\/s.01k8rhncp4jt1\/2026\/01\/46375407.jpg","keywords":["acordos internacionais","conflitos internacionais","coopera\u00e7\u00e3o internacional","Erbil","For\u00e7as Armadas","interven\u00e7\u00e3o internacional"],"articleSection":["Not\u00edcias"],"inLanguage":"pt-PT"},{"@type":"WebPage","@id":"https:\/\/portaltela.pt\/noticias\/2026\/01\/18\/presidente-sirio-assina-novo-acordo-de-cessar-fogo\/","url":"https:\/\/portaltela.pt\/noticias\/2026\/01\/18\/presidente-sirio-assina-novo-acordo-de-cessar-fogo\/","name":"Presidente s\u00edrio assina novo acordo de cessar-fogo - Portal Tela Portugal","isPartOf":{"@id":"https:\/\/portaltela.pt\/#website"},"primaryImageOfPage":{"@id":"https:\/\/portaltela.pt\/noticias\/2026\/01\/18\/presidente-sirio-assina-novo-acordo-de-cessar-fogo\/#primaryimage"},"image":{"@id":"https:\/\/portaltela.pt\/noticias\/2026\/01\/18\/presidente-sirio-assina-novo-acordo-de-cessar-fogo\/#primaryimage"},"thumbnailUrl":"https:\/\/portaltela.pt\/s.01k8rhncp4jt1\/2026\/01\/46375407.jpg","datePublished":"2026-01-18T18:13:00+00:00","author":{"@id":"https:\/\/portaltela.pt\/#\/schema\/person\/c4278d4a6028830caff9ee44b42d32ed"},"breadcrumb":{"@id":"https:\/\/portaltela.pt\/noticias\/2026\/01\/18\/presidente-sirio-assina-novo-acordo-de-cessar-fogo\/#breadcrumb"},"inLanguage":"pt-PT","potentialAction":[{"@type":"ReadAction","target":["https:\/\/portaltela.pt\/noticias\/2026\/01\/18\/presidente-sirio-assina-novo-acordo-de-cessar-fogo\/"]}]},{"@type":"ImageObject","inLanguage":"pt-PT","@id":"https:\/\/portaltela.pt\/noticias\/2026\/01\/18\/presidente-sirio-assina-novo-acordo-de-cessar-fogo\/#primaryimage","url":"https:\/\/portaltela.pt\/s.01k8rhncp4jt1\/2026\/01\/46375407.jpg","contentUrl":"https:\/\/portaltela.pt\/s.01k8rhncp4jt1\/2026\/01\/46375407.jpg","width":796,"height":448,"caption":"Locals cheer as Syrian army and security forces enter the city of Tabqa in the Raqqa countryside, after the Syrian government took control of the city on January 18, 2026."},{"@type":"BreadcrumbList","@id":"https:\/\/portaltela.pt\/noticias\/2026\/01\/18\/presidente-sirio-assina-novo-acordo-de-cessar-fogo\/#breadcrumb","itemListElement":[{"@type":"ListItem","position":1,"name":"In\u00edcio","item":"https:\/\/portaltela.pt\/"},{"@type":"ListItem","position":2,"name":"Presidente s\u00edrio assina novo acordo de cessar-fogo"}]},{"@type":"WebSite","@id":"https:\/\/portaltela.pt\/#website","url":"https:\/\/portaltela.pt\/","name":"Portal Tela Portugal","description":"","potentialAction":[{"@type":"SearchAction","target":{"@type":"EntryPoint","urlTemplate":"https:\/\/portaltela.pt\/?s={search_term_string}"},"query-input":{"@type":"PropertyValueSpecification","valueRequired":true,"valueName":"search_term_string"}}],"inLanguage":"pt-PT"},{"@type":"Person","@id":"https:\/\/portaltela.pt\/#\/schema\/person\/c4278d4a6028830caff9ee44b42d32ed","name":"Telinha","image":{"@type":"ImageObject","inLanguage":"pt-PT","@id":"https:\/\/portaltela.pt\/s.01k8rhncp4jt1\/2025\/11\/talking-bot-125x125.png","url":"https:\/\/portaltela.pt\/s.01k8rhncp4jt1\/2025\/11\/talking-bot-125x125.png","contentUrl":"https:\/\/portaltela.pt\/s.01k8rhncp4jt1\/2025\/11\/talking-bot-125x125.png","caption":"Telinha"},"sameAs":["https:\/\/portaltela.pt\/"],"url":"https:\/\/portaltela.pt\/por\/367410592786\/"}]}},"_links":{"self":[{"href":"https:\/\/portaltela.pt\/api\/wp\/v2\/posts\/150657","targetHints":{"allow":["GET"]}}],"collection":[{"href":"https:\/\/portaltela.pt\/api\/wp\/v2\/posts"}],"about":[{"href":"https:\/\/portaltela.pt\/api\/wp\/v2\/types\/post"}],"author":[{"embeddable":true,"href":"https:\/\/portaltela.pt\/api\/wp\/v2\/users\/2"}],"replies":[{"embeddable":true,"href":"https:\/\/portaltela.pt\/api\/wp\/v2\/comments?post=150657"}],"version-history":[{"count":0,"href":"https:\/\/portaltela.pt\/api\/wp\/v2\/posts\/150657\/revisions"}],"wp:featuredmedia":[{"embeddable":true,"href":"https:\/\/portaltela.pt\/api\/wp\/v2\/media\/150658"}],"wp:attachment":[{"href":"https:\/\/portaltela.pt\/api\/wp\/v2\/media?parent=150657"}],"wp:term":[{"taxonomy":"category","embeddable":true,"href":"https:\/\/portaltela.pt\/api\/wp\/v2\/categories?post=150657"},{"taxonomy":"post_tag","embeddable":true,"href":"https:\/\/portaltela.pt\/api\/wp\/v2\/tags?post=150657"}],"curies":[{"name":"wp","href":"https:\/\/api.w.org\/{rel}","templated":true}]}}