{"id":150623,"date":"2026-01-18T14:46:00","date_gmt":"2026-01-18T17:46:00","guid":{"rendered":"https:\/\/portaltela.pt\/noticias\/2026\/01\/18\/francisca-laranjo-na-sede-de-andre-ventura-desperta-grande-expectativa\/"},"modified":"2026-01-18T14:46:00","modified_gmt":"2026-01-18T17:46:00","slug":"francisca-laranjo-na-sede-de-andre-ventura-desperta-grande-expectativa","status":"publish","type":"post","link":"https:\/\/portaltela.pt\/noticias\/politica\/2026\/01\/18\/francisca-laranjo-na-sede-de-andre-ventura-desperta-grande-expectativa\/","title":{"rendered":"Francisca Laranjo na sede de Andr\u00e9 Ventura desperta grande expectativa"},"content":{"rendered":"<p>Francisca Laranjo esteve hoje na sede de Andr\u00e9 Ventura, em meio a uma expectativa sobre os pr\u00f3ximos passos pol\u00edticos. A visita ocorreu no \u00e2mbito da divulga\u00e7\u00e3o de uma sondagem encomendada pelo Correio da Manh\u00e3 \u00e0 Intercampus.<\/p>\n<p>A sondagem \u00e9 apresentada como base para rea\u00e7\u00f5es dos protagonistas. Pedro Pinto, deputado do Chega, promete reagir aos resultados divulgados pela Intercampus, que ter\u00e1 recolha de dados para o jornal.<\/p>\n<p>A not\u00edcia \u00e9 centralizada em Lisboa, onde se situam as desloca\u00e7\u00f5es de figuras pol\u00edticas de relevo. O objetivo \u00e9 esclarecer como os n\u00fameros da sondagem podem influenciar decis\u00f5es futuras.<\/p>\n<p>Francisca Laranjo foi uma das figuras que marcaram presen\u00e7a na sede, em conversa com jornalistas e apoiantes, sem indicar compromissos formais. O evento focaliza a leitura dos dados pela imprensa.<\/p>\n<p>Al\u00e9m de Laranjo e Pinto, o contexto envolve potenciais impactos pol\u00edticos, com v\u00e1rios agentes a acompanharem de perto as respectivas leituras da sondagem e as interpreta\u00e7\u00f5es que dela poder\u00e3o advir.<\/p>\n","protected":false},"excerpt":{"rendered":"<ul>\n<li>Francisca Laranjo, hist\u00f3rica militante do Chega, esteve na sede de Andr\u00e9 Ventura, gerando grande expectativa sobre o que pode acontecer a seguir.<\/li>\n<li>O deputado do Chega Pedro Pinto vai reagir \u00e0 sondagem da Intercampus encomendada pelo Correio da Manh\u00e3.<\/li>\n<li>A mat\u00e9ria foi publicada em 18 de janeiro de 2026, \u00e0s 17h46.<\/li>\n<li>A sondagem visa esclarecer posicionamentos e eventuais pr\u00f3ximos passos do Chega, segundo a reportagem.<\/li>\n<\/ul>\n","protected":false},"author":2,"featured_media":150626,"comment_status":"closed","ping_status":"closed","sticky":false,"template":"","format":"standard","meta":{"footnotes":""},"categories":[1,5],"tags":[2453,2142,68,3400,981,2832],"class_list":["post-150623","post","type-post","status-publish","format-standard","has-post-thumbnail","hentry","category-noticias","category-politica","tag-andre-ventura","tag-chega","tag-eleicoes","tag-intercampus","tag-lisboa","tag-politica"],"yoast_head":"<!-- This site is optimized with the Yoast SEO plugin v27.2 - https:\/\/yoast.com\/product\/yoast-seo-wordpress\/ -->\n<title>Francisca Laranjo na sede de Andr\u00e9 Ventura desperta grande expectativa - Portal Tela Portugal<\/title>\n<meta name=\"robots\" content=\"index, follow, max-snippet:-1, max-image-preview:large, max-video-preview:-1\" \/>\n<meta property=\"og:locale\" content=\"pt_PT\" \/>\n<meta property=\"og:type\" content=\"article\" \/>\n<meta property=\"og:title\" content=\"Francisca Laranjo na sede de Andr\u00e9 Ventura desperta grande expectativa - Portal Tela Portugal\" \/>\n<meta property=\"og:description\" content=\"Francisca Laranjo, hist\u00f3rica militante do Chega, esteve na sede de Andr\u00e9 Ventura, gerando grande expectativa sobre o que pode acontecer a seguir. O deputado do Chega Pedro Pinto vai reagir \u00e0 sondagem da Intercampus encomendada pelo Correio da Manh\u00e3. A mat\u00e9ria foi publicada em 18 de janeiro de 2026, \u00e0s 17h46. A sondagem visa esclarecer posicionamentos e eventuais pr\u00f3ximos passos do Chega, segundo a reportagem.\" \/>\n<meta property=\"og:url\" content=\"https:\/\/portaltela.pt\/noticias\/2026\/01\/18\/francisca-laranjo-na-sede-de-andre-ventura-desperta-grande-expectativa\/\" \/>\n<meta property=\"og:site_name\" content=\"Portal Tela Portugal\" \/>\n<meta property=\"article:published_time\" content=\"2026-01-18T17:46:00+00:00\" \/>\n<meta name=\"author\" content=\"Telinha\" \/>\n<meta name=\"twitter:card\" content=\"summary_large_image\" \/>\n<meta name=\"twitter:label1\" content=\"Escrito por\" \/>\n\t<meta name=\"twitter:data1\" content=\"Telinha\" \/>\n\t<meta name=\"twitter:label2\" content=\"Tempo estimado de leitura\" \/>\n\t<meta name=\"twitter:data2\" content=\"1 minuto\" \/>\n<script type=\"application\/ld+json\" class=\"yoast-schema-graph\">{\"@context\":\"https:\/\/schema.org\",\"@graph\":[{\"@type\":\"Article\",\"@id\":\"https:\/\/portaltela.pt\/noticias\/2026\/01\/18\/francisca-laranjo-na-sede-de-andre-ventura-desperta-grande-expectativa\/#article\",\"isPartOf\":{\"@id\":\"https:\/\/portaltela.pt\/noticias\/2026\/01\/18\/francisca-laranjo-na-sede-de-andre-ventura-desperta-grande-expectativa\/\"},\"author\":{\"name\":\"Telinha\",\"@id\":\"https:\/\/portaltela.pt\/#\/schema\/person\/c4278d4a6028830caff9ee44b42d32ed\"},\"headline\":\"Francisca Laranjo na sede de Andr\u00e9 Ventura desperta grande expectativa\",\"datePublished\":\"2026-01-18T17:46:00+00:00\",\"mainEntityOfPage\":{\"@id\":\"https:\/\/portaltela.pt\/noticias\/2026\/01\/18\/francisca-laranjo-na-sede-de-andre-ventura-desperta-grande-expectativa\/\"},\"wordCount\":176,\"image\":{\"@id\":\"https:\/\/portaltela.pt\/noticias\/2026\/01\/18\/francisca-laranjo-na-sede-de-andre-ventura-desperta-grande-expectativa\/#primaryimage\"},\"thumbnailUrl\":\"https:\/\/portaltela.pt\/s.01k8rhncp4jt1\/2026\/01\/img_1280x722uu2026-01-18-17-38-54-2261058-im-639043553885986426.jpg\",\"keywords\":[\"Andr\u00e9 Ventura\",\"CHEGA\",\"elei\u00e7\u00f5es\",\"Intercampus\",\"Lisboa\",\"pol\u00edtica\"],\"articleSection\":[\"Not\u00edcias\",\"Pol\u00edtica\"],\"inLanguage\":\"pt-PT\"},{\"@type\":\"WebPage\",\"@id\":\"https:\/\/portaltela.pt\/noticias\/2026\/01\/18\/francisca-laranjo-na-sede-de-andre-ventura-desperta-grande-expectativa\/\",\"url\":\"https:\/\/portaltela.pt\/noticias\/2026\/01\/18\/francisca-laranjo-na-sede-de-andre-ventura-desperta-grande-expectativa\/\",\"name\":\"Francisca Laranjo na sede de Andr\u00e9 Ventura desperta grande expectativa - Portal Tela Portugal\",\"isPartOf\":{\"@id\":\"https:\/\/portaltela.pt\/#website\"},\"primaryImageOfPage\":{\"@id\":\"https:\/\/portaltela.pt\/noticias\/2026\/01\/18\/francisca-laranjo-na-sede-de-andre-ventura-desperta-grande-expectativa\/#primaryimage\"},\"image\":{\"@id\":\"https:\/\/portaltela.pt\/noticias\/2026\/01\/18\/francisca-laranjo-na-sede-de-andre-ventura-desperta-grande-expectativa\/#primaryimage\"},\"thumbnailUrl\":\"https:\/\/portaltela.pt\/s.01k8rhncp4jt1\/2026\/01\/img_1280x722uu2026-01-18-17-38-54-2261058-im-639043553885986426.jpg\",\"datePublished\":\"2026-01-18T17:46:00+00:00\",\"author\":{\"@id\":\"https:\/\/portaltela.pt\/#\/schema\/person\/c4278d4a6028830caff9ee44b42d32ed\"},\"breadcrumb\":{\"@id\":\"https:\/\/portaltela.pt\/noticias\/2026\/01\/18\/francisca-laranjo-na-sede-de-andre-ventura-desperta-grande-expectativa\/#breadcrumb\"},\"inLanguage\":\"pt-PT\",\"potentialAction\":[{\"@type\":\"ReadAction\",\"target\":[\"https:\/\/portaltela.pt\/noticias\/2026\/01\/18\/francisca-laranjo-na-sede-de-andre-ventura-desperta-grande-expectativa\/\"]}]},{\"@type\":\"ImageObject\",\"inLanguage\":\"pt-PT\",\"@id\":\"https:\/\/portaltela.pt\/noticias\/2026\/01\/18\/francisca-laranjo-na-sede-de-andre-ventura-desperta-grande-expectativa\/#primaryimage\",\"url\":\"https:\/\/portaltela.pt\/s.01k8rhncp4jt1\/2026\/01\/img_1280x722uu2026-01-18-17-38-54-2261058-im-639043553885986426.jpg\",\"contentUrl\":\"https:\/\/portaltela.pt\/s.01k8rhncp4jt1\/2026\/01\/img_1280x722uu2026-01-18-17-38-54-2261058-im-639043553885986426.jpg\",\"width\":796,\"height\":448,\"caption\":\"Photo\"},{\"@type\":\"BreadcrumbList\",\"@id\":\"https:\/\/portaltela.pt\/noticias\/2026\/01\/18\/francisca-laranjo-na-sede-de-andre-ventura-desperta-grande-expectativa\/#breadcrumb\",\"itemListElement\":[{\"@type\":\"ListItem\",\"position\":1,\"name\":\"In\u00edcio\",\"item\":\"https:\/\/portaltela.pt\/\"},{\"@type\":\"ListItem\",\"position\":2,\"name\":\"Francisca Laranjo na sede de Andr\u00e9 Ventura desperta grande expectativa\"}]},{\"@type\":\"WebSite\",\"@id\":\"https:\/\/portaltela.pt\/#website\",\"url\":\"https:\/\/portaltela.pt\/\",\"name\":\"Portal Tela Portugal\",\"description\":\"\",\"potentialAction\":[{\"@type\":\"SearchAction\",\"target\":{\"@type\":\"EntryPoint\",\"urlTemplate\":\"https:\/\/portaltela.pt\/?s={search_term_string}\"},\"query-input\":{\"@type\":\"PropertyValueSpecification\",\"valueRequired\":true,\"valueName\":\"search_term_string\"}}],\"inLanguage\":\"pt-PT\"},{\"@type\":\"Person\",\"@id\":\"https:\/\/portaltela.pt\/#\/schema\/person\/c4278d4a6028830caff9ee44b42d32ed\",\"name\":\"Telinha\",\"image\":{\"@type\":\"ImageObject\",\"inLanguage\":\"pt-PT\",\"@id\":\"https:\/\/portaltela.pt\/s.01k8rhncp4jt1\/2025\/11\/talking-bot-125x125.png\",\"url\":\"https:\/\/portaltela.pt\/s.01k8rhncp4jt1\/2025\/11\/talking-bot-125x125.png\",\"contentUrl\":\"https:\/\/portaltela.pt\/s.01k8rhncp4jt1\/2025\/11\/talking-bot-125x125.png\",\"caption\":\"Telinha\"},\"sameAs\":[\"https:\/\/portaltela.pt\/\"],\"url\":\"https:\/\/portaltela.pt\/por\/367410592786\/\"}]}<\/script>\n<!-- \/ Yoast SEO plugin. -->","yoast_head_json":{"title":"Francisca Laranjo na sede de Andr\u00e9 Ventura desperta grande expectativa - Portal Tela Portugal","robots":{"index":"index","follow":"follow","max-snippet":"max-snippet:-1","max-image-preview":"max-image-preview:large","max-video-preview":"max-video-preview:-1"},"og_locale":"pt_PT","og_type":"article","og_title":"Francisca Laranjo na sede de Andr\u00e9 Ventura desperta grande expectativa - Portal Tela Portugal","og_description":"Francisca Laranjo, hist\u00f3rica militante do Chega, esteve na sede de Andr\u00e9 Ventura, gerando grande expectativa sobre o que pode acontecer a seguir. O deputado do Chega Pedro Pinto vai reagir \u00e0 sondagem da Intercampus encomendada pelo Correio da Manh\u00e3. A mat\u00e9ria foi publicada em 18 de janeiro de 2026, \u00e0s 17h46. A sondagem visa esclarecer posicionamentos e eventuais pr\u00f3ximos passos do Chega, segundo a reportagem.","og_url":"https:\/\/portaltela.pt\/noticias\/2026\/01\/18\/francisca-laranjo-na-sede-de-andre-ventura-desperta-grande-expectativa\/","og_site_name":"Portal Tela Portugal","article_published_time":"2026-01-18T17:46:00+00:00","author":"Telinha","twitter_card":"summary_large_image","twitter_misc":{"Escrito por":"Telinha","Tempo estimado de leitura":"1 minuto"},"schema":{"@context":"https:\/\/schema.org","@graph":[{"@type":"Article","@id":"https:\/\/portaltela.pt\/noticias\/2026\/01\/18\/francisca-laranjo-na-sede-de-andre-ventura-desperta-grande-expectativa\/#article","isPartOf":{"@id":"https:\/\/portaltela.pt\/noticias\/2026\/01\/18\/francisca-laranjo-na-sede-de-andre-ventura-desperta-grande-expectativa\/"},"author":{"name":"Telinha","@id":"https:\/\/portaltela.pt\/#\/schema\/person\/c4278d4a6028830caff9ee44b42d32ed"},"headline":"Francisca Laranjo na sede de Andr\u00e9 Ventura desperta grande expectativa","datePublished":"2026-01-18T17:46:00+00:00","mainEntityOfPage":{"@id":"https:\/\/portaltela.pt\/noticias\/2026\/01\/18\/francisca-laranjo-na-sede-de-andre-ventura-desperta-grande-expectativa\/"},"wordCount":176,"image":{"@id":"https:\/\/portaltela.pt\/noticias\/2026\/01\/18\/francisca-laranjo-na-sede-de-andre-ventura-desperta-grande-expectativa\/#primaryimage"},"thumbnailUrl":"https:\/\/portaltela.pt\/s.01k8rhncp4jt1\/2026\/01\/img_1280x722uu2026-01-18-17-38-54-2261058-im-639043553885986426.jpg","keywords":["Andr\u00e9 Ventura","CHEGA","elei\u00e7\u00f5es","Intercampus","Lisboa","pol\u00edtica"],"articleSection":["Not\u00edcias","Pol\u00edtica"],"inLanguage":"pt-PT"},{"@type":"WebPage","@id":"https:\/\/portaltela.pt\/noticias\/2026\/01\/18\/francisca-laranjo-na-sede-de-andre-ventura-desperta-grande-expectativa\/","url":"https:\/\/portaltela.pt\/noticias\/2026\/01\/18\/francisca-laranjo-na-sede-de-andre-ventura-desperta-grande-expectativa\/","name":"Francisca Laranjo na sede de Andr\u00e9 Ventura desperta grande expectativa - Portal Tela Portugal","isPartOf":{"@id":"https:\/\/portaltela.pt\/#website"},"primaryImageOfPage":{"@id":"https:\/\/portaltela.pt\/noticias\/2026\/01\/18\/francisca-laranjo-na-sede-de-andre-ventura-desperta-grande-expectativa\/#primaryimage"},"image":{"@id":"https:\/\/portaltela.pt\/noticias\/2026\/01\/18\/francisca-laranjo-na-sede-de-andre-ventura-desperta-grande-expectativa\/#primaryimage"},"thumbnailUrl":"https:\/\/portaltela.pt\/s.01k8rhncp4jt1\/2026\/01\/img_1280x722uu2026-01-18-17-38-54-2261058-im-639043553885986426.jpg","datePublished":"2026-01-18T17:46:00+00:00","author":{"@id":"https:\/\/portaltela.pt\/#\/schema\/person\/c4278d4a6028830caff9ee44b42d32ed"},"breadcrumb":{"@id":"https:\/\/portaltela.pt\/noticias\/2026\/01\/18\/francisca-laranjo-na-sede-de-andre-ventura-desperta-grande-expectativa\/#breadcrumb"},"inLanguage":"pt-PT","potentialAction":[{"@type":"ReadAction","target":["https:\/\/portaltela.pt\/noticias\/2026\/01\/18\/francisca-laranjo-na-sede-de-andre-ventura-desperta-grande-expectativa\/"]}]},{"@type":"ImageObject","inLanguage":"pt-PT","@id":"https:\/\/portaltela.pt\/noticias\/2026\/01\/18\/francisca-laranjo-na-sede-de-andre-ventura-desperta-grande-expectativa\/#primaryimage","url":"https:\/\/portaltela.pt\/s.01k8rhncp4jt1\/2026\/01\/img_1280x722uu2026-01-18-17-38-54-2261058-im-639043553885986426.jpg","contentUrl":"https:\/\/portaltela.pt\/s.01k8rhncp4jt1\/2026\/01\/img_1280x722uu2026-01-18-17-38-54-2261058-im-639043553885986426.jpg","width":796,"height":448,"caption":"Photo"},{"@type":"BreadcrumbList","@id":"https:\/\/portaltela.pt\/noticias\/2026\/01\/18\/francisca-laranjo-na-sede-de-andre-ventura-desperta-grande-expectativa\/#breadcrumb","itemListElement":[{"@type":"ListItem","position":1,"name":"In\u00edcio","item":"https:\/\/portaltela.pt\/"},{"@type":"ListItem","position":2,"name":"Francisca Laranjo na sede de Andr\u00e9 Ventura desperta grande expectativa"}]},{"@type":"WebSite","@id":"https:\/\/portaltela.pt\/#website","url":"https:\/\/portaltela.pt\/","name":"Portal Tela Portugal","description":"","potentialAction":[{"@type":"SearchAction","target":{"@type":"EntryPoint","urlTemplate":"https:\/\/portaltela.pt\/?s={search_term_string}"},"query-input":{"@type":"PropertyValueSpecification","valueRequired":true,"valueName":"search_term_string"}}],"inLanguage":"pt-PT"},{"@type":"Person","@id":"https:\/\/portaltela.pt\/#\/schema\/person\/c4278d4a6028830caff9ee44b42d32ed","name":"Telinha","image":{"@type":"ImageObject","inLanguage":"pt-PT","@id":"https:\/\/portaltela.pt\/s.01k8rhncp4jt1\/2025\/11\/talking-bot-125x125.png","url":"https:\/\/portaltela.pt\/s.01k8rhncp4jt1\/2025\/11\/talking-bot-125x125.png","contentUrl":"https:\/\/portaltela.pt\/s.01k8rhncp4jt1\/2025\/11\/talking-bot-125x125.png","caption":"Telinha"},"sameAs":["https:\/\/portaltela.pt\/"],"url":"https:\/\/portaltela.pt\/por\/367410592786\/"}]}},"_links":{"self":[{"href":"https:\/\/portaltela.pt\/api\/wp\/v2\/posts\/150623","targetHints":{"allow":["GET"]}}],"collection":[{"href":"https:\/\/portaltela.pt\/api\/wp\/v2\/posts"}],"about":[{"href":"https:\/\/portaltela.pt\/api\/wp\/v2\/types\/post"}],"author":[{"embeddable":true,"href":"https:\/\/portaltela.pt\/api\/wp\/v2\/users\/2"}],"replies":[{"embeddable":true,"href":"https:\/\/portaltela.pt\/api\/wp\/v2\/comments?post=150623"}],"version-history":[{"count":0,"href":"https:\/\/portaltela.pt\/api\/wp\/v2\/posts\/150623\/revisions"}],"wp:featuredmedia":[{"embeddable":true,"href":"https:\/\/portaltela.pt\/api\/wp\/v2\/media\/150626"}],"wp:attachment":[{"href":"https:\/\/portaltela.pt\/api\/wp\/v2\/media?parent=150623"}],"wp:term":[{"taxonomy":"category","embeddable":true,"href":"https:\/\/portaltela.pt\/api\/wp\/v2\/categories?post=150623"},{"taxonomy":"post_tag","embeddable":true,"href":"https:\/\/portaltela.pt\/api\/wp\/v2\/tags?post=150623"}],"curies":[{"name":"wp","href":"https:\/\/api.w.org\/{rel}","templated":true}]}}