{"id":150621,"date":"2026-01-18T14:54:00","date_gmt":"2026-01-18T17:54:00","guid":{"rendered":"https:\/\/portaltela.pt\/noticias\/2026\/01\/18\/presidente-assina-novo-acordo-de-cessar-fogo-com-forcas-democraticas-sirias\/"},"modified":"2026-01-18T14:54:00","modified_gmt":"2026-01-18T17:54:00","slug":"presidente-assina-novo-acordo-de-cessar-fogo-com-forcas-democraticas-sirias","status":"publish","type":"post","link":"https:\/\/portaltela.pt\/noticias\/2026\/01\/18\/presidente-assina-novo-acordo-de-cessar-fogo-com-forcas-democraticas-sirias\/","title":{"rendered":"Presidente assina novo acordo de cessar-fogo com For\u00e7as Democr\u00e1ticas S\u00edrias"},"content":{"rendered":"<p>O Presidente s\u00edrio, Ahmed al-Sharaa, assinou este domingo um novo acordo de cessar-fogo com as For\u00e7as Democr\u00e1ticas S\u00edrias (FDS), lideradas pelos curdos. O acordo prev\u00ea a transfer\u00eancia da administra\u00e7\u00e3o de tr\u00eas prov\u00edncias para o Governo s\u00edrio.<\/p>\n<p>O documento foi assinado por al-Sharaa e pelo l\u00edder das FDS, Mazlum Abdi, em Damasco. O cessar-fogo total e imediato entra em vigor em todas as frentes entre as for\u00e7as s\u00edrias e as FDS.<\/p>\n<p>Como etapa preparat\u00f3ria, as forma\u00e7\u00f5es militares das FDS dever\u00e3o retirar-se para a zona a leste do rio Eufrates, abrindo caminho para o reposicionamento das unidades.<\/p>\n<p>O an\u00fancio do acordo ocorreu ap\u00f3s a reuni\u00e3o de al-Sharaa com o enviado especial dos EUA para a S\u00edria, Thomas Barrack, em Damasco. A audi\u00eancia visava esclarecer condi\u00e7\u00f5es militares e pol\u00edticas do acordo.<\/p>\n","protected":false},"excerpt":{"rendered":"<ul>\n<li>O presidente s\u00edrio, Ahmed al-Sharaa, assinou um novo acordo de cessar-fogo com as For\u00e7as Democr\u00e1ticas S\u00edrias (FDS), lideradas pelos curdos, que passam a entregar ao Governo a administra\u00e7\u00e3o de tr\u00eas prov\u00edncias que controlavam.<\/li>\n<li>O acordo prev\u00ea um cessar-fogo total e imediato em todas as frentes entre as for\u00e7as s\u00edrias e a FDS, acompanhado da retirada de todas as forma\u00e7\u00f5es da FDS para a zona a leste do rio Eufrates.<\/li>\n<li>A retirada \u00e9 parte de uma etapa preparat\u00f3ria para o reposicionamento das for\u00e7as.<\/li>\n<li>O an\u00fancio foi feito ap\u00f3s Al-Sharaa se reunir com o enviado especial dos Estados Unidos para a S\u00edria, Thomas Barrack, em Damasco.<\/li>\n<li>O l\u00edder das FDS, Mazlum Abdi, assinou o acordo ao lado de Al-Sharaa.<\/li>\n<\/ul>\n","protected":false},"author":2,"featured_media":150624,"comment_status":"closed","ping_status":"closed","sticky":false,"template":"","format":"standard","meta":{"footnotes":""},"categories":[],"tags":[26,2198,1779,34,2036,2066],"class_list":["post-150621","post","type-post","status-publish","format-standard","has-post-thumbnail","hentry","tag-acontecimentos-internacionais","tag-conflitos-internacionais","tag-forcas-armadas","tag-governo","tag-negociacoes-internacionais","tag-siria"],"yoast_head":"<!-- This site is optimized with the Yoast SEO plugin v27.2 - https:\/\/yoast.com\/product\/yoast-seo-wordpress\/ -->\n<title>Presidente assina novo acordo de cessar-fogo com For\u00e7as Democr\u00e1ticas S\u00edrias - Portal Tela Portugal<\/title>\n<meta name=\"robots\" content=\"index, follow, max-snippet:-1, max-image-preview:large, max-video-preview:-1\" \/>\n<meta property=\"og:locale\" content=\"pt_PT\" \/>\n<meta property=\"og:type\" content=\"article\" \/>\n<meta property=\"og:title\" content=\"Presidente assina novo acordo de cessar-fogo com For\u00e7as Democr\u00e1ticas S\u00edrias - Portal Tela Portugal\" \/>\n<meta property=\"og:description\" content=\"O presidente s\u00edrio, Ahmed al-Sharaa, assinou um novo acordo de cessar-fogo com as For\u00e7as Democr\u00e1ticas S\u00edrias (FDS), lideradas pelos curdos, que passam a entregar ao Governo a administra\u00e7\u00e3o de tr\u00eas prov\u00edncias que controlavam. O acordo prev\u00ea um cessar-fogo total e imediato em todas as frentes entre as for\u00e7as s\u00edrias e a FDS, acompanhado da retirada de todas as forma\u00e7\u00f5es da FDS para a zona a leste do rio Eufrates. A retirada \u00e9 parte de uma etapa preparat\u00f3ria para o reposicionamento das for\u00e7as. O an\u00fancio foi feito ap\u00f3s Al-Sharaa se reunir com o enviado especial dos Estados Unidos para a S\u00edria, Thomas Barrack, em Damasco. O l\u00edder das FDS, Mazlum Abdi, assinou o acordo ao lado de Al-Sharaa.\" \/>\n<meta property=\"og:url\" content=\"https:\/\/portaltela.pt\/noticias\/2026\/01\/18\/presidente-assina-novo-acordo-de-cessar-fogo-com-forcas-democraticas-sirias\/\" \/>\n<meta property=\"og:site_name\" content=\"Portal Tela Portugal\" \/>\n<meta property=\"article:published_time\" content=\"2026-01-18T17:54:00+00:00\" \/>\n<meta name=\"author\" content=\"Telinha\" \/>\n<meta name=\"twitter:card\" content=\"summary_large_image\" \/>\n<meta name=\"twitter:label1\" content=\"Escrito por\" \/>\n\t<meta name=\"twitter:data1\" content=\"Telinha\" \/>\n\t<meta name=\"twitter:label2\" content=\"Tempo estimado de leitura\" \/>\n\t<meta name=\"twitter:data2\" content=\"1 minuto\" \/>\n<script type=\"application\/ld+json\" class=\"yoast-schema-graph\">{\"@context\":\"https:\/\/schema.org\",\"@graph\":[{\"@type\":\"Article\",\"@id\":\"https:\/\/portaltela.pt\/noticias\/2026\/01\/18\/presidente-assina-novo-acordo-de-cessar-fogo-com-forcas-democraticas-sirias\/#article\",\"isPartOf\":{\"@id\":\"https:\/\/portaltela.pt\/noticias\/2026\/01\/18\/presidente-assina-novo-acordo-de-cessar-fogo-com-forcas-democraticas-sirias\/\"},\"author\":{\"name\":\"Telinha\",\"@id\":\"https:\/\/portaltela.pt\/#\/schema\/person\/c4278d4a6028830caff9ee44b42d32ed\"},\"headline\":\"Presidente assina novo acordo de cessar-fogo com For\u00e7as Democr\u00e1ticas S\u00edrias\",\"datePublished\":\"2026-01-18T17:54:00+00:00\",\"mainEntityOfPage\":{\"@id\":\"https:\/\/portaltela.pt\/noticias\/2026\/01\/18\/presidente-assina-novo-acordo-de-cessar-fogo-com-forcas-democraticas-sirias\/\"},\"wordCount\":163,\"image\":{\"@id\":\"https:\/\/portaltela.pt\/noticias\/2026\/01\/18\/presidente-assina-novo-acordo-de-cessar-fogo-com-forcas-democraticas-sirias\/#primaryimage\"},\"thumbnailUrl\":\"https:\/\/portaltela.pt\/s.01k8rhncp4jt1\/2026\/01\/img_1280x721uu2026-01-18-17-53-48-2261062.jpg\",\"keywords\":[\"acontecimentos internacionais\",\"conflitos internacionais\",\"For\u00e7as Armadas\",\"governo\",\"negocia\u00e7\u00f5es internacionais\",\"S\u00edria\"],\"inLanguage\":\"pt-PT\"},{\"@type\":\"WebPage\",\"@id\":\"https:\/\/portaltela.pt\/noticias\/2026\/01\/18\/presidente-assina-novo-acordo-de-cessar-fogo-com-forcas-democraticas-sirias\/\",\"url\":\"https:\/\/portaltela.pt\/noticias\/2026\/01\/18\/presidente-assina-novo-acordo-de-cessar-fogo-com-forcas-democraticas-sirias\/\",\"name\":\"Presidente assina novo acordo de cessar-fogo com For\u00e7as Democr\u00e1ticas S\u00edrias - Portal Tela Portugal\",\"isPartOf\":{\"@id\":\"https:\/\/portaltela.pt\/#website\"},\"primaryImageOfPage\":{\"@id\":\"https:\/\/portaltela.pt\/noticias\/2026\/01\/18\/presidente-assina-novo-acordo-de-cessar-fogo-com-forcas-democraticas-sirias\/#primaryimage\"},\"image\":{\"@id\":\"https:\/\/portaltela.pt\/noticias\/2026\/01\/18\/presidente-assina-novo-acordo-de-cessar-fogo-com-forcas-democraticas-sirias\/#primaryimage\"},\"thumbnailUrl\":\"https:\/\/portaltela.pt\/s.01k8rhncp4jt1\/2026\/01\/img_1280x721uu2026-01-18-17-53-48-2261062.jpg\",\"datePublished\":\"2026-01-18T17:54:00+00:00\",\"author\":{\"@id\":\"https:\/\/portaltela.pt\/#\/schema\/person\/c4278d4a6028830caff9ee44b42d32ed\"},\"breadcrumb\":{\"@id\":\"https:\/\/portaltela.pt\/noticias\/2026\/01\/18\/presidente-assina-novo-acordo-de-cessar-fogo-com-forcas-democraticas-sirias\/#breadcrumb\"},\"inLanguage\":\"pt-PT\",\"potentialAction\":[{\"@type\":\"ReadAction\",\"target\":[\"https:\/\/portaltela.pt\/noticias\/2026\/01\/18\/presidente-assina-novo-acordo-de-cessar-fogo-com-forcas-democraticas-sirias\/\"]}]},{\"@type\":\"ImageObject\",\"inLanguage\":\"pt-PT\",\"@id\":\"https:\/\/portaltela.pt\/noticias\/2026\/01\/18\/presidente-assina-novo-acordo-de-cessar-fogo-com-forcas-democraticas-sirias\/#primaryimage\",\"url\":\"https:\/\/portaltela.pt\/s.01k8rhncp4jt1\/2026\/01\/img_1280x721uu2026-01-18-17-53-48-2261062.jpg\",\"contentUrl\":\"https:\/\/portaltela.pt\/s.01k8rhncp4jt1\/2026\/01\/img_1280x721uu2026-01-18-17-53-48-2261062.jpg\",\"width\":796,\"height\":448,\"caption\":\"Presidente s\u00edrio, Ahmed al-Sharaa\"},{\"@type\":\"BreadcrumbList\",\"@id\":\"https:\/\/portaltela.pt\/noticias\/2026\/01\/18\/presidente-assina-novo-acordo-de-cessar-fogo-com-forcas-democraticas-sirias\/#breadcrumb\",\"itemListElement\":[{\"@type\":\"ListItem\",\"position\":1,\"name\":\"In\u00edcio\",\"item\":\"https:\/\/portaltela.pt\/\"},{\"@type\":\"ListItem\",\"position\":2,\"name\":\"Presidente assina novo acordo de cessar-fogo com For\u00e7as Democr\u00e1ticas S\u00edrias\"}]},{\"@type\":\"WebSite\",\"@id\":\"https:\/\/portaltela.pt\/#website\",\"url\":\"https:\/\/portaltela.pt\/\",\"name\":\"Portal Tela Portugal\",\"description\":\"\",\"potentialAction\":[{\"@type\":\"SearchAction\",\"target\":{\"@type\":\"EntryPoint\",\"urlTemplate\":\"https:\/\/portaltela.pt\/?s={search_term_string}\"},\"query-input\":{\"@type\":\"PropertyValueSpecification\",\"valueRequired\":true,\"valueName\":\"search_term_string\"}}],\"inLanguage\":\"pt-PT\"},{\"@type\":\"Person\",\"@id\":\"https:\/\/portaltela.pt\/#\/schema\/person\/c4278d4a6028830caff9ee44b42d32ed\",\"name\":\"Telinha\",\"image\":{\"@type\":\"ImageObject\",\"inLanguage\":\"pt-PT\",\"@id\":\"https:\/\/portaltela.pt\/s.01k8rhncp4jt1\/2025\/11\/talking-bot-125x125.png\",\"url\":\"https:\/\/portaltela.pt\/s.01k8rhncp4jt1\/2025\/11\/talking-bot-125x125.png\",\"contentUrl\":\"https:\/\/portaltela.pt\/s.01k8rhncp4jt1\/2025\/11\/talking-bot-125x125.png\",\"caption\":\"Telinha\"},\"sameAs\":[\"https:\/\/portaltela.pt\/\"],\"url\":\"https:\/\/portaltela.pt\/por\/367410592786\/\"}]}<\/script>\n<!-- \/ Yoast SEO plugin. -->","yoast_head_json":{"title":"Presidente assina novo acordo de cessar-fogo com For\u00e7as Democr\u00e1ticas S\u00edrias - Portal Tela Portugal","robots":{"index":"index","follow":"follow","max-snippet":"max-snippet:-1","max-image-preview":"max-image-preview:large","max-video-preview":"max-video-preview:-1"},"og_locale":"pt_PT","og_type":"article","og_title":"Presidente assina novo acordo de cessar-fogo com For\u00e7as Democr\u00e1ticas S\u00edrias - Portal Tela Portugal","og_description":"O presidente s\u00edrio, Ahmed al-Sharaa, assinou um novo acordo de cessar-fogo com as For\u00e7as Democr\u00e1ticas S\u00edrias (FDS), lideradas pelos curdos, que passam a entregar ao Governo a administra\u00e7\u00e3o de tr\u00eas prov\u00edncias que controlavam. O acordo prev\u00ea um cessar-fogo total e imediato em todas as frentes entre as for\u00e7as s\u00edrias e a FDS, acompanhado da retirada de todas as forma\u00e7\u00f5es da FDS para a zona a leste do rio Eufrates. A retirada \u00e9 parte de uma etapa preparat\u00f3ria para o reposicionamento das for\u00e7as. O an\u00fancio foi feito ap\u00f3s Al-Sharaa se reunir com o enviado especial dos Estados Unidos para a S\u00edria, Thomas Barrack, em Damasco. O l\u00edder das FDS, Mazlum Abdi, assinou o acordo ao lado de Al-Sharaa.","og_url":"https:\/\/portaltela.pt\/noticias\/2026\/01\/18\/presidente-assina-novo-acordo-de-cessar-fogo-com-forcas-democraticas-sirias\/","og_site_name":"Portal Tela Portugal","article_published_time":"2026-01-18T17:54:00+00:00","author":"Telinha","twitter_card":"summary_large_image","twitter_misc":{"Escrito por":"Telinha","Tempo estimado de leitura":"1 minuto"},"schema":{"@context":"https:\/\/schema.org","@graph":[{"@type":"Article","@id":"https:\/\/portaltela.pt\/noticias\/2026\/01\/18\/presidente-assina-novo-acordo-de-cessar-fogo-com-forcas-democraticas-sirias\/#article","isPartOf":{"@id":"https:\/\/portaltela.pt\/noticias\/2026\/01\/18\/presidente-assina-novo-acordo-de-cessar-fogo-com-forcas-democraticas-sirias\/"},"author":{"name":"Telinha","@id":"https:\/\/portaltela.pt\/#\/schema\/person\/c4278d4a6028830caff9ee44b42d32ed"},"headline":"Presidente assina novo acordo de cessar-fogo com For\u00e7as Democr\u00e1ticas S\u00edrias","datePublished":"2026-01-18T17:54:00+00:00","mainEntityOfPage":{"@id":"https:\/\/portaltela.pt\/noticias\/2026\/01\/18\/presidente-assina-novo-acordo-de-cessar-fogo-com-forcas-democraticas-sirias\/"},"wordCount":163,"image":{"@id":"https:\/\/portaltela.pt\/noticias\/2026\/01\/18\/presidente-assina-novo-acordo-de-cessar-fogo-com-forcas-democraticas-sirias\/#primaryimage"},"thumbnailUrl":"https:\/\/portaltela.pt\/s.01k8rhncp4jt1\/2026\/01\/img_1280x721uu2026-01-18-17-53-48-2261062.jpg","keywords":["acontecimentos internacionais","conflitos internacionais","For\u00e7as Armadas","governo","negocia\u00e7\u00f5es internacionais","S\u00edria"],"inLanguage":"pt-PT"},{"@type":"WebPage","@id":"https:\/\/portaltela.pt\/noticias\/2026\/01\/18\/presidente-assina-novo-acordo-de-cessar-fogo-com-forcas-democraticas-sirias\/","url":"https:\/\/portaltela.pt\/noticias\/2026\/01\/18\/presidente-assina-novo-acordo-de-cessar-fogo-com-forcas-democraticas-sirias\/","name":"Presidente assina novo acordo de cessar-fogo com For\u00e7as Democr\u00e1ticas S\u00edrias - Portal Tela Portugal","isPartOf":{"@id":"https:\/\/portaltela.pt\/#website"},"primaryImageOfPage":{"@id":"https:\/\/portaltela.pt\/noticias\/2026\/01\/18\/presidente-assina-novo-acordo-de-cessar-fogo-com-forcas-democraticas-sirias\/#primaryimage"},"image":{"@id":"https:\/\/portaltela.pt\/noticias\/2026\/01\/18\/presidente-assina-novo-acordo-de-cessar-fogo-com-forcas-democraticas-sirias\/#primaryimage"},"thumbnailUrl":"https:\/\/portaltela.pt\/s.01k8rhncp4jt1\/2026\/01\/img_1280x721uu2026-01-18-17-53-48-2261062.jpg","datePublished":"2026-01-18T17:54:00+00:00","author":{"@id":"https:\/\/portaltela.pt\/#\/schema\/person\/c4278d4a6028830caff9ee44b42d32ed"},"breadcrumb":{"@id":"https:\/\/portaltela.pt\/noticias\/2026\/01\/18\/presidente-assina-novo-acordo-de-cessar-fogo-com-forcas-democraticas-sirias\/#breadcrumb"},"inLanguage":"pt-PT","potentialAction":[{"@type":"ReadAction","target":["https:\/\/portaltela.pt\/noticias\/2026\/01\/18\/presidente-assina-novo-acordo-de-cessar-fogo-com-forcas-democraticas-sirias\/"]}]},{"@type":"ImageObject","inLanguage":"pt-PT","@id":"https:\/\/portaltela.pt\/noticias\/2026\/01\/18\/presidente-assina-novo-acordo-de-cessar-fogo-com-forcas-democraticas-sirias\/#primaryimage","url":"https:\/\/portaltela.pt\/s.01k8rhncp4jt1\/2026\/01\/img_1280x721uu2026-01-18-17-53-48-2261062.jpg","contentUrl":"https:\/\/portaltela.pt\/s.01k8rhncp4jt1\/2026\/01\/img_1280x721uu2026-01-18-17-53-48-2261062.jpg","width":796,"height":448,"caption":"Presidente s\u00edrio, Ahmed al-Sharaa"},{"@type":"BreadcrumbList","@id":"https:\/\/portaltela.pt\/noticias\/2026\/01\/18\/presidente-assina-novo-acordo-de-cessar-fogo-com-forcas-democraticas-sirias\/#breadcrumb","itemListElement":[{"@type":"ListItem","position":1,"name":"In\u00edcio","item":"https:\/\/portaltela.pt\/"},{"@type":"ListItem","position":2,"name":"Presidente assina novo acordo de cessar-fogo com For\u00e7as Democr\u00e1ticas S\u00edrias"}]},{"@type":"WebSite","@id":"https:\/\/portaltela.pt\/#website","url":"https:\/\/portaltela.pt\/","name":"Portal Tela Portugal","description":"","potentialAction":[{"@type":"SearchAction","target":{"@type":"EntryPoint","urlTemplate":"https:\/\/portaltela.pt\/?s={search_term_string}"},"query-input":{"@type":"PropertyValueSpecification","valueRequired":true,"valueName":"search_term_string"}}],"inLanguage":"pt-PT"},{"@type":"Person","@id":"https:\/\/portaltela.pt\/#\/schema\/person\/c4278d4a6028830caff9ee44b42d32ed","name":"Telinha","image":{"@type":"ImageObject","inLanguage":"pt-PT","@id":"https:\/\/portaltela.pt\/s.01k8rhncp4jt1\/2025\/11\/talking-bot-125x125.png","url":"https:\/\/portaltela.pt\/s.01k8rhncp4jt1\/2025\/11\/talking-bot-125x125.png","contentUrl":"https:\/\/portaltela.pt\/s.01k8rhncp4jt1\/2025\/11\/talking-bot-125x125.png","caption":"Telinha"},"sameAs":["https:\/\/portaltela.pt\/"],"url":"https:\/\/portaltela.pt\/por\/367410592786\/"}]}},"_links":{"self":[{"href":"https:\/\/portaltela.pt\/api\/wp\/v2\/posts\/150621","targetHints":{"allow":["GET"]}}],"collection":[{"href":"https:\/\/portaltela.pt\/api\/wp\/v2\/posts"}],"about":[{"href":"https:\/\/portaltela.pt\/api\/wp\/v2\/types\/post"}],"author":[{"embeddable":true,"href":"https:\/\/portaltela.pt\/api\/wp\/v2\/users\/2"}],"replies":[{"embeddable":true,"href":"https:\/\/portaltela.pt\/api\/wp\/v2\/comments?post=150621"}],"version-history":[{"count":0,"href":"https:\/\/portaltela.pt\/api\/wp\/v2\/posts\/150621\/revisions"}],"wp:featuredmedia":[{"embeddable":true,"href":"https:\/\/portaltela.pt\/api\/wp\/v2\/media\/150624"}],"wp:attachment":[{"href":"https:\/\/portaltela.pt\/api\/wp\/v2\/media?parent=150621"}],"wp:term":[{"taxonomy":"category","embeddable":true,"href":"https:\/\/portaltela.pt\/api\/wp\/v2\/categories?post=150621"},{"taxonomy":"post_tag","embeddable":true,"href":"https:\/\/portaltela.pt\/api\/wp\/v2\/tags?post=150621"}],"curies":[{"name":"wp","href":"https:\/\/api.w.org\/{rel}","templated":true}]}}