{"id":150612,"date":"2026-01-18T14:58:02","date_gmt":"2026-01-18T17:58:02","guid":{"rendered":"https:\/\/portaltela.pt\/noticias\/2026\/01\/18\/gnr-detem-homem-em-aljustrel-suspeito-de-importunacao-sexual\/"},"modified":"2026-01-18T14:58:02","modified_gmt":"2026-01-18T17:58:02","slug":"gnr-detem-homem-em-aljustrel-suspeito-de-importunacao-sexual","status":"publish","type":"post","link":"https:\/\/portaltela.pt\/noticias\/2026\/01\/18\/gnr-detem-homem-em-aljustrel-suspeito-de-importunacao-sexual\/","title":{"rendered":"GNR det\u00e9m homem em Aljustrel suspeito de importuna\u00e7\u00e3o sexual"},"content":{"rendered":"<p>Um homem de 45 anos foi detido pela GNR na madrugada de domingo, em Aljustrel, Beja, suspeito de importuna\u00e7\u00e3o sexual a uma jovem de 23 anos. A deten\u00e7\u00e3o ocorreu na \u00e1rea de servi\u00e7o da Autoestrada 2 (A2).<\/p>\n<p>Segundo a GNR, o suspeito era estrangeiro e a v\u00edtima era portuguesa. Ambos seguiam num autocarro quando o homem foi interceptado pela autoridade na \u00e1rea de servi\u00e7o.<\/p>\n<p>A informa\u00e7\u00e3o indica que, ap\u00f3s a deten\u00e7\u00e3o, o suspeito foi constitu\u00eddo arguido e devidamente notificado. O caso foi encaminhado para um inqu\u00e9rito, segundo a for\u00e7a de seguran\u00e7a.<\/p>\n","protected":false},"excerpt":{"rendered":"<ul>\n<li>Um homem de 45 anos foi detido pela GNR na madrugada de domingo, em Aljustrel, suspeito de importuna\u00e7\u00e3o sexual a uma jovem de 23 anos.<\/li>\n<li>A investiga\u00e7\u00e3o indica que ambos seguiam num autocarro, com o suspeito a ser detido na \u00e1rea de servi\u00e7o de Aljustrel, na Autoestrada 2 (A2).<\/li>\n<li>O suspeito \u00e9 de nacionalidade estrangeira e a v\u00edtima \u00e9 portuguesa.<\/li>\n<li>Ap\u00f3s a deten\u00e7\u00e3o, o homem foi constitu\u00eddo arguido e notificado.<\/li>\n<li>O processo passou a inqu\u00e9rito, segundo a GNR.<\/li>\n<\/ul>\n","protected":false},"author":2,"featured_media":150614,"comment_status":"closed","ping_status":"closed","sticky":false,"template":"","format":"standard","meta":{"footnotes":""},"categories":[1],"tags":[1325,943,147,1092,40,250],"class_list":["post-150612","post","type-post","status-publish","format-standard","has-post-thumbnail","hentry","category-noticias","tag-aljustrel","tag-beja","tag-crime","tag-importunacao-sexual-agravada","tag-pessoas","tag-seguranca-publica"],"yoast_head":"<!-- This site is optimized with the Yoast SEO plugin v27.2 - https:\/\/yoast.com\/product\/yoast-seo-wordpress\/ -->\n<title>GNR det\u00e9m homem em Aljustrel suspeito de importuna\u00e7\u00e3o sexual - Portal Tela Portugal<\/title>\n<meta name=\"robots\" content=\"index, follow, max-snippet:-1, max-image-preview:large, max-video-preview:-1\" \/>\n<meta property=\"og:locale\" content=\"pt_PT\" \/>\n<meta property=\"og:type\" content=\"article\" \/>\n<meta property=\"og:title\" content=\"GNR det\u00e9m homem em Aljustrel suspeito de importuna\u00e7\u00e3o sexual - Portal Tela Portugal\" \/>\n<meta property=\"og:description\" content=\"Um homem de 45 anos foi detido pela GNR na madrugada de domingo, em Aljustrel, suspeito de importuna\u00e7\u00e3o sexual a uma jovem de 23 anos. A investiga\u00e7\u00e3o indica que ambos seguiam num autocarro, com o suspeito a ser detido na \u00e1rea de servi\u00e7o de Aljustrel, na Autoestrada 2 (A2). O suspeito \u00e9 de nacionalidade estrangeira e a v\u00edtima \u00e9 portuguesa. Ap\u00f3s a deten\u00e7\u00e3o, o homem foi constitu\u00eddo arguido e notificado. O processo passou a inqu\u00e9rito, segundo a GNR.\" \/>\n<meta property=\"og:url\" content=\"https:\/\/portaltela.pt\/noticias\/2026\/01\/18\/gnr-detem-homem-em-aljustrel-suspeito-de-importunacao-sexual\/\" \/>\n<meta property=\"og:site_name\" content=\"Portal Tela Portugal\" \/>\n<meta property=\"article:published_time\" content=\"2026-01-18T17:58:02+00:00\" \/>\n<meta name=\"author\" content=\"Telinha\" \/>\n<meta name=\"twitter:card\" content=\"summary_large_image\" \/>\n<meta name=\"twitter:label1\" content=\"Escrito por\" \/>\n\t<meta name=\"twitter:data1\" content=\"Telinha\" \/>\n\t<meta name=\"twitter:label2\" content=\"Tempo estimado de leitura\" \/>\n\t<meta name=\"twitter:data2\" content=\"1 minuto\" \/>\n<script type=\"application\/ld+json\" class=\"yoast-schema-graph\">{\"@context\":\"https:\/\/schema.org\",\"@graph\":[{\"@type\":\"Article\",\"@id\":\"https:\/\/portaltela.pt\/noticias\/2026\/01\/18\/gnr-detem-homem-em-aljustrel-suspeito-de-importunacao-sexual\/#article\",\"isPartOf\":{\"@id\":\"https:\/\/portaltela.pt\/noticias\/2026\/01\/18\/gnr-detem-homem-em-aljustrel-suspeito-de-importunacao-sexual\/\"},\"author\":{\"name\":\"Telinha\",\"@id\":\"https:\/\/portaltela.pt\/#\/schema\/person\/c4278d4a6028830caff9ee44b42d32ed\"},\"headline\":\"GNR det\u00e9m homem em Aljustrel suspeito de importuna\u00e7\u00e3o sexual\",\"datePublished\":\"2026-01-18T17:58:02+00:00\",\"mainEntityOfPage\":{\"@id\":\"https:\/\/portaltela.pt\/noticias\/2026\/01\/18\/gnr-detem-homem-em-aljustrel-suspeito-de-importunacao-sexual\/\"},\"wordCount\":111,\"image\":{\"@id\":\"https:\/\/portaltela.pt\/noticias\/2026\/01\/18\/gnr-detem-homem-em-aljustrel-suspeito-de-importunacao-sexual\/#primaryimage\"},\"thumbnailUrl\":\"https:\/\/portaltela.pt\/s.01k8rhncp4jt1\/2026\/01\/img_1500x1000uu2022-12-05-20-31-24-1222381-1.jpg\",\"keywords\":[\"Aljustrel\",\"Beja\",\"crime\",\"importuna\u00e7\u00e3o sexual agravada\",\"pessoas\",\"seguran\u00e7a p\u00fablica\"],\"articleSection\":[\"Not\u00edcias\"],\"inLanguage\":\"pt-PT\"},{\"@type\":\"WebPage\",\"@id\":\"https:\/\/portaltela.pt\/noticias\/2026\/01\/18\/gnr-detem-homem-em-aljustrel-suspeito-de-importunacao-sexual\/\",\"url\":\"https:\/\/portaltela.pt\/noticias\/2026\/01\/18\/gnr-detem-homem-em-aljustrel-suspeito-de-importunacao-sexual\/\",\"name\":\"GNR det\u00e9m homem em Aljustrel suspeito de importuna\u00e7\u00e3o sexual - Portal Tela Portugal\",\"isPartOf\":{\"@id\":\"https:\/\/portaltela.pt\/#website\"},\"primaryImageOfPage\":{\"@id\":\"https:\/\/portaltela.pt\/noticias\/2026\/01\/18\/gnr-detem-homem-em-aljustrel-suspeito-de-importunacao-sexual\/#primaryimage\"},\"image\":{\"@id\":\"https:\/\/portaltela.pt\/noticias\/2026\/01\/18\/gnr-detem-homem-em-aljustrel-suspeito-de-importunacao-sexual\/#primaryimage\"},\"thumbnailUrl\":\"https:\/\/portaltela.pt\/s.01k8rhncp4jt1\/2026\/01\/img_1500x1000uu2022-12-05-20-31-24-1222381-1.jpg\",\"datePublished\":\"2026-01-18T17:58:02+00:00\",\"author\":{\"@id\":\"https:\/\/portaltela.pt\/#\/schema\/person\/c4278d4a6028830caff9ee44b42d32ed\"},\"breadcrumb\":{\"@id\":\"https:\/\/portaltela.pt\/noticias\/2026\/01\/18\/gnr-detem-homem-em-aljustrel-suspeito-de-importunacao-sexual\/#breadcrumb\"},\"inLanguage\":\"pt-PT\",\"potentialAction\":[{\"@type\":\"ReadAction\",\"target\":[\"https:\/\/portaltela.pt\/noticias\/2026\/01\/18\/gnr-detem-homem-em-aljustrel-suspeito-de-importunacao-sexual\/\"]}]},{\"@type\":\"ImageObject\",\"inLanguage\":\"pt-PT\",\"@id\":\"https:\/\/portaltela.pt\/noticias\/2026\/01\/18\/gnr-detem-homem-em-aljustrel-suspeito-de-importunacao-sexual\/#primaryimage\",\"url\":\"https:\/\/portaltela.pt\/s.01k8rhncp4jt1\/2026\/01\/img_1500x1000uu2022-12-05-20-31-24-1222381-1.jpg\",\"contentUrl\":\"https:\/\/portaltela.pt\/s.01k8rhncp4jt1\/2026\/01\/img_1500x1000uu2022-12-05-20-31-24-1222381-1.jpg\",\"width\":796,\"height\":448,\"caption\":\"GNR\"},{\"@type\":\"BreadcrumbList\",\"@id\":\"https:\/\/portaltela.pt\/noticias\/2026\/01\/18\/gnr-detem-homem-em-aljustrel-suspeito-de-importunacao-sexual\/#breadcrumb\",\"itemListElement\":[{\"@type\":\"ListItem\",\"position\":1,\"name\":\"In\u00edcio\",\"item\":\"https:\/\/portaltela.pt\/\"},{\"@type\":\"ListItem\",\"position\":2,\"name\":\"GNR det\u00e9m homem em Aljustrel suspeito de importuna\u00e7\u00e3o sexual\"}]},{\"@type\":\"WebSite\",\"@id\":\"https:\/\/portaltela.pt\/#website\",\"url\":\"https:\/\/portaltela.pt\/\",\"name\":\"Portal Tela Portugal\",\"description\":\"\",\"potentialAction\":[{\"@type\":\"SearchAction\",\"target\":{\"@type\":\"EntryPoint\",\"urlTemplate\":\"https:\/\/portaltela.pt\/?s={search_term_string}\"},\"query-input\":{\"@type\":\"PropertyValueSpecification\",\"valueRequired\":true,\"valueName\":\"search_term_string\"}}],\"inLanguage\":\"pt-PT\"},{\"@type\":\"Person\",\"@id\":\"https:\/\/portaltela.pt\/#\/schema\/person\/c4278d4a6028830caff9ee44b42d32ed\",\"name\":\"Telinha\",\"image\":{\"@type\":\"ImageObject\",\"inLanguage\":\"pt-PT\",\"@id\":\"https:\/\/portaltela.pt\/s.01k8rhncp4jt1\/2025\/11\/talking-bot-125x125.png\",\"url\":\"https:\/\/portaltela.pt\/s.01k8rhncp4jt1\/2025\/11\/talking-bot-125x125.png\",\"contentUrl\":\"https:\/\/portaltela.pt\/s.01k8rhncp4jt1\/2025\/11\/talking-bot-125x125.png\",\"caption\":\"Telinha\"},\"sameAs\":[\"https:\/\/portaltela.pt\/\"],\"url\":\"https:\/\/portaltela.pt\/por\/367410592786\/\"}]}<\/script>\n<!-- \/ Yoast SEO plugin. -->","yoast_head_json":{"title":"GNR det\u00e9m homem em Aljustrel suspeito de importuna\u00e7\u00e3o sexual - Portal Tela Portugal","robots":{"index":"index","follow":"follow","max-snippet":"max-snippet:-1","max-image-preview":"max-image-preview:large","max-video-preview":"max-video-preview:-1"},"og_locale":"pt_PT","og_type":"article","og_title":"GNR det\u00e9m homem em Aljustrel suspeito de importuna\u00e7\u00e3o sexual - Portal Tela Portugal","og_description":"Um homem de 45 anos foi detido pela GNR na madrugada de domingo, em Aljustrel, suspeito de importuna\u00e7\u00e3o sexual a uma jovem de 23 anos. A investiga\u00e7\u00e3o indica que ambos seguiam num autocarro, com o suspeito a ser detido na \u00e1rea de servi\u00e7o de Aljustrel, na Autoestrada 2 (A2). O suspeito \u00e9 de nacionalidade estrangeira e a v\u00edtima \u00e9 portuguesa. Ap\u00f3s a deten\u00e7\u00e3o, o homem foi constitu\u00eddo arguido e notificado. O processo passou a inqu\u00e9rito, segundo a GNR.","og_url":"https:\/\/portaltela.pt\/noticias\/2026\/01\/18\/gnr-detem-homem-em-aljustrel-suspeito-de-importunacao-sexual\/","og_site_name":"Portal Tela Portugal","article_published_time":"2026-01-18T17:58:02+00:00","author":"Telinha","twitter_card":"summary_large_image","twitter_misc":{"Escrito por":"Telinha","Tempo estimado de leitura":"1 minuto"},"schema":{"@context":"https:\/\/schema.org","@graph":[{"@type":"Article","@id":"https:\/\/portaltela.pt\/noticias\/2026\/01\/18\/gnr-detem-homem-em-aljustrel-suspeito-de-importunacao-sexual\/#article","isPartOf":{"@id":"https:\/\/portaltela.pt\/noticias\/2026\/01\/18\/gnr-detem-homem-em-aljustrel-suspeito-de-importunacao-sexual\/"},"author":{"name":"Telinha","@id":"https:\/\/portaltela.pt\/#\/schema\/person\/c4278d4a6028830caff9ee44b42d32ed"},"headline":"GNR det\u00e9m homem em Aljustrel suspeito de importuna\u00e7\u00e3o sexual","datePublished":"2026-01-18T17:58:02+00:00","mainEntityOfPage":{"@id":"https:\/\/portaltela.pt\/noticias\/2026\/01\/18\/gnr-detem-homem-em-aljustrel-suspeito-de-importunacao-sexual\/"},"wordCount":111,"image":{"@id":"https:\/\/portaltela.pt\/noticias\/2026\/01\/18\/gnr-detem-homem-em-aljustrel-suspeito-de-importunacao-sexual\/#primaryimage"},"thumbnailUrl":"https:\/\/portaltela.pt\/s.01k8rhncp4jt1\/2026\/01\/img_1500x1000uu2022-12-05-20-31-24-1222381-1.jpg","keywords":["Aljustrel","Beja","crime","importuna\u00e7\u00e3o sexual agravada","pessoas","seguran\u00e7a p\u00fablica"],"articleSection":["Not\u00edcias"],"inLanguage":"pt-PT"},{"@type":"WebPage","@id":"https:\/\/portaltela.pt\/noticias\/2026\/01\/18\/gnr-detem-homem-em-aljustrel-suspeito-de-importunacao-sexual\/","url":"https:\/\/portaltela.pt\/noticias\/2026\/01\/18\/gnr-detem-homem-em-aljustrel-suspeito-de-importunacao-sexual\/","name":"GNR det\u00e9m homem em Aljustrel suspeito de importuna\u00e7\u00e3o sexual - Portal Tela Portugal","isPartOf":{"@id":"https:\/\/portaltela.pt\/#website"},"primaryImageOfPage":{"@id":"https:\/\/portaltela.pt\/noticias\/2026\/01\/18\/gnr-detem-homem-em-aljustrel-suspeito-de-importunacao-sexual\/#primaryimage"},"image":{"@id":"https:\/\/portaltela.pt\/noticias\/2026\/01\/18\/gnr-detem-homem-em-aljustrel-suspeito-de-importunacao-sexual\/#primaryimage"},"thumbnailUrl":"https:\/\/portaltela.pt\/s.01k8rhncp4jt1\/2026\/01\/img_1500x1000uu2022-12-05-20-31-24-1222381-1.jpg","datePublished":"2026-01-18T17:58:02+00:00","author":{"@id":"https:\/\/portaltela.pt\/#\/schema\/person\/c4278d4a6028830caff9ee44b42d32ed"},"breadcrumb":{"@id":"https:\/\/portaltela.pt\/noticias\/2026\/01\/18\/gnr-detem-homem-em-aljustrel-suspeito-de-importunacao-sexual\/#breadcrumb"},"inLanguage":"pt-PT","potentialAction":[{"@type":"ReadAction","target":["https:\/\/portaltela.pt\/noticias\/2026\/01\/18\/gnr-detem-homem-em-aljustrel-suspeito-de-importunacao-sexual\/"]}]},{"@type":"ImageObject","inLanguage":"pt-PT","@id":"https:\/\/portaltela.pt\/noticias\/2026\/01\/18\/gnr-detem-homem-em-aljustrel-suspeito-de-importunacao-sexual\/#primaryimage","url":"https:\/\/portaltela.pt\/s.01k8rhncp4jt1\/2026\/01\/img_1500x1000uu2022-12-05-20-31-24-1222381-1.jpg","contentUrl":"https:\/\/portaltela.pt\/s.01k8rhncp4jt1\/2026\/01\/img_1500x1000uu2022-12-05-20-31-24-1222381-1.jpg","width":796,"height":448,"caption":"GNR"},{"@type":"BreadcrumbList","@id":"https:\/\/portaltela.pt\/noticias\/2026\/01\/18\/gnr-detem-homem-em-aljustrel-suspeito-de-importunacao-sexual\/#breadcrumb","itemListElement":[{"@type":"ListItem","position":1,"name":"In\u00edcio","item":"https:\/\/portaltela.pt\/"},{"@type":"ListItem","position":2,"name":"GNR det\u00e9m homem em Aljustrel suspeito de importuna\u00e7\u00e3o sexual"}]},{"@type":"WebSite","@id":"https:\/\/portaltela.pt\/#website","url":"https:\/\/portaltela.pt\/","name":"Portal Tela Portugal","description":"","potentialAction":[{"@type":"SearchAction","target":{"@type":"EntryPoint","urlTemplate":"https:\/\/portaltela.pt\/?s={search_term_string}"},"query-input":{"@type":"PropertyValueSpecification","valueRequired":true,"valueName":"search_term_string"}}],"inLanguage":"pt-PT"},{"@type":"Person","@id":"https:\/\/portaltela.pt\/#\/schema\/person\/c4278d4a6028830caff9ee44b42d32ed","name":"Telinha","image":{"@type":"ImageObject","inLanguage":"pt-PT","@id":"https:\/\/portaltela.pt\/s.01k8rhncp4jt1\/2025\/11\/talking-bot-125x125.png","url":"https:\/\/portaltela.pt\/s.01k8rhncp4jt1\/2025\/11\/talking-bot-125x125.png","contentUrl":"https:\/\/portaltela.pt\/s.01k8rhncp4jt1\/2025\/11\/talking-bot-125x125.png","caption":"Telinha"},"sameAs":["https:\/\/portaltela.pt\/"],"url":"https:\/\/portaltela.pt\/por\/367410592786\/"}]}},"_links":{"self":[{"href":"https:\/\/portaltela.pt\/api\/wp\/v2\/posts\/150612","targetHints":{"allow":["GET"]}}],"collection":[{"href":"https:\/\/portaltela.pt\/api\/wp\/v2\/posts"}],"about":[{"href":"https:\/\/portaltela.pt\/api\/wp\/v2\/types\/post"}],"author":[{"embeddable":true,"href":"https:\/\/portaltela.pt\/api\/wp\/v2\/users\/2"}],"replies":[{"embeddable":true,"href":"https:\/\/portaltela.pt\/api\/wp\/v2\/comments?post=150612"}],"version-history":[{"count":0,"href":"https:\/\/portaltela.pt\/api\/wp\/v2\/posts\/150612\/revisions"}],"wp:featuredmedia":[{"embeddable":true,"href":"https:\/\/portaltela.pt\/api\/wp\/v2\/media\/150614"}],"wp:attachment":[{"href":"https:\/\/portaltela.pt\/api\/wp\/v2\/media?parent=150612"}],"wp:term":[{"taxonomy":"category","embeddable":true,"href":"https:\/\/portaltela.pt\/api\/wp\/v2\/categories?post=150612"},{"taxonomy":"post_tag","embeddable":true,"href":"https:\/\/portaltela.pt\/api\/wp\/v2\/tags?post=150612"}],"curies":[{"name":"wp","href":"https:\/\/api.w.org\/{rel}","templated":true}]}}