{"id":150589,"date":"2026-01-18T14:36:44","date_gmt":"2026-01-18T17:36:44","guid":{"rendered":"https:\/\/portaltela.pt\/noticias\/2026\/01\/18\/iraque-anuncia-retirada-da-coligacao-internacional-contra-o-daesh\/"},"modified":"2026-01-18T14:36:44","modified_gmt":"2026-01-18T17:36:44","slug":"iraque-anuncia-retirada-da-coligacao-internacional-contra-o-daesh","status":"publish","type":"post","link":"https:\/\/portaltela.pt\/noticias\/2026\/01\/18\/iraque-anuncia-retirada-da-coligacao-internacional-contra-o-daesh\/","title":{"rendered":"Iraque anuncia retirada da coliga\u00e7\u00e3o internacional contra o Daesh"},"content":{"rendered":"<p>O Iraque anunciou a sa\u00edda total das tropas da coliga\u00e7\u00e3o internacional contra o Daesh, liderada pelos Estados Unidos, de todas as bases militares no territ\u00f3rio.<\/p>\n<p>A decis\u00e3o foi confirmada ap\u00f3s a retirada final das for\u00e7as da base a\u00e9rea de Ain al Asad, situada na prov\u00edncia de Al Anbar.<\/p>\n<p>Numa comunica\u00e7\u00e3o do Comit\u00e9 Militar Supremo, \u00e9 explicado que a evacua\u00e7\u00e3o de todas as bases e sedes de lideran\u00e7a na esfera federais foi conclu\u00edda, com a retirada dos \u00faltimos militares que permaneceram na Ain al Asad e na sede do comando de opera\u00e7\u00f5es conjuntas.<\/p>\n<p>A medida encerra a participa\u00e7\u00e3o de militares da coliga\u00e7\u00e3o em territ\u00f3rio iraquiano, mantendo o foco do governo iraquiano na gest\u00e3o de seguran\u00e7a interna e na coopera\u00e7\u00e3o com outras opera\u00e7\u00f5es regionais.<\/p>\n","protected":false},"excerpt":{"rendered":"<ul>\n<li>O Iraque anunciou a sa\u00edda total das tropas da coliga\u00e7\u00e3o internacional contra o Daesh de todas as bases militares do pa\u00eds.<\/li>\n<li>A retirada final ocorreu com a sa\u00edda das \u00faltimas unidades da base a\u00e9rea de Ain al Asad, na prov\u00edncia de Al Anbar.<\/li>\n<li>O an\u00fancio foi feito pelo Comit\u00e9 Militar Supremo, respons\u00e1vel por concluir a miss\u00e3o, em comunicado.<\/li>\n<li>A coliga\u00e7\u00e3o internacional, liderada pelos Estados Unidos, passa a n\u00e3o ter bases nem sedes de lideran\u00e7a ativas no territ\u00f3rio iraquiano.<\/li>\n<\/ul>\n","protected":false},"author":2,"featured_media":150603,"comment_status":"closed","ping_status":"closed","sticky":false,"template":"","format":"standard","meta":{"footnotes":""},"categories":[1],"tags":[1338,3395,1600,62,81,2108],"class_list":["post-150589","post","type-post","status-publish","format-standard","has-post-thumbnail","hentry","category-noticias","tag-coalizao-internacional","tag-daesh","tag-estados-unidos","tag-guerra","tag-internacionais","tag-intervencao-internacional"],"yoast_head":"<!-- This site is optimized with the Yoast SEO plugin v27.2 - https:\/\/yoast.com\/product\/yoast-seo-wordpress\/ -->\n<title>Iraque anuncia retirada da coliga\u00e7\u00e3o internacional contra o Daesh - Portal Tela Portugal<\/title>\n<meta name=\"robots\" content=\"index, follow, max-snippet:-1, max-image-preview:large, max-video-preview:-1\" \/>\n<meta property=\"og:locale\" content=\"pt_PT\" \/>\n<meta property=\"og:type\" content=\"article\" \/>\n<meta property=\"og:title\" content=\"Iraque anuncia retirada da coliga\u00e7\u00e3o internacional contra o Daesh - Portal Tela Portugal\" \/>\n<meta property=\"og:description\" content=\"O Iraque anunciou a sa\u00edda total das tropas da coliga\u00e7\u00e3o internacional contra o Daesh de todas as bases militares do pa\u00eds. A retirada final ocorreu com a sa\u00edda das \u00faltimas unidades da base a\u00e9rea de Ain al Asad, na prov\u00edncia de Al Anbar. O an\u00fancio foi feito pelo Comit\u00e9 Militar Supremo, respons\u00e1vel por concluir a miss\u00e3o, em comunicado. A coliga\u00e7\u00e3o internacional, liderada pelos Estados Unidos, passa a n\u00e3o ter bases nem sedes de lideran\u00e7a ativas no territ\u00f3rio iraquiano.\" \/>\n<meta property=\"og:url\" content=\"https:\/\/portaltela.pt\/noticias\/2026\/01\/18\/iraque-anuncia-retirada-da-coligacao-internacional-contra-o-daesh\/\" \/>\n<meta property=\"og:site_name\" content=\"Portal Tela Portugal\" \/>\n<meta property=\"article:published_time\" content=\"2026-01-18T17:36:44+00:00\" \/>\n<meta name=\"author\" content=\"Telinha\" \/>\n<meta name=\"twitter:card\" content=\"summary_large_image\" \/>\n<meta name=\"twitter:label1\" content=\"Escrito por\" \/>\n\t<meta name=\"twitter:data1\" content=\"Telinha\" \/>\n\t<meta name=\"twitter:label2\" content=\"Tempo estimado de leitura\" \/>\n\t<meta name=\"twitter:data2\" content=\"1 minuto\" \/>\n<script type=\"application\/ld+json\" class=\"yoast-schema-graph\">{\"@context\":\"https:\/\/schema.org\",\"@graph\":[{\"@type\":\"Article\",\"@id\":\"https:\/\/portaltela.pt\/noticias\/2026\/01\/18\/iraque-anuncia-retirada-da-coligacao-internacional-contra-o-daesh\/#article\",\"isPartOf\":{\"@id\":\"https:\/\/portaltela.pt\/noticias\/2026\/01\/18\/iraque-anuncia-retirada-da-coligacao-internacional-contra-o-daesh\/\"},\"author\":{\"name\":\"Telinha\",\"@id\":\"https:\/\/portaltela.pt\/#\/schema\/person\/c4278d4a6028830caff9ee44b42d32ed\"},\"headline\":\"Iraque anuncia retirada da coliga\u00e7\u00e3o internacional contra o Daesh\",\"datePublished\":\"2026-01-18T17:36:44+00:00\",\"mainEntityOfPage\":{\"@id\":\"https:\/\/portaltela.pt\/noticias\/2026\/01\/18\/iraque-anuncia-retirada-da-coligacao-internacional-contra-o-daesh\/\"},\"wordCount\":151,\"image\":{\"@id\":\"https:\/\/portaltela.pt\/noticias\/2026\/01\/18\/iraque-anuncia-retirada-da-coligacao-internacional-contra-o-daesh\/#primaryimage\"},\"thumbnailUrl\":\"https:\/\/portaltela.pt\/s.01k8rhncp4jt1\/2026\/01\/img_1500x1000uu2018-02-13-08-16-00-709395.jpg\",\"keywords\":[\"coaliz\u00e3o internacional\",\"Daesh\",\"Estados Unidos\",\"guerra\",\"internacionais\",\"interven\u00e7\u00e3o internacional\"],\"articleSection\":[\"Not\u00edcias\"],\"inLanguage\":\"pt-PT\"},{\"@type\":\"WebPage\",\"@id\":\"https:\/\/portaltela.pt\/noticias\/2026\/01\/18\/iraque-anuncia-retirada-da-coligacao-internacional-contra-o-daesh\/\",\"url\":\"https:\/\/portaltela.pt\/noticias\/2026\/01\/18\/iraque-anuncia-retirada-da-coligacao-internacional-contra-o-daesh\/\",\"name\":\"Iraque anuncia retirada da coliga\u00e7\u00e3o internacional contra o Daesh - Portal Tela Portugal\",\"isPartOf\":{\"@id\":\"https:\/\/portaltela.pt\/#website\"},\"primaryImageOfPage\":{\"@id\":\"https:\/\/portaltela.pt\/noticias\/2026\/01\/18\/iraque-anuncia-retirada-da-coligacao-internacional-contra-o-daesh\/#primaryimage\"},\"image\":{\"@id\":\"https:\/\/portaltela.pt\/noticias\/2026\/01\/18\/iraque-anuncia-retirada-da-coligacao-internacional-contra-o-daesh\/#primaryimage\"},\"thumbnailUrl\":\"https:\/\/portaltela.pt\/s.01k8rhncp4jt1\/2026\/01\/img_1500x1000uu2018-02-13-08-16-00-709395.jpg\",\"datePublished\":\"2026-01-18T17:36:44+00:00\",\"author\":{\"@id\":\"https:\/\/portaltela.pt\/#\/schema\/person\/c4278d4a6028830caff9ee44b42d32ed\"},\"breadcrumb\":{\"@id\":\"https:\/\/portaltela.pt\/noticias\/2026\/01\/18\/iraque-anuncia-retirada-da-coligacao-internacional-contra-o-daesh\/#breadcrumb\"},\"inLanguage\":\"pt-PT\",\"potentialAction\":[{\"@type\":\"ReadAction\",\"target\":[\"https:\/\/portaltela.pt\/noticias\/2026\/01\/18\/iraque-anuncia-retirada-da-coligacao-internacional-contra-o-daesh\/\"]}]},{\"@type\":\"ImageObject\",\"inLanguage\":\"pt-PT\",\"@id\":\"https:\/\/portaltela.pt\/noticias\/2026\/01\/18\/iraque-anuncia-retirada-da-coligacao-internacional-contra-o-daesh\/#primaryimage\",\"url\":\"https:\/\/portaltela.pt\/s.01k8rhncp4jt1\/2026\/01\/img_1500x1000uu2018-02-13-08-16-00-709395.jpg\",\"contentUrl\":\"https:\/\/portaltela.pt\/s.01k8rhncp4jt1\/2026\/01\/img_1500x1000uu2018-02-13-08-16-00-709395.jpg\",\"width\":796,\"height\":448,\"caption\":\"Bandeira do Iraque\"},{\"@type\":\"BreadcrumbList\",\"@id\":\"https:\/\/portaltela.pt\/noticias\/2026\/01\/18\/iraque-anuncia-retirada-da-coligacao-internacional-contra-o-daesh\/#breadcrumb\",\"itemListElement\":[{\"@type\":\"ListItem\",\"position\":1,\"name\":\"In\u00edcio\",\"item\":\"https:\/\/portaltela.pt\/\"},{\"@type\":\"ListItem\",\"position\":2,\"name\":\"Iraque anuncia retirada da coliga\u00e7\u00e3o internacional contra o Daesh\"}]},{\"@type\":\"WebSite\",\"@id\":\"https:\/\/portaltela.pt\/#website\",\"url\":\"https:\/\/portaltela.pt\/\",\"name\":\"Portal Tela Portugal\",\"description\":\"\",\"potentialAction\":[{\"@type\":\"SearchAction\",\"target\":{\"@type\":\"EntryPoint\",\"urlTemplate\":\"https:\/\/portaltela.pt\/?s={search_term_string}\"},\"query-input\":{\"@type\":\"PropertyValueSpecification\",\"valueRequired\":true,\"valueName\":\"search_term_string\"}}],\"inLanguage\":\"pt-PT\"},{\"@type\":\"Person\",\"@id\":\"https:\/\/portaltela.pt\/#\/schema\/person\/c4278d4a6028830caff9ee44b42d32ed\",\"name\":\"Telinha\",\"image\":{\"@type\":\"ImageObject\",\"inLanguage\":\"pt-PT\",\"@id\":\"https:\/\/portaltela.pt\/s.01k8rhncp4jt1\/2025\/11\/talking-bot-125x125.png\",\"url\":\"https:\/\/portaltela.pt\/s.01k8rhncp4jt1\/2025\/11\/talking-bot-125x125.png\",\"contentUrl\":\"https:\/\/portaltela.pt\/s.01k8rhncp4jt1\/2025\/11\/talking-bot-125x125.png\",\"caption\":\"Telinha\"},\"sameAs\":[\"https:\/\/portaltela.pt\/\"],\"url\":\"https:\/\/portaltela.pt\/por\/367410592786\/\"}]}<\/script>\n<!-- \/ Yoast SEO plugin. -->","yoast_head_json":{"title":"Iraque anuncia retirada da coliga\u00e7\u00e3o internacional contra o Daesh - Portal Tela Portugal","robots":{"index":"index","follow":"follow","max-snippet":"max-snippet:-1","max-image-preview":"max-image-preview:large","max-video-preview":"max-video-preview:-1"},"og_locale":"pt_PT","og_type":"article","og_title":"Iraque anuncia retirada da coliga\u00e7\u00e3o internacional contra o Daesh - Portal Tela Portugal","og_description":"O Iraque anunciou a sa\u00edda total das tropas da coliga\u00e7\u00e3o internacional contra o Daesh de todas as bases militares do pa\u00eds. A retirada final ocorreu com a sa\u00edda das \u00faltimas unidades da base a\u00e9rea de Ain al Asad, na prov\u00edncia de Al Anbar. O an\u00fancio foi feito pelo Comit\u00e9 Militar Supremo, respons\u00e1vel por concluir a miss\u00e3o, em comunicado. A coliga\u00e7\u00e3o internacional, liderada pelos Estados Unidos, passa a n\u00e3o ter bases nem sedes de lideran\u00e7a ativas no territ\u00f3rio iraquiano.","og_url":"https:\/\/portaltela.pt\/noticias\/2026\/01\/18\/iraque-anuncia-retirada-da-coligacao-internacional-contra-o-daesh\/","og_site_name":"Portal Tela Portugal","article_published_time":"2026-01-18T17:36:44+00:00","author":"Telinha","twitter_card":"summary_large_image","twitter_misc":{"Escrito por":"Telinha","Tempo estimado de leitura":"1 minuto"},"schema":{"@context":"https:\/\/schema.org","@graph":[{"@type":"Article","@id":"https:\/\/portaltela.pt\/noticias\/2026\/01\/18\/iraque-anuncia-retirada-da-coligacao-internacional-contra-o-daesh\/#article","isPartOf":{"@id":"https:\/\/portaltela.pt\/noticias\/2026\/01\/18\/iraque-anuncia-retirada-da-coligacao-internacional-contra-o-daesh\/"},"author":{"name":"Telinha","@id":"https:\/\/portaltela.pt\/#\/schema\/person\/c4278d4a6028830caff9ee44b42d32ed"},"headline":"Iraque anuncia retirada da coliga\u00e7\u00e3o internacional contra o Daesh","datePublished":"2026-01-18T17:36:44+00:00","mainEntityOfPage":{"@id":"https:\/\/portaltela.pt\/noticias\/2026\/01\/18\/iraque-anuncia-retirada-da-coligacao-internacional-contra-o-daesh\/"},"wordCount":151,"image":{"@id":"https:\/\/portaltela.pt\/noticias\/2026\/01\/18\/iraque-anuncia-retirada-da-coligacao-internacional-contra-o-daesh\/#primaryimage"},"thumbnailUrl":"https:\/\/portaltela.pt\/s.01k8rhncp4jt1\/2026\/01\/img_1500x1000uu2018-02-13-08-16-00-709395.jpg","keywords":["coaliz\u00e3o internacional","Daesh","Estados Unidos","guerra","internacionais","interven\u00e7\u00e3o internacional"],"articleSection":["Not\u00edcias"],"inLanguage":"pt-PT"},{"@type":"WebPage","@id":"https:\/\/portaltela.pt\/noticias\/2026\/01\/18\/iraque-anuncia-retirada-da-coligacao-internacional-contra-o-daesh\/","url":"https:\/\/portaltela.pt\/noticias\/2026\/01\/18\/iraque-anuncia-retirada-da-coligacao-internacional-contra-o-daesh\/","name":"Iraque anuncia retirada da coliga\u00e7\u00e3o internacional contra o Daesh - Portal Tela Portugal","isPartOf":{"@id":"https:\/\/portaltela.pt\/#website"},"primaryImageOfPage":{"@id":"https:\/\/portaltela.pt\/noticias\/2026\/01\/18\/iraque-anuncia-retirada-da-coligacao-internacional-contra-o-daesh\/#primaryimage"},"image":{"@id":"https:\/\/portaltela.pt\/noticias\/2026\/01\/18\/iraque-anuncia-retirada-da-coligacao-internacional-contra-o-daesh\/#primaryimage"},"thumbnailUrl":"https:\/\/portaltela.pt\/s.01k8rhncp4jt1\/2026\/01\/img_1500x1000uu2018-02-13-08-16-00-709395.jpg","datePublished":"2026-01-18T17:36:44+00:00","author":{"@id":"https:\/\/portaltela.pt\/#\/schema\/person\/c4278d4a6028830caff9ee44b42d32ed"},"breadcrumb":{"@id":"https:\/\/portaltela.pt\/noticias\/2026\/01\/18\/iraque-anuncia-retirada-da-coligacao-internacional-contra-o-daesh\/#breadcrumb"},"inLanguage":"pt-PT","potentialAction":[{"@type":"ReadAction","target":["https:\/\/portaltela.pt\/noticias\/2026\/01\/18\/iraque-anuncia-retirada-da-coligacao-internacional-contra-o-daesh\/"]}]},{"@type":"ImageObject","inLanguage":"pt-PT","@id":"https:\/\/portaltela.pt\/noticias\/2026\/01\/18\/iraque-anuncia-retirada-da-coligacao-internacional-contra-o-daesh\/#primaryimage","url":"https:\/\/portaltela.pt\/s.01k8rhncp4jt1\/2026\/01\/img_1500x1000uu2018-02-13-08-16-00-709395.jpg","contentUrl":"https:\/\/portaltela.pt\/s.01k8rhncp4jt1\/2026\/01\/img_1500x1000uu2018-02-13-08-16-00-709395.jpg","width":796,"height":448,"caption":"Bandeira do Iraque"},{"@type":"BreadcrumbList","@id":"https:\/\/portaltela.pt\/noticias\/2026\/01\/18\/iraque-anuncia-retirada-da-coligacao-internacional-contra-o-daesh\/#breadcrumb","itemListElement":[{"@type":"ListItem","position":1,"name":"In\u00edcio","item":"https:\/\/portaltela.pt\/"},{"@type":"ListItem","position":2,"name":"Iraque anuncia retirada da coliga\u00e7\u00e3o internacional contra o Daesh"}]},{"@type":"WebSite","@id":"https:\/\/portaltela.pt\/#website","url":"https:\/\/portaltela.pt\/","name":"Portal Tela Portugal","description":"","potentialAction":[{"@type":"SearchAction","target":{"@type":"EntryPoint","urlTemplate":"https:\/\/portaltela.pt\/?s={search_term_string}"},"query-input":{"@type":"PropertyValueSpecification","valueRequired":true,"valueName":"search_term_string"}}],"inLanguage":"pt-PT"},{"@type":"Person","@id":"https:\/\/portaltela.pt\/#\/schema\/person\/c4278d4a6028830caff9ee44b42d32ed","name":"Telinha","image":{"@type":"ImageObject","inLanguage":"pt-PT","@id":"https:\/\/portaltela.pt\/s.01k8rhncp4jt1\/2025\/11\/talking-bot-125x125.png","url":"https:\/\/portaltela.pt\/s.01k8rhncp4jt1\/2025\/11\/talking-bot-125x125.png","contentUrl":"https:\/\/portaltela.pt\/s.01k8rhncp4jt1\/2025\/11\/talking-bot-125x125.png","caption":"Telinha"},"sameAs":["https:\/\/portaltela.pt\/"],"url":"https:\/\/portaltela.pt\/por\/367410592786\/"}]}},"_links":{"self":[{"href":"https:\/\/portaltela.pt\/api\/wp\/v2\/posts\/150589","targetHints":{"allow":["GET"]}}],"collection":[{"href":"https:\/\/portaltela.pt\/api\/wp\/v2\/posts"}],"about":[{"href":"https:\/\/portaltela.pt\/api\/wp\/v2\/types\/post"}],"author":[{"embeddable":true,"href":"https:\/\/portaltela.pt\/api\/wp\/v2\/users\/2"}],"replies":[{"embeddable":true,"href":"https:\/\/portaltela.pt\/api\/wp\/v2\/comments?post=150589"}],"version-history":[{"count":0,"href":"https:\/\/portaltela.pt\/api\/wp\/v2\/posts\/150589\/revisions"}],"wp:featuredmedia":[{"embeddable":true,"href":"https:\/\/portaltela.pt\/api\/wp\/v2\/media\/150603"}],"wp:attachment":[{"href":"https:\/\/portaltela.pt\/api\/wp\/v2\/media?parent=150589"}],"wp:term":[{"taxonomy":"category","embeddable":true,"href":"https:\/\/portaltela.pt\/api\/wp\/v2\/categories?post=150589"},{"taxonomy":"post_tag","embeddable":true,"href":"https:\/\/portaltela.pt\/api\/wp\/v2\/tags?post=150589"}],"curies":[{"name":"wp","href":"https:\/\/api.w.org\/{rel}","templated":true}]}}