{"id":150496,"date":"2026-01-18T14:00:00","date_gmt":"2026-01-18T17:00:00","guid":{"rendered":"https:\/\/portaltela.pt\/noticias\/2026\/01\/18\/risco-de-sns-ficar-restrito-aos-menos-favorecidos-em-portugal\/"},"modified":"2026-01-18T14:00:00","modified_gmt":"2026-01-18T17:00:00","slug":"risco-de-sns-ficar-restrito-aos-menos-favorecidos-em-portugal","status":"publish","type":"post","link":"https:\/\/portaltela.pt\/noticias\/2026\/01\/18\/risco-de-sns-ficar-restrito-aos-menos-favorecidos-em-portugal\/","title":{"rendered":"Risco de SNS ficar restrito aos menos favorecidos em Portugal"},"content":{"rendered":"<p>O SNS pode tornar-se reserva apenas para quem tem menos recursos. Um relat\u00f3rio da Nova School of Business and Economics (Nova SBE), assinado por Pedro Pita Barros e Carolina Santos, analisa o comportamento face \u00e0 sa\u00fade entre 2022 e 2025. A probabilidade de recorrer apenas ao SNS caiu de 90% para 82%, devido a barreiras de acesso.<\/p>\n<p>Ainda assim, a maioria da popula\u00e7\u00e3o (83,52%) continua a usar o SNS. O recurso ao setor privado aumentou de 11,8% em 2023 para 15,5% em 2025. Em medicina de fam\u00edlia, em 2025, 15% j\u00e1 tinham m\u00e9dico de fam\u00edlia no setor privado.<\/p>\n<h3>SNS 24 e altera\u00e7\u00f5es no acesso<\/h3>\n<p>Entre os destaques est\u00e1 o SNS 24, com mais de 5,7 milh\u00f5es de chamadas em 2025. O programa \u201cLigue antes, salve vidas\u201d ajudou a desviar utentes das urg\u00eancias para cuidados prim\u00e1rios ou autocuidado.<\/p>\n<h3>Percep\u00e7\u00e3o e custos<\/h3>\n<p>A humaniza\u00e7\u00e3o dos cuidados melhorou entre quem tem mais de 80 anos, com 85% de experi\u00eancias positivas. No entanto, a satisfa\u00e7\u00e3o global com a humaniza\u00e7\u00e3o permanece abaixo dos n\u00edveis pr\u00e9-pandemia.<\/p>\n<h3>Custos e sustentabilidade do sistema<\/h3>\n<p>Observa-se uma duplica\u00e7\u00e3o de encargos para quem recorre ao privado, pois continua a financiar o SNS via impostos e paga tamb\u00e9m cuidados privados. A escassez de recursos e falhas na gest\u00e3o reduzem a confian\u00e7a no sistema.<\/p>\n<h3>Desfecho e constata\u00e7\u00f5es<\/h3>\n<p>Investigadores alertam que este cen\u00e1rio n\u00e3o \u00e9 o ideal para uma sociedade que tem no SNS o pilar de cuidados universais, potenciando uma poss\u00edvel divis\u00e3o entre camadas sociais.<\/p>\n","protected":false},"excerpt":{"rendered":"<ul>\n<li>Entre 2022 e 2025, a probabilidade de recorrer exclusivamente ao SNS caiu de 90% para 82%, refletindo barreiras de acesso ao sistema p\u00fablico.<\/li>\n<li>Apesar disso, 83,52% da popula\u00e7\u00e3o continua a usar o SNS, enquanto o uso privado subiu de 11,8% em 2023 para 15,5% em 2025, com 15% dos inquiridos a ter m\u00e9dico de fam\u00edlia no setor privado em 2025.<\/li>\n<li>O SNS 24 registou mais de 5,7 milh\u00f5es de chamadas em 2025, impulsionado pelo programa \u201cLigue antes, salve vidas\u201d, que desviou utentes de urg\u00eancias para cuidados prim\u00e1rios ou autocuidado.<\/li>\n<li>A perce\u00e7\u00e3o de dignidade e respeito nos cuidados melhorou entre pessoas com mais de 80 anos (85% de experi\u00eancias positivas), mas a satisfa\u00e7\u00e3o global com a humaniza\u00e7\u00e3o permanece abaixo dos n\u00edveis pr\u00e9-pandemia.<\/li>\n<li>O estudo alerta para custos duplicados para quem usa o privado, que financia o SNS via impostos e paga, direta ou indiretamente, os cuidados privados, contribuindo para a preocupa\u00e7\u00e3o com uma poss\u00edvel rela\u00e7\u00e3o de dois n\u00edveis no sistema.<\/li>\n<\/ul>\n","protected":false},"author":2,"featured_media":150502,"comment_status":"closed","ping_status":"closed","sticky":false,"template":"","format":"standard","meta":{"footnotes":""},"categories":[1],"tags":[155,3393,1014,172,1221,1775],"class_list":["post-150496","post","type-post","status-publish","format-standard","has-post-thumbnail","hentry","category-noticias","tag-despesas","tag-humanizacao","tag-portugal","tag-saude","tag-servicos-publicos","tag-sns"],"yoast_head":"<!-- This site is optimized with the Yoast SEO plugin v27.2 - https:\/\/yoast.com\/product\/yoast-seo-wordpress\/ -->\n<title>Risco de SNS ficar restrito aos menos favorecidos em Portugal - Portal Tela Portugal<\/title>\n<meta name=\"robots\" content=\"index, follow, max-snippet:-1, max-image-preview:large, max-video-preview:-1\" \/>\n<meta property=\"og:locale\" content=\"pt_PT\" \/>\n<meta property=\"og:type\" content=\"article\" \/>\n<meta property=\"og:title\" content=\"Risco de SNS ficar restrito aos menos favorecidos em Portugal - Portal Tela Portugal\" \/>\n<meta property=\"og:description\" content=\"Entre 2022 e 2025, a probabilidade de recorrer exclusivamente ao SNS caiu de 90% para 82%, refletindo barreiras de acesso ao sistema p\u00fablico. Apesar disso, 83,52% da popula\u00e7\u00e3o continua a usar o SNS, enquanto o uso privado subiu de 11,8% em 2023 para 15,5% em 2025, com 15% dos inquiridos a ter m\u00e9dico de fam\u00edlia no setor privado em 2025. O SNS 24 registou mais de 5,7 milh\u00f5es de chamadas em 2025, impulsionado pelo programa \u201cLigue antes, salve vidas\u201d, que desviou utentes de urg\u00eancias para cuidados prim\u00e1rios ou autocuidado. A perce\u00e7\u00e3o de dignidade e respeito nos cuidados melhorou entre pessoas com mais de 80 anos (85% de experi\u00eancias positivas), mas a satisfa\u00e7\u00e3o global com a humaniza\u00e7\u00e3o permanece abaixo dos n\u00edveis pr\u00e9-pandemia. O estudo alerta para custos duplicados para quem usa o privado, que financia o SNS via impostos e paga, direta ou indiretamente, os cuidados privados, contribuindo para a preocupa\u00e7\u00e3o com uma poss\u00edvel rela\u00e7\u00e3o de dois n\u00edveis no sistema.\" \/>\n<meta property=\"og:url\" content=\"https:\/\/portaltela.pt\/noticias\/2026\/01\/18\/risco-de-sns-ficar-restrito-aos-menos-favorecidos-em-portugal\/\" \/>\n<meta property=\"og:site_name\" content=\"Portal Tela Portugal\" \/>\n<meta property=\"article:published_time\" content=\"2026-01-18T17:00:00+00:00\" \/>\n<meta name=\"author\" content=\"Telinha\" \/>\n<meta name=\"twitter:card\" content=\"summary_large_image\" \/>\n<meta name=\"twitter:label1\" content=\"Escrito por\" \/>\n\t<meta name=\"twitter:data1\" content=\"Telinha\" \/>\n\t<meta name=\"twitter:label2\" content=\"Tempo estimado de leitura\" \/>\n\t<meta name=\"twitter:data2\" content=\"1 minuto\" \/>\n<script type=\"application\/ld+json\" class=\"yoast-schema-graph\">{\"@context\":\"https:\/\/schema.org\",\"@graph\":[{\"@type\":\"Article\",\"@id\":\"https:\/\/portaltela.pt\/noticias\/2026\/01\/18\/risco-de-sns-ficar-restrito-aos-menos-favorecidos-em-portugal\/#article\",\"isPartOf\":{\"@id\":\"https:\/\/portaltela.pt\/noticias\/2026\/01\/18\/risco-de-sns-ficar-restrito-aos-menos-favorecidos-em-portugal\/\"},\"author\":{\"name\":\"Telinha\",\"@id\":\"https:\/\/portaltela.pt\/#\/schema\/person\/c4278d4a6028830caff9ee44b42d32ed\"},\"headline\":\"Risco de SNS ficar restrito aos menos favorecidos em Portugal\",\"datePublished\":\"2026-01-18T17:00:00+00:00\",\"mainEntityOfPage\":{\"@id\":\"https:\/\/portaltela.pt\/noticias\/2026\/01\/18\/risco-de-sns-ficar-restrito-aos-menos-favorecidos-em-portugal\/\"},\"wordCount\":259,\"image\":{\"@id\":\"https:\/\/portaltela.pt\/noticias\/2026\/01\/18\/risco-de-sns-ficar-restrito-aos-menos-favorecidos-em-portugal\/#primaryimage\"},\"thumbnailUrl\":\"https:\/\/portaltela.pt\/s.01k8rhncp4jt1\/2026\/01\/unnamed-file-3665.jpg\",\"keywords\":[\"despesas\",\"humaniza\u00e7\u00e3o\",\"Portugal\",\"sa\u00fade\",\"servi\u00e7os p\u00fablicos\",\"SNS\"],\"articleSection\":[\"Not\u00edcias\"],\"inLanguage\":\"pt-PT\"},{\"@type\":\"WebPage\",\"@id\":\"https:\/\/portaltela.pt\/noticias\/2026\/01\/18\/risco-de-sns-ficar-restrito-aos-menos-favorecidos-em-portugal\/\",\"url\":\"https:\/\/portaltela.pt\/noticias\/2026\/01\/18\/risco-de-sns-ficar-restrito-aos-menos-favorecidos-em-portugal\/\",\"name\":\"Risco de SNS ficar restrito aos menos favorecidos em Portugal - Portal Tela Portugal\",\"isPartOf\":{\"@id\":\"https:\/\/portaltela.pt\/#website\"},\"primaryImageOfPage\":{\"@id\":\"https:\/\/portaltela.pt\/noticias\/2026\/01\/18\/risco-de-sns-ficar-restrito-aos-menos-favorecidos-em-portugal\/#primaryimage\"},\"image\":{\"@id\":\"https:\/\/portaltela.pt\/noticias\/2026\/01\/18\/risco-de-sns-ficar-restrito-aos-menos-favorecidos-em-portugal\/#primaryimage\"},\"thumbnailUrl\":\"https:\/\/portaltela.pt\/s.01k8rhncp4jt1\/2026\/01\/unnamed-file-3665.jpg\",\"datePublished\":\"2026-01-18T17:00:00+00:00\",\"author\":{\"@id\":\"https:\/\/portaltela.pt\/#\/schema\/person\/c4278d4a6028830caff9ee44b42d32ed\"},\"breadcrumb\":{\"@id\":\"https:\/\/portaltela.pt\/noticias\/2026\/01\/18\/risco-de-sns-ficar-restrito-aos-menos-favorecidos-em-portugal\/#breadcrumb\"},\"inLanguage\":\"pt-PT\",\"potentialAction\":[{\"@type\":\"ReadAction\",\"target\":[\"https:\/\/portaltela.pt\/noticias\/2026\/01\/18\/risco-de-sns-ficar-restrito-aos-menos-favorecidos-em-portugal\/\"]}]},{\"@type\":\"ImageObject\",\"inLanguage\":\"pt-PT\",\"@id\":\"https:\/\/portaltela.pt\/noticias\/2026\/01\/18\/risco-de-sns-ficar-restrito-aos-menos-favorecidos-em-portugal\/#primaryimage\",\"url\":\"https:\/\/portaltela.pt\/s.01k8rhncp4jt1\/2026\/01\/unnamed-file-3665.jpg\",\"contentUrl\":\"https:\/\/portaltela.pt\/s.01k8rhncp4jt1\/2026\/01\/unnamed-file-3665.jpg\",\"width\":796,\"height\":448,\"caption\":\"Sa\u00fade em Portugal: Risco de SNS ficar reservado apenas aos mais desfavorecidos\"},{\"@type\":\"BreadcrumbList\",\"@id\":\"https:\/\/portaltela.pt\/noticias\/2026\/01\/18\/risco-de-sns-ficar-restrito-aos-menos-favorecidos-em-portugal\/#breadcrumb\",\"itemListElement\":[{\"@type\":\"ListItem\",\"position\":1,\"name\":\"In\u00edcio\",\"item\":\"https:\/\/portaltela.pt\/\"},{\"@type\":\"ListItem\",\"position\":2,\"name\":\"Risco de SNS ficar restrito aos menos favorecidos em Portugal\"}]},{\"@type\":\"WebSite\",\"@id\":\"https:\/\/portaltela.pt\/#website\",\"url\":\"https:\/\/portaltela.pt\/\",\"name\":\"Portal Tela Portugal\",\"description\":\"\",\"potentialAction\":[{\"@type\":\"SearchAction\",\"target\":{\"@type\":\"EntryPoint\",\"urlTemplate\":\"https:\/\/portaltela.pt\/?s={search_term_string}\"},\"query-input\":{\"@type\":\"PropertyValueSpecification\",\"valueRequired\":true,\"valueName\":\"search_term_string\"}}],\"inLanguage\":\"pt-PT\"},{\"@type\":\"Person\",\"@id\":\"https:\/\/portaltela.pt\/#\/schema\/person\/c4278d4a6028830caff9ee44b42d32ed\",\"name\":\"Telinha\",\"image\":{\"@type\":\"ImageObject\",\"inLanguage\":\"pt-PT\",\"@id\":\"https:\/\/portaltela.pt\/s.01k8rhncp4jt1\/2025\/11\/talking-bot-125x125.png\",\"url\":\"https:\/\/portaltela.pt\/s.01k8rhncp4jt1\/2025\/11\/talking-bot-125x125.png\",\"contentUrl\":\"https:\/\/portaltela.pt\/s.01k8rhncp4jt1\/2025\/11\/talking-bot-125x125.png\",\"caption\":\"Telinha\"},\"sameAs\":[\"https:\/\/portaltela.pt\/\"],\"url\":\"https:\/\/portaltela.pt\/por\/367410592786\/\"}]}<\/script>\n<!-- \/ Yoast SEO plugin. -->","yoast_head_json":{"title":"Risco de SNS ficar restrito aos menos favorecidos em Portugal - Portal Tela Portugal","robots":{"index":"index","follow":"follow","max-snippet":"max-snippet:-1","max-image-preview":"max-image-preview:large","max-video-preview":"max-video-preview:-1"},"og_locale":"pt_PT","og_type":"article","og_title":"Risco de SNS ficar restrito aos menos favorecidos em Portugal - Portal Tela Portugal","og_description":"Entre 2022 e 2025, a probabilidade de recorrer exclusivamente ao SNS caiu de 90% para 82%, refletindo barreiras de acesso ao sistema p\u00fablico. Apesar disso, 83,52% da popula\u00e7\u00e3o continua a usar o SNS, enquanto o uso privado subiu de 11,8% em 2023 para 15,5% em 2025, com 15% dos inquiridos a ter m\u00e9dico de fam\u00edlia no setor privado em 2025. O SNS 24 registou mais de 5,7 milh\u00f5es de chamadas em 2025, impulsionado pelo programa \u201cLigue antes, salve vidas\u201d, que desviou utentes de urg\u00eancias para cuidados prim\u00e1rios ou autocuidado. A perce\u00e7\u00e3o de dignidade e respeito nos cuidados melhorou entre pessoas com mais de 80 anos (85% de experi\u00eancias positivas), mas a satisfa\u00e7\u00e3o global com a humaniza\u00e7\u00e3o permanece abaixo dos n\u00edveis pr\u00e9-pandemia. O estudo alerta para custos duplicados para quem usa o privado, que financia o SNS via impostos e paga, direta ou indiretamente, os cuidados privados, contribuindo para a preocupa\u00e7\u00e3o com uma poss\u00edvel rela\u00e7\u00e3o de dois n\u00edveis no sistema.","og_url":"https:\/\/portaltela.pt\/noticias\/2026\/01\/18\/risco-de-sns-ficar-restrito-aos-menos-favorecidos-em-portugal\/","og_site_name":"Portal Tela Portugal","article_published_time":"2026-01-18T17:00:00+00:00","author":"Telinha","twitter_card":"summary_large_image","twitter_misc":{"Escrito por":"Telinha","Tempo estimado de leitura":"1 minuto"},"schema":{"@context":"https:\/\/schema.org","@graph":[{"@type":"Article","@id":"https:\/\/portaltela.pt\/noticias\/2026\/01\/18\/risco-de-sns-ficar-restrito-aos-menos-favorecidos-em-portugal\/#article","isPartOf":{"@id":"https:\/\/portaltela.pt\/noticias\/2026\/01\/18\/risco-de-sns-ficar-restrito-aos-menos-favorecidos-em-portugal\/"},"author":{"name":"Telinha","@id":"https:\/\/portaltela.pt\/#\/schema\/person\/c4278d4a6028830caff9ee44b42d32ed"},"headline":"Risco de SNS ficar restrito aos menos favorecidos em Portugal","datePublished":"2026-01-18T17:00:00+00:00","mainEntityOfPage":{"@id":"https:\/\/portaltela.pt\/noticias\/2026\/01\/18\/risco-de-sns-ficar-restrito-aos-menos-favorecidos-em-portugal\/"},"wordCount":259,"image":{"@id":"https:\/\/portaltela.pt\/noticias\/2026\/01\/18\/risco-de-sns-ficar-restrito-aos-menos-favorecidos-em-portugal\/#primaryimage"},"thumbnailUrl":"https:\/\/portaltela.pt\/s.01k8rhncp4jt1\/2026\/01\/unnamed-file-3665.jpg","keywords":["despesas","humaniza\u00e7\u00e3o","Portugal","sa\u00fade","servi\u00e7os p\u00fablicos","SNS"],"articleSection":["Not\u00edcias"],"inLanguage":"pt-PT"},{"@type":"WebPage","@id":"https:\/\/portaltela.pt\/noticias\/2026\/01\/18\/risco-de-sns-ficar-restrito-aos-menos-favorecidos-em-portugal\/","url":"https:\/\/portaltela.pt\/noticias\/2026\/01\/18\/risco-de-sns-ficar-restrito-aos-menos-favorecidos-em-portugal\/","name":"Risco de SNS ficar restrito aos menos favorecidos em Portugal - Portal Tela Portugal","isPartOf":{"@id":"https:\/\/portaltela.pt\/#website"},"primaryImageOfPage":{"@id":"https:\/\/portaltela.pt\/noticias\/2026\/01\/18\/risco-de-sns-ficar-restrito-aos-menos-favorecidos-em-portugal\/#primaryimage"},"image":{"@id":"https:\/\/portaltela.pt\/noticias\/2026\/01\/18\/risco-de-sns-ficar-restrito-aos-menos-favorecidos-em-portugal\/#primaryimage"},"thumbnailUrl":"https:\/\/portaltela.pt\/s.01k8rhncp4jt1\/2026\/01\/unnamed-file-3665.jpg","datePublished":"2026-01-18T17:00:00+00:00","author":{"@id":"https:\/\/portaltela.pt\/#\/schema\/person\/c4278d4a6028830caff9ee44b42d32ed"},"breadcrumb":{"@id":"https:\/\/portaltela.pt\/noticias\/2026\/01\/18\/risco-de-sns-ficar-restrito-aos-menos-favorecidos-em-portugal\/#breadcrumb"},"inLanguage":"pt-PT","potentialAction":[{"@type":"ReadAction","target":["https:\/\/portaltela.pt\/noticias\/2026\/01\/18\/risco-de-sns-ficar-restrito-aos-menos-favorecidos-em-portugal\/"]}]},{"@type":"ImageObject","inLanguage":"pt-PT","@id":"https:\/\/portaltela.pt\/noticias\/2026\/01\/18\/risco-de-sns-ficar-restrito-aos-menos-favorecidos-em-portugal\/#primaryimage","url":"https:\/\/portaltela.pt\/s.01k8rhncp4jt1\/2026\/01\/unnamed-file-3665.jpg","contentUrl":"https:\/\/portaltela.pt\/s.01k8rhncp4jt1\/2026\/01\/unnamed-file-3665.jpg","width":796,"height":448,"caption":"Sa\u00fade em Portugal: Risco de SNS ficar reservado apenas aos mais desfavorecidos"},{"@type":"BreadcrumbList","@id":"https:\/\/portaltela.pt\/noticias\/2026\/01\/18\/risco-de-sns-ficar-restrito-aos-menos-favorecidos-em-portugal\/#breadcrumb","itemListElement":[{"@type":"ListItem","position":1,"name":"In\u00edcio","item":"https:\/\/portaltela.pt\/"},{"@type":"ListItem","position":2,"name":"Risco de SNS ficar restrito aos menos favorecidos em Portugal"}]},{"@type":"WebSite","@id":"https:\/\/portaltela.pt\/#website","url":"https:\/\/portaltela.pt\/","name":"Portal Tela Portugal","description":"","potentialAction":[{"@type":"SearchAction","target":{"@type":"EntryPoint","urlTemplate":"https:\/\/portaltela.pt\/?s={search_term_string}"},"query-input":{"@type":"PropertyValueSpecification","valueRequired":true,"valueName":"search_term_string"}}],"inLanguage":"pt-PT"},{"@type":"Person","@id":"https:\/\/portaltela.pt\/#\/schema\/person\/c4278d4a6028830caff9ee44b42d32ed","name":"Telinha","image":{"@type":"ImageObject","inLanguage":"pt-PT","@id":"https:\/\/portaltela.pt\/s.01k8rhncp4jt1\/2025\/11\/talking-bot-125x125.png","url":"https:\/\/portaltela.pt\/s.01k8rhncp4jt1\/2025\/11\/talking-bot-125x125.png","contentUrl":"https:\/\/portaltela.pt\/s.01k8rhncp4jt1\/2025\/11\/talking-bot-125x125.png","caption":"Telinha"},"sameAs":["https:\/\/portaltela.pt\/"],"url":"https:\/\/portaltela.pt\/por\/367410592786\/"}]}},"_links":{"self":[{"href":"https:\/\/portaltela.pt\/api\/wp\/v2\/posts\/150496","targetHints":{"allow":["GET"]}}],"collection":[{"href":"https:\/\/portaltela.pt\/api\/wp\/v2\/posts"}],"about":[{"href":"https:\/\/portaltela.pt\/api\/wp\/v2\/types\/post"}],"author":[{"embeddable":true,"href":"https:\/\/portaltela.pt\/api\/wp\/v2\/users\/2"}],"replies":[{"embeddable":true,"href":"https:\/\/portaltela.pt\/api\/wp\/v2\/comments?post=150496"}],"version-history":[{"count":0,"href":"https:\/\/portaltela.pt\/api\/wp\/v2\/posts\/150496\/revisions"}],"wp:featuredmedia":[{"embeddable":true,"href":"https:\/\/portaltela.pt\/api\/wp\/v2\/media\/150502"}],"wp:attachment":[{"href":"https:\/\/portaltela.pt\/api\/wp\/v2\/media?parent=150496"}],"wp:term":[{"taxonomy":"category","embeddable":true,"href":"https:\/\/portaltela.pt\/api\/wp\/v2\/categories?post=150496"},{"taxonomy":"post_tag","embeddable":true,"href":"https:\/\/portaltela.pt\/api\/wp\/v2\/tags?post=150496"}],"curies":[{"name":"wp","href":"https:\/\/api.w.org\/{rel}","templated":true}]}}