{"id":150429,"date":"2026-01-18T13:37:29","date_gmt":"2026-01-18T16:37:29","guid":{"rendered":"https:\/\/portaltela.pt\/noticias\/2026\/01\/18\/andre-luiz-admite-dias-em-que-as-coisas-nao-saem-como-queremos\/"},"modified":"2026-01-18T13:37:29","modified_gmt":"2026-01-18T16:37:29","slug":"andre-luiz-admite-dias-em-que-as-coisas-nao-saem-como-queremos","status":"publish","type":"post","link":"https:\/\/portaltela.pt\/desporto\/futebol\/2026\/01\/18\/andre-luiz-admite-dias-em-que-as-coisas-nao-saem-como-queremos\/","title":{"rendered":"Andr\u00e9 Luiz admite dias em que as coisas n\u00e3o saem como queremos"},"content":{"rendered":"<p>O Benfica venceu o Rio Ave por 2-0, no passado s\u00e1bado, em Vila do Conde. O extremo Andr\u00e9 Luiz foi titular no ataque rioavista, mas foi substitute aos 73 minutos, numa atua\u00e7\u00e3o com impacto limitado no resultado final.<\/p>\n<p>Logo ap\u00f3s a substitui\u00e7\u00e3o, o atleta dirigiu-se de cabe\u00e7a erguida ao banco e cumprimentou de forma abrupta um membro da equipa t\u00e9cnica do Rio Ave, num momento percept\u00edvel de frustra\u00e7\u00e3o no banco de suplentes.<\/p>\n<p>No domingo, Andr\u00e9 Luiz reagiu \u00e0s redes sociais \u00e0 exibi\u00e7\u00e3o do dia anterior, admitindo que h\u00e1 dias em que as coisas n\u00e3o correm como se quer e deixando aberta a possibilidade de seguir em frente sem desistir. O coment\u00e1rio n\u00e3o escondeu a vontade de continuar a ser op\u00e7\u00e3o no plantel.<\/p>\n<p>Jos\u00e9 Mourinho comentou, no final da vit\u00f3ria do Benfica sobre o Rio Ave, que n\u00e3o iria avaliar individualmente a presta\u00e7\u00e3o de Andr\u00e9 Luiz. O treinador afirmou que n\u00e3o comenta jogadores do Rio Ave e que a an\u00e1lise deve respeitar o coletivo da equipa.<\/p>\n<p>O jogador brasileiro permanece no radar das \u00e1guias, com a imprensa a acompanhar o eventual interesse futuro do clube na janela de transfer\u00eancias. A dire\u00e7\u00e3o do Rio Ave n\u00e3o comentou oficialmente o neg\u00f3cio ou qualquer desfecho relacionado ao atleta.<\/p>\n","protected":false},"excerpt":{"rendered":"<ul>\n<li>Andr\u00e9 Luiz foi titular no Rio Ave frente ao Benfica, em jogo disputado no s\u00e1bado, mas saiu aos 73 minutos com impacto limitado no resultado, que acabou 0-2.<\/li>\n<li>O jogador brasileiro mostrou frustra\u00e7\u00e3o ao ser substitu\u00eddo, dirigindo-se ao banco de forma contida e cumprimentando um elemento do staff do clube de Vila do Conde.<\/li>\n<li>No domingo, o extremo utilizou as redes sociais para falar sobre o momento: \u201cH\u00e1 dias em que as coisas n\u00e3o saem como queremos&#8230; seguimos.\u201d<\/li>\n<li>Jos\u00e9 Mourinho, no final da vit\u00f3ria do Benfica, n\u00e3o avaliou o desempenho individual de Andr\u00e9 Luiz, dizendo que n\u00e3o ia comentar jogadores do Rio Ave.<\/li>\n<li>O interesse das \u00e1guias em Andr\u00e9 Luiz \u00e9 referido como parte do radar do clube, sem confirma\u00e7\u00e3o de proposta oficial at\u00e9 ao momento.<\/li>\n<\/ul>\n","protected":false},"author":2,"featured_media":150432,"comment_status":"closed","ping_status":"closed","sticky":false,"template":"","format":"standard","meta":{"footnotes":""},"categories":[21,24],"tags":[2769,1946,32,2138,2190,2050],"class_list":["post-150429","post","type-post","status-publish","format-standard","has-post-thumbnail","hentry","category-desporto","category-futebol","tag-andre-luiz","tag-benfica","tag-futebol","tag-jose-mourinho","tag-rio-ave","tag-transferencias"],"yoast_head":"<!-- This site is optimized with the Yoast SEO plugin v27.2 - https:\/\/yoast.com\/product\/yoast-seo-wordpress\/ -->\n<title>Andr\u00e9 Luiz admite dias em que as coisas n\u00e3o saem como queremos - Portal Tela Portugal<\/title>\n<meta name=\"robots\" content=\"index, follow, max-snippet:-1, max-image-preview:large, max-video-preview:-1\" \/>\n<meta property=\"og:locale\" content=\"pt_PT\" \/>\n<meta property=\"og:type\" content=\"article\" \/>\n<meta property=\"og:title\" content=\"Andr\u00e9 Luiz admite dias em que as coisas n\u00e3o saem como queremos - Portal Tela Portugal\" \/>\n<meta property=\"og:description\" content=\"Andr\u00e9 Luiz foi titular no Rio Ave frente ao Benfica, em jogo disputado no s\u00e1bado, mas saiu aos 73 minutos com impacto limitado no resultado, que acabou 0-2. O jogador brasileiro mostrou frustra\u00e7\u00e3o ao ser substitu\u00eddo, dirigindo-se ao banco de forma contida e cumprimentando um elemento do staff do clube de Vila do Conde. No domingo, o extremo utilizou as redes sociais para falar sobre o momento: \u201cH\u00e1 dias em que as coisas n\u00e3o saem como queremos... seguimos.\u201d Jos\u00e9 Mourinho, no final da vit\u00f3ria do Benfica, n\u00e3o avaliou o desempenho individual de Andr\u00e9 Luiz, dizendo que n\u00e3o ia comentar jogadores do Rio Ave. O interesse das \u00e1guias em Andr\u00e9 Luiz \u00e9 referido como parte do radar do clube, sem confirma\u00e7\u00e3o de proposta oficial at\u00e9 ao momento.\" \/>\n<meta property=\"og:url\" content=\"https:\/\/portaltela.pt\/noticias\/2026\/01\/18\/andre-luiz-admite-dias-em-que-as-coisas-nao-saem-como-queremos\/\" \/>\n<meta property=\"og:site_name\" content=\"Portal Tela Portugal\" \/>\n<meta property=\"article:published_time\" content=\"2026-01-18T16:37:29+00:00\" \/>\n<meta name=\"author\" content=\"Telinha\" \/>\n<meta name=\"twitter:card\" content=\"summary_large_image\" \/>\n<meta name=\"twitter:label1\" content=\"Escrito por\" \/>\n\t<meta name=\"twitter:data1\" content=\"Telinha\" \/>\n\t<meta name=\"twitter:label2\" content=\"Tempo estimado de leitura\" \/>\n\t<meta name=\"twitter:data2\" content=\"1 minuto\" \/>\n<script type=\"application\/ld+json\" class=\"yoast-schema-graph\">{\"@context\":\"https:\/\/schema.org\",\"@graph\":[{\"@type\":\"Article\",\"@id\":\"https:\/\/portaltela.pt\/noticias\/2026\/01\/18\/andre-luiz-admite-dias-em-que-as-coisas-nao-saem-como-queremos\/#article\",\"isPartOf\":{\"@id\":\"https:\/\/portaltela.pt\/noticias\/2026\/01\/18\/andre-luiz-admite-dias-em-que-as-coisas-nao-saem-como-queremos\/\"},\"author\":{\"name\":\"Telinha\",\"@id\":\"https:\/\/portaltela.pt\/#\/schema\/person\/c4278d4a6028830caff9ee44b42d32ed\"},\"headline\":\"Andr\u00e9 Luiz admite dias em que as coisas n\u00e3o saem como queremos\",\"datePublished\":\"2026-01-18T16:37:29+00:00\",\"mainEntityOfPage\":{\"@id\":\"https:\/\/portaltela.pt\/noticias\/2026\/01\/18\/andre-luiz-admite-dias-em-que-as-coisas-nao-saem-como-queremos\/\"},\"wordCount\":237,\"image\":{\"@id\":\"https:\/\/portaltela.pt\/noticias\/2026\/01\/18\/andre-luiz-admite-dias-em-que-as-coisas-nao-saem-como-queremos\/#primaryimage\"},\"thumbnailUrl\":\"https:\/\/portaltela.pt\/s.01k8rhncp4jt1\/2026\/01\/831dc4b2-0768-4aaf-996c-2dcb74a526b0-1.jpg\",\"keywords\":[\"Andr\u00e9 Luiz\",\"Benfica\",\"futebol\",\"Jos\u00e9 Mourinho\",\"Rio Ave\",\"transfer\u00eancias\"],\"articleSection\":[\"Desporto\",\"Futebol\"],\"inLanguage\":\"pt-PT\"},{\"@type\":\"WebPage\",\"@id\":\"https:\/\/portaltela.pt\/noticias\/2026\/01\/18\/andre-luiz-admite-dias-em-que-as-coisas-nao-saem-como-queremos\/\",\"url\":\"https:\/\/portaltela.pt\/noticias\/2026\/01\/18\/andre-luiz-admite-dias-em-que-as-coisas-nao-saem-como-queremos\/\",\"name\":\"Andr\u00e9 Luiz admite dias em que as coisas n\u00e3o saem como queremos - Portal Tela Portugal\",\"isPartOf\":{\"@id\":\"https:\/\/portaltela.pt\/#website\"},\"primaryImageOfPage\":{\"@id\":\"https:\/\/portaltela.pt\/noticias\/2026\/01\/18\/andre-luiz-admite-dias-em-que-as-coisas-nao-saem-como-queremos\/#primaryimage\"},\"image\":{\"@id\":\"https:\/\/portaltela.pt\/noticias\/2026\/01\/18\/andre-luiz-admite-dias-em-que-as-coisas-nao-saem-como-queremos\/#primaryimage\"},\"thumbnailUrl\":\"https:\/\/portaltela.pt\/s.01k8rhncp4jt1\/2026\/01\/831dc4b2-0768-4aaf-996c-2dcb74a526b0-1.jpg\",\"datePublished\":\"2026-01-18T16:37:29+00:00\",\"author\":{\"@id\":\"https:\/\/portaltela.pt\/#\/schema\/person\/c4278d4a6028830caff9ee44b42d32ed\"},\"breadcrumb\":{\"@id\":\"https:\/\/portaltela.pt\/noticias\/2026\/01\/18\/andre-luiz-admite-dias-em-que-as-coisas-nao-saem-como-queremos\/#breadcrumb\"},\"inLanguage\":\"pt-PT\",\"potentialAction\":[{\"@type\":\"ReadAction\",\"target\":[\"https:\/\/portaltela.pt\/noticias\/2026\/01\/18\/andre-luiz-admite-dias-em-que-as-coisas-nao-saem-como-queremos\/\"]}]},{\"@type\":\"ImageObject\",\"inLanguage\":\"pt-PT\",\"@id\":\"https:\/\/portaltela.pt\/noticias\/2026\/01\/18\/andre-luiz-admite-dias-em-que-as-coisas-nao-saem-como-queremos\/#primaryimage\",\"url\":\"https:\/\/portaltela.pt\/s.01k8rhncp4jt1\/2026\/01\/831dc4b2-0768-4aaf-996c-2dcb74a526b0-1.jpg\",\"contentUrl\":\"https:\/\/portaltela.pt\/s.01k8rhncp4jt1\/2026\/01\/831dc4b2-0768-4aaf-996c-2dcb74a526b0-1.jpg\",\"width\":796,\"height\":448,\"caption\":\"Andr\u00e9 Luiz, cobi\u00e7ado pelo Benfica, foi titular no Rio Ave - Foto: Rog\u00e9rio Ferreira\/Kapta +\"},{\"@type\":\"BreadcrumbList\",\"@id\":\"https:\/\/portaltela.pt\/noticias\/2026\/01\/18\/andre-luiz-admite-dias-em-que-as-coisas-nao-saem-como-queremos\/#breadcrumb\",\"itemListElement\":[{\"@type\":\"ListItem\",\"position\":1,\"name\":\"In\u00edcio\",\"item\":\"https:\/\/portaltela.pt\/\"},{\"@type\":\"ListItem\",\"position\":2,\"name\":\"Andr\u00e9 Luiz admite dias em que as coisas n\u00e3o saem como queremos\"}]},{\"@type\":\"WebSite\",\"@id\":\"https:\/\/portaltela.pt\/#website\",\"url\":\"https:\/\/portaltela.pt\/\",\"name\":\"Portal Tela Portugal\",\"description\":\"\",\"potentialAction\":[{\"@type\":\"SearchAction\",\"target\":{\"@type\":\"EntryPoint\",\"urlTemplate\":\"https:\/\/portaltela.pt\/?s={search_term_string}\"},\"query-input\":{\"@type\":\"PropertyValueSpecification\",\"valueRequired\":true,\"valueName\":\"search_term_string\"}}],\"inLanguage\":\"pt-PT\"},{\"@type\":\"Person\",\"@id\":\"https:\/\/portaltela.pt\/#\/schema\/person\/c4278d4a6028830caff9ee44b42d32ed\",\"name\":\"Telinha\",\"image\":{\"@type\":\"ImageObject\",\"inLanguage\":\"pt-PT\",\"@id\":\"https:\/\/portaltela.pt\/s.01k8rhncp4jt1\/2025\/11\/talking-bot-125x125.png\",\"url\":\"https:\/\/portaltela.pt\/s.01k8rhncp4jt1\/2025\/11\/talking-bot-125x125.png\",\"contentUrl\":\"https:\/\/portaltela.pt\/s.01k8rhncp4jt1\/2025\/11\/talking-bot-125x125.png\",\"caption\":\"Telinha\"},\"sameAs\":[\"https:\/\/portaltela.pt\/\"],\"url\":\"https:\/\/portaltela.pt\/por\/367410592786\/\"}]}<\/script>\n<!-- \/ Yoast SEO plugin. -->","yoast_head_json":{"title":"Andr\u00e9 Luiz admite dias em que as coisas n\u00e3o saem como queremos - Portal Tela Portugal","robots":{"index":"index","follow":"follow","max-snippet":"max-snippet:-1","max-image-preview":"max-image-preview:large","max-video-preview":"max-video-preview:-1"},"og_locale":"pt_PT","og_type":"article","og_title":"Andr\u00e9 Luiz admite dias em que as coisas n\u00e3o saem como queremos - Portal Tela Portugal","og_description":"Andr\u00e9 Luiz foi titular no Rio Ave frente ao Benfica, em jogo disputado no s\u00e1bado, mas saiu aos 73 minutos com impacto limitado no resultado, que acabou 0-2. O jogador brasileiro mostrou frustra\u00e7\u00e3o ao ser substitu\u00eddo, dirigindo-se ao banco de forma contida e cumprimentando um elemento do staff do clube de Vila do Conde. No domingo, o extremo utilizou as redes sociais para falar sobre o momento: \u201cH\u00e1 dias em que as coisas n\u00e3o saem como queremos... seguimos.\u201d Jos\u00e9 Mourinho, no final da vit\u00f3ria do Benfica, n\u00e3o avaliou o desempenho individual de Andr\u00e9 Luiz, dizendo que n\u00e3o ia comentar jogadores do Rio Ave. O interesse das \u00e1guias em Andr\u00e9 Luiz \u00e9 referido como parte do radar do clube, sem confirma\u00e7\u00e3o de proposta oficial at\u00e9 ao momento.","og_url":"https:\/\/portaltela.pt\/noticias\/2026\/01\/18\/andre-luiz-admite-dias-em-que-as-coisas-nao-saem-como-queremos\/","og_site_name":"Portal Tela Portugal","article_published_time":"2026-01-18T16:37:29+00:00","author":"Telinha","twitter_card":"summary_large_image","twitter_misc":{"Escrito por":"Telinha","Tempo estimado de leitura":"1 minuto"},"schema":{"@context":"https:\/\/schema.org","@graph":[{"@type":"Article","@id":"https:\/\/portaltela.pt\/noticias\/2026\/01\/18\/andre-luiz-admite-dias-em-que-as-coisas-nao-saem-como-queremos\/#article","isPartOf":{"@id":"https:\/\/portaltela.pt\/noticias\/2026\/01\/18\/andre-luiz-admite-dias-em-que-as-coisas-nao-saem-como-queremos\/"},"author":{"name":"Telinha","@id":"https:\/\/portaltela.pt\/#\/schema\/person\/c4278d4a6028830caff9ee44b42d32ed"},"headline":"Andr\u00e9 Luiz admite dias em que as coisas n\u00e3o saem como queremos","datePublished":"2026-01-18T16:37:29+00:00","mainEntityOfPage":{"@id":"https:\/\/portaltela.pt\/noticias\/2026\/01\/18\/andre-luiz-admite-dias-em-que-as-coisas-nao-saem-como-queremos\/"},"wordCount":237,"image":{"@id":"https:\/\/portaltela.pt\/noticias\/2026\/01\/18\/andre-luiz-admite-dias-em-que-as-coisas-nao-saem-como-queremos\/#primaryimage"},"thumbnailUrl":"https:\/\/portaltela.pt\/s.01k8rhncp4jt1\/2026\/01\/831dc4b2-0768-4aaf-996c-2dcb74a526b0-1.jpg","keywords":["Andr\u00e9 Luiz","Benfica","futebol","Jos\u00e9 Mourinho","Rio Ave","transfer\u00eancias"],"articleSection":["Desporto","Futebol"],"inLanguage":"pt-PT"},{"@type":"WebPage","@id":"https:\/\/portaltela.pt\/noticias\/2026\/01\/18\/andre-luiz-admite-dias-em-que-as-coisas-nao-saem-como-queremos\/","url":"https:\/\/portaltela.pt\/noticias\/2026\/01\/18\/andre-luiz-admite-dias-em-que-as-coisas-nao-saem-como-queremos\/","name":"Andr\u00e9 Luiz admite dias em que as coisas n\u00e3o saem como queremos - Portal Tela Portugal","isPartOf":{"@id":"https:\/\/portaltela.pt\/#website"},"primaryImageOfPage":{"@id":"https:\/\/portaltela.pt\/noticias\/2026\/01\/18\/andre-luiz-admite-dias-em-que-as-coisas-nao-saem-como-queremos\/#primaryimage"},"image":{"@id":"https:\/\/portaltela.pt\/noticias\/2026\/01\/18\/andre-luiz-admite-dias-em-que-as-coisas-nao-saem-como-queremos\/#primaryimage"},"thumbnailUrl":"https:\/\/portaltela.pt\/s.01k8rhncp4jt1\/2026\/01\/831dc4b2-0768-4aaf-996c-2dcb74a526b0-1.jpg","datePublished":"2026-01-18T16:37:29+00:00","author":{"@id":"https:\/\/portaltela.pt\/#\/schema\/person\/c4278d4a6028830caff9ee44b42d32ed"},"breadcrumb":{"@id":"https:\/\/portaltela.pt\/noticias\/2026\/01\/18\/andre-luiz-admite-dias-em-que-as-coisas-nao-saem-como-queremos\/#breadcrumb"},"inLanguage":"pt-PT","potentialAction":[{"@type":"ReadAction","target":["https:\/\/portaltela.pt\/noticias\/2026\/01\/18\/andre-luiz-admite-dias-em-que-as-coisas-nao-saem-como-queremos\/"]}]},{"@type":"ImageObject","inLanguage":"pt-PT","@id":"https:\/\/portaltela.pt\/noticias\/2026\/01\/18\/andre-luiz-admite-dias-em-que-as-coisas-nao-saem-como-queremos\/#primaryimage","url":"https:\/\/portaltela.pt\/s.01k8rhncp4jt1\/2026\/01\/831dc4b2-0768-4aaf-996c-2dcb74a526b0-1.jpg","contentUrl":"https:\/\/portaltela.pt\/s.01k8rhncp4jt1\/2026\/01\/831dc4b2-0768-4aaf-996c-2dcb74a526b0-1.jpg","width":796,"height":448,"caption":"Andr\u00e9 Luiz, cobi\u00e7ado pelo Benfica, foi titular no Rio Ave - Foto: Rog\u00e9rio Ferreira\/Kapta +"},{"@type":"BreadcrumbList","@id":"https:\/\/portaltela.pt\/noticias\/2026\/01\/18\/andre-luiz-admite-dias-em-que-as-coisas-nao-saem-como-queremos\/#breadcrumb","itemListElement":[{"@type":"ListItem","position":1,"name":"In\u00edcio","item":"https:\/\/portaltela.pt\/"},{"@type":"ListItem","position":2,"name":"Andr\u00e9 Luiz admite dias em que as coisas n\u00e3o saem como queremos"}]},{"@type":"WebSite","@id":"https:\/\/portaltela.pt\/#website","url":"https:\/\/portaltela.pt\/","name":"Portal Tela Portugal","description":"","potentialAction":[{"@type":"SearchAction","target":{"@type":"EntryPoint","urlTemplate":"https:\/\/portaltela.pt\/?s={search_term_string}"},"query-input":{"@type":"PropertyValueSpecification","valueRequired":true,"valueName":"search_term_string"}}],"inLanguage":"pt-PT"},{"@type":"Person","@id":"https:\/\/portaltela.pt\/#\/schema\/person\/c4278d4a6028830caff9ee44b42d32ed","name":"Telinha","image":{"@type":"ImageObject","inLanguage":"pt-PT","@id":"https:\/\/portaltela.pt\/s.01k8rhncp4jt1\/2025\/11\/talking-bot-125x125.png","url":"https:\/\/portaltela.pt\/s.01k8rhncp4jt1\/2025\/11\/talking-bot-125x125.png","contentUrl":"https:\/\/portaltela.pt\/s.01k8rhncp4jt1\/2025\/11\/talking-bot-125x125.png","caption":"Telinha"},"sameAs":["https:\/\/portaltela.pt\/"],"url":"https:\/\/portaltela.pt\/por\/367410592786\/"}]}},"_links":{"self":[{"href":"https:\/\/portaltela.pt\/api\/wp\/v2\/posts\/150429","targetHints":{"allow":["GET"]}}],"collection":[{"href":"https:\/\/portaltela.pt\/api\/wp\/v2\/posts"}],"about":[{"href":"https:\/\/portaltela.pt\/api\/wp\/v2\/types\/post"}],"author":[{"embeddable":true,"href":"https:\/\/portaltela.pt\/api\/wp\/v2\/users\/2"}],"replies":[{"embeddable":true,"href":"https:\/\/portaltela.pt\/api\/wp\/v2\/comments?post=150429"}],"version-history":[{"count":0,"href":"https:\/\/portaltela.pt\/api\/wp\/v2\/posts\/150429\/revisions"}],"wp:featuredmedia":[{"embeddable":true,"href":"https:\/\/portaltela.pt\/api\/wp\/v2\/media\/150432"}],"wp:attachment":[{"href":"https:\/\/portaltela.pt\/api\/wp\/v2\/media?parent=150429"}],"wp:term":[{"taxonomy":"category","embeddable":true,"href":"https:\/\/portaltela.pt\/api\/wp\/v2\/categories?post=150429"},{"taxonomy":"post_tag","embeddable":true,"href":"https:\/\/portaltela.pt\/api\/wp\/v2\/tags?post=150429"}],"curies":[{"name":"wp","href":"https:\/\/api.w.org\/{rel}","templated":true}]}}