{"id":150400,"date":"2026-01-18T13:00:00","date_gmt":"2026-01-18T16:00:00","guid":{"rendered":"https:\/\/portaltela.pt\/noticias\/2026\/01\/18\/professores-adiam-reforma-na-maioria-das-escolas-missao-questiona-medida\/"},"modified":"2026-01-18T13:00:00","modified_gmt":"2026-01-18T16:00:00","slug":"professores-adiam-reforma-na-maioria-das-escolas-missao-questiona-medida","status":"publish","type":"post","link":"https:\/\/portaltela.pt\/noticias\/2026\/01\/18\/professores-adiam-reforma-na-maioria-das-escolas-missao-questiona-medida\/","title":{"rendered":"Professores adiam reforma na maioria das escolas; Miss\u00e3o questiona medida"},"content":{"rendered":"<p>A maioria dos agrupamentos de escolas adotou o adiamento da reforma este ano, de acordo com um inqu\u00e9rito da Miss\u00e3o Escola P\u00fablica (MEP). A investiga\u00e7\u00e3o consultou 222 diretores de escolas e de agrupamentos, de todo o pa\u00eds, e revelou que 57% afirmam ter professores que aceitaram protelar a reforma.<\/p>\n<p>A medida, uma das propostas do Minist\u00e9rio da Educa\u00e7\u00e3o, visa reduzir o n\u00famero de alunos sem aulas por per\u00edodos prolongados. Contudo, a MEP questiona a efic\u00e1cia da decis\u00e3o e considera-a potencialmente economicamente danosa, sobretudo em contextos com menos car\u00eancia de docentes.<\/p>\n<p>A equipa da MEP cruzou dados para perceber onde se concentram os professores que adiariam a reforma e verificou que h\u00e1 risco de inefic\u00e1cia da medida, com impactos na organiza\u00e7\u00e3o e nos hor\u00e1rios. O Minist\u00e9rio aponta um suplemento de 750 euros brutos mensais para quem adiar a reforma.<\/p>\n<p>A investiga\u00e7\u00e3o avaliou se a maioria dos docentes que adiam a aposenta\u00e7\u00e3o est\u00e1 instalada no sul do pa\u00eds, onde se registam menos alunos sem aulas, mas a distribui\u00e7\u00e3o regional n\u00e3o coincide com as \u00e1reas com maior escassez de professores, segundo o inqu\u00e9rito.<\/p>\n<p>Regi\u00f5es como Norte e Centro apresentam, respetivamente, 56% e 60% de agrupamentos com docentes a adiar a reforma, valorizando que a situa\u00e7\u00e3o varia conforme a densidade de car\u00eancia educativa. Em territ\u00f3rios com menos car\u00eancia, o adiamento \u00e9 mais presente.<\/p>\n<p>A MEP levanta d\u00favidas sobre a adequa\u00e7\u00e3o da medida para enfrentar a falta de professores, sugerindo que pode ser contraproducente. O estudo descreve que docentes que adiam a aposenta\u00e7\u00e3o costumam ter hor\u00e1rios reduzidos, o que pode dificultar libertar hor\u00e1rios para profissionais com 22 horas letivas.<\/p>\n<p>O relat\u00f3rio aponta um risco de aloca\u00e7\u00e3o ineficiente de recursos p\u00fablicos, devido a escolhas territoriais que podem n\u00e3o refletir a real necessidade. Al\u00e9m disso, a falta de docentes deixa de ser um problema apenas de Lisboa e Vale do Tejo, Alentejo e Algarve, passando a ser nacional, com 34% dos agrupamentos a funcionar com falta de professores.<\/p>\n<p>Mais de dois ter\u00e7os dos diretores (68%) indicam a falta de assistentes operacionais como o maior obst\u00e1culo, seguidos pela burocracia e pela escassez de docentes (44%). Autores do inqu\u00e9rito destacam que a gest\u00e3o de car\u00eancias e procedimentos administrativos tem absorvido a aten\u00e7\u00e3o dos diretores, em detrimento da lideran\u00e7a pedag\u00f3gica.<\/p>\n","protected":false},"excerpt":{"rendered":"<ul>\n<li>A maioria dos agrupamentos de escolas tem este ano professores que aceitaram adiar a reforma, segundo um inqu\u00e9rito da Miss\u00e3o Escola P\u00fablica que integrou 222 diretores.<\/li>\n<li>57% dos diretores disseram ter docentes que protelaram a reforma, uma das medidas anunciadas pelo Minist\u00e9rio da Educa\u00e7\u00e3o para reduzir per\u00edodos sem aulas.<\/li>\n<li>A MEP questiona a efic\u00e1cia da medida e o seu custo econ\u00f3mico, indicando que pode ser contraproducente em contextos com menos car\u00eancia de docentes.<\/li>\n<li>O inqu\u00e9rito mostra distribui\u00e7\u00e3o regional desigual e revela que 34% dos agrupamentos est\u00e3o sem docentes, com maior concentra\u00e7\u00e3o de adiantamentos no norte e no centro.<\/li>\n<li>Al\u00e9m da reforma, os diretores apontam falta de assistentes operacionais como principal problema, seguido de burocracia e falta de professores, o que pode afetar a lideran\u00e7a pedag\u00f3gica.<\/li>\n<\/ul>\n","protected":false},"author":2,"featured_media":150402,"comment_status":"closed","ping_status":"closed","sticky":false,"template":"","format":"standard","meta":{"footnotes":""},"categories":[1],"tags":[163,2443,101,3389,2415,97],"class_list":["post-150400","post","type-post","status-publish","format-standard","has-post-thumbnail","hentry","category-noticias","tag-educacao","tag-educacao-publica","tag-escolas","tag-falta-de-docentes","tag-gestao","tag-professores"],"yoast_head":"<!-- This site is optimized with the Yoast SEO plugin v27.2 - https:\/\/yoast.com\/product\/yoast-seo-wordpress\/ -->\n<title>Professores adiam reforma na maioria das escolas; Miss\u00e3o questiona medida - Portal Tela Portugal<\/title>\n<meta name=\"robots\" content=\"index, follow, max-snippet:-1, max-image-preview:large, max-video-preview:-1\" \/>\n<meta property=\"og:locale\" content=\"pt_PT\" \/>\n<meta property=\"og:type\" content=\"article\" \/>\n<meta property=\"og:title\" content=\"Professores adiam reforma na maioria das escolas; Miss\u00e3o questiona medida - Portal Tela Portugal\" \/>\n<meta property=\"og:description\" content=\"A maioria dos agrupamentos de escolas tem este ano professores que aceitaram adiar a reforma, segundo um inqu\u00e9rito da Miss\u00e3o Escola P\u00fablica que integrou 222 diretores. 57% dos diretores disseram ter docentes que protelaram a reforma, uma das medidas anunciadas pelo Minist\u00e9rio da Educa\u00e7\u00e3o para reduzir per\u00edodos sem aulas. A MEP questiona a efic\u00e1cia da medida e o seu custo econ\u00f3mico, indicando que pode ser contraproducente em contextos com menos car\u00eancia de docentes. O inqu\u00e9rito mostra distribui\u00e7\u00e3o regional desigual e revela que 34% dos agrupamentos est\u00e3o sem docentes, com maior concentra\u00e7\u00e3o de adiantamentos no norte e no centro. Al\u00e9m da reforma, os diretores apontam falta de assistentes operacionais como principal problema, seguido de burocracia e falta de professores, o que pode afetar a lideran\u00e7a pedag\u00f3gica.\" \/>\n<meta property=\"og:url\" content=\"https:\/\/portaltela.pt\/noticias\/2026\/01\/18\/professores-adiam-reforma-na-maioria-das-escolas-missao-questiona-medida\/\" \/>\n<meta property=\"og:site_name\" content=\"Portal Tela Portugal\" \/>\n<meta property=\"article:published_time\" content=\"2026-01-18T16:00:00+00:00\" \/>\n<meta name=\"author\" content=\"Telinha\" \/>\n<meta name=\"twitter:card\" content=\"summary_large_image\" \/>\n<meta name=\"twitter:label1\" content=\"Escrito por\" \/>\n\t<meta name=\"twitter:data1\" content=\"Telinha\" \/>\n\t<meta name=\"twitter:label2\" content=\"Tempo estimado de leitura\" \/>\n\t<meta name=\"twitter:data2\" content=\"2 minutos\" \/>\n<script type=\"application\/ld+json\" class=\"yoast-schema-graph\">{\"@context\":\"https:\/\/schema.org\",\"@graph\":[{\"@type\":\"Article\",\"@id\":\"https:\/\/portaltela.pt\/noticias\/2026\/01\/18\/professores-adiam-reforma-na-maioria-das-escolas-missao-questiona-medida\/#article\",\"isPartOf\":{\"@id\":\"https:\/\/portaltela.pt\/noticias\/2026\/01\/18\/professores-adiam-reforma-na-maioria-das-escolas-missao-questiona-medida\/\"},\"author\":{\"name\":\"Telinha\",\"@id\":\"https:\/\/portaltela.pt\/#\/schema\/person\/c4278d4a6028830caff9ee44b42d32ed\"},\"headline\":\"Professores adiam reforma na maioria das escolas; Miss\u00e3o questiona medida\",\"datePublished\":\"2026-01-18T16:00:00+00:00\",\"mainEntityOfPage\":{\"@id\":\"https:\/\/portaltela.pt\/noticias\/2026\/01\/18\/professores-adiam-reforma-na-maioria-das-escolas-missao-questiona-medida\/\"},\"wordCount\":416,\"image\":{\"@id\":\"https:\/\/portaltela.pt\/noticias\/2026\/01\/18\/professores-adiam-reforma-na-maioria-das-escolas-missao-questiona-medida\/#primaryimage\"},\"thumbnailUrl\":\"https:\/\/portaltela.pt\/s.01k8rhncp4jt1\/2026\/01\/unnamed-file-3659.jpg\",\"keywords\":[\"educa\u00e7\u00e3o\",\"educa\u00e7\u00e3o p\u00fablica\",\"escolas\",\"falta de docentes\",\"gest\u00e3o\",\"professores\"],\"articleSection\":[\"Not\u00edcias\"],\"inLanguage\":\"pt-PT\"},{\"@type\":\"WebPage\",\"@id\":\"https:\/\/portaltela.pt\/noticias\/2026\/01\/18\/professores-adiam-reforma-na-maioria-das-escolas-missao-questiona-medida\/\",\"url\":\"https:\/\/portaltela.pt\/noticias\/2026\/01\/18\/professores-adiam-reforma-na-maioria-das-escolas-missao-questiona-medida\/\",\"name\":\"Professores adiam reforma na maioria das escolas; Miss\u00e3o questiona medida - Portal Tela Portugal\",\"isPartOf\":{\"@id\":\"https:\/\/portaltela.pt\/#website\"},\"primaryImageOfPage\":{\"@id\":\"https:\/\/portaltela.pt\/noticias\/2026\/01\/18\/professores-adiam-reforma-na-maioria-das-escolas-missao-questiona-medida\/#primaryimage\"},\"image\":{\"@id\":\"https:\/\/portaltela.pt\/noticias\/2026\/01\/18\/professores-adiam-reforma-na-maioria-das-escolas-missao-questiona-medida\/#primaryimage\"},\"thumbnailUrl\":\"https:\/\/portaltela.pt\/s.01k8rhncp4jt1\/2026\/01\/unnamed-file-3659.jpg\",\"datePublished\":\"2026-01-18T16:00:00+00:00\",\"author\":{\"@id\":\"https:\/\/portaltela.pt\/#\/schema\/person\/c4278d4a6028830caff9ee44b42d32ed\"},\"breadcrumb\":{\"@id\":\"https:\/\/portaltela.pt\/noticias\/2026\/01\/18\/professores-adiam-reforma-na-maioria-das-escolas-missao-questiona-medida\/#breadcrumb\"},\"inLanguage\":\"pt-PT\",\"potentialAction\":[{\"@type\":\"ReadAction\",\"target\":[\"https:\/\/portaltela.pt\/noticias\/2026\/01\/18\/professores-adiam-reforma-na-maioria-das-escolas-missao-questiona-medida\/\"]}]},{\"@type\":\"ImageObject\",\"inLanguage\":\"pt-PT\",\"@id\":\"https:\/\/portaltela.pt\/noticias\/2026\/01\/18\/professores-adiam-reforma-na-maioria-das-escolas-missao-questiona-medida\/#primaryimage\",\"url\":\"https:\/\/portaltela.pt\/s.01k8rhncp4jt1\/2026\/01\/unnamed-file-3659.jpg\",\"contentUrl\":\"https:\/\/portaltela.pt\/s.01k8rhncp4jt1\/2026\/01\/unnamed-file-3659.jpg\",\"width\":796,\"height\":448,\"caption\":\"Apoio \u00e0 desloca\u00e7\u00e3o ser\u00e1 alargado a todos os docentes a partir de setembro\"},{\"@type\":\"BreadcrumbList\",\"@id\":\"https:\/\/portaltela.pt\/noticias\/2026\/01\/18\/professores-adiam-reforma-na-maioria-das-escolas-missao-questiona-medida\/#breadcrumb\",\"itemListElement\":[{\"@type\":\"ListItem\",\"position\":1,\"name\":\"In\u00edcio\",\"item\":\"https:\/\/portaltela.pt\/\"},{\"@type\":\"ListItem\",\"position\":2,\"name\":\"Professores adiam reforma na maioria das escolas; Miss\u00e3o questiona medida\"}]},{\"@type\":\"WebSite\",\"@id\":\"https:\/\/portaltela.pt\/#website\",\"url\":\"https:\/\/portaltela.pt\/\",\"name\":\"Portal Tela Portugal\",\"description\":\"\",\"potentialAction\":[{\"@type\":\"SearchAction\",\"target\":{\"@type\":\"EntryPoint\",\"urlTemplate\":\"https:\/\/portaltela.pt\/?s={search_term_string}\"},\"query-input\":{\"@type\":\"PropertyValueSpecification\",\"valueRequired\":true,\"valueName\":\"search_term_string\"}}],\"inLanguage\":\"pt-PT\"},{\"@type\":\"Person\",\"@id\":\"https:\/\/portaltela.pt\/#\/schema\/person\/c4278d4a6028830caff9ee44b42d32ed\",\"name\":\"Telinha\",\"image\":{\"@type\":\"ImageObject\",\"inLanguage\":\"pt-PT\",\"@id\":\"https:\/\/portaltela.pt\/s.01k8rhncp4jt1\/2025\/11\/talking-bot-125x125.png\",\"url\":\"https:\/\/portaltela.pt\/s.01k8rhncp4jt1\/2025\/11\/talking-bot-125x125.png\",\"contentUrl\":\"https:\/\/portaltela.pt\/s.01k8rhncp4jt1\/2025\/11\/talking-bot-125x125.png\",\"caption\":\"Telinha\"},\"sameAs\":[\"https:\/\/portaltela.pt\/\"],\"url\":\"https:\/\/portaltela.pt\/por\/367410592786\/\"}]}<\/script>\n<!-- \/ Yoast SEO plugin. -->","yoast_head_json":{"title":"Professores adiam reforma na maioria das escolas; Miss\u00e3o questiona medida - Portal Tela Portugal","robots":{"index":"index","follow":"follow","max-snippet":"max-snippet:-1","max-image-preview":"max-image-preview:large","max-video-preview":"max-video-preview:-1"},"og_locale":"pt_PT","og_type":"article","og_title":"Professores adiam reforma na maioria das escolas; Miss\u00e3o questiona medida - Portal Tela Portugal","og_description":"A maioria dos agrupamentos de escolas tem este ano professores que aceitaram adiar a reforma, segundo um inqu\u00e9rito da Miss\u00e3o Escola P\u00fablica que integrou 222 diretores. 57% dos diretores disseram ter docentes que protelaram a reforma, uma das medidas anunciadas pelo Minist\u00e9rio da Educa\u00e7\u00e3o para reduzir per\u00edodos sem aulas. A MEP questiona a efic\u00e1cia da medida e o seu custo econ\u00f3mico, indicando que pode ser contraproducente em contextos com menos car\u00eancia de docentes. O inqu\u00e9rito mostra distribui\u00e7\u00e3o regional desigual e revela que 34% dos agrupamentos est\u00e3o sem docentes, com maior concentra\u00e7\u00e3o de adiantamentos no norte e no centro. Al\u00e9m da reforma, os diretores apontam falta de assistentes operacionais como principal problema, seguido de burocracia e falta de professores, o que pode afetar a lideran\u00e7a pedag\u00f3gica.","og_url":"https:\/\/portaltela.pt\/noticias\/2026\/01\/18\/professores-adiam-reforma-na-maioria-das-escolas-missao-questiona-medida\/","og_site_name":"Portal Tela Portugal","article_published_time":"2026-01-18T16:00:00+00:00","author":"Telinha","twitter_card":"summary_large_image","twitter_misc":{"Escrito por":"Telinha","Tempo estimado de leitura":"2 minutos"},"schema":{"@context":"https:\/\/schema.org","@graph":[{"@type":"Article","@id":"https:\/\/portaltela.pt\/noticias\/2026\/01\/18\/professores-adiam-reforma-na-maioria-das-escolas-missao-questiona-medida\/#article","isPartOf":{"@id":"https:\/\/portaltela.pt\/noticias\/2026\/01\/18\/professores-adiam-reforma-na-maioria-das-escolas-missao-questiona-medida\/"},"author":{"name":"Telinha","@id":"https:\/\/portaltela.pt\/#\/schema\/person\/c4278d4a6028830caff9ee44b42d32ed"},"headline":"Professores adiam reforma na maioria das escolas; Miss\u00e3o questiona medida","datePublished":"2026-01-18T16:00:00+00:00","mainEntityOfPage":{"@id":"https:\/\/portaltela.pt\/noticias\/2026\/01\/18\/professores-adiam-reforma-na-maioria-das-escolas-missao-questiona-medida\/"},"wordCount":416,"image":{"@id":"https:\/\/portaltela.pt\/noticias\/2026\/01\/18\/professores-adiam-reforma-na-maioria-das-escolas-missao-questiona-medida\/#primaryimage"},"thumbnailUrl":"https:\/\/portaltela.pt\/s.01k8rhncp4jt1\/2026\/01\/unnamed-file-3659.jpg","keywords":["educa\u00e7\u00e3o","educa\u00e7\u00e3o p\u00fablica","escolas","falta de docentes","gest\u00e3o","professores"],"articleSection":["Not\u00edcias"],"inLanguage":"pt-PT"},{"@type":"WebPage","@id":"https:\/\/portaltela.pt\/noticias\/2026\/01\/18\/professores-adiam-reforma-na-maioria-das-escolas-missao-questiona-medida\/","url":"https:\/\/portaltela.pt\/noticias\/2026\/01\/18\/professores-adiam-reforma-na-maioria-das-escolas-missao-questiona-medida\/","name":"Professores adiam reforma na maioria das escolas; Miss\u00e3o questiona medida - Portal Tela Portugal","isPartOf":{"@id":"https:\/\/portaltela.pt\/#website"},"primaryImageOfPage":{"@id":"https:\/\/portaltela.pt\/noticias\/2026\/01\/18\/professores-adiam-reforma-na-maioria-das-escolas-missao-questiona-medida\/#primaryimage"},"image":{"@id":"https:\/\/portaltela.pt\/noticias\/2026\/01\/18\/professores-adiam-reforma-na-maioria-das-escolas-missao-questiona-medida\/#primaryimage"},"thumbnailUrl":"https:\/\/portaltela.pt\/s.01k8rhncp4jt1\/2026\/01\/unnamed-file-3659.jpg","datePublished":"2026-01-18T16:00:00+00:00","author":{"@id":"https:\/\/portaltela.pt\/#\/schema\/person\/c4278d4a6028830caff9ee44b42d32ed"},"breadcrumb":{"@id":"https:\/\/portaltela.pt\/noticias\/2026\/01\/18\/professores-adiam-reforma-na-maioria-das-escolas-missao-questiona-medida\/#breadcrumb"},"inLanguage":"pt-PT","potentialAction":[{"@type":"ReadAction","target":["https:\/\/portaltela.pt\/noticias\/2026\/01\/18\/professores-adiam-reforma-na-maioria-das-escolas-missao-questiona-medida\/"]}]},{"@type":"ImageObject","inLanguage":"pt-PT","@id":"https:\/\/portaltela.pt\/noticias\/2026\/01\/18\/professores-adiam-reforma-na-maioria-das-escolas-missao-questiona-medida\/#primaryimage","url":"https:\/\/portaltela.pt\/s.01k8rhncp4jt1\/2026\/01\/unnamed-file-3659.jpg","contentUrl":"https:\/\/portaltela.pt\/s.01k8rhncp4jt1\/2026\/01\/unnamed-file-3659.jpg","width":796,"height":448,"caption":"Apoio \u00e0 desloca\u00e7\u00e3o ser\u00e1 alargado a todos os docentes a partir de setembro"},{"@type":"BreadcrumbList","@id":"https:\/\/portaltela.pt\/noticias\/2026\/01\/18\/professores-adiam-reforma-na-maioria-das-escolas-missao-questiona-medida\/#breadcrumb","itemListElement":[{"@type":"ListItem","position":1,"name":"In\u00edcio","item":"https:\/\/portaltela.pt\/"},{"@type":"ListItem","position":2,"name":"Professores adiam reforma na maioria das escolas; Miss\u00e3o questiona medida"}]},{"@type":"WebSite","@id":"https:\/\/portaltela.pt\/#website","url":"https:\/\/portaltela.pt\/","name":"Portal Tela Portugal","description":"","potentialAction":[{"@type":"SearchAction","target":{"@type":"EntryPoint","urlTemplate":"https:\/\/portaltela.pt\/?s={search_term_string}"},"query-input":{"@type":"PropertyValueSpecification","valueRequired":true,"valueName":"search_term_string"}}],"inLanguage":"pt-PT"},{"@type":"Person","@id":"https:\/\/portaltela.pt\/#\/schema\/person\/c4278d4a6028830caff9ee44b42d32ed","name":"Telinha","image":{"@type":"ImageObject","inLanguage":"pt-PT","@id":"https:\/\/portaltela.pt\/s.01k8rhncp4jt1\/2025\/11\/talking-bot-125x125.png","url":"https:\/\/portaltela.pt\/s.01k8rhncp4jt1\/2025\/11\/talking-bot-125x125.png","contentUrl":"https:\/\/portaltela.pt\/s.01k8rhncp4jt1\/2025\/11\/talking-bot-125x125.png","caption":"Telinha"},"sameAs":["https:\/\/portaltela.pt\/"],"url":"https:\/\/portaltela.pt\/por\/367410592786\/"}]}},"_links":{"self":[{"href":"https:\/\/portaltela.pt\/api\/wp\/v2\/posts\/150400","targetHints":{"allow":["GET"]}}],"collection":[{"href":"https:\/\/portaltela.pt\/api\/wp\/v2\/posts"}],"about":[{"href":"https:\/\/portaltela.pt\/api\/wp\/v2\/types\/post"}],"author":[{"embeddable":true,"href":"https:\/\/portaltela.pt\/api\/wp\/v2\/users\/2"}],"replies":[{"embeddable":true,"href":"https:\/\/portaltela.pt\/api\/wp\/v2\/comments?post=150400"}],"version-history":[{"count":0,"href":"https:\/\/portaltela.pt\/api\/wp\/v2\/posts\/150400\/revisions"}],"wp:featuredmedia":[{"embeddable":true,"href":"https:\/\/portaltela.pt\/api\/wp\/v2\/media\/150402"}],"wp:attachment":[{"href":"https:\/\/portaltela.pt\/api\/wp\/v2\/media?parent=150400"}],"wp:term":[{"taxonomy":"category","embeddable":true,"href":"https:\/\/portaltela.pt\/api\/wp\/v2\/categories?post=150400"},{"taxonomy":"post_tag","embeddable":true,"href":"https:\/\/portaltela.pt\/api\/wp\/v2\/tags?post=150400"}],"curies":[{"name":"wp","href":"https:\/\/api.w.org\/{rel}","templated":true}]}}