{"id":150375,"date":"2026-01-18T06:42:00","date_gmt":"2026-01-18T09:42:00","guid":{"rendered":"https:\/\/portaltela.pt\/noticias\/2026\/01\/18\/lance-com-dalot-gera-polemica-guardiola-pedia-expulsao-e-liga-reage-2\/"},"modified":"2026-01-18T06:42:00","modified_gmt":"2026-01-18T09:42:00","slug":"lance-com-dalot-gera-polemica-guardiola-pedia-expulsao-e-liga-reage-2","status":"publish","type":"post","link":"https:\/\/portaltela.pt\/desporto\/futebol\/2026\/01\/18\/lance-com-dalot-gera-polemica-guardiola-pedia-expulsao-e-liga-reage-2\/","title":{"rendered":"Lance com Dalot gera pol\u00e9mica: Guardiola pedia expuls\u00e3o e Liga reage"},"content":{"rendered":"<p>O Manchester United derrotou o Manchester City por 2-0 em Old Trafford, no d\u00e9rbi de Manchester. Os golos foram de Mbeumo e Dorgu, com Diallo a acertar no poste e o \u00e1rbitro a anular tr\u00eas remates aos reds devils. Os citizens remataram apenas uma vez \u00e0 baliza defendida por Lammens.<\/p>\n<p>Logo aos 10 minutos, Dalot viu cart\u00e3o amarelo ap\u00f3s entrada sobre Doku. O City reclamou, pediu vermelho, mas o VAR confirmou a decis\u00e3o inicial. O t\u00e9cnico Pep Guardiola considerou que o lance poderia ter mudado o desenrolar da partida, embora n\u00e3o tenha apresentado excusas.<\/p>\n<p>A pol\u00e9mica ganhou for\u00e7a nas redes sociais, levando a Premier League a esclarecer o incidente. Em comunicado, a entidade explicou que o contacto foi considerado de relance, sem for\u00e7a excessiva, e that a decis\u00e3o permaneceu.<\/p>\n<p>Com o triunfo, o United soma 35 pontos e sobe ao 5.\u00ba lugar da Premier League, assegurando acesso direto \u00e0 Liga Europa. Os red devils ficam a apenas um ponto do Liverpool, que empatou com o Burnley na jornada.<\/p>\n<h3>Rea\u00e7\u00e3o da Premier League e consequ\u00eancias<\/h3>\n<p>A vit\u00f3ria no regresso de Michael Carrick ao comando da equipa refor\u00e7a o estado de forma do United, que continua a perseguir posi\u00e7\u00f5es europeias. O City mant\u00e9m-se no topo da tabela, com perspetivas de disputarCompetir pela vit\u00f3ria no campeonato.<\/p>\n","protected":false},"excerpt":{"rendered":"<ul>\n<li>O Manchester United venceu o Manchester City por dois a zero em Old Trafford, com Golos de Mbeumo e Dorgu, e Diallo acertou no poste; os red devils dominaram a partida.<\/li>\n<li>No lance aos dez minutos, Dalot foi alvo de uma entrada sobre Doku que levou cart\u00e3o amarelo; o VAR analisou, mas n\u00e3o houve altera\u00e7\u00e3o.<\/li>\n<li>No fim do jogo, Pep Guardiola afirmou que, se Dalot tivesse visto o vermelho, o desfecho poderia ter sido diferente, embora tenha dito que o foco n\u00e3o \u00e9 esse.<\/li>\n<li>A Premier League explicou, numa publica\u00e7\u00e3o na rede X, que n\u00e3o houve for\u00e7a excessiva no lance envolvendo Dalot; o contacto foi considerado de relance.<\/li>\n<li>Com o triunfo, o United sobe ao quinto lugar da liga, com 35 pontos, a um ponto do Liverpool, que empatou com o Burnley.<\/li>\n<\/ul>\n","protected":false},"author":2,"featured_media":150384,"comment_status":"closed","ping_status":"closed","sticky":false,"template":"","format":"standard","meta":{"footnotes":""},"categories":[21,24],"tags":[2902,32,2006,1980,3187,3369],"class_list":["post-150375","post","type-post","status-publish","format-standard","has-post-thumbnail","hentry","category-desporto","category-futebol","tag-dalot","tag-futebol","tag-liga-europa","tag-manchester-city","tag-manchester-united","tag-premier-league"],"yoast_head":"<!-- This site is optimized with the Yoast SEO plugin v27.2 - https:\/\/yoast.com\/product\/yoast-seo-wordpress\/ -->\n<title>Lance com Dalot gera pol\u00e9mica: Guardiola pedia expuls\u00e3o e Liga reage - Portal Tela Portugal<\/title>\n<meta name=\"robots\" content=\"index, follow, max-snippet:-1, max-image-preview:large, max-video-preview:-1\" \/>\n<meta property=\"og:locale\" content=\"pt_PT\" \/>\n<meta property=\"og:type\" content=\"article\" \/>\n<meta property=\"og:title\" content=\"Lance com Dalot gera pol\u00e9mica: Guardiola pedia expuls\u00e3o e Liga reage - Portal Tela Portugal\" \/>\n<meta property=\"og:description\" content=\"O Manchester United venceu o Manchester City por dois a zero em Old Trafford, com Golos de Mbeumo e Dorgu, e Diallo acertou no poste; os red devils dominaram a partida. No lance aos dez minutos, Dalot foi alvo de uma entrada sobre Doku que levou cart\u00e3o amarelo; o VAR analisou, mas n\u00e3o houve altera\u00e7\u00e3o. No fim do jogo, Pep Guardiola afirmou que, se Dalot tivesse visto o vermelho, o desfecho poderia ter sido diferente, embora tenha dito que o foco n\u00e3o \u00e9 esse. A Premier League explicou, numa publica\u00e7\u00e3o na rede X, que n\u00e3o houve for\u00e7a excessiva no lance envolvendo Dalot; o contacto foi considerado de relance. Com o triunfo, o United sobe ao quinto lugar da liga, com 35 pontos, a um ponto do Liverpool, que empatou com o Burnley.\" \/>\n<meta property=\"og:url\" content=\"https:\/\/portaltela.pt\/noticias\/2026\/01\/18\/lance-com-dalot-gera-polemica-guardiola-pedia-expulsao-e-liga-reage-2\/\" \/>\n<meta property=\"og:site_name\" content=\"Portal Tela Portugal\" \/>\n<meta property=\"article:published_time\" content=\"2026-01-18T09:42:00+00:00\" \/>\n<meta name=\"author\" content=\"Telinha\" \/>\n<meta name=\"twitter:card\" content=\"summary_large_image\" \/>\n<meta name=\"twitter:label1\" content=\"Escrito por\" \/>\n\t<meta name=\"twitter:data1\" content=\"Telinha\" \/>\n\t<meta name=\"twitter:label2\" content=\"Tempo estimado de leitura\" \/>\n\t<meta name=\"twitter:data2\" content=\"1 minuto\" \/>\n<script type=\"application\/ld+json\" class=\"yoast-schema-graph\">{\"@context\":\"https:\/\/schema.org\",\"@graph\":[{\"@type\":\"Article\",\"@id\":\"https:\/\/portaltela.pt\/noticias\/2026\/01\/18\/lance-com-dalot-gera-polemica-guardiola-pedia-expulsao-e-liga-reage-2\/#article\",\"isPartOf\":{\"@id\":\"https:\/\/portaltela.pt\/noticias\/2026\/01\/18\/lance-com-dalot-gera-polemica-guardiola-pedia-expulsao-e-liga-reage-2\/\"},\"author\":{\"name\":\"Telinha\",\"@id\":\"https:\/\/portaltela.pt\/#\/schema\/person\/c4278d4a6028830caff9ee44b42d32ed\"},\"headline\":\"Lance com Dalot gera pol\u00e9mica: Guardiola pedia expuls\u00e3o e Liga reage\",\"datePublished\":\"2026-01-18T09:42:00+00:00\",\"mainEntityOfPage\":{\"@id\":\"https:\/\/portaltela.pt\/noticias\/2026\/01\/18\/lance-com-dalot-gera-polemica-guardiola-pedia-expulsao-e-liga-reage-2\/\"},\"wordCount\":239,\"image\":{\"@id\":\"https:\/\/portaltela.pt\/noticias\/2026\/01\/18\/lance-com-dalot-gera-polemica-guardiola-pedia-expulsao-e-liga-reage-2\/#primaryimage\"},\"thumbnailUrl\":\"https:\/\/portaltela.pt\/s.01k8rhncp4jt1\/2026\/01\/img_920x518uu2025-12-04-23-24-48-2407135-im-639043261486713504-4.jpg\",\"keywords\":[\"Dalot\",\"futebol\",\"Liga Europa\",\"Manchester City\",\"Manchester United\",\"Premier League\"],\"articleSection\":[\"Desporto\",\"Futebol\"],\"inLanguage\":\"pt-PT\"},{\"@type\":\"WebPage\",\"@id\":\"https:\/\/portaltela.pt\/noticias\/2026\/01\/18\/lance-com-dalot-gera-polemica-guardiola-pedia-expulsao-e-liga-reage-2\/\",\"url\":\"https:\/\/portaltela.pt\/noticias\/2026\/01\/18\/lance-com-dalot-gera-polemica-guardiola-pedia-expulsao-e-liga-reage-2\/\",\"name\":\"Lance com Dalot gera pol\u00e9mica: Guardiola pedia expuls\u00e3o e Liga reage - Portal Tela Portugal\",\"isPartOf\":{\"@id\":\"https:\/\/portaltela.pt\/#website\"},\"primaryImageOfPage\":{\"@id\":\"https:\/\/portaltela.pt\/noticias\/2026\/01\/18\/lance-com-dalot-gera-polemica-guardiola-pedia-expulsao-e-liga-reage-2\/#primaryimage\"},\"image\":{\"@id\":\"https:\/\/portaltela.pt\/noticias\/2026\/01\/18\/lance-com-dalot-gera-polemica-guardiola-pedia-expulsao-e-liga-reage-2\/#primaryimage\"},\"thumbnailUrl\":\"https:\/\/portaltela.pt\/s.01k8rhncp4jt1\/2026\/01\/img_920x518uu2025-12-04-23-24-48-2407135-im-639043261486713504-4.jpg\",\"datePublished\":\"2026-01-18T09:42:00+00:00\",\"author\":{\"@id\":\"https:\/\/portaltela.pt\/#\/schema\/person\/c4278d4a6028830caff9ee44b42d32ed\"},\"breadcrumb\":{\"@id\":\"https:\/\/portaltela.pt\/noticias\/2026\/01\/18\/lance-com-dalot-gera-polemica-guardiola-pedia-expulsao-e-liga-reage-2\/#breadcrumb\"},\"inLanguage\":\"pt-PT\",\"potentialAction\":[{\"@type\":\"ReadAction\",\"target\":[\"https:\/\/portaltela.pt\/noticias\/2026\/01\/18\/lance-com-dalot-gera-polemica-guardiola-pedia-expulsao-e-liga-reage-2\/\"]}]},{\"@type\":\"ImageObject\",\"inLanguage\":\"pt-PT\",\"@id\":\"https:\/\/portaltela.pt\/noticias\/2026\/01\/18\/lance-com-dalot-gera-polemica-guardiola-pedia-expulsao-e-liga-reage-2\/#primaryimage\",\"url\":\"https:\/\/portaltela.pt\/s.01k8rhncp4jt1\/2026\/01\/img_920x518uu2025-12-04-23-24-48-2407135-im-639043261486713504-4.jpg\",\"contentUrl\":\"https:\/\/portaltela.pt\/s.01k8rhncp4jt1\/2026\/01\/img_920x518uu2025-12-04-23-24-48-2407135-im-639043261486713504-4.jpg\",\"width\":796,\"height\":448,\"caption\":\"Guardiola pediu expuls\u00e3o para Dalot no d\u00e9rbi de Manchester\"},{\"@type\":\"BreadcrumbList\",\"@id\":\"https:\/\/portaltela.pt\/noticias\/2026\/01\/18\/lance-com-dalot-gera-polemica-guardiola-pedia-expulsao-e-liga-reage-2\/#breadcrumb\",\"itemListElement\":[{\"@type\":\"ListItem\",\"position\":1,\"name\":\"In\u00edcio\",\"item\":\"https:\/\/portaltela.pt\/\"},{\"@type\":\"ListItem\",\"position\":2,\"name\":\"Lance com Dalot gera pol\u00e9mica: Guardiola pedia expuls\u00e3o e Liga reage\"}]},{\"@type\":\"WebSite\",\"@id\":\"https:\/\/portaltela.pt\/#website\",\"url\":\"https:\/\/portaltela.pt\/\",\"name\":\"Portal Tela Portugal\",\"description\":\"\",\"potentialAction\":[{\"@type\":\"SearchAction\",\"target\":{\"@type\":\"EntryPoint\",\"urlTemplate\":\"https:\/\/portaltela.pt\/?s={search_term_string}\"},\"query-input\":{\"@type\":\"PropertyValueSpecification\",\"valueRequired\":true,\"valueName\":\"search_term_string\"}}],\"inLanguage\":\"pt-PT\"},{\"@type\":\"Person\",\"@id\":\"https:\/\/portaltela.pt\/#\/schema\/person\/c4278d4a6028830caff9ee44b42d32ed\",\"name\":\"Telinha\",\"image\":{\"@type\":\"ImageObject\",\"inLanguage\":\"pt-PT\",\"@id\":\"https:\/\/portaltela.pt\/s.01k8rhncp4jt1\/2025\/11\/talking-bot-125x125.png\",\"url\":\"https:\/\/portaltela.pt\/s.01k8rhncp4jt1\/2025\/11\/talking-bot-125x125.png\",\"contentUrl\":\"https:\/\/portaltela.pt\/s.01k8rhncp4jt1\/2025\/11\/talking-bot-125x125.png\",\"caption\":\"Telinha\"},\"sameAs\":[\"https:\/\/portaltela.pt\/\"],\"url\":\"https:\/\/portaltela.pt\/por\/367410592786\/\"}]}<\/script>\n<!-- \/ Yoast SEO plugin. -->","yoast_head_json":{"title":"Lance com Dalot gera pol\u00e9mica: Guardiola pedia expuls\u00e3o e Liga reage - Portal Tela Portugal","robots":{"index":"index","follow":"follow","max-snippet":"max-snippet:-1","max-image-preview":"max-image-preview:large","max-video-preview":"max-video-preview:-1"},"og_locale":"pt_PT","og_type":"article","og_title":"Lance com Dalot gera pol\u00e9mica: Guardiola pedia expuls\u00e3o e Liga reage - Portal Tela Portugal","og_description":"O Manchester United venceu o Manchester City por dois a zero em Old Trafford, com Golos de Mbeumo e Dorgu, e Diallo acertou no poste; os red devils dominaram a partida. No lance aos dez minutos, Dalot foi alvo de uma entrada sobre Doku que levou cart\u00e3o amarelo; o VAR analisou, mas n\u00e3o houve altera\u00e7\u00e3o. No fim do jogo, Pep Guardiola afirmou que, se Dalot tivesse visto o vermelho, o desfecho poderia ter sido diferente, embora tenha dito que o foco n\u00e3o \u00e9 esse. A Premier League explicou, numa publica\u00e7\u00e3o na rede X, que n\u00e3o houve for\u00e7a excessiva no lance envolvendo Dalot; o contacto foi considerado de relance. Com o triunfo, o United sobe ao quinto lugar da liga, com 35 pontos, a um ponto do Liverpool, que empatou com o Burnley.","og_url":"https:\/\/portaltela.pt\/noticias\/2026\/01\/18\/lance-com-dalot-gera-polemica-guardiola-pedia-expulsao-e-liga-reage-2\/","og_site_name":"Portal Tela Portugal","article_published_time":"2026-01-18T09:42:00+00:00","author":"Telinha","twitter_card":"summary_large_image","twitter_misc":{"Escrito por":"Telinha","Tempo estimado de leitura":"1 minuto"},"schema":{"@context":"https:\/\/schema.org","@graph":[{"@type":"Article","@id":"https:\/\/portaltela.pt\/noticias\/2026\/01\/18\/lance-com-dalot-gera-polemica-guardiola-pedia-expulsao-e-liga-reage-2\/#article","isPartOf":{"@id":"https:\/\/portaltela.pt\/noticias\/2026\/01\/18\/lance-com-dalot-gera-polemica-guardiola-pedia-expulsao-e-liga-reage-2\/"},"author":{"name":"Telinha","@id":"https:\/\/portaltela.pt\/#\/schema\/person\/c4278d4a6028830caff9ee44b42d32ed"},"headline":"Lance com Dalot gera pol\u00e9mica: Guardiola pedia expuls\u00e3o e Liga reage","datePublished":"2026-01-18T09:42:00+00:00","mainEntityOfPage":{"@id":"https:\/\/portaltela.pt\/noticias\/2026\/01\/18\/lance-com-dalot-gera-polemica-guardiola-pedia-expulsao-e-liga-reage-2\/"},"wordCount":239,"image":{"@id":"https:\/\/portaltela.pt\/noticias\/2026\/01\/18\/lance-com-dalot-gera-polemica-guardiola-pedia-expulsao-e-liga-reage-2\/#primaryimage"},"thumbnailUrl":"https:\/\/portaltela.pt\/s.01k8rhncp4jt1\/2026\/01\/img_920x518uu2025-12-04-23-24-48-2407135-im-639043261486713504-4.jpg","keywords":["Dalot","futebol","Liga Europa","Manchester City","Manchester United","Premier League"],"articleSection":["Desporto","Futebol"],"inLanguage":"pt-PT"},{"@type":"WebPage","@id":"https:\/\/portaltela.pt\/noticias\/2026\/01\/18\/lance-com-dalot-gera-polemica-guardiola-pedia-expulsao-e-liga-reage-2\/","url":"https:\/\/portaltela.pt\/noticias\/2026\/01\/18\/lance-com-dalot-gera-polemica-guardiola-pedia-expulsao-e-liga-reage-2\/","name":"Lance com Dalot gera pol\u00e9mica: Guardiola pedia expuls\u00e3o e Liga reage - Portal Tela Portugal","isPartOf":{"@id":"https:\/\/portaltela.pt\/#website"},"primaryImageOfPage":{"@id":"https:\/\/portaltela.pt\/noticias\/2026\/01\/18\/lance-com-dalot-gera-polemica-guardiola-pedia-expulsao-e-liga-reage-2\/#primaryimage"},"image":{"@id":"https:\/\/portaltela.pt\/noticias\/2026\/01\/18\/lance-com-dalot-gera-polemica-guardiola-pedia-expulsao-e-liga-reage-2\/#primaryimage"},"thumbnailUrl":"https:\/\/portaltela.pt\/s.01k8rhncp4jt1\/2026\/01\/img_920x518uu2025-12-04-23-24-48-2407135-im-639043261486713504-4.jpg","datePublished":"2026-01-18T09:42:00+00:00","author":{"@id":"https:\/\/portaltela.pt\/#\/schema\/person\/c4278d4a6028830caff9ee44b42d32ed"},"breadcrumb":{"@id":"https:\/\/portaltela.pt\/noticias\/2026\/01\/18\/lance-com-dalot-gera-polemica-guardiola-pedia-expulsao-e-liga-reage-2\/#breadcrumb"},"inLanguage":"pt-PT","potentialAction":[{"@type":"ReadAction","target":["https:\/\/portaltela.pt\/noticias\/2026\/01\/18\/lance-com-dalot-gera-polemica-guardiola-pedia-expulsao-e-liga-reage-2\/"]}]},{"@type":"ImageObject","inLanguage":"pt-PT","@id":"https:\/\/portaltela.pt\/noticias\/2026\/01\/18\/lance-com-dalot-gera-polemica-guardiola-pedia-expulsao-e-liga-reage-2\/#primaryimage","url":"https:\/\/portaltela.pt\/s.01k8rhncp4jt1\/2026\/01\/img_920x518uu2025-12-04-23-24-48-2407135-im-639043261486713504-4.jpg","contentUrl":"https:\/\/portaltela.pt\/s.01k8rhncp4jt1\/2026\/01\/img_920x518uu2025-12-04-23-24-48-2407135-im-639043261486713504-4.jpg","width":796,"height":448,"caption":"Guardiola pediu expuls\u00e3o para Dalot no d\u00e9rbi de Manchester"},{"@type":"BreadcrumbList","@id":"https:\/\/portaltela.pt\/noticias\/2026\/01\/18\/lance-com-dalot-gera-polemica-guardiola-pedia-expulsao-e-liga-reage-2\/#breadcrumb","itemListElement":[{"@type":"ListItem","position":1,"name":"In\u00edcio","item":"https:\/\/portaltela.pt\/"},{"@type":"ListItem","position":2,"name":"Lance com Dalot gera pol\u00e9mica: Guardiola pedia expuls\u00e3o e Liga reage"}]},{"@type":"WebSite","@id":"https:\/\/portaltela.pt\/#website","url":"https:\/\/portaltela.pt\/","name":"Portal Tela Portugal","description":"","potentialAction":[{"@type":"SearchAction","target":{"@type":"EntryPoint","urlTemplate":"https:\/\/portaltela.pt\/?s={search_term_string}"},"query-input":{"@type":"PropertyValueSpecification","valueRequired":true,"valueName":"search_term_string"}}],"inLanguage":"pt-PT"},{"@type":"Person","@id":"https:\/\/portaltela.pt\/#\/schema\/person\/c4278d4a6028830caff9ee44b42d32ed","name":"Telinha","image":{"@type":"ImageObject","inLanguage":"pt-PT","@id":"https:\/\/portaltela.pt\/s.01k8rhncp4jt1\/2025\/11\/talking-bot-125x125.png","url":"https:\/\/portaltela.pt\/s.01k8rhncp4jt1\/2025\/11\/talking-bot-125x125.png","contentUrl":"https:\/\/portaltela.pt\/s.01k8rhncp4jt1\/2025\/11\/talking-bot-125x125.png","caption":"Telinha"},"sameAs":["https:\/\/portaltela.pt\/"],"url":"https:\/\/portaltela.pt\/por\/367410592786\/"}]}},"_links":{"self":[{"href":"https:\/\/portaltela.pt\/api\/wp\/v2\/posts\/150375","targetHints":{"allow":["GET"]}}],"collection":[{"href":"https:\/\/portaltela.pt\/api\/wp\/v2\/posts"}],"about":[{"href":"https:\/\/portaltela.pt\/api\/wp\/v2\/types\/post"}],"author":[{"embeddable":true,"href":"https:\/\/portaltela.pt\/api\/wp\/v2\/users\/2"}],"replies":[{"embeddable":true,"href":"https:\/\/portaltela.pt\/api\/wp\/v2\/comments?post=150375"}],"version-history":[{"count":0,"href":"https:\/\/portaltela.pt\/api\/wp\/v2\/posts\/150375\/revisions"}],"wp:featuredmedia":[{"embeddable":true,"href":"https:\/\/portaltela.pt\/api\/wp\/v2\/media\/150384"}],"wp:attachment":[{"href":"https:\/\/portaltela.pt\/api\/wp\/v2\/media?parent=150375"}],"wp:term":[{"taxonomy":"category","embeddable":true,"href":"https:\/\/portaltela.pt\/api\/wp\/v2\/categories?post=150375"},{"taxonomy":"post_tag","embeddable":true,"href":"https:\/\/portaltela.pt\/api\/wp\/v2\/tags?post=150375"}],"curies":[{"name":"wp","href":"https:\/\/api.w.org\/{rel}","templated":true}]}}