{"id":150298,"date":"2026-01-18T12:42:17","date_gmt":"2026-01-18T15:42:17","guid":{"rendered":"https:\/\/portaltela.pt\/noticias\/2026\/01\/18\/chapeu-nos-minutos-finais-leva-domingos-duarte-a-derrota\/"},"modified":"2026-01-18T12:42:17","modified_gmt":"2026-01-18T15:42:17","slug":"chapeu-nos-minutos-finais-leva-domingos-duarte-a-derrota","status":"publish","type":"post","link":"https:\/\/portaltela.pt\/desporto\/futebol\/2026\/01\/18\/chapeu-nos-minutos-finais-leva-domingos-duarte-a-derrota\/","title":{"rendered":"Chap\u00e9u nos minutos finais leva Domingos Duarte \u00e0 derrota"},"content":{"rendered":"<p>O Val\u00eancia venceu o Getafe no est\u00e1dio advers\u00e1rio, gra\u00e7as a um golo brilhante do capit\u00e3o Gaya. O defesa portugu\u00eas Domingos Duarte foi titular pelo Getafe, mas n\u00e3o conseguiu evitar a derrota.<\/p>\n<p>Nos minutos finais, o golo decidiu a partida, mantendo a equipa vitoriosa na frente do marcador. O Getafe tentou responder, mas n\u00e3o encontrou caminho para o empate.<\/p>\n<p>O triunfo d\u00e1 ao Val\u00eancia tr\u00eas pontos importantes fora de casa, enquanto Domingos Duarte encerra o jogo sem evitar o desfecho. Fonte: ABola.<\/p>\n","protected":false},"excerpt":{"rendered":"<ul>\n<li>O Val\u00eancia venceu no est\u00e1dio do Getafe, com um golo bonito do capit\u00e3o Jos\u00e9 Gaya.<\/li>\n<li>O encontro ficou decidido nos minutos finais.<\/li>\n<li>Domingos Duarte foi titular pela equipa visitante, o Getafe.<\/li>\n<li>O defesa portugu\u00eas n\u00e3o conseguiu evitar a derrota nem somar pontos para o Getafe.<\/li>\n<li>O triunfo mant\u00e9m o Val\u00eancia com tr\u00eas pontos na jornada prevista.<\/li>\n<\/ul>\n","protected":false},"author":2,"featured_media":150303,"comment_status":"closed","ping_status":"closed","sticky":false,"template":"","format":"standard","meta":{"footnotes":""},"categories":[21,24],"tags":[32,1715,506,1789,1014],"class_list":["post-150298","post","type-post","status-publish","format-standard","has-post-thumbnail","hentry","category-desporto","category-futebol","tag-futebol","tag-getafe","tag-imprensa","tag-la-liga","tag-portugal"],"yoast_head":"<!-- This site is optimized with the Yoast SEO plugin v27.2 - https:\/\/yoast.com\/product\/yoast-seo-wordpress\/ -->\n<title>Chap\u00e9u nos minutos finais leva Domingos Duarte \u00e0 derrota - Portal Tela Portugal<\/title>\n<meta name=\"robots\" content=\"index, follow, max-snippet:-1, max-image-preview:large, max-video-preview:-1\" \/>\n<meta property=\"og:locale\" content=\"pt_PT\" \/>\n<meta property=\"og:type\" content=\"article\" \/>\n<meta property=\"og:title\" content=\"Chap\u00e9u nos minutos finais leva Domingos Duarte \u00e0 derrota - Portal Tela Portugal\" \/>\n<meta property=\"og:description\" content=\"O Val\u00eancia venceu no est\u00e1dio do Getafe, com um golo bonito do capit\u00e3o Jos\u00e9 Gaya. O encontro ficou decidido nos minutos finais. Domingos Duarte foi titular pela equipa visitante, o Getafe. O defesa portugu\u00eas n\u00e3o conseguiu evitar a derrota nem somar pontos para o Getafe. O triunfo mant\u00e9m o Val\u00eancia com tr\u00eas pontos na jornada prevista.\" \/>\n<meta property=\"og:url\" content=\"https:\/\/portaltela.pt\/noticias\/2026\/01\/18\/chapeu-nos-minutos-finais-leva-domingos-duarte-a-derrota\/\" \/>\n<meta property=\"og:site_name\" content=\"Portal Tela Portugal\" \/>\n<meta property=\"article:published_time\" content=\"2026-01-18T15:42:17+00:00\" \/>\n<meta name=\"author\" content=\"Telinha\" \/>\n<meta name=\"twitter:card\" content=\"summary_large_image\" \/>\n<meta name=\"twitter:label1\" content=\"Escrito por\" \/>\n\t<meta name=\"twitter:data1\" content=\"Telinha\" \/>\n<script type=\"application\/ld+json\" class=\"yoast-schema-graph\">{\"@context\":\"https:\/\/schema.org\",\"@graph\":[{\"@type\":\"Article\",\"@id\":\"https:\/\/portaltela.pt\/noticias\/2026\/01\/18\/chapeu-nos-minutos-finais-leva-domingos-duarte-a-derrota\/#article\",\"isPartOf\":{\"@id\":\"https:\/\/portaltela.pt\/noticias\/2026\/01\/18\/chapeu-nos-minutos-finais-leva-domingos-duarte-a-derrota\/\"},\"author\":{\"name\":\"Telinha\",\"@id\":\"https:\/\/portaltela.pt\/#\/schema\/person\/c4278d4a6028830caff9ee44b42d32ed\"},\"headline\":\"Chap\u00e9u nos minutos finais leva Domingos Duarte \u00e0 derrota\",\"datePublished\":\"2026-01-18T15:42:17+00:00\",\"mainEntityOfPage\":{\"@id\":\"https:\/\/portaltela.pt\/noticias\/2026\/01\/18\/chapeu-nos-minutos-finais-leva-domingos-duarte-a-derrota\/\"},\"wordCount\":100,\"image\":{\"@id\":\"https:\/\/portaltela.pt\/noticias\/2026\/01\/18\/chapeu-nos-minutos-finais-leva-domingos-duarte-a-derrota\/#primaryimage\"},\"thumbnailUrl\":\"https:\/\/portaltela.pt\/s.01k8rhncp4jt1\/2026\/01\/067c46e7-d63a-44dc-8f18-d95762b925f6.jpg\",\"keywords\":[\"futebol\",\"Getafe\",\"imprensa\",\"La Liga\",\"Portugal\"],\"articleSection\":[\"Desporto\",\"Futebol\"],\"inLanguage\":\"pt-PT\"},{\"@type\":\"WebPage\",\"@id\":\"https:\/\/portaltela.pt\/noticias\/2026\/01\/18\/chapeu-nos-minutos-finais-leva-domingos-duarte-a-derrota\/\",\"url\":\"https:\/\/portaltela.pt\/noticias\/2026\/01\/18\/chapeu-nos-minutos-finais-leva-domingos-duarte-a-derrota\/\",\"name\":\"Chap\u00e9u nos minutos finais leva Domingos Duarte \u00e0 derrota - Portal Tela Portugal\",\"isPartOf\":{\"@id\":\"https:\/\/portaltela.pt\/#website\"},\"primaryImageOfPage\":{\"@id\":\"https:\/\/portaltela.pt\/noticias\/2026\/01\/18\/chapeu-nos-minutos-finais-leva-domingos-duarte-a-derrota\/#primaryimage\"},\"image\":{\"@id\":\"https:\/\/portaltela.pt\/noticias\/2026\/01\/18\/chapeu-nos-minutos-finais-leva-domingos-duarte-a-derrota\/#primaryimage\"},\"thumbnailUrl\":\"https:\/\/portaltela.pt\/s.01k8rhncp4jt1\/2026\/01\/067c46e7-d63a-44dc-8f18-d95762b925f6.jpg\",\"datePublished\":\"2026-01-18T15:42:17+00:00\",\"author\":{\"@id\":\"https:\/\/portaltela.pt\/#\/schema\/person\/c4278d4a6028830caff9ee44b42d32ed\"},\"breadcrumb\":{\"@id\":\"https:\/\/portaltela.pt\/noticias\/2026\/01\/18\/chapeu-nos-minutos-finais-leva-domingos-duarte-a-derrota\/#breadcrumb\"},\"inLanguage\":\"pt-PT\",\"potentialAction\":[{\"@type\":\"ReadAction\",\"target\":[\"https:\/\/portaltela.pt\/noticias\/2026\/01\/18\/chapeu-nos-minutos-finais-leva-domingos-duarte-a-derrota\/\"]}]},{\"@type\":\"ImageObject\",\"inLanguage\":\"pt-PT\",\"@id\":\"https:\/\/portaltela.pt\/noticias\/2026\/01\/18\/chapeu-nos-minutos-finais-leva-domingos-duarte-a-derrota\/#primaryimage\",\"url\":\"https:\/\/portaltela.pt\/s.01k8rhncp4jt1\/2026\/01\/067c46e7-d63a-44dc-8f18-d95762b925f6.jpg\",\"contentUrl\":\"https:\/\/portaltela.pt\/s.01k8rhncp4jt1\/2026\/01\/067c46e7-d63a-44dc-8f18-d95762b925f6.jpg\",\"width\":796,\"height\":448,\"caption\":\"Chap\u00e9u nos minutos finais resulta em derrota para Domingos Duarte (resumo)\"},{\"@type\":\"BreadcrumbList\",\"@id\":\"https:\/\/portaltela.pt\/noticias\/2026\/01\/18\/chapeu-nos-minutos-finais-leva-domingos-duarte-a-derrota\/#breadcrumb\",\"itemListElement\":[{\"@type\":\"ListItem\",\"position\":1,\"name\":\"In\u00edcio\",\"item\":\"https:\/\/portaltela.pt\/\"},{\"@type\":\"ListItem\",\"position\":2,\"name\":\"Chap\u00e9u nos minutos finais leva Domingos Duarte \u00e0 derrota\"}]},{\"@type\":\"WebSite\",\"@id\":\"https:\/\/portaltela.pt\/#website\",\"url\":\"https:\/\/portaltela.pt\/\",\"name\":\"Portal Tela Portugal\",\"description\":\"\",\"potentialAction\":[{\"@type\":\"SearchAction\",\"target\":{\"@type\":\"EntryPoint\",\"urlTemplate\":\"https:\/\/portaltela.pt\/?s={search_term_string}\"},\"query-input\":{\"@type\":\"PropertyValueSpecification\",\"valueRequired\":true,\"valueName\":\"search_term_string\"}}],\"inLanguage\":\"pt-PT\"},{\"@type\":\"Person\",\"@id\":\"https:\/\/portaltela.pt\/#\/schema\/person\/c4278d4a6028830caff9ee44b42d32ed\",\"name\":\"Telinha\",\"image\":{\"@type\":\"ImageObject\",\"inLanguage\":\"pt-PT\",\"@id\":\"https:\/\/portaltela.pt\/s.01k8rhncp4jt1\/2025\/11\/talking-bot-125x125.png\",\"url\":\"https:\/\/portaltela.pt\/s.01k8rhncp4jt1\/2025\/11\/talking-bot-125x125.png\",\"contentUrl\":\"https:\/\/portaltela.pt\/s.01k8rhncp4jt1\/2025\/11\/talking-bot-125x125.png\",\"caption\":\"Telinha\"},\"sameAs\":[\"https:\/\/portaltela.pt\/\"],\"url\":\"https:\/\/portaltela.pt\/por\/367410592786\/\"}]}<\/script>\n<!-- \/ Yoast SEO plugin. -->","yoast_head_json":{"title":"Chap\u00e9u nos minutos finais leva Domingos Duarte \u00e0 derrota - Portal Tela Portugal","robots":{"index":"index","follow":"follow","max-snippet":"max-snippet:-1","max-image-preview":"max-image-preview:large","max-video-preview":"max-video-preview:-1"},"og_locale":"pt_PT","og_type":"article","og_title":"Chap\u00e9u nos minutos finais leva Domingos Duarte \u00e0 derrota - Portal Tela Portugal","og_description":"O Val\u00eancia venceu no est\u00e1dio do Getafe, com um golo bonito do capit\u00e3o Jos\u00e9 Gaya. O encontro ficou decidido nos minutos finais. Domingos Duarte foi titular pela equipa visitante, o Getafe. O defesa portugu\u00eas n\u00e3o conseguiu evitar a derrota nem somar pontos para o Getafe. O triunfo mant\u00e9m o Val\u00eancia com tr\u00eas pontos na jornada prevista.","og_url":"https:\/\/portaltela.pt\/noticias\/2026\/01\/18\/chapeu-nos-minutos-finais-leva-domingos-duarte-a-derrota\/","og_site_name":"Portal Tela Portugal","article_published_time":"2026-01-18T15:42:17+00:00","author":"Telinha","twitter_card":"summary_large_image","twitter_misc":{"Escrito por":"Telinha"},"schema":{"@context":"https:\/\/schema.org","@graph":[{"@type":"Article","@id":"https:\/\/portaltela.pt\/noticias\/2026\/01\/18\/chapeu-nos-minutos-finais-leva-domingos-duarte-a-derrota\/#article","isPartOf":{"@id":"https:\/\/portaltela.pt\/noticias\/2026\/01\/18\/chapeu-nos-minutos-finais-leva-domingos-duarte-a-derrota\/"},"author":{"name":"Telinha","@id":"https:\/\/portaltela.pt\/#\/schema\/person\/c4278d4a6028830caff9ee44b42d32ed"},"headline":"Chap\u00e9u nos minutos finais leva Domingos Duarte \u00e0 derrota","datePublished":"2026-01-18T15:42:17+00:00","mainEntityOfPage":{"@id":"https:\/\/portaltela.pt\/noticias\/2026\/01\/18\/chapeu-nos-minutos-finais-leva-domingos-duarte-a-derrota\/"},"wordCount":100,"image":{"@id":"https:\/\/portaltela.pt\/noticias\/2026\/01\/18\/chapeu-nos-minutos-finais-leva-domingos-duarte-a-derrota\/#primaryimage"},"thumbnailUrl":"https:\/\/portaltela.pt\/s.01k8rhncp4jt1\/2026\/01\/067c46e7-d63a-44dc-8f18-d95762b925f6.jpg","keywords":["futebol","Getafe","imprensa","La Liga","Portugal"],"articleSection":["Desporto","Futebol"],"inLanguage":"pt-PT"},{"@type":"WebPage","@id":"https:\/\/portaltela.pt\/noticias\/2026\/01\/18\/chapeu-nos-minutos-finais-leva-domingos-duarte-a-derrota\/","url":"https:\/\/portaltela.pt\/noticias\/2026\/01\/18\/chapeu-nos-minutos-finais-leva-domingos-duarte-a-derrota\/","name":"Chap\u00e9u nos minutos finais leva Domingos Duarte \u00e0 derrota - Portal Tela Portugal","isPartOf":{"@id":"https:\/\/portaltela.pt\/#website"},"primaryImageOfPage":{"@id":"https:\/\/portaltela.pt\/noticias\/2026\/01\/18\/chapeu-nos-minutos-finais-leva-domingos-duarte-a-derrota\/#primaryimage"},"image":{"@id":"https:\/\/portaltela.pt\/noticias\/2026\/01\/18\/chapeu-nos-minutos-finais-leva-domingos-duarte-a-derrota\/#primaryimage"},"thumbnailUrl":"https:\/\/portaltela.pt\/s.01k8rhncp4jt1\/2026\/01\/067c46e7-d63a-44dc-8f18-d95762b925f6.jpg","datePublished":"2026-01-18T15:42:17+00:00","author":{"@id":"https:\/\/portaltela.pt\/#\/schema\/person\/c4278d4a6028830caff9ee44b42d32ed"},"breadcrumb":{"@id":"https:\/\/portaltela.pt\/noticias\/2026\/01\/18\/chapeu-nos-minutos-finais-leva-domingos-duarte-a-derrota\/#breadcrumb"},"inLanguage":"pt-PT","potentialAction":[{"@type":"ReadAction","target":["https:\/\/portaltela.pt\/noticias\/2026\/01\/18\/chapeu-nos-minutos-finais-leva-domingos-duarte-a-derrota\/"]}]},{"@type":"ImageObject","inLanguage":"pt-PT","@id":"https:\/\/portaltela.pt\/noticias\/2026\/01\/18\/chapeu-nos-minutos-finais-leva-domingos-duarte-a-derrota\/#primaryimage","url":"https:\/\/portaltela.pt\/s.01k8rhncp4jt1\/2026\/01\/067c46e7-d63a-44dc-8f18-d95762b925f6.jpg","contentUrl":"https:\/\/portaltela.pt\/s.01k8rhncp4jt1\/2026\/01\/067c46e7-d63a-44dc-8f18-d95762b925f6.jpg","width":796,"height":448,"caption":"Chap\u00e9u nos minutos finais resulta em derrota para Domingos Duarte (resumo)"},{"@type":"BreadcrumbList","@id":"https:\/\/portaltela.pt\/noticias\/2026\/01\/18\/chapeu-nos-minutos-finais-leva-domingos-duarte-a-derrota\/#breadcrumb","itemListElement":[{"@type":"ListItem","position":1,"name":"In\u00edcio","item":"https:\/\/portaltela.pt\/"},{"@type":"ListItem","position":2,"name":"Chap\u00e9u nos minutos finais leva Domingos Duarte \u00e0 derrota"}]},{"@type":"WebSite","@id":"https:\/\/portaltela.pt\/#website","url":"https:\/\/portaltela.pt\/","name":"Portal Tela Portugal","description":"","potentialAction":[{"@type":"SearchAction","target":{"@type":"EntryPoint","urlTemplate":"https:\/\/portaltela.pt\/?s={search_term_string}"},"query-input":{"@type":"PropertyValueSpecification","valueRequired":true,"valueName":"search_term_string"}}],"inLanguage":"pt-PT"},{"@type":"Person","@id":"https:\/\/portaltela.pt\/#\/schema\/person\/c4278d4a6028830caff9ee44b42d32ed","name":"Telinha","image":{"@type":"ImageObject","inLanguage":"pt-PT","@id":"https:\/\/portaltela.pt\/s.01k8rhncp4jt1\/2025\/11\/talking-bot-125x125.png","url":"https:\/\/portaltela.pt\/s.01k8rhncp4jt1\/2025\/11\/talking-bot-125x125.png","contentUrl":"https:\/\/portaltela.pt\/s.01k8rhncp4jt1\/2025\/11\/talking-bot-125x125.png","caption":"Telinha"},"sameAs":["https:\/\/portaltela.pt\/"],"url":"https:\/\/portaltela.pt\/por\/367410592786\/"}]}},"_links":{"self":[{"href":"https:\/\/portaltela.pt\/api\/wp\/v2\/posts\/150298","targetHints":{"allow":["GET"]}}],"collection":[{"href":"https:\/\/portaltela.pt\/api\/wp\/v2\/posts"}],"about":[{"href":"https:\/\/portaltela.pt\/api\/wp\/v2\/types\/post"}],"author":[{"embeddable":true,"href":"https:\/\/portaltela.pt\/api\/wp\/v2\/users\/2"}],"replies":[{"embeddable":true,"href":"https:\/\/portaltela.pt\/api\/wp\/v2\/comments?post=150298"}],"version-history":[{"count":0,"href":"https:\/\/portaltela.pt\/api\/wp\/v2\/posts\/150298\/revisions"}],"wp:featuredmedia":[{"embeddable":true,"href":"https:\/\/portaltela.pt\/api\/wp\/v2\/media\/150303"}],"wp:attachment":[{"href":"https:\/\/portaltela.pt\/api\/wp\/v2\/media?parent=150298"}],"wp:term":[{"taxonomy":"category","embeddable":true,"href":"https:\/\/portaltela.pt\/api\/wp\/v2\/categories?post=150298"},{"taxonomy":"post_tag","embeddable":true,"href":"https:\/\/portaltela.pt\/api\/wp\/v2\/tags?post=150298"}],"curies":[{"name":"wp","href":"https:\/\/api.w.org\/{rel}","templated":true}]}}