{"id":150229,"date":"2026-01-18T11:47:43","date_gmt":"2026-01-18T14:47:43","guid":{"rendered":"https:\/\/portaltela.pt\/noticias\/2026\/01\/18\/jaime-faria-faz-jogo-solido-e-avanca-no-open-da-australia\/"},"modified":"2026-01-18T11:47:43","modified_gmt":"2026-01-18T14:47:43","slug":"jaime-faria-faz-jogo-solido-e-avanca-no-open-da-australia","status":"publish","type":"post","link":"https:\/\/portaltela.pt\/desporto\/2026\/01\/18\/jaime-faria-faz-jogo-solido-e-avanca-no-open-da-australia\/","title":{"rendered":"Jaime Faria faz jogo s\u00f3lido e avan\u00e7a no Open da Austr\u00e1lia"},"content":{"rendered":"<p>O tenista portugu\u00eas Jaime Faria qualificou-se para a segunda ronda do Open da Austr\u00e1lia ao vencer o belga Alexander Blockx em quatro sets. O encontro, disputado em Melbourne, terminou com parciais de 6-3, 3-6, 6-3 e 6-4, ap\u00f3s 2 horas e 28 minutos. Faria subiu ao 151.\u00ba posto no ranking ATP, enquanto Blockx, 95.\u00ba, chegou ao Grand Slam com o 1.\u00ba jogo no quadro principal neste tipo de competi\u00e7\u00e3o.<\/p>\n<p>O portugu\u00eas, que atua no Centro de Alto Rendimento da Federa\u00e7\u00e3o Portuguesa de T\u00e9nis, descreveu o confronto como intenso, reconhecendo nervosismo inicial de ambos e destacando o momento-chave do encontro, com quebras decisivas. O jogador lisboeta aproveitou os momentos certos para fazer pontos decisivos de servi\u00e7o e manter a gest\u00e3o do t\u00e9nis de fundo.<\/p>\n<p>Na pr\u00f3xima ronda, Faria defronta o vencedor do duelo entre Matteo Arnaldi e Andrey Rublev, ambos confirmando o estatuto de advers\u00e1rios de alto n\u00edvel. O italiano ocupa a 65.\u00aa posi\u00e7\u00e3o e o russo \u00e9 13.\u00ba cabe\u00e7a de s\u00e9rie. O lisboeta afirmou que precisa de descanso adequado e de manter o n\u00edvel f\u00edsico para encarar o desafio com foco e rigor.<\/p>\n<h3>Pr\u00f3ximo advers\u00e1rio e perspetivas<\/h3>\n<p>Rublev \u00e9 apontado como favorito entre os dois jogadores que disputam o encontro, embora Arnaldi tenha mostrado qualidade. O objetivo de Faria \u00e9 manter a prepara\u00e7\u00e3o e a concentra\u00e7\u00e3o, repetindo o desempenho s\u00f3lido do primeiro encontro no Grand Slam. O torneio prossegue em Melbourne Park com o regresso a quadra j\u00e1 na quarta-feira.<\/p>\n","protected":false},"excerpt":{"rendered":"<ul>\n<li>Jaime Faria venceu o belga Alexander Blockx em quatro sets para consistir na segunda ronda do Open da Austr\u00e1lia, no quadro principal.<\/li>\n<li>R\u00e9su\u043ce: 6-3, 3-6, 6-3 e 6-4, ap\u00f3s duas horas e 28 minutos de jogo.<\/li>\n<li>O portugu\u00eas, 22 anos, ocupa o 151.\u00ba posto no ranking da Associa\u00e7\u00e3o de Tenistas Profissionais e j\u00e1 tinha passado tr\u00eas fases de qualifica\u00e7\u00e3o.<\/li>\n<li>Faria considerou que entrou nervoso e destacou o advers\u00e1rio, que ainda est\u00e1 no top 100, como dif\u00edcil de enfrentar, mesmo com o seu progressivo servi\u00e7o.<\/li>\n<li>Na ronda seguinte, defronta o vencedor do duelo entre Matteo Arnaldi e Andrey Rublev, com o objetivo de manter o ritmo e estar a 100% para o pr\u00f3ximo encontro na quarta-feira.<\/li>\n<\/ul>\n","protected":false},"author":2,"featured_media":150234,"comment_status":"closed","ping_status":"closed","sticky":false,"template":"","format":"standard","meta":{"footnotes":""},"categories":[21],"tags":[152,3370,1014,94,2713],"class_list":["post-150229","post","type-post","status-publish","format-standard","has-post-thumbnail","hentry","category-desporto","tag-desporto","tag-jaime-faria","tag-portugal","tag-tenis","tag-tenistas"],"yoast_head":"<!-- This site is optimized with the Yoast SEO plugin v27.2 - https:\/\/yoast.com\/product\/yoast-seo-wordpress\/ -->\n<title>Jaime Faria faz jogo s\u00f3lido e avan\u00e7a no Open da Austr\u00e1lia - Portal Tela Portugal<\/title>\n<meta name=\"robots\" content=\"index, follow, max-snippet:-1, max-image-preview:large, max-video-preview:-1\" \/>\n<meta property=\"og:locale\" content=\"pt_PT\" \/>\n<meta property=\"og:type\" content=\"article\" \/>\n<meta property=\"og:title\" content=\"Jaime Faria faz jogo s\u00f3lido e avan\u00e7a no Open da Austr\u00e1lia - Portal Tela Portugal\" \/>\n<meta property=\"og:description\" content=\"Jaime Faria venceu o belga Alexander Blockx em quatro sets para consistir na segunda ronda do Open da Austr\u00e1lia, no quadro principal. R\u00e9su\u043ce: 6-3, 3-6, 6-3 e 6-4, ap\u00f3s duas horas e 28 minutos de jogo. O portugu\u00eas, 22 anos, ocupa o 151.\u00ba posto no ranking da Associa\u00e7\u00e3o de Tenistas Profissionais e j\u00e1 tinha passado tr\u00eas fases de qualifica\u00e7\u00e3o. Faria considerou que entrou nervoso e destacou o advers\u00e1rio, que ainda est\u00e1 no top 100, como dif\u00edcil de enfrentar, mesmo com o seu progressivo servi\u00e7o. Na ronda seguinte, defronta o vencedor do duelo entre Matteo Arnaldi e Andrey Rublev, com o objetivo de manter o ritmo e estar a 100% para o pr\u00f3ximo encontro na quarta-feira.\" \/>\n<meta property=\"og:url\" content=\"https:\/\/portaltela.pt\/noticias\/2026\/01\/18\/jaime-faria-faz-jogo-solido-e-avanca-no-open-da-australia\/\" \/>\n<meta property=\"og:site_name\" content=\"Portal Tela Portugal\" \/>\n<meta property=\"article:published_time\" content=\"2026-01-18T14:47:43+00:00\" \/>\n<meta name=\"author\" content=\"Telinha\" \/>\n<meta name=\"twitter:card\" content=\"summary_large_image\" \/>\n<meta name=\"twitter:label1\" content=\"Escrito por\" \/>\n\t<meta name=\"twitter:data1\" content=\"Telinha\" \/>\n\t<meta name=\"twitter:label2\" content=\"Tempo estimado de leitura\" \/>\n\t<meta name=\"twitter:data2\" content=\"1 minuto\" \/>\n<script type=\"application\/ld+json\" class=\"yoast-schema-graph\">{\"@context\":\"https:\/\/schema.org\",\"@graph\":[{\"@type\":\"Article\",\"@id\":\"https:\/\/portaltela.pt\/noticias\/2026\/01\/18\/jaime-faria-faz-jogo-solido-e-avanca-no-open-da-australia\/#article\",\"isPartOf\":{\"@id\":\"https:\/\/portaltela.pt\/noticias\/2026\/01\/18\/jaime-faria-faz-jogo-solido-e-avanca-no-open-da-australia\/\"},\"author\":{\"name\":\"Telinha\",\"@id\":\"https:\/\/portaltela.pt\/#\/schema\/person\/c4278d4a6028830caff9ee44b42d32ed\"},\"headline\":\"Jaime Faria faz jogo s\u00f3lido e avan\u00e7a no Open da Austr\u00e1lia\",\"datePublished\":\"2026-01-18T14:47:43+00:00\",\"mainEntityOfPage\":{\"@id\":\"https:\/\/portaltela.pt\/noticias\/2026\/01\/18\/jaime-faria-faz-jogo-solido-e-avanca-no-open-da-australia\/\"},\"wordCount\":267,\"image\":{\"@id\":\"https:\/\/portaltela.pt\/noticias\/2026\/01\/18\/jaime-faria-faz-jogo-solido-e-avanca-no-open-da-australia\/#primaryimage\"},\"thumbnailUrl\":\"https:\/\/portaltela.pt\/s.01k8rhncp4jt1\/2026\/01\/img_920x518uu2026-01-18-14-46-26-2415531-im-639043444185026097.jpg\",\"keywords\":[\"desporto\",\"Jaime Faria\",\"Portugal\",\"t\u00eanis\",\"tenistas\"],\"articleSection\":[\"Desporto\"],\"inLanguage\":\"pt-PT\"},{\"@type\":\"WebPage\",\"@id\":\"https:\/\/portaltela.pt\/noticias\/2026\/01\/18\/jaime-faria-faz-jogo-solido-e-avanca-no-open-da-australia\/\",\"url\":\"https:\/\/portaltela.pt\/noticias\/2026\/01\/18\/jaime-faria-faz-jogo-solido-e-avanca-no-open-da-australia\/\",\"name\":\"Jaime Faria faz jogo s\u00f3lido e avan\u00e7a no Open da Austr\u00e1lia - Portal Tela Portugal\",\"isPartOf\":{\"@id\":\"https:\/\/portaltela.pt\/#website\"},\"primaryImageOfPage\":{\"@id\":\"https:\/\/portaltela.pt\/noticias\/2026\/01\/18\/jaime-faria-faz-jogo-solido-e-avanca-no-open-da-australia\/#primaryimage\"},\"image\":{\"@id\":\"https:\/\/portaltela.pt\/noticias\/2026\/01\/18\/jaime-faria-faz-jogo-solido-e-avanca-no-open-da-australia\/#primaryimage\"},\"thumbnailUrl\":\"https:\/\/portaltela.pt\/s.01k8rhncp4jt1\/2026\/01\/img_920x518uu2026-01-18-14-46-26-2415531-im-639043444185026097.jpg\",\"datePublished\":\"2026-01-18T14:47:43+00:00\",\"author\":{\"@id\":\"https:\/\/portaltela.pt\/#\/schema\/person\/c4278d4a6028830caff9ee44b42d32ed\"},\"breadcrumb\":{\"@id\":\"https:\/\/portaltela.pt\/noticias\/2026\/01\/18\/jaime-faria-faz-jogo-solido-e-avanca-no-open-da-australia\/#breadcrumb\"},\"inLanguage\":\"pt-PT\",\"potentialAction\":[{\"@type\":\"ReadAction\",\"target\":[\"https:\/\/portaltela.pt\/noticias\/2026\/01\/18\/jaime-faria-faz-jogo-solido-e-avanca-no-open-da-australia\/\"]}]},{\"@type\":\"ImageObject\",\"inLanguage\":\"pt-PT\",\"@id\":\"https:\/\/portaltela.pt\/noticias\/2026\/01\/18\/jaime-faria-faz-jogo-solido-e-avanca-no-open-da-australia\/#primaryimage\",\"url\":\"https:\/\/portaltela.pt\/s.01k8rhncp4jt1\/2026\/01\/img_920x518uu2026-01-18-14-46-26-2415531-im-639043444185026097.jpg\",\"contentUrl\":\"https:\/\/portaltela.pt\/s.01k8rhncp4jt1\/2026\/01\/img_920x518uu2026-01-18-14-46-26-2415531-im-639043444185026097.jpg\",\"width\":796,\"height\":448,\"caption\":\"Jaime Faria\"},{\"@type\":\"BreadcrumbList\",\"@id\":\"https:\/\/portaltela.pt\/noticias\/2026\/01\/18\/jaime-faria-faz-jogo-solido-e-avanca-no-open-da-australia\/#breadcrumb\",\"itemListElement\":[{\"@type\":\"ListItem\",\"position\":1,\"name\":\"In\u00edcio\",\"item\":\"https:\/\/portaltela.pt\/\"},{\"@type\":\"ListItem\",\"position\":2,\"name\":\"Jaime Faria faz jogo s\u00f3lido e avan\u00e7a no Open da Austr\u00e1lia\"}]},{\"@type\":\"WebSite\",\"@id\":\"https:\/\/portaltela.pt\/#website\",\"url\":\"https:\/\/portaltela.pt\/\",\"name\":\"Portal Tela Portugal\",\"description\":\"\",\"potentialAction\":[{\"@type\":\"SearchAction\",\"target\":{\"@type\":\"EntryPoint\",\"urlTemplate\":\"https:\/\/portaltela.pt\/?s={search_term_string}\"},\"query-input\":{\"@type\":\"PropertyValueSpecification\",\"valueRequired\":true,\"valueName\":\"search_term_string\"}}],\"inLanguage\":\"pt-PT\"},{\"@type\":\"Person\",\"@id\":\"https:\/\/portaltela.pt\/#\/schema\/person\/c4278d4a6028830caff9ee44b42d32ed\",\"name\":\"Telinha\",\"image\":{\"@type\":\"ImageObject\",\"inLanguage\":\"pt-PT\",\"@id\":\"https:\/\/portaltela.pt\/s.01k8rhncp4jt1\/2025\/11\/talking-bot-125x125.png\",\"url\":\"https:\/\/portaltela.pt\/s.01k8rhncp4jt1\/2025\/11\/talking-bot-125x125.png\",\"contentUrl\":\"https:\/\/portaltela.pt\/s.01k8rhncp4jt1\/2025\/11\/talking-bot-125x125.png\",\"caption\":\"Telinha\"},\"sameAs\":[\"https:\/\/portaltela.pt\/\"],\"url\":\"https:\/\/portaltela.pt\/por\/367410592786\/\"}]}<\/script>\n<!-- \/ Yoast SEO plugin. -->","yoast_head_json":{"title":"Jaime Faria faz jogo s\u00f3lido e avan\u00e7a no Open da Austr\u00e1lia - Portal Tela Portugal","robots":{"index":"index","follow":"follow","max-snippet":"max-snippet:-1","max-image-preview":"max-image-preview:large","max-video-preview":"max-video-preview:-1"},"og_locale":"pt_PT","og_type":"article","og_title":"Jaime Faria faz jogo s\u00f3lido e avan\u00e7a no Open da Austr\u00e1lia - Portal Tela Portugal","og_description":"Jaime Faria venceu o belga Alexander Blockx em quatro sets para consistir na segunda ronda do Open da Austr\u00e1lia, no quadro principal. R\u00e9su\u043ce: 6-3, 3-6, 6-3 e 6-4, ap\u00f3s duas horas e 28 minutos de jogo. O portugu\u00eas, 22 anos, ocupa o 151.\u00ba posto no ranking da Associa\u00e7\u00e3o de Tenistas Profissionais e j\u00e1 tinha passado tr\u00eas fases de qualifica\u00e7\u00e3o. Faria considerou que entrou nervoso e destacou o advers\u00e1rio, que ainda est\u00e1 no top 100, como dif\u00edcil de enfrentar, mesmo com o seu progressivo servi\u00e7o. Na ronda seguinte, defronta o vencedor do duelo entre Matteo Arnaldi e Andrey Rublev, com o objetivo de manter o ritmo e estar a 100% para o pr\u00f3ximo encontro na quarta-feira.","og_url":"https:\/\/portaltela.pt\/noticias\/2026\/01\/18\/jaime-faria-faz-jogo-solido-e-avanca-no-open-da-australia\/","og_site_name":"Portal Tela Portugal","article_published_time":"2026-01-18T14:47:43+00:00","author":"Telinha","twitter_card":"summary_large_image","twitter_misc":{"Escrito por":"Telinha","Tempo estimado de leitura":"1 minuto"},"schema":{"@context":"https:\/\/schema.org","@graph":[{"@type":"Article","@id":"https:\/\/portaltela.pt\/noticias\/2026\/01\/18\/jaime-faria-faz-jogo-solido-e-avanca-no-open-da-australia\/#article","isPartOf":{"@id":"https:\/\/portaltela.pt\/noticias\/2026\/01\/18\/jaime-faria-faz-jogo-solido-e-avanca-no-open-da-australia\/"},"author":{"name":"Telinha","@id":"https:\/\/portaltela.pt\/#\/schema\/person\/c4278d4a6028830caff9ee44b42d32ed"},"headline":"Jaime Faria faz jogo s\u00f3lido e avan\u00e7a no Open da Austr\u00e1lia","datePublished":"2026-01-18T14:47:43+00:00","mainEntityOfPage":{"@id":"https:\/\/portaltela.pt\/noticias\/2026\/01\/18\/jaime-faria-faz-jogo-solido-e-avanca-no-open-da-australia\/"},"wordCount":267,"image":{"@id":"https:\/\/portaltela.pt\/noticias\/2026\/01\/18\/jaime-faria-faz-jogo-solido-e-avanca-no-open-da-australia\/#primaryimage"},"thumbnailUrl":"https:\/\/portaltela.pt\/s.01k8rhncp4jt1\/2026\/01\/img_920x518uu2026-01-18-14-46-26-2415531-im-639043444185026097.jpg","keywords":["desporto","Jaime Faria","Portugal","t\u00eanis","tenistas"],"articleSection":["Desporto"],"inLanguage":"pt-PT"},{"@type":"WebPage","@id":"https:\/\/portaltela.pt\/noticias\/2026\/01\/18\/jaime-faria-faz-jogo-solido-e-avanca-no-open-da-australia\/","url":"https:\/\/portaltela.pt\/noticias\/2026\/01\/18\/jaime-faria-faz-jogo-solido-e-avanca-no-open-da-australia\/","name":"Jaime Faria faz jogo s\u00f3lido e avan\u00e7a no Open da Austr\u00e1lia - Portal Tela Portugal","isPartOf":{"@id":"https:\/\/portaltela.pt\/#website"},"primaryImageOfPage":{"@id":"https:\/\/portaltela.pt\/noticias\/2026\/01\/18\/jaime-faria-faz-jogo-solido-e-avanca-no-open-da-australia\/#primaryimage"},"image":{"@id":"https:\/\/portaltela.pt\/noticias\/2026\/01\/18\/jaime-faria-faz-jogo-solido-e-avanca-no-open-da-australia\/#primaryimage"},"thumbnailUrl":"https:\/\/portaltela.pt\/s.01k8rhncp4jt1\/2026\/01\/img_920x518uu2026-01-18-14-46-26-2415531-im-639043444185026097.jpg","datePublished":"2026-01-18T14:47:43+00:00","author":{"@id":"https:\/\/portaltela.pt\/#\/schema\/person\/c4278d4a6028830caff9ee44b42d32ed"},"breadcrumb":{"@id":"https:\/\/portaltela.pt\/noticias\/2026\/01\/18\/jaime-faria-faz-jogo-solido-e-avanca-no-open-da-australia\/#breadcrumb"},"inLanguage":"pt-PT","potentialAction":[{"@type":"ReadAction","target":["https:\/\/portaltela.pt\/noticias\/2026\/01\/18\/jaime-faria-faz-jogo-solido-e-avanca-no-open-da-australia\/"]}]},{"@type":"ImageObject","inLanguage":"pt-PT","@id":"https:\/\/portaltela.pt\/noticias\/2026\/01\/18\/jaime-faria-faz-jogo-solido-e-avanca-no-open-da-australia\/#primaryimage","url":"https:\/\/portaltela.pt\/s.01k8rhncp4jt1\/2026\/01\/img_920x518uu2026-01-18-14-46-26-2415531-im-639043444185026097.jpg","contentUrl":"https:\/\/portaltela.pt\/s.01k8rhncp4jt1\/2026\/01\/img_920x518uu2026-01-18-14-46-26-2415531-im-639043444185026097.jpg","width":796,"height":448,"caption":"Jaime Faria"},{"@type":"BreadcrumbList","@id":"https:\/\/portaltela.pt\/noticias\/2026\/01\/18\/jaime-faria-faz-jogo-solido-e-avanca-no-open-da-australia\/#breadcrumb","itemListElement":[{"@type":"ListItem","position":1,"name":"In\u00edcio","item":"https:\/\/portaltela.pt\/"},{"@type":"ListItem","position":2,"name":"Jaime Faria faz jogo s\u00f3lido e avan\u00e7a no Open da Austr\u00e1lia"}]},{"@type":"WebSite","@id":"https:\/\/portaltela.pt\/#website","url":"https:\/\/portaltela.pt\/","name":"Portal Tela Portugal","description":"","potentialAction":[{"@type":"SearchAction","target":{"@type":"EntryPoint","urlTemplate":"https:\/\/portaltela.pt\/?s={search_term_string}"},"query-input":{"@type":"PropertyValueSpecification","valueRequired":true,"valueName":"search_term_string"}}],"inLanguage":"pt-PT"},{"@type":"Person","@id":"https:\/\/portaltela.pt\/#\/schema\/person\/c4278d4a6028830caff9ee44b42d32ed","name":"Telinha","image":{"@type":"ImageObject","inLanguage":"pt-PT","@id":"https:\/\/portaltela.pt\/s.01k8rhncp4jt1\/2025\/11\/talking-bot-125x125.png","url":"https:\/\/portaltela.pt\/s.01k8rhncp4jt1\/2025\/11\/talking-bot-125x125.png","contentUrl":"https:\/\/portaltela.pt\/s.01k8rhncp4jt1\/2025\/11\/talking-bot-125x125.png","caption":"Telinha"},"sameAs":["https:\/\/portaltela.pt\/"],"url":"https:\/\/portaltela.pt\/por\/367410592786\/"}]}},"_links":{"self":[{"href":"https:\/\/portaltela.pt\/api\/wp\/v2\/posts\/150229","targetHints":{"allow":["GET"]}}],"collection":[{"href":"https:\/\/portaltela.pt\/api\/wp\/v2\/posts"}],"about":[{"href":"https:\/\/portaltela.pt\/api\/wp\/v2\/types\/post"}],"author":[{"embeddable":true,"href":"https:\/\/portaltela.pt\/api\/wp\/v2\/users\/2"}],"replies":[{"embeddable":true,"href":"https:\/\/portaltela.pt\/api\/wp\/v2\/comments?post=150229"}],"version-history":[{"count":0,"href":"https:\/\/portaltela.pt\/api\/wp\/v2\/posts\/150229\/revisions"}],"wp:featuredmedia":[{"embeddable":true,"href":"https:\/\/portaltela.pt\/api\/wp\/v2\/media\/150234"}],"wp:attachment":[{"href":"https:\/\/portaltela.pt\/api\/wp\/v2\/media?parent=150229"}],"wp:term":[{"taxonomy":"category","embeddable":true,"href":"https:\/\/portaltela.pt\/api\/wp\/v2\/categories?post=150229"},{"taxonomy":"post_tag","embeddable":true,"href":"https:\/\/portaltela.pt\/api\/wp\/v2\/tags?post=150229"}],"curies":[{"name":"wp","href":"https:\/\/api.w.org\/{rel}","templated":true}]}}