{"id":150196,"date":"2026-01-18T11:06:00","date_gmt":"2026-01-18T14:06:00","guid":{"rendered":"https:\/\/portaltela.pt\/noticias\/2026\/01\/18\/estado-investe-milhoes-no-litio-boticas-reage-em-choque\/"},"modified":"2026-01-18T11:06:00","modified_gmt":"2026-01-18T14:06:00","slug":"estado-investe-milhoes-no-litio-boticas-reage-em-choque","status":"publish","type":"post","link":"https:\/\/portaltela.pt\/noticias\/politica\/2026\/01\/18\/estado-investe-milhoes-no-litio-boticas-reage-em-choque\/","title":{"rendered":"Estado investe milh\u00f5es no l\u00edtio; Boticas reage em choque"},"content":{"rendered":"<p>O Governo aprovou um apoio financeiro n\u00e3o reembols\u00e1vel de 110 milh\u00f5es de euros \u00e0 empresa brit\u00e2nica Savannah Resources para a explora\u00e7\u00e3o de l\u00edtio em Boticas, no distrito de Bragan\u00e7a, Tr\u00e1s-os-Montes. O financiamento est\u00e1 dividido em duas fases, com condi\u00e7\u00f5es de cumprimento de metas na fase operacional.<\/p>\n<p>Cerca de 82,2 milh\u00f5es de euros destinam-se \u00e0s despesas iniciais de desenvolvimento do projeto, representando 75% do montante. Os restantes 27,4 milh\u00f5es de euros dependem do atingimento de metas de desempenho durante a opera\u00e7\u00e3o.<\/p>\n<p>A decis\u00e3o gerou controv\u00e9rsia na autarquia local e entre organiza\u00e7\u00f5es ambientalistas. Guilherme Pires, presidente da C\u00e2mara Municipal de Boticas, afirma que n\u00e3o houve esclarecimentos pr\u00e9vios \u00e0 popula\u00e7\u00e3o nem \u00e0s entidades locais e acusa a medida de desrespeito institucional.<\/p>\n<h3>Rea\u00e7\u00f5es locais<\/h3>\n<p>A associa\u00e7\u00e3o ambiental Zero manifesta reservas sobre o impacto financeiro para os contribuintes e a eventual transfer\u00eancia de riscos, destacando que o apoio p\u00fablico pode n\u00e3o traduzir benef\u00edcios diretos para a comunidade.<\/p>\n<p>Outra preocupa\u00e7\u00e3o refere-se ao poss\u00edvel embara\u00e7o ao estatuto de Patrim\u00f3nio Agr\u00edcola Mundial da regi\u00e3o, conforme sustenta o autarca. O receio \u00e9 de que a explora\u00e7\u00e3o mineira comprometa a certifica\u00e7\u00e3o da \u00e1rea.<\/p>\n<p>Habitantes de Boticas expressam descontentamento com o uso de dinheiros p\u00fablicos para suportar um projeto privado, temendo danos ao patrim\u00f3nio natural e agr\u00edcola local e questionando os benef\u00edcios reais para a popula\u00e7\u00e3o.<\/p>\n","protected":false},"excerpt":{"rendered":"<ul>\n<li>O governo decidiu avan\u00e7ar com um apoio financeiro de 110 milh\u00f5es de euros n\u00e3o reembols\u00e1vel \u00e0 empresa Savannah Resources para o projeto de l\u00edtio em Boticas, Tr\u00e1s-os-Montes.<\/li>\n<li>O financiamento ser\u00e1 dado em duas fases: 75 por cento (82,2 milh\u00f5es de euros) destinam-se a despesas iniciais de desenvolvimento; 25 por cento (27,4 milh\u00f5es) depende de metas de desempenho durante a fase operacional.<\/li>\n<li>A autarquia de Boticas reagiu com surpresa, apontando falta de esclarecimentos pr\u00e9vios e classificando a medida como desrespeito institucional, j\u00e1 que o projeto n\u00e3o tem aprova\u00e7\u00e3o definitiva.<\/li>\n<li>A associa\u00e7\u00e3o Zero critica a decis\u00e3o, dizendo que coloca custos e riscos nos contribuintes, incluindo impactos ambientais, sociais e econ\u00f3micos potencialmente irrevers\u00edveis.<\/li>\n<li>H\u00e1 preocupa\u00e7\u00e3o de que a explora\u00e7\u00e3o mineira possa amea\u00e7ar o estatuto de Patrim\u00f3nio Agr\u00edcola Mundial da regi\u00e3o, gerando descontentamento na popula\u00e7\u00e3o quanto ao uso de dinheiro p\u00fablico para apoiar um projeto privado.<\/li>\n<\/ul>\n","protected":false},"author":2,"featured_media":150206,"comment_status":"closed","ping_status":"closed","sticky":false,"template":"","format":"standard","meta":{"footnotes":""},"categories":[5],"tags":[2749,906,2417,3090,814,1811],"class_list":["post-150196","post","type-post","status-publish","format-standard","has-post-thumbnail","hentry","category-politica","tag-boticas","tag-braganca","tag-financiamento","tag-mineracao-sustentavel","tag-patrimonio","tag-tras-os-montes"],"yoast_head":"<!-- This site is optimized with the Yoast SEO plugin v27.2 - https:\/\/yoast.com\/product\/yoast-seo-wordpress\/ -->\n<title>Estado investe milh\u00f5es no l\u00edtio; Boticas reage em choque - Portal Tela Portugal<\/title>\n<meta name=\"robots\" content=\"index, follow, max-snippet:-1, max-image-preview:large, max-video-preview:-1\" \/>\n<meta property=\"og:locale\" content=\"pt_PT\" \/>\n<meta property=\"og:type\" content=\"article\" \/>\n<meta property=\"og:title\" content=\"Estado investe milh\u00f5es no l\u00edtio; Boticas reage em choque - Portal Tela Portugal\" \/>\n<meta property=\"og:description\" content=\"O governo decidiu avan\u00e7ar com um apoio financeiro de 110 milh\u00f5es de euros n\u00e3o reembols\u00e1vel \u00e0 empresa Savannah Resources para o projeto de l\u00edtio em Boticas, Tr\u00e1s-os-Montes. O financiamento ser\u00e1 dado em duas fases: 75 por cento (82,2 milh\u00f5es de euros) destinam-se a despesas iniciais de desenvolvimento; 25 por cento (27,4 milh\u00f5es) depende de metas de desempenho durante a fase operacional. A autarquia de Boticas reagiu com surpresa, apontando falta de esclarecimentos pr\u00e9vios e classificando a medida como desrespeito institucional, j\u00e1 que o projeto n\u00e3o tem aprova\u00e7\u00e3o definitiva. A associa\u00e7\u00e3o Zero critica a decis\u00e3o, dizendo que coloca custos e riscos nos contribuintes, incluindo impactos ambientais, sociais e econ\u00f3micos potencialmente irrevers\u00edveis. H\u00e1 preocupa\u00e7\u00e3o de que a explora\u00e7\u00e3o mineira possa amea\u00e7ar o estatuto de Patrim\u00f3nio Agr\u00edcola Mundial da regi\u00e3o, gerando descontentamento na popula\u00e7\u00e3o quanto ao uso de dinheiro p\u00fablico para apoiar um projeto privado.\" \/>\n<meta property=\"og:url\" content=\"https:\/\/portaltela.pt\/noticias\/2026\/01\/18\/estado-investe-milhoes-no-litio-boticas-reage-em-choque\/\" \/>\n<meta property=\"og:site_name\" content=\"Portal Tela Portugal\" \/>\n<meta property=\"article:published_time\" content=\"2026-01-18T14:06:00+00:00\" \/>\n<meta name=\"author\" content=\"Telinha\" \/>\n<meta name=\"twitter:card\" content=\"summary_large_image\" \/>\n<meta name=\"twitter:label1\" content=\"Escrito por\" \/>\n\t<meta name=\"twitter:data1\" content=\"Telinha\" \/>\n\t<meta name=\"twitter:label2\" content=\"Tempo estimado de leitura\" \/>\n\t<meta name=\"twitter:data2\" content=\"1 minuto\" \/>\n<script type=\"application\/ld+json\" class=\"yoast-schema-graph\">{\"@context\":\"https:\/\/schema.org\",\"@graph\":[{\"@type\":\"Article\",\"@id\":\"https:\/\/portaltela.pt\/noticias\/2026\/01\/18\/estado-investe-milhoes-no-litio-boticas-reage-em-choque\/#article\",\"isPartOf\":{\"@id\":\"https:\/\/portaltela.pt\/noticias\/2026\/01\/18\/estado-investe-milhoes-no-litio-boticas-reage-em-choque\/\"},\"author\":{\"name\":\"Telinha\",\"@id\":\"https:\/\/portaltela.pt\/#\/schema\/person\/c4278d4a6028830caff9ee44b42d32ed\"},\"headline\":\"Estado investe milh\u00f5es no l\u00edtio; Boticas reage em choque\",\"datePublished\":\"2026-01-18T14:06:00+00:00\",\"mainEntityOfPage\":{\"@id\":\"https:\/\/portaltela.pt\/noticias\/2026\/01\/18\/estado-investe-milhoes-no-litio-boticas-reage-em-choque\/\"},\"wordCount\":257,\"image\":{\"@id\":\"https:\/\/portaltela.pt\/noticias\/2026\/01\/18\/estado-investe-milhoes-no-litio-boticas-reage-em-choque\/#primaryimage\"},\"thumbnailUrl\":\"https:\/\/portaltela.pt\/s.01k8rhncp4jt1\/2026\/01\/Boticas.jpg\",\"keywords\":[\"Boticas\",\"Bragan\u00e7a\",\"financiamento\",\"minera\u00e7\u00e3o sustent\u00e1vel\",\"patrim\u00f3nio\",\"Tr\u00e1s-os-Montes\"],\"articleSection\":[\"Pol\u00edtica\"],\"inLanguage\":\"pt-PT\"},{\"@type\":\"WebPage\",\"@id\":\"https:\/\/portaltela.pt\/noticias\/2026\/01\/18\/estado-investe-milhoes-no-litio-boticas-reage-em-choque\/\",\"url\":\"https:\/\/portaltela.pt\/noticias\/2026\/01\/18\/estado-investe-milhoes-no-litio-boticas-reage-em-choque\/\",\"name\":\"Estado investe milh\u00f5es no l\u00edtio; Boticas reage em choque - Portal Tela Portugal\",\"isPartOf\":{\"@id\":\"https:\/\/portaltela.pt\/#website\"},\"primaryImageOfPage\":{\"@id\":\"https:\/\/portaltela.pt\/noticias\/2026\/01\/18\/estado-investe-milhoes-no-litio-boticas-reage-em-choque\/#primaryimage\"},\"image\":{\"@id\":\"https:\/\/portaltela.pt\/noticias\/2026\/01\/18\/estado-investe-milhoes-no-litio-boticas-reage-em-choque\/#primaryimage\"},\"thumbnailUrl\":\"https:\/\/portaltela.pt\/s.01k8rhncp4jt1\/2026\/01\/Boticas.jpg\",\"datePublished\":\"2026-01-18T14:06:00+00:00\",\"author\":{\"@id\":\"https:\/\/portaltela.pt\/#\/schema\/person\/c4278d4a6028830caff9ee44b42d32ed\"},\"breadcrumb\":{\"@id\":\"https:\/\/portaltela.pt\/noticias\/2026\/01\/18\/estado-investe-milhoes-no-litio-boticas-reage-em-choque\/#breadcrumb\"},\"inLanguage\":\"pt-PT\",\"potentialAction\":[{\"@type\":\"ReadAction\",\"target\":[\"https:\/\/portaltela.pt\/noticias\/2026\/01\/18\/estado-investe-milhoes-no-litio-boticas-reage-em-choque\/\"]}]},{\"@type\":\"ImageObject\",\"inLanguage\":\"pt-PT\",\"@id\":\"https:\/\/portaltela.pt\/noticias\/2026\/01\/18\/estado-investe-milhoes-no-litio-boticas-reage-em-choque\/#primaryimage\",\"url\":\"https:\/\/portaltela.pt\/s.01k8rhncp4jt1\/2026\/01\/Boticas.jpg\",\"contentUrl\":\"https:\/\/portaltela.pt\/s.01k8rhncp4jt1\/2026\/01\/Boticas.jpg\",\"width\":796,\"height\":448,\"caption\":\"Estado d\u00e1 milh\u00f5es ao l\u00edtio e Boticas reage em choque\"},{\"@type\":\"BreadcrumbList\",\"@id\":\"https:\/\/portaltela.pt\/noticias\/2026\/01\/18\/estado-investe-milhoes-no-litio-boticas-reage-em-choque\/#breadcrumb\",\"itemListElement\":[{\"@type\":\"ListItem\",\"position\":1,\"name\":\"In\u00edcio\",\"item\":\"https:\/\/portaltela.pt\/\"},{\"@type\":\"ListItem\",\"position\":2,\"name\":\"Estado investe milh\u00f5es no l\u00edtio; Boticas reage em choque\"}]},{\"@type\":\"WebSite\",\"@id\":\"https:\/\/portaltela.pt\/#website\",\"url\":\"https:\/\/portaltela.pt\/\",\"name\":\"Portal Tela Portugal\",\"description\":\"\",\"potentialAction\":[{\"@type\":\"SearchAction\",\"target\":{\"@type\":\"EntryPoint\",\"urlTemplate\":\"https:\/\/portaltela.pt\/?s={search_term_string}\"},\"query-input\":{\"@type\":\"PropertyValueSpecification\",\"valueRequired\":true,\"valueName\":\"search_term_string\"}}],\"inLanguage\":\"pt-PT\"},{\"@type\":\"Person\",\"@id\":\"https:\/\/portaltela.pt\/#\/schema\/person\/c4278d4a6028830caff9ee44b42d32ed\",\"name\":\"Telinha\",\"image\":{\"@type\":\"ImageObject\",\"inLanguage\":\"pt-PT\",\"@id\":\"https:\/\/portaltela.pt\/s.01k8rhncp4jt1\/2025\/11\/talking-bot-125x125.png\",\"url\":\"https:\/\/portaltela.pt\/s.01k8rhncp4jt1\/2025\/11\/talking-bot-125x125.png\",\"contentUrl\":\"https:\/\/portaltela.pt\/s.01k8rhncp4jt1\/2025\/11\/talking-bot-125x125.png\",\"caption\":\"Telinha\"},\"sameAs\":[\"https:\/\/portaltela.pt\/\"],\"url\":\"https:\/\/portaltela.pt\/por\/367410592786\/\"}]}<\/script>\n<!-- \/ Yoast SEO plugin. -->","yoast_head_json":{"title":"Estado investe milh\u00f5es no l\u00edtio; Boticas reage em choque - Portal Tela Portugal","robots":{"index":"index","follow":"follow","max-snippet":"max-snippet:-1","max-image-preview":"max-image-preview:large","max-video-preview":"max-video-preview:-1"},"og_locale":"pt_PT","og_type":"article","og_title":"Estado investe milh\u00f5es no l\u00edtio; Boticas reage em choque - Portal Tela Portugal","og_description":"O governo decidiu avan\u00e7ar com um apoio financeiro de 110 milh\u00f5es de euros n\u00e3o reembols\u00e1vel \u00e0 empresa Savannah Resources para o projeto de l\u00edtio em Boticas, Tr\u00e1s-os-Montes. O financiamento ser\u00e1 dado em duas fases: 75 por cento (82,2 milh\u00f5es de euros) destinam-se a despesas iniciais de desenvolvimento; 25 por cento (27,4 milh\u00f5es) depende de metas de desempenho durante a fase operacional. A autarquia de Boticas reagiu com surpresa, apontando falta de esclarecimentos pr\u00e9vios e classificando a medida como desrespeito institucional, j\u00e1 que o projeto n\u00e3o tem aprova\u00e7\u00e3o definitiva. A associa\u00e7\u00e3o Zero critica a decis\u00e3o, dizendo que coloca custos e riscos nos contribuintes, incluindo impactos ambientais, sociais e econ\u00f3micos potencialmente irrevers\u00edveis. H\u00e1 preocupa\u00e7\u00e3o de que a explora\u00e7\u00e3o mineira possa amea\u00e7ar o estatuto de Patrim\u00f3nio Agr\u00edcola Mundial da regi\u00e3o, gerando descontentamento na popula\u00e7\u00e3o quanto ao uso de dinheiro p\u00fablico para apoiar um projeto privado.","og_url":"https:\/\/portaltela.pt\/noticias\/2026\/01\/18\/estado-investe-milhoes-no-litio-boticas-reage-em-choque\/","og_site_name":"Portal Tela Portugal","article_published_time":"2026-01-18T14:06:00+00:00","author":"Telinha","twitter_card":"summary_large_image","twitter_misc":{"Escrito por":"Telinha","Tempo estimado de leitura":"1 minuto"},"schema":{"@context":"https:\/\/schema.org","@graph":[{"@type":"Article","@id":"https:\/\/portaltela.pt\/noticias\/2026\/01\/18\/estado-investe-milhoes-no-litio-boticas-reage-em-choque\/#article","isPartOf":{"@id":"https:\/\/portaltela.pt\/noticias\/2026\/01\/18\/estado-investe-milhoes-no-litio-boticas-reage-em-choque\/"},"author":{"name":"Telinha","@id":"https:\/\/portaltela.pt\/#\/schema\/person\/c4278d4a6028830caff9ee44b42d32ed"},"headline":"Estado investe milh\u00f5es no l\u00edtio; Boticas reage em choque","datePublished":"2026-01-18T14:06:00+00:00","mainEntityOfPage":{"@id":"https:\/\/portaltela.pt\/noticias\/2026\/01\/18\/estado-investe-milhoes-no-litio-boticas-reage-em-choque\/"},"wordCount":257,"image":{"@id":"https:\/\/portaltela.pt\/noticias\/2026\/01\/18\/estado-investe-milhoes-no-litio-boticas-reage-em-choque\/#primaryimage"},"thumbnailUrl":"https:\/\/portaltela.pt\/s.01k8rhncp4jt1\/2026\/01\/Boticas.jpg","keywords":["Boticas","Bragan\u00e7a","financiamento","minera\u00e7\u00e3o sustent\u00e1vel","patrim\u00f3nio","Tr\u00e1s-os-Montes"],"articleSection":["Pol\u00edtica"],"inLanguage":"pt-PT"},{"@type":"WebPage","@id":"https:\/\/portaltela.pt\/noticias\/2026\/01\/18\/estado-investe-milhoes-no-litio-boticas-reage-em-choque\/","url":"https:\/\/portaltela.pt\/noticias\/2026\/01\/18\/estado-investe-milhoes-no-litio-boticas-reage-em-choque\/","name":"Estado investe milh\u00f5es no l\u00edtio; Boticas reage em choque - Portal Tela Portugal","isPartOf":{"@id":"https:\/\/portaltela.pt\/#website"},"primaryImageOfPage":{"@id":"https:\/\/portaltela.pt\/noticias\/2026\/01\/18\/estado-investe-milhoes-no-litio-boticas-reage-em-choque\/#primaryimage"},"image":{"@id":"https:\/\/portaltela.pt\/noticias\/2026\/01\/18\/estado-investe-milhoes-no-litio-boticas-reage-em-choque\/#primaryimage"},"thumbnailUrl":"https:\/\/portaltela.pt\/s.01k8rhncp4jt1\/2026\/01\/Boticas.jpg","datePublished":"2026-01-18T14:06:00+00:00","author":{"@id":"https:\/\/portaltela.pt\/#\/schema\/person\/c4278d4a6028830caff9ee44b42d32ed"},"breadcrumb":{"@id":"https:\/\/portaltela.pt\/noticias\/2026\/01\/18\/estado-investe-milhoes-no-litio-boticas-reage-em-choque\/#breadcrumb"},"inLanguage":"pt-PT","potentialAction":[{"@type":"ReadAction","target":["https:\/\/portaltela.pt\/noticias\/2026\/01\/18\/estado-investe-milhoes-no-litio-boticas-reage-em-choque\/"]}]},{"@type":"ImageObject","inLanguage":"pt-PT","@id":"https:\/\/portaltela.pt\/noticias\/2026\/01\/18\/estado-investe-milhoes-no-litio-boticas-reage-em-choque\/#primaryimage","url":"https:\/\/portaltela.pt\/s.01k8rhncp4jt1\/2026\/01\/Boticas.jpg","contentUrl":"https:\/\/portaltela.pt\/s.01k8rhncp4jt1\/2026\/01\/Boticas.jpg","width":796,"height":448,"caption":"Estado d\u00e1 milh\u00f5es ao l\u00edtio e Boticas reage em choque"},{"@type":"BreadcrumbList","@id":"https:\/\/portaltela.pt\/noticias\/2026\/01\/18\/estado-investe-milhoes-no-litio-boticas-reage-em-choque\/#breadcrumb","itemListElement":[{"@type":"ListItem","position":1,"name":"In\u00edcio","item":"https:\/\/portaltela.pt\/"},{"@type":"ListItem","position":2,"name":"Estado investe milh\u00f5es no l\u00edtio; Boticas reage em choque"}]},{"@type":"WebSite","@id":"https:\/\/portaltela.pt\/#website","url":"https:\/\/portaltela.pt\/","name":"Portal Tela Portugal","description":"","potentialAction":[{"@type":"SearchAction","target":{"@type":"EntryPoint","urlTemplate":"https:\/\/portaltela.pt\/?s={search_term_string}"},"query-input":{"@type":"PropertyValueSpecification","valueRequired":true,"valueName":"search_term_string"}}],"inLanguage":"pt-PT"},{"@type":"Person","@id":"https:\/\/portaltela.pt\/#\/schema\/person\/c4278d4a6028830caff9ee44b42d32ed","name":"Telinha","image":{"@type":"ImageObject","inLanguage":"pt-PT","@id":"https:\/\/portaltela.pt\/s.01k8rhncp4jt1\/2025\/11\/talking-bot-125x125.png","url":"https:\/\/portaltela.pt\/s.01k8rhncp4jt1\/2025\/11\/talking-bot-125x125.png","contentUrl":"https:\/\/portaltela.pt\/s.01k8rhncp4jt1\/2025\/11\/talking-bot-125x125.png","caption":"Telinha"},"sameAs":["https:\/\/portaltela.pt\/"],"url":"https:\/\/portaltela.pt\/por\/367410592786\/"}]}},"_links":{"self":[{"href":"https:\/\/portaltela.pt\/api\/wp\/v2\/posts\/150196","targetHints":{"allow":["GET"]}}],"collection":[{"href":"https:\/\/portaltela.pt\/api\/wp\/v2\/posts"}],"about":[{"href":"https:\/\/portaltela.pt\/api\/wp\/v2\/types\/post"}],"author":[{"embeddable":true,"href":"https:\/\/portaltela.pt\/api\/wp\/v2\/users\/2"}],"replies":[{"embeddable":true,"href":"https:\/\/portaltela.pt\/api\/wp\/v2\/comments?post=150196"}],"version-history":[{"count":0,"href":"https:\/\/portaltela.pt\/api\/wp\/v2\/posts\/150196\/revisions"}],"wp:featuredmedia":[{"embeddable":true,"href":"https:\/\/portaltela.pt\/api\/wp\/v2\/media\/150206"}],"wp:attachment":[{"href":"https:\/\/portaltela.pt\/api\/wp\/v2\/media?parent=150196"}],"wp:term":[{"taxonomy":"category","embeddable":true,"href":"https:\/\/portaltela.pt\/api\/wp\/v2\/categories?post=150196"},{"taxonomy":"post_tag","embeddable":true,"href":"https:\/\/portaltela.pt\/api\/wp\/v2\/tags?post=150196"}],"curies":[{"name":"wp","href":"https:\/\/api.w.org\/{rel}","templated":true}]}}