{"id":150182,"date":"2026-01-18T11:35:05","date_gmt":"2026-01-18T14:35:05","guid":{"rendered":"https:\/\/portaltela.pt\/noticias\/2026\/01\/18\/hospital-condenado-a-pagar-100-mil-euros-por-tumor-nao-diagnosticado-de-jovem\/"},"modified":"2026-01-18T11:35:05","modified_gmt":"2026-01-18T14:35:05","slug":"hospital-condenado-a-pagar-100-mil-euros-por-tumor-nao-diagnosticado-de-jovem","status":"publish","type":"post","link":"https:\/\/portaltela.pt\/noticias\/2026\/01\/18\/hospital-condenado-a-pagar-100-mil-euros-por-tumor-nao-diagnosticado-de-jovem\/","title":{"rendered":"Hospital condenado a pagar 100 mil euros por tumor n\u00e3o diagnosticado de jovem"},"content":{"rendered":"<p>O Hospital Padre Am\u00e9rico, em Penafiel, foi condenado a pagar mais de 100 mil euros \u00e0 fam\u00edlia de Sara Moreira, jovem de 19 anos que morreu em 2013 ap\u00f3s recorrer v\u00e1rias vezes \u00e0 urg\u00eancia sem diagn\u00f3stico de tumor cerebral. A decis\u00e3o foi proferida pelo Tribunal Administrativo e Fiscal.<\/p>\n<p>Entre 19 de fevereiro de 2010 e 8 de janeiro de 2013, Sara Moreira deslocou-se dez vezes ao servi\u00e7o de urg\u00eancia com fortes dores de cabe\u00e7a, v\u00f3mitos e nervosismo. O diagn\u00f3stico permaneceu sempre como crises de ansiedade, com prescri\u00e7\u00e3o de diazepam e paracetamol.<\/p>\n<p>Segundo o tribunal, houve falhas graves no acompanhamento cl\u00ednico, incluindo falta de articula\u00e7\u00e3o entre servi\u00e7os e aus\u00eancia de exames complementares. N\u00e3o h\u00e1 registo de convites para consultas de psiquiatria, apesar de existir marca\u00e7\u00e3o de algumas.<\/p>\n<p>A aut\u00f3psia revelou, ap\u00f3s a morte, a verdadeira causa dos sintomas: um tumor cerebral n\u00e3o diagnosticado. O hospital j\u00e1 indicou que ir\u00e1 recorrer, com o processo a seguir para o Tribunal Central Administrativo do Norte, o que pode prolongar-se por anos.<\/p>\n<p>A fam\u00edlia tentou responsabilizar criminalmente os m\u00e9dicos, mas estes foram absolvidos no plano penal. O hospital sustenta ter atuado de forma adequada e mant\u00e9m os m\u00e9dicos envolvidos na institui\u00e7\u00e3o.<\/p>\n","protected":false},"excerpt":{"rendered":"<ul>\n<li>O Tribunal Administrativo e Fiscal condenou o Hospital Padre Am\u00e9rico, em Penafiel, a pagar mais de 100 mil euros \u00e0 fam\u00edlia de Sara Moreira pela morte da jovem em 2013.<\/li>\n<li>Sara, com 19 anos, recorreu ao servi\u00e7o de urg\u00eancia dez vezes entre 19 de fevereiro de 2010 e 8 de janeiro de 2013 com dores de cabe\u00e7a, v\u00f3mitos e nervosismo, sem diagn\u00f3stico de tumor cerebral.<\/li>\n<li>O diagn\u00f3stico foi repetidamente de crises de ansiedade; foram prescritos diazepam e paracetamol, com consultas de psiquiatria agendadas, mas sem prova de participa\u00e7\u00e3o da jovem.<\/li>\n<li>A aut\u00f3psia revelou um tumor cerebral n\u00e3o diagnosticado; dois dias ap\u00f3s a \u00faltima ida ao hospital, Sara faleceu em casa; cinco m\u00e9dicos foram absolvidos num processo criminal.<\/li>\n<li>O hospital recorreu da decis\u00e3o em 2025, remetendo o caso para o Tribunal Central Administrativo do Norte; a unidade sustenta ter acompanhado adequadamente a jovem e que os m\u00e9dicos continuam na institui\u00e7\u00e3o.<\/li>\n<\/ul>\n","protected":false},"author":2,"featured_media":150186,"comment_status":"closed","ping_status":"closed","sticky":false,"template":"","format":"standard","meta":{"footnotes":""},"categories":[1],"tags":[61,3255,633,2745,52,1899],"class_list":["post-150182","post","type-post","status-publish","format-standard","has-post-thumbnail","hentry","category-noticias","tag-doencas","tag-falhas-no-procedimento-de-alta-do-doente","tag-hospital","tag-indenizacoes","tag-tribunal","tag-urgencias"],"yoast_head":"<!-- This site is optimized with the Yoast SEO plugin v27.2 - https:\/\/yoast.com\/product\/yoast-seo-wordpress\/ -->\n<title>Hospital condenado a pagar 100 mil euros por tumor n\u00e3o diagnosticado de jovem - Portal Tela Portugal<\/title>\n<meta name=\"robots\" content=\"index, follow, max-snippet:-1, max-image-preview:large, max-video-preview:-1\" \/>\n<meta property=\"og:locale\" content=\"pt_PT\" \/>\n<meta property=\"og:type\" content=\"article\" \/>\n<meta property=\"og:title\" content=\"Hospital condenado a pagar 100 mil euros por tumor n\u00e3o diagnosticado de jovem - Portal Tela Portugal\" \/>\n<meta property=\"og:description\" content=\"O Tribunal Administrativo e Fiscal condenou o Hospital Padre Am\u00e9rico, em Penafiel, a pagar mais de 100 mil euros \u00e0 fam\u00edlia de Sara Moreira pela morte da jovem em 2013. Sara, com 19 anos, recorreu ao servi\u00e7o de urg\u00eancia dez vezes entre 19 de fevereiro de 2010 e 8 de janeiro de 2013 com dores de cabe\u00e7a, v\u00f3mitos e nervosismo, sem diagn\u00f3stico de tumor cerebral. O diagn\u00f3stico foi repetidamente de crises de ansiedade; foram prescritos diazepam e paracetamol, com consultas de psiquiatria agendadas, mas sem prova de participa\u00e7\u00e3o da jovem. A aut\u00f3psia revelou um tumor cerebral n\u00e3o diagnosticado; dois dias ap\u00f3s a \u00faltima ida ao hospital, Sara faleceu em casa; cinco m\u00e9dicos foram absolvidos num processo criminal. O hospital recorreu da decis\u00e3o em 2025, remetendo o caso para o Tribunal Central Administrativo do Norte; a unidade sustenta ter acompanhado adequadamente a jovem e que os m\u00e9dicos continuam na institui\u00e7\u00e3o.\" \/>\n<meta property=\"og:url\" content=\"https:\/\/portaltela.pt\/noticias\/2026\/01\/18\/hospital-condenado-a-pagar-100-mil-euros-por-tumor-nao-diagnosticado-de-jovem\/\" \/>\n<meta property=\"og:site_name\" content=\"Portal Tela Portugal\" \/>\n<meta property=\"article:published_time\" content=\"2026-01-18T14:35:05+00:00\" \/>\n<meta name=\"author\" content=\"Telinha\" \/>\n<meta name=\"twitter:card\" content=\"summary_large_image\" \/>\n<meta name=\"twitter:label1\" content=\"Escrito por\" \/>\n\t<meta name=\"twitter:data1\" content=\"Telinha\" \/>\n\t<meta name=\"twitter:label2\" content=\"Tempo estimado de leitura\" \/>\n\t<meta name=\"twitter:data2\" content=\"1 minuto\" \/>\n<script type=\"application\/ld+json\" class=\"yoast-schema-graph\">{\"@context\":\"https:\/\/schema.org\",\"@graph\":[{\"@type\":\"Article\",\"@id\":\"https:\/\/portaltela.pt\/noticias\/2026\/01\/18\/hospital-condenado-a-pagar-100-mil-euros-por-tumor-nao-diagnosticado-de-jovem\/#article\",\"isPartOf\":{\"@id\":\"https:\/\/portaltela.pt\/noticias\/2026\/01\/18\/hospital-condenado-a-pagar-100-mil-euros-por-tumor-nao-diagnosticado-de-jovem\/\"},\"author\":{\"name\":\"Telinha\",\"@id\":\"https:\/\/portaltela.pt\/#\/schema\/person\/c4278d4a6028830caff9ee44b42d32ed\"},\"headline\":\"Hospital condenado a pagar 100 mil euros por tumor n\u00e3o diagnosticado de jovem\",\"datePublished\":\"2026-01-18T14:35:05+00:00\",\"mainEntityOfPage\":{\"@id\":\"https:\/\/portaltela.pt\/noticias\/2026\/01\/18\/hospital-condenado-a-pagar-100-mil-euros-por-tumor-nao-diagnosticado-de-jovem\/\"},\"wordCount\":227,\"image\":{\"@id\":\"https:\/\/portaltela.pt\/noticias\/2026\/01\/18\/hospital-condenado-a-pagar-100-mil-euros-por-tumor-nao-diagnosticado-de-jovem\/#primaryimage\"},\"thumbnailUrl\":\"https:\/\/portaltela.pt\/s.01k8rhncp4jt1\/2026\/01\/img_1280x721uu2023-02-21-17-36-29-1285096.jpg\",\"keywords\":[\"doen\u00e7as\",\"falhas no procedimento de alta do doente\",\"hospital\",\"indeniza\u00e7\u00f5es\",\"tribunal\",\"urg\u00eancias\"],\"articleSection\":[\"Not\u00edcias\"],\"inLanguage\":\"pt-PT\"},{\"@type\":\"WebPage\",\"@id\":\"https:\/\/portaltela.pt\/noticias\/2026\/01\/18\/hospital-condenado-a-pagar-100-mil-euros-por-tumor-nao-diagnosticado-de-jovem\/\",\"url\":\"https:\/\/portaltela.pt\/noticias\/2026\/01\/18\/hospital-condenado-a-pagar-100-mil-euros-por-tumor-nao-diagnosticado-de-jovem\/\",\"name\":\"Hospital condenado a pagar 100 mil euros por tumor n\u00e3o diagnosticado de jovem - Portal Tela Portugal\",\"isPartOf\":{\"@id\":\"https:\/\/portaltela.pt\/#website\"},\"primaryImageOfPage\":{\"@id\":\"https:\/\/portaltela.pt\/noticias\/2026\/01\/18\/hospital-condenado-a-pagar-100-mil-euros-por-tumor-nao-diagnosticado-de-jovem\/#primaryimage\"},\"image\":{\"@id\":\"https:\/\/portaltela.pt\/noticias\/2026\/01\/18\/hospital-condenado-a-pagar-100-mil-euros-por-tumor-nao-diagnosticado-de-jovem\/#primaryimage\"},\"thumbnailUrl\":\"https:\/\/portaltela.pt\/s.01k8rhncp4jt1\/2026\/01\/img_1280x721uu2023-02-21-17-36-29-1285096.jpg\",\"datePublished\":\"2026-01-18T14:35:05+00:00\",\"author\":{\"@id\":\"https:\/\/portaltela.pt\/#\/schema\/person\/c4278d4a6028830caff9ee44b42d32ed\"},\"breadcrumb\":{\"@id\":\"https:\/\/portaltela.pt\/noticias\/2026\/01\/18\/hospital-condenado-a-pagar-100-mil-euros-por-tumor-nao-diagnosticado-de-jovem\/#breadcrumb\"},\"inLanguage\":\"pt-PT\",\"potentialAction\":[{\"@type\":\"ReadAction\",\"target\":[\"https:\/\/portaltela.pt\/noticias\/2026\/01\/18\/hospital-condenado-a-pagar-100-mil-euros-por-tumor-nao-diagnosticado-de-jovem\/\"]}]},{\"@type\":\"ImageObject\",\"inLanguage\":\"pt-PT\",\"@id\":\"https:\/\/portaltela.pt\/noticias\/2026\/01\/18\/hospital-condenado-a-pagar-100-mil-euros-por-tumor-nao-diagnosticado-de-jovem\/#primaryimage\",\"url\":\"https:\/\/portaltela.pt\/s.01k8rhncp4jt1\/2026\/01\/img_1280x721uu2023-02-21-17-36-29-1285096.jpg\",\"contentUrl\":\"https:\/\/portaltela.pt\/s.01k8rhncp4jt1\/2026\/01\/img_1280x721uu2023-02-21-17-36-29-1285096.jpg\",\"width\":796,\"height\":448,\"caption\":\"Photo\"},{\"@type\":\"BreadcrumbList\",\"@id\":\"https:\/\/portaltela.pt\/noticias\/2026\/01\/18\/hospital-condenado-a-pagar-100-mil-euros-por-tumor-nao-diagnosticado-de-jovem\/#breadcrumb\",\"itemListElement\":[{\"@type\":\"ListItem\",\"position\":1,\"name\":\"In\u00edcio\",\"item\":\"https:\/\/portaltela.pt\/\"},{\"@type\":\"ListItem\",\"position\":2,\"name\":\"Hospital condenado a pagar 100 mil euros por tumor n\u00e3o diagnosticado de jovem\"}]},{\"@type\":\"WebSite\",\"@id\":\"https:\/\/portaltela.pt\/#website\",\"url\":\"https:\/\/portaltela.pt\/\",\"name\":\"Portal Tela Portugal\",\"description\":\"\",\"potentialAction\":[{\"@type\":\"SearchAction\",\"target\":{\"@type\":\"EntryPoint\",\"urlTemplate\":\"https:\/\/portaltela.pt\/?s={search_term_string}\"},\"query-input\":{\"@type\":\"PropertyValueSpecification\",\"valueRequired\":true,\"valueName\":\"search_term_string\"}}],\"inLanguage\":\"pt-PT\"},{\"@type\":\"Person\",\"@id\":\"https:\/\/portaltela.pt\/#\/schema\/person\/c4278d4a6028830caff9ee44b42d32ed\",\"name\":\"Telinha\",\"image\":{\"@type\":\"ImageObject\",\"inLanguage\":\"pt-PT\",\"@id\":\"https:\/\/portaltela.pt\/s.01k8rhncp4jt1\/2025\/11\/talking-bot-125x125.png\",\"url\":\"https:\/\/portaltela.pt\/s.01k8rhncp4jt1\/2025\/11\/talking-bot-125x125.png\",\"contentUrl\":\"https:\/\/portaltela.pt\/s.01k8rhncp4jt1\/2025\/11\/talking-bot-125x125.png\",\"caption\":\"Telinha\"},\"sameAs\":[\"https:\/\/portaltela.pt\/\"],\"url\":\"https:\/\/portaltela.pt\/por\/367410592786\/\"}]}<\/script>\n<!-- \/ Yoast SEO plugin. -->","yoast_head_json":{"title":"Hospital condenado a pagar 100 mil euros por tumor n\u00e3o diagnosticado de jovem - Portal Tela Portugal","robots":{"index":"index","follow":"follow","max-snippet":"max-snippet:-1","max-image-preview":"max-image-preview:large","max-video-preview":"max-video-preview:-1"},"og_locale":"pt_PT","og_type":"article","og_title":"Hospital condenado a pagar 100 mil euros por tumor n\u00e3o diagnosticado de jovem - Portal Tela Portugal","og_description":"O Tribunal Administrativo e Fiscal condenou o Hospital Padre Am\u00e9rico, em Penafiel, a pagar mais de 100 mil euros \u00e0 fam\u00edlia de Sara Moreira pela morte da jovem em 2013. Sara, com 19 anos, recorreu ao servi\u00e7o de urg\u00eancia dez vezes entre 19 de fevereiro de 2010 e 8 de janeiro de 2013 com dores de cabe\u00e7a, v\u00f3mitos e nervosismo, sem diagn\u00f3stico de tumor cerebral. O diagn\u00f3stico foi repetidamente de crises de ansiedade; foram prescritos diazepam e paracetamol, com consultas de psiquiatria agendadas, mas sem prova de participa\u00e7\u00e3o da jovem. A aut\u00f3psia revelou um tumor cerebral n\u00e3o diagnosticado; dois dias ap\u00f3s a \u00faltima ida ao hospital, Sara faleceu em casa; cinco m\u00e9dicos foram absolvidos num processo criminal. O hospital recorreu da decis\u00e3o em 2025, remetendo o caso para o Tribunal Central Administrativo do Norte; a unidade sustenta ter acompanhado adequadamente a jovem e que os m\u00e9dicos continuam na institui\u00e7\u00e3o.","og_url":"https:\/\/portaltela.pt\/noticias\/2026\/01\/18\/hospital-condenado-a-pagar-100-mil-euros-por-tumor-nao-diagnosticado-de-jovem\/","og_site_name":"Portal Tela Portugal","article_published_time":"2026-01-18T14:35:05+00:00","author":"Telinha","twitter_card":"summary_large_image","twitter_misc":{"Escrito por":"Telinha","Tempo estimado de leitura":"1 minuto"},"schema":{"@context":"https:\/\/schema.org","@graph":[{"@type":"Article","@id":"https:\/\/portaltela.pt\/noticias\/2026\/01\/18\/hospital-condenado-a-pagar-100-mil-euros-por-tumor-nao-diagnosticado-de-jovem\/#article","isPartOf":{"@id":"https:\/\/portaltela.pt\/noticias\/2026\/01\/18\/hospital-condenado-a-pagar-100-mil-euros-por-tumor-nao-diagnosticado-de-jovem\/"},"author":{"name":"Telinha","@id":"https:\/\/portaltela.pt\/#\/schema\/person\/c4278d4a6028830caff9ee44b42d32ed"},"headline":"Hospital condenado a pagar 100 mil euros por tumor n\u00e3o diagnosticado de jovem","datePublished":"2026-01-18T14:35:05+00:00","mainEntityOfPage":{"@id":"https:\/\/portaltela.pt\/noticias\/2026\/01\/18\/hospital-condenado-a-pagar-100-mil-euros-por-tumor-nao-diagnosticado-de-jovem\/"},"wordCount":227,"image":{"@id":"https:\/\/portaltela.pt\/noticias\/2026\/01\/18\/hospital-condenado-a-pagar-100-mil-euros-por-tumor-nao-diagnosticado-de-jovem\/#primaryimage"},"thumbnailUrl":"https:\/\/portaltela.pt\/s.01k8rhncp4jt1\/2026\/01\/img_1280x721uu2023-02-21-17-36-29-1285096.jpg","keywords":["doen\u00e7as","falhas no procedimento de alta do doente","hospital","indeniza\u00e7\u00f5es","tribunal","urg\u00eancias"],"articleSection":["Not\u00edcias"],"inLanguage":"pt-PT"},{"@type":"WebPage","@id":"https:\/\/portaltela.pt\/noticias\/2026\/01\/18\/hospital-condenado-a-pagar-100-mil-euros-por-tumor-nao-diagnosticado-de-jovem\/","url":"https:\/\/portaltela.pt\/noticias\/2026\/01\/18\/hospital-condenado-a-pagar-100-mil-euros-por-tumor-nao-diagnosticado-de-jovem\/","name":"Hospital condenado a pagar 100 mil euros por tumor n\u00e3o diagnosticado de jovem - Portal Tela Portugal","isPartOf":{"@id":"https:\/\/portaltela.pt\/#website"},"primaryImageOfPage":{"@id":"https:\/\/portaltela.pt\/noticias\/2026\/01\/18\/hospital-condenado-a-pagar-100-mil-euros-por-tumor-nao-diagnosticado-de-jovem\/#primaryimage"},"image":{"@id":"https:\/\/portaltela.pt\/noticias\/2026\/01\/18\/hospital-condenado-a-pagar-100-mil-euros-por-tumor-nao-diagnosticado-de-jovem\/#primaryimage"},"thumbnailUrl":"https:\/\/portaltela.pt\/s.01k8rhncp4jt1\/2026\/01\/img_1280x721uu2023-02-21-17-36-29-1285096.jpg","datePublished":"2026-01-18T14:35:05+00:00","author":{"@id":"https:\/\/portaltela.pt\/#\/schema\/person\/c4278d4a6028830caff9ee44b42d32ed"},"breadcrumb":{"@id":"https:\/\/portaltela.pt\/noticias\/2026\/01\/18\/hospital-condenado-a-pagar-100-mil-euros-por-tumor-nao-diagnosticado-de-jovem\/#breadcrumb"},"inLanguage":"pt-PT","potentialAction":[{"@type":"ReadAction","target":["https:\/\/portaltela.pt\/noticias\/2026\/01\/18\/hospital-condenado-a-pagar-100-mil-euros-por-tumor-nao-diagnosticado-de-jovem\/"]}]},{"@type":"ImageObject","inLanguage":"pt-PT","@id":"https:\/\/portaltela.pt\/noticias\/2026\/01\/18\/hospital-condenado-a-pagar-100-mil-euros-por-tumor-nao-diagnosticado-de-jovem\/#primaryimage","url":"https:\/\/portaltela.pt\/s.01k8rhncp4jt1\/2026\/01\/img_1280x721uu2023-02-21-17-36-29-1285096.jpg","contentUrl":"https:\/\/portaltela.pt\/s.01k8rhncp4jt1\/2026\/01\/img_1280x721uu2023-02-21-17-36-29-1285096.jpg","width":796,"height":448,"caption":"Photo"},{"@type":"BreadcrumbList","@id":"https:\/\/portaltela.pt\/noticias\/2026\/01\/18\/hospital-condenado-a-pagar-100-mil-euros-por-tumor-nao-diagnosticado-de-jovem\/#breadcrumb","itemListElement":[{"@type":"ListItem","position":1,"name":"In\u00edcio","item":"https:\/\/portaltela.pt\/"},{"@type":"ListItem","position":2,"name":"Hospital condenado a pagar 100 mil euros por tumor n\u00e3o diagnosticado de jovem"}]},{"@type":"WebSite","@id":"https:\/\/portaltela.pt\/#website","url":"https:\/\/portaltela.pt\/","name":"Portal Tela Portugal","description":"","potentialAction":[{"@type":"SearchAction","target":{"@type":"EntryPoint","urlTemplate":"https:\/\/portaltela.pt\/?s={search_term_string}"},"query-input":{"@type":"PropertyValueSpecification","valueRequired":true,"valueName":"search_term_string"}}],"inLanguage":"pt-PT"},{"@type":"Person","@id":"https:\/\/portaltela.pt\/#\/schema\/person\/c4278d4a6028830caff9ee44b42d32ed","name":"Telinha","image":{"@type":"ImageObject","inLanguage":"pt-PT","@id":"https:\/\/portaltela.pt\/s.01k8rhncp4jt1\/2025\/11\/talking-bot-125x125.png","url":"https:\/\/portaltela.pt\/s.01k8rhncp4jt1\/2025\/11\/talking-bot-125x125.png","contentUrl":"https:\/\/portaltela.pt\/s.01k8rhncp4jt1\/2025\/11\/talking-bot-125x125.png","caption":"Telinha"},"sameAs":["https:\/\/portaltela.pt\/"],"url":"https:\/\/portaltela.pt\/por\/367410592786\/"}]}},"_links":{"self":[{"href":"https:\/\/portaltela.pt\/api\/wp\/v2\/posts\/150182","targetHints":{"allow":["GET"]}}],"collection":[{"href":"https:\/\/portaltela.pt\/api\/wp\/v2\/posts"}],"about":[{"href":"https:\/\/portaltela.pt\/api\/wp\/v2\/types\/post"}],"author":[{"embeddable":true,"href":"https:\/\/portaltela.pt\/api\/wp\/v2\/users\/2"}],"replies":[{"embeddable":true,"href":"https:\/\/portaltela.pt\/api\/wp\/v2\/comments?post=150182"}],"version-history":[{"count":0,"href":"https:\/\/portaltela.pt\/api\/wp\/v2\/posts\/150182\/revisions"}],"wp:featuredmedia":[{"embeddable":true,"href":"https:\/\/portaltela.pt\/api\/wp\/v2\/media\/150186"}],"wp:attachment":[{"href":"https:\/\/portaltela.pt\/api\/wp\/v2\/media?parent=150182"}],"wp:term":[{"taxonomy":"category","embeddable":true,"href":"https:\/\/portaltela.pt\/api\/wp\/v2\/categories?post=150182"},{"taxonomy":"post_tag","embeddable":true,"href":"https:\/\/portaltela.pt\/api\/wp\/v2\/tags?post=150182"}],"curies":[{"name":"wp","href":"https:\/\/api.w.org\/{rel}","templated":true}]}}