{"id":150147,"date":"2026-01-18T11:04:17","date_gmt":"2026-01-18T14:04:17","guid":{"rendered":"https:\/\/portaltela.pt\/noticias\/2026\/01\/18\/incendio-em-habitacao-deixa-idosa-gravemente-ferida-em-mira-de-aire\/"},"modified":"2026-01-18T11:04:17","modified_gmt":"2026-01-18T14:04:17","slug":"incendio-em-habitacao-deixa-idosa-gravemente-ferida-em-mira-de-aire","status":"publish","type":"post","link":"https:\/\/portaltela.pt\/noticias\/2026\/01\/18\/incendio-em-habitacao-deixa-idosa-gravemente-ferida-em-mira-de-aire\/","title":{"rendered":"Inc\u00eandio em habita\u00e7\u00e3o deixa idosa gravemente ferida em Mira de Aire"},"content":{"rendered":"<p>Um inc\u00eandio numa habita\u00e7\u00e3o em Mira de Aire, no distrito de Leiria, deixou uma idosa ferida gravemente. O incidente ocorreu esta manh\u00e3, de acordo com informa\u00e7\u00f5es preliminares das autoridades. Os bombeiros estiveram no local e o fogo foi controlado.<\/p>\n<p>A v\u00edtima foi transportada de helic\u00f3ptero para os Hospitais da Universidade de Coimbra, onde dever\u00e1 receber tratamento especializado. N\u00e3o foram divulgados ainda dados sobre a identidade da(idosa) nem sobre o seu estado atual.<\/p>\n<p>As causas do inc\u00eandio ainda n\u00e3o foram apuradas publicamente. Peritos devem analisar o local para determinar o que poder\u00e1 ter provocado o fogo e se houve precau\u00e7\u00f5es de seguran\u00e7a inadequadas.<\/p>\n","protected":false},"excerpt":{"rendered":"<ul>\n<li>Inc\u00eandio habitacional em Mira de Aire deixou uma idosa ferida com gravidade.<\/li>\n<li>A v\u00edtima foi transportada de helic\u00f3ptero para os Hospitais da Universidade de Coimbra.<\/li>\n<\/ul>\n","protected":false},"author":2,"featured_media":150149,"comment_status":"closed","ping_status":"closed","sticky":false,"template":"","format":"standard","meta":{"footnotes":""},"categories":[1],"tags":[971,150,2581,1438,1385,1081],"class_list":["post-150147","post","type-post","status-publish","format-standard","has-post-thumbnail","hentry","category-noticias","tag-bombeiros","tag-habitacao","tag-hospitais","tag-incendio","tag-leiria","tag-mira"],"yoast_head":"<!-- This site is optimized with the Yoast SEO plugin v27.2 - https:\/\/yoast.com\/product\/yoast-seo-wordpress\/ -->\n<title>Inc\u00eandio em habita\u00e7\u00e3o deixa idosa gravemente ferida em Mira de Aire - Portal Tela Portugal<\/title>\n<meta name=\"robots\" content=\"index, follow, max-snippet:-1, max-image-preview:large, max-video-preview:-1\" \/>\n<meta property=\"og:locale\" content=\"pt_PT\" \/>\n<meta property=\"og:type\" content=\"article\" \/>\n<meta property=\"og:title\" content=\"Inc\u00eandio em habita\u00e7\u00e3o deixa idosa gravemente ferida em Mira de Aire - Portal Tela Portugal\" \/>\n<meta property=\"og:description\" content=\"Inc\u00eandio habitacional em Mira de Aire deixou uma idosa ferida com gravidade. A v\u00edtima foi transportada de helic\u00f3ptero para os Hospitais da Universidade de Coimbra.\" \/>\n<meta property=\"og:url\" content=\"https:\/\/portaltela.pt\/noticias\/2026\/01\/18\/incendio-em-habitacao-deixa-idosa-gravemente-ferida-em-mira-de-aire\/\" \/>\n<meta property=\"og:site_name\" content=\"Portal Tela Portugal\" \/>\n<meta property=\"article:published_time\" content=\"2026-01-18T14:04:17+00:00\" \/>\n<meta name=\"author\" content=\"Telinha\" \/>\n<meta name=\"twitter:card\" content=\"summary_large_image\" \/>\n<meta name=\"twitter:label1\" content=\"Escrito por\" \/>\n\t<meta name=\"twitter:data1\" content=\"Telinha\" \/>\n\t<meta name=\"twitter:label2\" content=\"Tempo estimado de leitura\" \/>\n\t<meta name=\"twitter:data2\" content=\"1 minuto\" \/>\n<script type=\"application\/ld+json\" class=\"yoast-schema-graph\">{\"@context\":\"https:\/\/schema.org\",\"@graph\":[{\"@type\":\"Article\",\"@id\":\"https:\/\/portaltela.pt\/noticias\/2026\/01\/18\/incendio-em-habitacao-deixa-idosa-gravemente-ferida-em-mira-de-aire\/#article\",\"isPartOf\":{\"@id\":\"https:\/\/portaltela.pt\/noticias\/2026\/01\/18\/incendio-em-habitacao-deixa-idosa-gravemente-ferida-em-mira-de-aire\/\"},\"author\":{\"name\":\"Telinha\",\"@id\":\"https:\/\/portaltela.pt\/#\/schema\/person\/c4278d4a6028830caff9ee44b42d32ed\"},\"headline\":\"Inc\u00eandio em habita\u00e7\u00e3o deixa idosa gravemente ferida em Mira de Aire\",\"datePublished\":\"2026-01-18T14:04:17+00:00\",\"mainEntityOfPage\":{\"@id\":\"https:\/\/portaltela.pt\/noticias\/2026\/01\/18\/incendio-em-habitacao-deixa-idosa-gravemente-ferida-em-mira-de-aire\/\"},\"wordCount\":126,\"image\":{\"@id\":\"https:\/\/portaltela.pt\/noticias\/2026\/01\/18\/incendio-em-habitacao-deixa-idosa-gravemente-ferida-em-mira-de-aire\/#primaryimage\"},\"thumbnailUrl\":\"https:\/\/portaltela.pt\/s.01k8rhncp4jt1\/2026\/01\/img_1280x722uu2025-06-25-15-45-02-2218559.jpg\",\"keywords\":[\"bombeiros\",\"habita\u00e7\u00e3o\",\"hospitais\",\"inc\u00eandio\",\"Leiria\",\"Mira\"],\"articleSection\":[\"Not\u00edcias\"],\"inLanguage\":\"pt-PT\"},{\"@type\":\"WebPage\",\"@id\":\"https:\/\/portaltela.pt\/noticias\/2026\/01\/18\/incendio-em-habitacao-deixa-idosa-gravemente-ferida-em-mira-de-aire\/\",\"url\":\"https:\/\/portaltela.pt\/noticias\/2026\/01\/18\/incendio-em-habitacao-deixa-idosa-gravemente-ferida-em-mira-de-aire\/\",\"name\":\"Inc\u00eandio em habita\u00e7\u00e3o deixa idosa gravemente ferida em Mira de Aire - Portal Tela Portugal\",\"isPartOf\":{\"@id\":\"https:\/\/portaltela.pt\/#website\"},\"primaryImageOfPage\":{\"@id\":\"https:\/\/portaltela.pt\/noticias\/2026\/01\/18\/incendio-em-habitacao-deixa-idosa-gravemente-ferida-em-mira-de-aire\/#primaryimage\"},\"image\":{\"@id\":\"https:\/\/portaltela.pt\/noticias\/2026\/01\/18\/incendio-em-habitacao-deixa-idosa-gravemente-ferida-em-mira-de-aire\/#primaryimage\"},\"thumbnailUrl\":\"https:\/\/portaltela.pt\/s.01k8rhncp4jt1\/2026\/01\/img_1280x722uu2025-06-25-15-45-02-2218559.jpg\",\"datePublished\":\"2026-01-18T14:04:17+00:00\",\"author\":{\"@id\":\"https:\/\/portaltela.pt\/#\/schema\/person\/c4278d4a6028830caff9ee44b42d32ed\"},\"breadcrumb\":{\"@id\":\"https:\/\/portaltela.pt\/noticias\/2026\/01\/18\/incendio-em-habitacao-deixa-idosa-gravemente-ferida-em-mira-de-aire\/#breadcrumb\"},\"inLanguage\":\"pt-PT\",\"potentialAction\":[{\"@type\":\"ReadAction\",\"target\":[\"https:\/\/portaltela.pt\/noticias\/2026\/01\/18\/incendio-em-habitacao-deixa-idosa-gravemente-ferida-em-mira-de-aire\/\"]}]},{\"@type\":\"ImageObject\",\"inLanguage\":\"pt-PT\",\"@id\":\"https:\/\/portaltela.pt\/noticias\/2026\/01\/18\/incendio-em-habitacao-deixa-idosa-gravemente-ferida-em-mira-de-aire\/#primaryimage\",\"url\":\"https:\/\/portaltela.pt\/s.01k8rhncp4jt1\/2026\/01\/img_1280x722uu2025-06-25-15-45-02-2218559.jpg\",\"contentUrl\":\"https:\/\/portaltela.pt\/s.01k8rhncp4jt1\/2026\/01\/img_1280x722uu2025-06-25-15-45-02-2218559.jpg\",\"width\":796,\"height\":448,\"caption\":\"Photo\"},{\"@type\":\"BreadcrumbList\",\"@id\":\"https:\/\/portaltela.pt\/noticias\/2026\/01\/18\/incendio-em-habitacao-deixa-idosa-gravemente-ferida-em-mira-de-aire\/#breadcrumb\",\"itemListElement\":[{\"@type\":\"ListItem\",\"position\":1,\"name\":\"In\u00edcio\",\"item\":\"https:\/\/portaltela.pt\/\"},{\"@type\":\"ListItem\",\"position\":2,\"name\":\"Inc\u00eandio em habita\u00e7\u00e3o deixa idosa gravemente ferida em Mira de Aire\"}]},{\"@type\":\"WebSite\",\"@id\":\"https:\/\/portaltela.pt\/#website\",\"url\":\"https:\/\/portaltela.pt\/\",\"name\":\"Portal Tela Portugal\",\"description\":\"\",\"potentialAction\":[{\"@type\":\"SearchAction\",\"target\":{\"@type\":\"EntryPoint\",\"urlTemplate\":\"https:\/\/portaltela.pt\/?s={search_term_string}\"},\"query-input\":{\"@type\":\"PropertyValueSpecification\",\"valueRequired\":true,\"valueName\":\"search_term_string\"}}],\"inLanguage\":\"pt-PT\"},{\"@type\":\"Person\",\"@id\":\"https:\/\/portaltela.pt\/#\/schema\/person\/c4278d4a6028830caff9ee44b42d32ed\",\"name\":\"Telinha\",\"image\":{\"@type\":\"ImageObject\",\"inLanguage\":\"pt-PT\",\"@id\":\"https:\/\/portaltela.pt\/s.01k8rhncp4jt1\/2025\/11\/talking-bot-125x125.png\",\"url\":\"https:\/\/portaltela.pt\/s.01k8rhncp4jt1\/2025\/11\/talking-bot-125x125.png\",\"contentUrl\":\"https:\/\/portaltela.pt\/s.01k8rhncp4jt1\/2025\/11\/talking-bot-125x125.png\",\"caption\":\"Telinha\"},\"sameAs\":[\"https:\/\/portaltela.pt\/\"],\"url\":\"https:\/\/portaltela.pt\/por\/367410592786\/\"}]}<\/script>\n<!-- \/ Yoast SEO plugin. -->","yoast_head_json":{"title":"Inc\u00eandio em habita\u00e7\u00e3o deixa idosa gravemente ferida em Mira de Aire - Portal Tela Portugal","robots":{"index":"index","follow":"follow","max-snippet":"max-snippet:-1","max-image-preview":"max-image-preview:large","max-video-preview":"max-video-preview:-1"},"og_locale":"pt_PT","og_type":"article","og_title":"Inc\u00eandio em habita\u00e7\u00e3o deixa idosa gravemente ferida em Mira de Aire - Portal Tela Portugal","og_description":"Inc\u00eandio habitacional em Mira de Aire deixou uma idosa ferida com gravidade. A v\u00edtima foi transportada de helic\u00f3ptero para os Hospitais da Universidade de Coimbra.","og_url":"https:\/\/portaltela.pt\/noticias\/2026\/01\/18\/incendio-em-habitacao-deixa-idosa-gravemente-ferida-em-mira-de-aire\/","og_site_name":"Portal Tela Portugal","article_published_time":"2026-01-18T14:04:17+00:00","author":"Telinha","twitter_card":"summary_large_image","twitter_misc":{"Escrito por":"Telinha","Tempo estimado de leitura":"1 minuto"},"schema":{"@context":"https:\/\/schema.org","@graph":[{"@type":"Article","@id":"https:\/\/portaltela.pt\/noticias\/2026\/01\/18\/incendio-em-habitacao-deixa-idosa-gravemente-ferida-em-mira-de-aire\/#article","isPartOf":{"@id":"https:\/\/portaltela.pt\/noticias\/2026\/01\/18\/incendio-em-habitacao-deixa-idosa-gravemente-ferida-em-mira-de-aire\/"},"author":{"name":"Telinha","@id":"https:\/\/portaltela.pt\/#\/schema\/person\/c4278d4a6028830caff9ee44b42d32ed"},"headline":"Inc\u00eandio em habita\u00e7\u00e3o deixa idosa gravemente ferida em Mira de Aire","datePublished":"2026-01-18T14:04:17+00:00","mainEntityOfPage":{"@id":"https:\/\/portaltela.pt\/noticias\/2026\/01\/18\/incendio-em-habitacao-deixa-idosa-gravemente-ferida-em-mira-de-aire\/"},"wordCount":126,"image":{"@id":"https:\/\/portaltela.pt\/noticias\/2026\/01\/18\/incendio-em-habitacao-deixa-idosa-gravemente-ferida-em-mira-de-aire\/#primaryimage"},"thumbnailUrl":"https:\/\/portaltela.pt\/s.01k8rhncp4jt1\/2026\/01\/img_1280x722uu2025-06-25-15-45-02-2218559.jpg","keywords":["bombeiros","habita\u00e7\u00e3o","hospitais","inc\u00eandio","Leiria","Mira"],"articleSection":["Not\u00edcias"],"inLanguage":"pt-PT"},{"@type":"WebPage","@id":"https:\/\/portaltela.pt\/noticias\/2026\/01\/18\/incendio-em-habitacao-deixa-idosa-gravemente-ferida-em-mira-de-aire\/","url":"https:\/\/portaltela.pt\/noticias\/2026\/01\/18\/incendio-em-habitacao-deixa-idosa-gravemente-ferida-em-mira-de-aire\/","name":"Inc\u00eandio em habita\u00e7\u00e3o deixa idosa gravemente ferida em Mira de Aire - Portal Tela Portugal","isPartOf":{"@id":"https:\/\/portaltela.pt\/#website"},"primaryImageOfPage":{"@id":"https:\/\/portaltela.pt\/noticias\/2026\/01\/18\/incendio-em-habitacao-deixa-idosa-gravemente-ferida-em-mira-de-aire\/#primaryimage"},"image":{"@id":"https:\/\/portaltela.pt\/noticias\/2026\/01\/18\/incendio-em-habitacao-deixa-idosa-gravemente-ferida-em-mira-de-aire\/#primaryimage"},"thumbnailUrl":"https:\/\/portaltela.pt\/s.01k8rhncp4jt1\/2026\/01\/img_1280x722uu2025-06-25-15-45-02-2218559.jpg","datePublished":"2026-01-18T14:04:17+00:00","author":{"@id":"https:\/\/portaltela.pt\/#\/schema\/person\/c4278d4a6028830caff9ee44b42d32ed"},"breadcrumb":{"@id":"https:\/\/portaltela.pt\/noticias\/2026\/01\/18\/incendio-em-habitacao-deixa-idosa-gravemente-ferida-em-mira-de-aire\/#breadcrumb"},"inLanguage":"pt-PT","potentialAction":[{"@type":"ReadAction","target":["https:\/\/portaltela.pt\/noticias\/2026\/01\/18\/incendio-em-habitacao-deixa-idosa-gravemente-ferida-em-mira-de-aire\/"]}]},{"@type":"ImageObject","inLanguage":"pt-PT","@id":"https:\/\/portaltela.pt\/noticias\/2026\/01\/18\/incendio-em-habitacao-deixa-idosa-gravemente-ferida-em-mira-de-aire\/#primaryimage","url":"https:\/\/portaltela.pt\/s.01k8rhncp4jt1\/2026\/01\/img_1280x722uu2025-06-25-15-45-02-2218559.jpg","contentUrl":"https:\/\/portaltela.pt\/s.01k8rhncp4jt1\/2026\/01\/img_1280x722uu2025-06-25-15-45-02-2218559.jpg","width":796,"height":448,"caption":"Photo"},{"@type":"BreadcrumbList","@id":"https:\/\/portaltela.pt\/noticias\/2026\/01\/18\/incendio-em-habitacao-deixa-idosa-gravemente-ferida-em-mira-de-aire\/#breadcrumb","itemListElement":[{"@type":"ListItem","position":1,"name":"In\u00edcio","item":"https:\/\/portaltela.pt\/"},{"@type":"ListItem","position":2,"name":"Inc\u00eandio em habita\u00e7\u00e3o deixa idosa gravemente ferida em Mira de Aire"}]},{"@type":"WebSite","@id":"https:\/\/portaltela.pt\/#website","url":"https:\/\/portaltela.pt\/","name":"Portal Tela Portugal","description":"","potentialAction":[{"@type":"SearchAction","target":{"@type":"EntryPoint","urlTemplate":"https:\/\/portaltela.pt\/?s={search_term_string}"},"query-input":{"@type":"PropertyValueSpecification","valueRequired":true,"valueName":"search_term_string"}}],"inLanguage":"pt-PT"},{"@type":"Person","@id":"https:\/\/portaltela.pt\/#\/schema\/person\/c4278d4a6028830caff9ee44b42d32ed","name":"Telinha","image":{"@type":"ImageObject","inLanguage":"pt-PT","@id":"https:\/\/portaltela.pt\/s.01k8rhncp4jt1\/2025\/11\/talking-bot-125x125.png","url":"https:\/\/portaltela.pt\/s.01k8rhncp4jt1\/2025\/11\/talking-bot-125x125.png","contentUrl":"https:\/\/portaltela.pt\/s.01k8rhncp4jt1\/2025\/11\/talking-bot-125x125.png","caption":"Telinha"},"sameAs":["https:\/\/portaltela.pt\/"],"url":"https:\/\/portaltela.pt\/por\/367410592786\/"}]}},"_links":{"self":[{"href":"https:\/\/portaltela.pt\/api\/wp\/v2\/posts\/150147","targetHints":{"allow":["GET"]}}],"collection":[{"href":"https:\/\/portaltela.pt\/api\/wp\/v2\/posts"}],"about":[{"href":"https:\/\/portaltela.pt\/api\/wp\/v2\/types\/post"}],"author":[{"embeddable":true,"href":"https:\/\/portaltela.pt\/api\/wp\/v2\/users\/2"}],"replies":[{"embeddable":true,"href":"https:\/\/portaltela.pt\/api\/wp\/v2\/comments?post=150147"}],"version-history":[{"count":0,"href":"https:\/\/portaltela.pt\/api\/wp\/v2\/posts\/150147\/revisions"}],"wp:featuredmedia":[{"embeddable":true,"href":"https:\/\/portaltela.pt\/api\/wp\/v2\/media\/150149"}],"wp:attachment":[{"href":"https:\/\/portaltela.pt\/api\/wp\/v2\/media?parent=150147"}],"wp:term":[{"taxonomy":"category","embeddable":true,"href":"https:\/\/portaltela.pt\/api\/wp\/v2\/categories?post=150147"},{"taxonomy":"post_tag","embeddable":true,"href":"https:\/\/portaltela.pt\/api\/wp\/v2\/tags?post=150147"}],"curies":[{"name":"wp","href":"https:\/\/api.w.org\/{rel}","templated":true}]}}