{"id":150023,"date":"2026-01-18T09:00:16","date_gmt":"2026-01-18T12:00:16","guid":{"rendered":"https:\/\/portaltela.pt\/noticias\/2026\/01\/18\/infeccoes-respiratorias-aumentam-no-inverno-atencao-aos-sintomas\/"},"modified":"2026-01-18T09:00:16","modified_gmt":"2026-01-18T12:00:16","slug":"infeccoes-respiratorias-aumentam-no-inverno-atencao-aos-sintomas","status":"publish","type":"post","link":"https:\/\/portaltela.pt\/noticias\/2026\/01\/18\/infeccoes-respiratorias-aumentam-no-inverno-atencao-aos-sintomas\/","title":{"rendered":"Infec\u00e7\u00f5es respirat\u00f3rias aumentam no inverno; aten\u00e7\u00e3o aos sintomas"},"content":{"rendered":"<p>As infe\u00e7\u00f5es respirat\u00f3rias aumentam no inverno. \u00c9 fundamental ficar atento aos sintomas e ligar para o SNS 24 antes de se dirigir \u00e0s urg\u00eancias.<\/p>\n<p>Pode tamb\u00e9m recorrer \u00e0 Triagem Digital no Portal e na App SNS 24 para obter orienta\u00e7\u00e3o inicial sobre o que fazer.<\/p>\n<p>A recomenda\u00e7\u00e3o geral \u00e9 evitar desloca\u00e7\u00f5es desnecess\u00e1rias a urg\u00eancias quando n\u00e3o forem urgentes, seguindo as indica\u00e7\u00f5es fornecidas pela triagem.<\/p>\n<p>Este procedimento visa orientar sobre o momento apropriado de atendimento e reduzir a press\u00e3o nas emerg\u00eancias durante os meses mais frios.<\/p>\n","protected":false},"excerpt":{"rendered":"<ul>\n<li>As infe\u00e7\u00f5es respirat\u00f3rias s\u00e3o mais frequentes no inverno.<\/li>\n<li>Tenha aten\u00e7\u00e3o aos sintomas e ligue para o SNS 24 antes de se deslocar \u00e0s urg\u00eancias.<\/li>\n<li>Pode ainda usar a Triagem Digital no Portal e na App SNS 24.<\/li>\n<li>Conte\u00fado ligado a sa\u00fade divulgado em redes sociais, como #Sa\u00fade #SNS #Frio #SNS24.<\/li>\n<\/ul>\n","protected":false},"author":2,"featured_media":150041,"comment_status":"closed","ping_status":"closed","sticky":false,"template":"","format":"standard","meta":{"footnotes":""},"categories":[1],"tags":[1935,3305,2833,271,1775,1899],"class_list":["post-150023","post","type-post","status-publish","format-standard","has-post-thumbnail","hentry","category-noticias","tag-emergencias","tag-infeccao-respiratoria","tag-infeccoes","tag-saude-publica","tag-sns","tag-urgencias"],"yoast_head":"<!-- This site is optimized with the Yoast SEO plugin v27.2 - https:\/\/yoast.com\/product\/yoast-seo-wordpress\/ -->\n<title>Infec\u00e7\u00f5es respirat\u00f3rias aumentam no inverno; aten\u00e7\u00e3o aos sintomas - Portal Tela Portugal<\/title>\n<meta name=\"robots\" content=\"index, follow, max-snippet:-1, max-image-preview:large, max-video-preview:-1\" \/>\n<meta property=\"og:locale\" content=\"pt_PT\" \/>\n<meta property=\"og:type\" content=\"article\" \/>\n<meta property=\"og:title\" content=\"Infec\u00e7\u00f5es respirat\u00f3rias aumentam no inverno; aten\u00e7\u00e3o aos sintomas - Portal Tela Portugal\" \/>\n<meta property=\"og:description\" content=\"As infe\u00e7\u00f5es respirat\u00f3rias s\u00e3o mais frequentes no inverno. Tenha aten\u00e7\u00e3o aos sintomas e ligue para o SNS 24 antes de se deslocar \u00e0s urg\u00eancias. Pode ainda usar a Triagem Digital no Portal e na App SNS 24. Conte\u00fado ligado a sa\u00fade divulgado em redes sociais, como #Sa\u00fade #SNS #Frio #SNS24.\" \/>\n<meta property=\"og:url\" content=\"https:\/\/portaltela.pt\/noticias\/2026\/01\/18\/infeccoes-respiratorias-aumentam-no-inverno-atencao-aos-sintomas\/\" \/>\n<meta property=\"og:site_name\" content=\"Portal Tela Portugal\" \/>\n<meta property=\"article:published_time\" content=\"2026-01-18T12:00:16+00:00\" \/>\n<meta name=\"author\" content=\"Telinha\" \/>\n<meta name=\"twitter:card\" content=\"summary_large_image\" \/>\n<meta name=\"twitter:label1\" content=\"Escrito por\" \/>\n\t<meta name=\"twitter:data1\" content=\"Telinha\" \/>\n<script type=\"application\/ld+json\" class=\"yoast-schema-graph\">{\"@context\":\"https:\/\/schema.org\",\"@graph\":[{\"@type\":\"Article\",\"@id\":\"https:\/\/portaltela.pt\/noticias\/2026\/01\/18\/infeccoes-respiratorias-aumentam-no-inverno-atencao-aos-sintomas\/#article\",\"isPartOf\":{\"@id\":\"https:\/\/portaltela.pt\/noticias\/2026\/01\/18\/infeccoes-respiratorias-aumentam-no-inverno-atencao-aos-sintomas\/\"},\"author\":{\"name\":\"Telinha\",\"@id\":\"https:\/\/portaltela.pt\/#\/schema\/person\/c4278d4a6028830caff9ee44b42d32ed\"},\"headline\":\"Infec\u00e7\u00f5es respirat\u00f3rias aumentam no inverno; aten\u00e7\u00e3o aos sintomas\",\"datePublished\":\"2026-01-18T12:00:16+00:00\",\"mainEntityOfPage\":{\"@id\":\"https:\/\/portaltela.pt\/noticias\/2026\/01\/18\/infeccoes-respiratorias-aumentam-no-inverno-atencao-aos-sintomas\/\"},\"wordCount\":104,\"image\":{\"@id\":\"https:\/\/portaltela.pt\/noticias\/2026\/01\/18\/infeccoes-respiratorias-aumentam-no-inverno-atencao-aos-sintomas\/#primaryimage\"},\"thumbnailUrl\":\"https:\/\/portaltela.pt\/s.01k8rhncp4jt1\/2026\/01\/unnamed-file-3629.jpg\",\"keywords\":[\"emerg\u00eancias\",\"infec\u00e7\u00e3o respirat\u00f3ria\",\"infec\u00e7\u00f5es\",\"sa\u00fade p\u00fablica\",\"SNS\",\"urg\u00eancias\"],\"articleSection\":[\"Not\u00edcias\"],\"inLanguage\":\"pt-PT\"},{\"@type\":\"WebPage\",\"@id\":\"https:\/\/portaltela.pt\/noticias\/2026\/01\/18\/infeccoes-respiratorias-aumentam-no-inverno-atencao-aos-sintomas\/\",\"url\":\"https:\/\/portaltela.pt\/noticias\/2026\/01\/18\/infeccoes-respiratorias-aumentam-no-inverno-atencao-aos-sintomas\/\",\"name\":\"Infec\u00e7\u00f5es respirat\u00f3rias aumentam no inverno; aten\u00e7\u00e3o aos sintomas - Portal Tela Portugal\",\"isPartOf\":{\"@id\":\"https:\/\/portaltela.pt\/#website\"},\"primaryImageOfPage\":{\"@id\":\"https:\/\/portaltela.pt\/noticias\/2026\/01\/18\/infeccoes-respiratorias-aumentam-no-inverno-atencao-aos-sintomas\/#primaryimage\"},\"image\":{\"@id\":\"https:\/\/portaltela.pt\/noticias\/2026\/01\/18\/infeccoes-respiratorias-aumentam-no-inverno-atencao-aos-sintomas\/#primaryimage\"},\"thumbnailUrl\":\"https:\/\/portaltela.pt\/s.01k8rhncp4jt1\/2026\/01\/unnamed-file-3629.jpg\",\"datePublished\":\"2026-01-18T12:00:16+00:00\",\"author\":{\"@id\":\"https:\/\/portaltela.pt\/#\/schema\/person\/c4278d4a6028830caff9ee44b42d32ed\"},\"breadcrumb\":{\"@id\":\"https:\/\/portaltela.pt\/noticias\/2026\/01\/18\/infeccoes-respiratorias-aumentam-no-inverno-atencao-aos-sintomas\/#breadcrumb\"},\"inLanguage\":\"pt-PT\",\"potentialAction\":[{\"@type\":\"ReadAction\",\"target\":[\"https:\/\/portaltela.pt\/noticias\/2026\/01\/18\/infeccoes-respiratorias-aumentam-no-inverno-atencao-aos-sintomas\/\"]}]},{\"@type\":\"ImageObject\",\"inLanguage\":\"pt-PT\",\"@id\":\"https:\/\/portaltela.pt\/noticias\/2026\/01\/18\/infeccoes-respiratorias-aumentam-no-inverno-atencao-aos-sintomas\/#primaryimage\",\"url\":\"https:\/\/portaltela.pt\/s.01k8rhncp4jt1\/2026\/01\/unnamed-file-3629.jpg\",\"contentUrl\":\"https:\/\/portaltela.pt\/s.01k8rhncp4jt1\/2026\/01\/unnamed-file-3629.jpg\",\"width\":796,\"height\":448,\"caption\":\"As infe\u00e7\u00f5es respirat\u00f3rias s\u00e3o mais frequentes no inverno. Tenha aten\u00e7\u00e3o aos sint\u2026\"},{\"@type\":\"BreadcrumbList\",\"@id\":\"https:\/\/portaltela.pt\/noticias\/2026\/01\/18\/infeccoes-respiratorias-aumentam-no-inverno-atencao-aos-sintomas\/#breadcrumb\",\"itemListElement\":[{\"@type\":\"ListItem\",\"position\":1,\"name\":\"In\u00edcio\",\"item\":\"https:\/\/portaltela.pt\/\"},{\"@type\":\"ListItem\",\"position\":2,\"name\":\"Infec\u00e7\u00f5es respirat\u00f3rias aumentam no inverno; aten\u00e7\u00e3o aos sintomas\"}]},{\"@type\":\"WebSite\",\"@id\":\"https:\/\/portaltela.pt\/#website\",\"url\":\"https:\/\/portaltela.pt\/\",\"name\":\"Portal Tela Portugal\",\"description\":\"\",\"potentialAction\":[{\"@type\":\"SearchAction\",\"target\":{\"@type\":\"EntryPoint\",\"urlTemplate\":\"https:\/\/portaltela.pt\/?s={search_term_string}\"},\"query-input\":{\"@type\":\"PropertyValueSpecification\",\"valueRequired\":true,\"valueName\":\"search_term_string\"}}],\"inLanguage\":\"pt-PT\"},{\"@type\":\"Person\",\"@id\":\"https:\/\/portaltela.pt\/#\/schema\/person\/c4278d4a6028830caff9ee44b42d32ed\",\"name\":\"Telinha\",\"image\":{\"@type\":\"ImageObject\",\"inLanguage\":\"pt-PT\",\"@id\":\"https:\/\/portaltela.pt\/s.01k8rhncp4jt1\/2025\/11\/talking-bot-125x125.png\",\"url\":\"https:\/\/portaltela.pt\/s.01k8rhncp4jt1\/2025\/11\/talking-bot-125x125.png\",\"contentUrl\":\"https:\/\/portaltela.pt\/s.01k8rhncp4jt1\/2025\/11\/talking-bot-125x125.png\",\"caption\":\"Telinha\"},\"sameAs\":[\"https:\/\/portaltela.pt\/\"],\"url\":\"https:\/\/portaltela.pt\/por\/367410592786\/\"}]}<\/script>\n<!-- \/ Yoast SEO plugin. -->","yoast_head_json":{"title":"Infec\u00e7\u00f5es respirat\u00f3rias aumentam no inverno; aten\u00e7\u00e3o aos sintomas - Portal Tela Portugal","robots":{"index":"index","follow":"follow","max-snippet":"max-snippet:-1","max-image-preview":"max-image-preview:large","max-video-preview":"max-video-preview:-1"},"og_locale":"pt_PT","og_type":"article","og_title":"Infec\u00e7\u00f5es respirat\u00f3rias aumentam no inverno; aten\u00e7\u00e3o aos sintomas - Portal Tela Portugal","og_description":"As infe\u00e7\u00f5es respirat\u00f3rias s\u00e3o mais frequentes no inverno. Tenha aten\u00e7\u00e3o aos sintomas e ligue para o SNS 24 antes de se deslocar \u00e0s urg\u00eancias. Pode ainda usar a Triagem Digital no Portal e na App SNS 24. Conte\u00fado ligado a sa\u00fade divulgado em redes sociais, como #Sa\u00fade #SNS #Frio #SNS24.","og_url":"https:\/\/portaltela.pt\/noticias\/2026\/01\/18\/infeccoes-respiratorias-aumentam-no-inverno-atencao-aos-sintomas\/","og_site_name":"Portal Tela Portugal","article_published_time":"2026-01-18T12:00:16+00:00","author":"Telinha","twitter_card":"summary_large_image","twitter_misc":{"Escrito por":"Telinha"},"schema":{"@context":"https:\/\/schema.org","@graph":[{"@type":"Article","@id":"https:\/\/portaltela.pt\/noticias\/2026\/01\/18\/infeccoes-respiratorias-aumentam-no-inverno-atencao-aos-sintomas\/#article","isPartOf":{"@id":"https:\/\/portaltela.pt\/noticias\/2026\/01\/18\/infeccoes-respiratorias-aumentam-no-inverno-atencao-aos-sintomas\/"},"author":{"name":"Telinha","@id":"https:\/\/portaltela.pt\/#\/schema\/person\/c4278d4a6028830caff9ee44b42d32ed"},"headline":"Infec\u00e7\u00f5es respirat\u00f3rias aumentam no inverno; aten\u00e7\u00e3o aos sintomas","datePublished":"2026-01-18T12:00:16+00:00","mainEntityOfPage":{"@id":"https:\/\/portaltela.pt\/noticias\/2026\/01\/18\/infeccoes-respiratorias-aumentam-no-inverno-atencao-aos-sintomas\/"},"wordCount":104,"image":{"@id":"https:\/\/portaltela.pt\/noticias\/2026\/01\/18\/infeccoes-respiratorias-aumentam-no-inverno-atencao-aos-sintomas\/#primaryimage"},"thumbnailUrl":"https:\/\/portaltela.pt\/s.01k8rhncp4jt1\/2026\/01\/unnamed-file-3629.jpg","keywords":["emerg\u00eancias","infec\u00e7\u00e3o respirat\u00f3ria","infec\u00e7\u00f5es","sa\u00fade p\u00fablica","SNS","urg\u00eancias"],"articleSection":["Not\u00edcias"],"inLanguage":"pt-PT"},{"@type":"WebPage","@id":"https:\/\/portaltela.pt\/noticias\/2026\/01\/18\/infeccoes-respiratorias-aumentam-no-inverno-atencao-aos-sintomas\/","url":"https:\/\/portaltela.pt\/noticias\/2026\/01\/18\/infeccoes-respiratorias-aumentam-no-inverno-atencao-aos-sintomas\/","name":"Infec\u00e7\u00f5es respirat\u00f3rias aumentam no inverno; aten\u00e7\u00e3o aos sintomas - Portal Tela Portugal","isPartOf":{"@id":"https:\/\/portaltela.pt\/#website"},"primaryImageOfPage":{"@id":"https:\/\/portaltela.pt\/noticias\/2026\/01\/18\/infeccoes-respiratorias-aumentam-no-inverno-atencao-aos-sintomas\/#primaryimage"},"image":{"@id":"https:\/\/portaltela.pt\/noticias\/2026\/01\/18\/infeccoes-respiratorias-aumentam-no-inverno-atencao-aos-sintomas\/#primaryimage"},"thumbnailUrl":"https:\/\/portaltela.pt\/s.01k8rhncp4jt1\/2026\/01\/unnamed-file-3629.jpg","datePublished":"2026-01-18T12:00:16+00:00","author":{"@id":"https:\/\/portaltela.pt\/#\/schema\/person\/c4278d4a6028830caff9ee44b42d32ed"},"breadcrumb":{"@id":"https:\/\/portaltela.pt\/noticias\/2026\/01\/18\/infeccoes-respiratorias-aumentam-no-inverno-atencao-aos-sintomas\/#breadcrumb"},"inLanguage":"pt-PT","potentialAction":[{"@type":"ReadAction","target":["https:\/\/portaltela.pt\/noticias\/2026\/01\/18\/infeccoes-respiratorias-aumentam-no-inverno-atencao-aos-sintomas\/"]}]},{"@type":"ImageObject","inLanguage":"pt-PT","@id":"https:\/\/portaltela.pt\/noticias\/2026\/01\/18\/infeccoes-respiratorias-aumentam-no-inverno-atencao-aos-sintomas\/#primaryimage","url":"https:\/\/portaltela.pt\/s.01k8rhncp4jt1\/2026\/01\/unnamed-file-3629.jpg","contentUrl":"https:\/\/portaltela.pt\/s.01k8rhncp4jt1\/2026\/01\/unnamed-file-3629.jpg","width":796,"height":448,"caption":"As infe\u00e7\u00f5es respirat\u00f3rias s\u00e3o mais frequentes no inverno. Tenha aten\u00e7\u00e3o aos sint\u2026"},{"@type":"BreadcrumbList","@id":"https:\/\/portaltela.pt\/noticias\/2026\/01\/18\/infeccoes-respiratorias-aumentam-no-inverno-atencao-aos-sintomas\/#breadcrumb","itemListElement":[{"@type":"ListItem","position":1,"name":"In\u00edcio","item":"https:\/\/portaltela.pt\/"},{"@type":"ListItem","position":2,"name":"Infec\u00e7\u00f5es respirat\u00f3rias aumentam no inverno; aten\u00e7\u00e3o aos sintomas"}]},{"@type":"WebSite","@id":"https:\/\/portaltela.pt\/#website","url":"https:\/\/portaltela.pt\/","name":"Portal Tela Portugal","description":"","potentialAction":[{"@type":"SearchAction","target":{"@type":"EntryPoint","urlTemplate":"https:\/\/portaltela.pt\/?s={search_term_string}"},"query-input":{"@type":"PropertyValueSpecification","valueRequired":true,"valueName":"search_term_string"}}],"inLanguage":"pt-PT"},{"@type":"Person","@id":"https:\/\/portaltela.pt\/#\/schema\/person\/c4278d4a6028830caff9ee44b42d32ed","name":"Telinha","image":{"@type":"ImageObject","inLanguage":"pt-PT","@id":"https:\/\/portaltela.pt\/s.01k8rhncp4jt1\/2025\/11\/talking-bot-125x125.png","url":"https:\/\/portaltela.pt\/s.01k8rhncp4jt1\/2025\/11\/talking-bot-125x125.png","contentUrl":"https:\/\/portaltela.pt\/s.01k8rhncp4jt1\/2025\/11\/talking-bot-125x125.png","caption":"Telinha"},"sameAs":["https:\/\/portaltela.pt\/"],"url":"https:\/\/portaltela.pt\/por\/367410592786\/"}]}},"_links":{"self":[{"href":"https:\/\/portaltela.pt\/api\/wp\/v2\/posts\/150023","targetHints":{"allow":["GET"]}}],"collection":[{"href":"https:\/\/portaltela.pt\/api\/wp\/v2\/posts"}],"about":[{"href":"https:\/\/portaltela.pt\/api\/wp\/v2\/types\/post"}],"author":[{"embeddable":true,"href":"https:\/\/portaltela.pt\/api\/wp\/v2\/users\/2"}],"replies":[{"embeddable":true,"href":"https:\/\/portaltela.pt\/api\/wp\/v2\/comments?post=150023"}],"version-history":[{"count":0,"href":"https:\/\/portaltela.pt\/api\/wp\/v2\/posts\/150023\/revisions"}],"wp:featuredmedia":[{"embeddable":true,"href":"https:\/\/portaltela.pt\/api\/wp\/v2\/media\/150041"}],"wp:attachment":[{"href":"https:\/\/portaltela.pt\/api\/wp\/v2\/media?parent=150023"}],"wp:term":[{"taxonomy":"category","embeddable":true,"href":"https:\/\/portaltela.pt\/api\/wp\/v2\/categories?post=150023"},{"taxonomy":"post_tag","embeddable":true,"href":"https:\/\/portaltela.pt\/api\/wp\/v2\/tags?post=150023"}],"curies":[{"name":"wp","href":"https:\/\/api.w.org\/{rel}","templated":true}]}}