{"id":149985,"date":"2026-01-18T09:36:58","date_gmt":"2026-01-18T12:36:58","guid":{"rendered":"https:\/\/portaltela.pt\/noticias\/2026\/01\/18\/influenciadora-portuguesa-perseguida-tem-o-stalker-condenado\/"},"modified":"2026-01-18T09:36:58","modified_gmt":"2026-01-18T12:36:58","slug":"influenciadora-portuguesa-perseguida-tem-o-stalker-condenado","status":"publish","type":"post","link":"https:\/\/portaltela.pt\/noticias\/2026\/01\/18\/influenciadora-portuguesa-perseguida-tem-o-stalker-condenado\/","title":{"rendered":"Influenciadora portuguesa perseguida tem o stalker condenado"},"content":{"rendered":"<p>Carmen Garcia, conhecida nas redes como <strong>A M\u00e3e Imperfeita<\/strong>, viu o pesadelo come\u00e7ar ap\u00f3s defender a eutan\u00e1sia num debate televisivo em 2022. A persegui\u00e7\u00e3o teve in\u00edcio com amea\u00e7as dirigidas \u00e0 enfermeira e m\u00e3e de tr\u00eas filhos, crescentes e sem liga\u00e7\u00e3o pr\u00e9via com a stalker.<\/p>\n<p>Ao longo de meses, a criadora recebeu milhar de mensagens intimidat\u00f3rias e ataques que obrigaram a cancelar apresenta\u00e7\u00f5es. Mesmo ap\u00f3s bloqueios online, a perseguidora enviava e-mails para locais de trabalho de Garcia, levando a medidas de seguran\u00e7a adicionais.<\/p>\n<p>A fam\u00edlia manteve-se em estado de alerta e recorreu \u00e0s autoridades para refor\u00e7ar a prote\u00e7\u00e3o na escola dos filhos e ativar dispositivos de p\u00e2nico. Garcia descreveu o per\u00edodo como um \u201cinferno\u201d vivido em v\u00e1rias frentes.<\/p>\n<h3>Julgamento e condena\u00e7\u00e3o<\/h3>\n<p>O Minist\u00e9rio P\u00fablico entendeu a exist\u00eancia de crime de persegui\u00e7\u00e3o agravada, ap\u00f3s a avalia\u00e7\u00e3o do caso que correu em tribunal em dezembro. A acusada foi condenada a <strong>duas anos e quatro meses de pris\u00e3o<\/strong>. A advogada de Garcia justificou a mudan\u00e7a de enquadramento para persegui\u00e7\u00e3o agravada no decorrer do processo.<\/p>\n<p>A influenciadora, com mais de 100 mil seguidores no Instagram e 188 mil no Facebook, j\u00e1 tinha sido candidata \u00e0 Assembleia Municipal de Vendas Novas pela coliga\u00e7\u00e3o PSD\/CDS. A not\u00edcia refor\u00e7a a necessidade de prote\u00e7\u00e3o a a quem denuncia amea\u00e7as online que se prolongam no mundo real.<\/p>\n<p>As autoridades portuguesas n\u00e3o divulgaram mais detalhes sobre a identidade da condenada nem sobre poss\u00edveis recursos, mantendo o foco na decis\u00e3o judicial e no impacto na vida de Garcia e da sua fam\u00edlia.<\/p>\n","protected":false},"excerpt":{"rendered":"<ul>\n<li>Carmen Garcia, criadora portuguesa conhecida como &#8216;A M\u00e3e Imperfeita&#8217;, foi alvo de persegui\u00e7\u00e3o e amea\u00e7as durante meses, que se estenderam \u00e0 fam\u00edlia, ap\u00f3s defender a eutan\u00e1sia num debate na SIC em 2022.<\/li>\n<li>A agressora, uma mulher do Seixal, enviou milhares de mensagens e e-mails para os locais de trabalho de Carmen, levando a medidas de seguran\u00e7a na escola dos filhos e ao uso de bot\u00f5es de p\u00e2nico.<\/li>\n<li>A persegui\u00e7\u00e3o obrigou Carmen a cancelar apresenta\u00e7\u00f5es e a recorrer \u00e0s autoridades para refor\u00e7ar a prote\u00e7\u00e3o da fam\u00edlia.<\/li>\n<li>O Minist\u00e9rio P\u00fablico considerou crime de persegui\u00e7\u00e3o agravada; o julgamento em dezembro resultou numa senten\u00e7a de dois anos e quatro meses de pris\u00e3o para a aggressora.<\/li>\n<li>Carmen Garcia tem mais de cem mil seguidores no Instagram e 188 mil no Facebook, tendo j\u00e1 sido candidata \u00e0 Assembleia Municipal de Vendas Novas pela coliga\u00e7\u00e3o PSD\/CDS.<\/li>\n<\/ul>\n","protected":false},"author":2,"featured_media":149992,"comment_status":"closed","ping_status":"closed","sticky":false,"template":"","format":"standard","meta":{"footnotes":""},"categories":[1],"tags":[147,217,3378,2882,1802,1014],"class_list":["post-149985","post","type-post","status-publish","format-standard","has-post-thumbnail","hentry","category-noticias","tag-crime","tag-investigacao-criminal","tag-perseguicao-agravada","tag-perseguicoes","tag-policia-judiciaria","tag-portugal"],"yoast_head":"<!-- This site is optimized with the Yoast SEO plugin v27.2 - https:\/\/yoast.com\/product\/yoast-seo-wordpress\/ -->\n<title>Influenciadora portuguesa perseguida tem o stalker condenado - Portal Tela Portugal<\/title>\n<meta name=\"robots\" content=\"index, follow, max-snippet:-1, max-image-preview:large, max-video-preview:-1\" \/>\n<meta property=\"og:locale\" content=\"pt_PT\" \/>\n<meta property=\"og:type\" content=\"article\" \/>\n<meta property=\"og:title\" content=\"Influenciadora portuguesa perseguida tem o stalker condenado - Portal Tela Portugal\" \/>\n<meta property=\"og:description\" content=\"Carmen Garcia, criadora portuguesa conhecida como &#039;A M\u00e3e Imperfeita&#039;, foi alvo de persegui\u00e7\u00e3o e amea\u00e7as durante meses, que se estenderam \u00e0 fam\u00edlia, ap\u00f3s defender a eutan\u00e1sia num debate na SIC em 2022. A agressora, uma mulher do Seixal, enviou milhares de mensagens e e-mails para os locais de trabalho de Carmen, levando a medidas de seguran\u00e7a na escola dos filhos e ao uso de bot\u00f5es de p\u00e2nico. A persegui\u00e7\u00e3o obrigou Carmen a cancelar apresenta\u00e7\u00f5es e a recorrer \u00e0s autoridades para refor\u00e7ar a prote\u00e7\u00e3o da fam\u00edlia. O Minist\u00e9rio P\u00fablico considerou crime de persegui\u00e7\u00e3o agravada; o julgamento em dezembro resultou numa senten\u00e7a de dois anos e quatro meses de pris\u00e3o para a aggressora. Carmen Garcia tem mais de cem mil seguidores no Instagram e 188 mil no Facebook, tendo j\u00e1 sido candidata \u00e0 Assembleia Municipal de Vendas Novas pela coliga\u00e7\u00e3o PSD\/CDS.\" \/>\n<meta property=\"og:url\" content=\"https:\/\/portaltela.pt\/noticias\/2026\/01\/18\/influenciadora-portuguesa-perseguida-tem-o-stalker-condenado\/\" \/>\n<meta property=\"og:site_name\" content=\"Portal Tela Portugal\" \/>\n<meta property=\"article:published_time\" content=\"2026-01-18T12:36:58+00:00\" \/>\n<meta name=\"author\" content=\"Telinha\" \/>\n<meta name=\"twitter:card\" content=\"summary_large_image\" \/>\n<meta name=\"twitter:label1\" content=\"Escrito por\" \/>\n\t<meta name=\"twitter:data1\" content=\"Telinha\" \/>\n\t<meta name=\"twitter:label2\" content=\"Tempo estimado de leitura\" \/>\n\t<meta name=\"twitter:data2\" content=\"1 minuto\" \/>\n<script type=\"application\/ld+json\" class=\"yoast-schema-graph\">{\"@context\":\"https:\/\/schema.org\",\"@graph\":[{\"@type\":\"Article\",\"@id\":\"https:\/\/portaltela.pt\/noticias\/2026\/01\/18\/influenciadora-portuguesa-perseguida-tem-o-stalker-condenado\/#article\",\"isPartOf\":{\"@id\":\"https:\/\/portaltela.pt\/noticias\/2026\/01\/18\/influenciadora-portuguesa-perseguida-tem-o-stalker-condenado\/\"},\"author\":{\"name\":\"Telinha\",\"@id\":\"https:\/\/portaltela.pt\/#\/schema\/person\/c4278d4a6028830caff9ee44b42d32ed\"},\"headline\":\"Influenciadora portuguesa perseguida tem o stalker condenado\",\"datePublished\":\"2026-01-18T12:36:58+00:00\",\"mainEntityOfPage\":{\"@id\":\"https:\/\/portaltela.pt\/noticias\/2026\/01\/18\/influenciadora-portuguesa-perseguida-tem-o-stalker-condenado\/\"},\"wordCount\":293,\"image\":{\"@id\":\"https:\/\/portaltela.pt\/noticias\/2026\/01\/18\/influenciadora-portuguesa-perseguida-tem-o-stalker-condenado\/#primaryimage\"},\"thumbnailUrl\":\"https:\/\/portaltela.pt\/s.01k8rhncp4jt1\/2026\/01\/img_1280x718uu2022-10-27-10-28-34-1195255.jpg\",\"keywords\":[\"crime\",\"investiga\u00e7\u00e3o criminal\",\"persegui\u00e7\u00e3o agravada\",\"persegui\u00e7\u00f5es\",\"Pol\u00edcia Judici\u00e1ria\",\"Portugal\"],\"articleSection\":[\"Not\u00edcias\"],\"inLanguage\":\"pt-PT\"},{\"@type\":\"WebPage\",\"@id\":\"https:\/\/portaltela.pt\/noticias\/2026\/01\/18\/influenciadora-portuguesa-perseguida-tem-o-stalker-condenado\/\",\"url\":\"https:\/\/portaltela.pt\/noticias\/2026\/01\/18\/influenciadora-portuguesa-perseguida-tem-o-stalker-condenado\/\",\"name\":\"Influenciadora portuguesa perseguida tem o stalker condenado - Portal Tela Portugal\",\"isPartOf\":{\"@id\":\"https:\/\/portaltela.pt\/#website\"},\"primaryImageOfPage\":{\"@id\":\"https:\/\/portaltela.pt\/noticias\/2026\/01\/18\/influenciadora-portuguesa-perseguida-tem-o-stalker-condenado\/#primaryimage\"},\"image\":{\"@id\":\"https:\/\/portaltela.pt\/noticias\/2026\/01\/18\/influenciadora-portuguesa-perseguida-tem-o-stalker-condenado\/#primaryimage\"},\"thumbnailUrl\":\"https:\/\/portaltela.pt\/s.01k8rhncp4jt1\/2026\/01\/img_1280x718uu2022-10-27-10-28-34-1195255.jpg\",\"datePublished\":\"2026-01-18T12:36:58+00:00\",\"author\":{\"@id\":\"https:\/\/portaltela.pt\/#\/schema\/person\/c4278d4a6028830caff9ee44b42d32ed\"},\"breadcrumb\":{\"@id\":\"https:\/\/portaltela.pt\/noticias\/2026\/01\/18\/influenciadora-portuguesa-perseguida-tem-o-stalker-condenado\/#breadcrumb\"},\"inLanguage\":\"pt-PT\",\"potentialAction\":[{\"@type\":\"ReadAction\",\"target\":[\"https:\/\/portaltela.pt\/noticias\/2026\/01\/18\/influenciadora-portuguesa-perseguida-tem-o-stalker-condenado\/\"]}]},{\"@type\":\"ImageObject\",\"inLanguage\":\"pt-PT\",\"@id\":\"https:\/\/portaltela.pt\/noticias\/2026\/01\/18\/influenciadora-portuguesa-perseguida-tem-o-stalker-condenado\/#primaryimage\",\"url\":\"https:\/\/portaltela.pt\/s.01k8rhncp4jt1\/2026\/01\/img_1280x718uu2022-10-27-10-28-34-1195255.jpg\",\"contentUrl\":\"https:\/\/portaltela.pt\/s.01k8rhncp4jt1\/2026\/01\/img_1280x718uu2022-10-27-10-28-34-1195255.jpg\",\"width\":796,\"height\":448,\"caption\":\"Carmen Garcia\"},{\"@type\":\"BreadcrumbList\",\"@id\":\"https:\/\/portaltela.pt\/noticias\/2026\/01\/18\/influenciadora-portuguesa-perseguida-tem-o-stalker-condenado\/#breadcrumb\",\"itemListElement\":[{\"@type\":\"ListItem\",\"position\":1,\"name\":\"In\u00edcio\",\"item\":\"https:\/\/portaltela.pt\/\"},{\"@type\":\"ListItem\",\"position\":2,\"name\":\"Influenciadora portuguesa perseguida tem o stalker condenado\"}]},{\"@type\":\"WebSite\",\"@id\":\"https:\/\/portaltela.pt\/#website\",\"url\":\"https:\/\/portaltela.pt\/\",\"name\":\"Portal Tela Portugal\",\"description\":\"\",\"potentialAction\":[{\"@type\":\"SearchAction\",\"target\":{\"@type\":\"EntryPoint\",\"urlTemplate\":\"https:\/\/portaltela.pt\/?s={search_term_string}\"},\"query-input\":{\"@type\":\"PropertyValueSpecification\",\"valueRequired\":true,\"valueName\":\"search_term_string\"}}],\"inLanguage\":\"pt-PT\"},{\"@type\":\"Person\",\"@id\":\"https:\/\/portaltela.pt\/#\/schema\/person\/c4278d4a6028830caff9ee44b42d32ed\",\"name\":\"Telinha\",\"image\":{\"@type\":\"ImageObject\",\"inLanguage\":\"pt-PT\",\"@id\":\"https:\/\/portaltela.pt\/s.01k8rhncp4jt1\/2025\/11\/talking-bot-125x125.png\",\"url\":\"https:\/\/portaltela.pt\/s.01k8rhncp4jt1\/2025\/11\/talking-bot-125x125.png\",\"contentUrl\":\"https:\/\/portaltela.pt\/s.01k8rhncp4jt1\/2025\/11\/talking-bot-125x125.png\",\"caption\":\"Telinha\"},\"sameAs\":[\"https:\/\/portaltela.pt\/\"],\"url\":\"https:\/\/portaltela.pt\/por\/367410592786\/\"}]}<\/script>\n<!-- \/ Yoast SEO plugin. -->","yoast_head_json":{"title":"Influenciadora portuguesa perseguida tem o stalker condenado - Portal Tela Portugal","robots":{"index":"index","follow":"follow","max-snippet":"max-snippet:-1","max-image-preview":"max-image-preview:large","max-video-preview":"max-video-preview:-1"},"og_locale":"pt_PT","og_type":"article","og_title":"Influenciadora portuguesa perseguida tem o stalker condenado - Portal Tela Portugal","og_description":"Carmen Garcia, criadora portuguesa conhecida como 'A M\u00e3e Imperfeita', foi alvo de persegui\u00e7\u00e3o e amea\u00e7as durante meses, que se estenderam \u00e0 fam\u00edlia, ap\u00f3s defender a eutan\u00e1sia num debate na SIC em 2022. A agressora, uma mulher do Seixal, enviou milhares de mensagens e e-mails para os locais de trabalho de Carmen, levando a medidas de seguran\u00e7a na escola dos filhos e ao uso de bot\u00f5es de p\u00e2nico. A persegui\u00e7\u00e3o obrigou Carmen a cancelar apresenta\u00e7\u00f5es e a recorrer \u00e0s autoridades para refor\u00e7ar a prote\u00e7\u00e3o da fam\u00edlia. O Minist\u00e9rio P\u00fablico considerou crime de persegui\u00e7\u00e3o agravada; o julgamento em dezembro resultou numa senten\u00e7a de dois anos e quatro meses de pris\u00e3o para a aggressora. Carmen Garcia tem mais de cem mil seguidores no Instagram e 188 mil no Facebook, tendo j\u00e1 sido candidata \u00e0 Assembleia Municipal de Vendas Novas pela coliga\u00e7\u00e3o PSD\/CDS.","og_url":"https:\/\/portaltela.pt\/noticias\/2026\/01\/18\/influenciadora-portuguesa-perseguida-tem-o-stalker-condenado\/","og_site_name":"Portal Tela Portugal","article_published_time":"2026-01-18T12:36:58+00:00","author":"Telinha","twitter_card":"summary_large_image","twitter_misc":{"Escrito por":"Telinha","Tempo estimado de leitura":"1 minuto"},"schema":{"@context":"https:\/\/schema.org","@graph":[{"@type":"Article","@id":"https:\/\/portaltela.pt\/noticias\/2026\/01\/18\/influenciadora-portuguesa-perseguida-tem-o-stalker-condenado\/#article","isPartOf":{"@id":"https:\/\/portaltela.pt\/noticias\/2026\/01\/18\/influenciadora-portuguesa-perseguida-tem-o-stalker-condenado\/"},"author":{"name":"Telinha","@id":"https:\/\/portaltela.pt\/#\/schema\/person\/c4278d4a6028830caff9ee44b42d32ed"},"headline":"Influenciadora portuguesa perseguida tem o stalker condenado","datePublished":"2026-01-18T12:36:58+00:00","mainEntityOfPage":{"@id":"https:\/\/portaltela.pt\/noticias\/2026\/01\/18\/influenciadora-portuguesa-perseguida-tem-o-stalker-condenado\/"},"wordCount":293,"image":{"@id":"https:\/\/portaltela.pt\/noticias\/2026\/01\/18\/influenciadora-portuguesa-perseguida-tem-o-stalker-condenado\/#primaryimage"},"thumbnailUrl":"https:\/\/portaltela.pt\/s.01k8rhncp4jt1\/2026\/01\/img_1280x718uu2022-10-27-10-28-34-1195255.jpg","keywords":["crime","investiga\u00e7\u00e3o criminal","persegui\u00e7\u00e3o agravada","persegui\u00e7\u00f5es","Pol\u00edcia Judici\u00e1ria","Portugal"],"articleSection":["Not\u00edcias"],"inLanguage":"pt-PT"},{"@type":"WebPage","@id":"https:\/\/portaltela.pt\/noticias\/2026\/01\/18\/influenciadora-portuguesa-perseguida-tem-o-stalker-condenado\/","url":"https:\/\/portaltela.pt\/noticias\/2026\/01\/18\/influenciadora-portuguesa-perseguida-tem-o-stalker-condenado\/","name":"Influenciadora portuguesa perseguida tem o stalker condenado - Portal Tela Portugal","isPartOf":{"@id":"https:\/\/portaltela.pt\/#website"},"primaryImageOfPage":{"@id":"https:\/\/portaltela.pt\/noticias\/2026\/01\/18\/influenciadora-portuguesa-perseguida-tem-o-stalker-condenado\/#primaryimage"},"image":{"@id":"https:\/\/portaltela.pt\/noticias\/2026\/01\/18\/influenciadora-portuguesa-perseguida-tem-o-stalker-condenado\/#primaryimage"},"thumbnailUrl":"https:\/\/portaltela.pt\/s.01k8rhncp4jt1\/2026\/01\/img_1280x718uu2022-10-27-10-28-34-1195255.jpg","datePublished":"2026-01-18T12:36:58+00:00","author":{"@id":"https:\/\/portaltela.pt\/#\/schema\/person\/c4278d4a6028830caff9ee44b42d32ed"},"breadcrumb":{"@id":"https:\/\/portaltela.pt\/noticias\/2026\/01\/18\/influenciadora-portuguesa-perseguida-tem-o-stalker-condenado\/#breadcrumb"},"inLanguage":"pt-PT","potentialAction":[{"@type":"ReadAction","target":["https:\/\/portaltela.pt\/noticias\/2026\/01\/18\/influenciadora-portuguesa-perseguida-tem-o-stalker-condenado\/"]}]},{"@type":"ImageObject","inLanguage":"pt-PT","@id":"https:\/\/portaltela.pt\/noticias\/2026\/01\/18\/influenciadora-portuguesa-perseguida-tem-o-stalker-condenado\/#primaryimage","url":"https:\/\/portaltela.pt\/s.01k8rhncp4jt1\/2026\/01\/img_1280x718uu2022-10-27-10-28-34-1195255.jpg","contentUrl":"https:\/\/portaltela.pt\/s.01k8rhncp4jt1\/2026\/01\/img_1280x718uu2022-10-27-10-28-34-1195255.jpg","width":796,"height":448,"caption":"Carmen Garcia"},{"@type":"BreadcrumbList","@id":"https:\/\/portaltela.pt\/noticias\/2026\/01\/18\/influenciadora-portuguesa-perseguida-tem-o-stalker-condenado\/#breadcrumb","itemListElement":[{"@type":"ListItem","position":1,"name":"In\u00edcio","item":"https:\/\/portaltela.pt\/"},{"@type":"ListItem","position":2,"name":"Influenciadora portuguesa perseguida tem o stalker condenado"}]},{"@type":"WebSite","@id":"https:\/\/portaltela.pt\/#website","url":"https:\/\/portaltela.pt\/","name":"Portal Tela Portugal","description":"","potentialAction":[{"@type":"SearchAction","target":{"@type":"EntryPoint","urlTemplate":"https:\/\/portaltela.pt\/?s={search_term_string}"},"query-input":{"@type":"PropertyValueSpecification","valueRequired":true,"valueName":"search_term_string"}}],"inLanguage":"pt-PT"},{"@type":"Person","@id":"https:\/\/portaltela.pt\/#\/schema\/person\/c4278d4a6028830caff9ee44b42d32ed","name":"Telinha","image":{"@type":"ImageObject","inLanguage":"pt-PT","@id":"https:\/\/portaltela.pt\/s.01k8rhncp4jt1\/2025\/11\/talking-bot-125x125.png","url":"https:\/\/portaltela.pt\/s.01k8rhncp4jt1\/2025\/11\/talking-bot-125x125.png","contentUrl":"https:\/\/portaltela.pt\/s.01k8rhncp4jt1\/2025\/11\/talking-bot-125x125.png","caption":"Telinha"},"sameAs":["https:\/\/portaltela.pt\/"],"url":"https:\/\/portaltela.pt\/por\/367410592786\/"}]}},"_links":{"self":[{"href":"https:\/\/portaltela.pt\/api\/wp\/v2\/posts\/149985","targetHints":{"allow":["GET"]}}],"collection":[{"href":"https:\/\/portaltela.pt\/api\/wp\/v2\/posts"}],"about":[{"href":"https:\/\/portaltela.pt\/api\/wp\/v2\/types\/post"}],"author":[{"embeddable":true,"href":"https:\/\/portaltela.pt\/api\/wp\/v2\/users\/2"}],"replies":[{"embeddable":true,"href":"https:\/\/portaltela.pt\/api\/wp\/v2\/comments?post=149985"}],"version-history":[{"count":0,"href":"https:\/\/portaltela.pt\/api\/wp\/v2\/posts\/149985\/revisions"}],"wp:featuredmedia":[{"embeddable":true,"href":"https:\/\/portaltela.pt\/api\/wp\/v2\/media\/149992"}],"wp:attachment":[{"href":"https:\/\/portaltela.pt\/api\/wp\/v2\/media?parent=149985"}],"wp:term":[{"taxonomy":"category","embeddable":true,"href":"https:\/\/portaltela.pt\/api\/wp\/v2\/categories?post=149985"},{"taxonomy":"post_tag","embeddable":true,"href":"https:\/\/portaltela.pt\/api\/wp\/v2\/tags?post=149985"}],"curies":[{"name":"wp","href":"https:\/\/api.w.org\/{rel}","templated":true}]}}