{"id":149937,"date":"2026-01-18T08:56:50","date_gmt":"2026-01-18T11:56:50","guid":{"rendered":"https:\/\/portaltela.pt\/noticias\/2026\/01\/18\/madeira-sad-a-uma-hora-do-inicio-da-partida\/"},"modified":"2026-01-18T08:56:50","modified_gmt":"2026-01-18T11:56:50","slug":"madeira-sad-a-uma-hora-do-inicio-da-partida","status":"publish","type":"post","link":"https:\/\/portaltela.pt\/desporto\/2026\/01\/18\/madeira-sad-a-uma-hora-do-inicio-da-partida\/","title":{"rendered":"Madeira SAD a uma hora do in\u00edcio da partida"},"content":{"rendered":"<p>O Madeira Andebol SAD j\u00e1 se encontra no pavil\u00e3o Mirka 3, onde disputa a primeira m\u00e3o dos oitavos de final da EHF European Cup frente ao PAOK. O jogo est\u00e1 marcado para as 15h locais (13h na Regi\u00e3o).<\/p>\n<p>A equipa madeirense segue preparada para enfrentar o clube grego no recinto da Madeira. Trata-se da primeira m\u00e3o da eliminat\u00f3ria, com os dois clubes a lutar pela passagem aos quartos de final.<\/p>\n<p>A expectativa recai sobre a capacidade de o Madeira SAD aproveitar o fator casa e impor o seu ritmo ao PAOK, em jogo de alto grau de dificuldade e import\u00e2ncia para a temporada europeia do clube.<\/p>\n","protected":false},"excerpt":{"rendered":"<ul>\n<li>A equipa Madeira Andebol SAD j\u00e1 se encontra no pavilh\u00e3o Mirka 3.<\/li>\n<li>A partida est\u00e1 marcada para as 15h, hor\u00e1rio local, 13h na regi\u00e3o.<\/li>\n<li>O advers\u00e1rio \u00e9 o PAOK.<\/li>\n<li>Trata-se da primeira m\u00e3o dos oitavos de final da EHF European Cup.<\/li>\n<\/ul>\n","protected":false},"author":2,"featured_media":149941,"comment_status":"closed","ping_status":"closed","sticky":false,"template":"","format":"standard","meta":{"footnotes":""},"categories":[21],"tags":[180,152,2487,859,3011],"class_list":["post-149937","post","type-post","status-publish","format-standard","has-post-thumbnail","hentry","category-desporto","tag-andebol","tag-desporto","tag-europa","tag-madeira","tag-madeira-sad"],"yoast_head":"<!-- This site is optimized with the Yoast SEO plugin v27.2 - https:\/\/yoast.com\/product\/yoast-seo-wordpress\/ -->\n<title>Madeira SAD a uma hora do in\u00edcio da partida - Portal Tela Portugal<\/title>\n<meta name=\"robots\" content=\"index, follow, max-snippet:-1, max-image-preview:large, max-video-preview:-1\" \/>\n<meta property=\"og:locale\" content=\"pt_PT\" \/>\n<meta property=\"og:type\" content=\"article\" \/>\n<meta property=\"og:title\" content=\"Madeira SAD a uma hora do in\u00edcio da partida - Portal Tela Portugal\" \/>\n<meta property=\"og:description\" content=\"A equipa Madeira Andebol SAD j\u00e1 se encontra no pavilh\u00e3o Mirka 3. A partida est\u00e1 marcada para as 15h, hor\u00e1rio local, 13h na regi\u00e3o. O advers\u00e1rio \u00e9 o PAOK. Trata-se da primeira m\u00e3o dos oitavos de final da EHF European Cup.\" \/>\n<meta property=\"og:url\" content=\"https:\/\/portaltela.pt\/noticias\/2026\/01\/18\/madeira-sad-a-uma-hora-do-inicio-da-partida\/\" \/>\n<meta property=\"og:site_name\" content=\"Portal Tela Portugal\" \/>\n<meta property=\"article:published_time\" content=\"2026-01-18T11:56:50+00:00\" \/>\n<meta name=\"author\" content=\"Telinha\" \/>\n<meta name=\"twitter:card\" content=\"summary_large_image\" \/>\n<meta name=\"twitter:label1\" content=\"Escrito por\" \/>\n\t<meta name=\"twitter:data1\" content=\"Telinha\" \/>\n\t<meta name=\"twitter:label2\" content=\"Tempo estimado de leitura\" \/>\n\t<meta name=\"twitter:data2\" content=\"1 minuto\" \/>\n<script type=\"application\/ld+json\" class=\"yoast-schema-graph\">{\"@context\":\"https:\/\/schema.org\",\"@graph\":[{\"@type\":\"Article\",\"@id\":\"https:\/\/portaltela.pt\/noticias\/2026\/01\/18\/madeira-sad-a-uma-hora-do-inicio-da-partida\/#article\",\"isPartOf\":{\"@id\":\"https:\/\/portaltela.pt\/noticias\/2026\/01\/18\/madeira-sad-a-uma-hora-do-inicio-da-partida\/\"},\"author\":{\"name\":\"Telinha\",\"@id\":\"https:\/\/portaltela.pt\/#\/schema\/person\/c4278d4a6028830caff9ee44b42d32ed\"},\"headline\":\"Madeira SAD a uma hora do in\u00edcio da partida\",\"datePublished\":\"2026-01-18T11:56:50+00:00\",\"mainEntityOfPage\":{\"@id\":\"https:\/\/portaltela.pt\/noticias\/2026\/01\/18\/madeira-sad-a-uma-hora-do-inicio-da-partida\/\"},\"wordCount\":121,\"image\":{\"@id\":\"https:\/\/portaltela.pt\/noticias\/2026\/01\/18\/madeira-sad-a-uma-hora-do-inicio-da-partida\/#primaryimage\"},\"thumbnailUrl\":\"https:\/\/portaltela.pt\/s.01k8rhncp4jt1\/2026\/01\/IMG20260118133315.jpg\",\"keywords\":[\"andebol\",\"desporto\",\"Europa\",\"Madeira\",\"Madeira SAD\"],\"articleSection\":[\"Desporto\"],\"inLanguage\":\"pt-PT\"},{\"@type\":\"WebPage\",\"@id\":\"https:\/\/portaltela.pt\/noticias\/2026\/01\/18\/madeira-sad-a-uma-hora-do-inicio-da-partida\/\",\"url\":\"https:\/\/portaltela.pt\/noticias\/2026\/01\/18\/madeira-sad-a-uma-hora-do-inicio-da-partida\/\",\"name\":\"Madeira SAD a uma hora do in\u00edcio da partida - Portal Tela Portugal\",\"isPartOf\":{\"@id\":\"https:\/\/portaltela.pt\/#website\"},\"primaryImageOfPage\":{\"@id\":\"https:\/\/portaltela.pt\/noticias\/2026\/01\/18\/madeira-sad-a-uma-hora-do-inicio-da-partida\/#primaryimage\"},\"image\":{\"@id\":\"https:\/\/portaltela.pt\/noticias\/2026\/01\/18\/madeira-sad-a-uma-hora-do-inicio-da-partida\/#primaryimage\"},\"thumbnailUrl\":\"https:\/\/portaltela.pt\/s.01k8rhncp4jt1\/2026\/01\/IMG20260118133315.jpg\",\"datePublished\":\"2026-01-18T11:56:50+00:00\",\"author\":{\"@id\":\"https:\/\/portaltela.pt\/#\/schema\/person\/c4278d4a6028830caff9ee44b42d32ed\"},\"breadcrumb\":{\"@id\":\"https:\/\/portaltela.pt\/noticias\/2026\/01\/18\/madeira-sad-a-uma-hora-do-inicio-da-partida\/#breadcrumb\"},\"inLanguage\":\"pt-PT\",\"potentialAction\":[{\"@type\":\"ReadAction\",\"target\":[\"https:\/\/portaltela.pt\/noticias\/2026\/01\/18\/madeira-sad-a-uma-hora-do-inicio-da-partida\/\"]}]},{\"@type\":\"ImageObject\",\"inLanguage\":\"pt-PT\",\"@id\":\"https:\/\/portaltela.pt\/noticias\/2026\/01\/18\/madeira-sad-a-uma-hora-do-inicio-da-partida\/#primaryimage\",\"url\":\"https:\/\/portaltela.pt\/s.01k8rhncp4jt1\/2026\/01\/IMG20260118133315.jpg\",\"contentUrl\":\"https:\/\/portaltela.pt\/s.01k8rhncp4jt1\/2026\/01\/IMG20260118133315.jpg\",\"width\":796,\"height\":448,\"caption\":\"Madeira SAD a uma hora do in\u00edcio da partida\"},{\"@type\":\"BreadcrumbList\",\"@id\":\"https:\/\/portaltela.pt\/noticias\/2026\/01\/18\/madeira-sad-a-uma-hora-do-inicio-da-partida\/#breadcrumb\",\"itemListElement\":[{\"@type\":\"ListItem\",\"position\":1,\"name\":\"In\u00edcio\",\"item\":\"https:\/\/portaltela.pt\/\"},{\"@type\":\"ListItem\",\"position\":2,\"name\":\"Madeira SAD a uma hora do in\u00edcio da partida\"}]},{\"@type\":\"WebSite\",\"@id\":\"https:\/\/portaltela.pt\/#website\",\"url\":\"https:\/\/portaltela.pt\/\",\"name\":\"Portal Tela Portugal\",\"description\":\"\",\"potentialAction\":[{\"@type\":\"SearchAction\",\"target\":{\"@type\":\"EntryPoint\",\"urlTemplate\":\"https:\/\/portaltela.pt\/?s={search_term_string}\"},\"query-input\":{\"@type\":\"PropertyValueSpecification\",\"valueRequired\":true,\"valueName\":\"search_term_string\"}}],\"inLanguage\":\"pt-PT\"},{\"@type\":\"Person\",\"@id\":\"https:\/\/portaltela.pt\/#\/schema\/person\/c4278d4a6028830caff9ee44b42d32ed\",\"name\":\"Telinha\",\"image\":{\"@type\":\"ImageObject\",\"inLanguage\":\"pt-PT\",\"@id\":\"https:\/\/portaltela.pt\/s.01k8rhncp4jt1\/2025\/11\/talking-bot-125x125.png\",\"url\":\"https:\/\/portaltela.pt\/s.01k8rhncp4jt1\/2025\/11\/talking-bot-125x125.png\",\"contentUrl\":\"https:\/\/portaltela.pt\/s.01k8rhncp4jt1\/2025\/11\/talking-bot-125x125.png\",\"caption\":\"Telinha\"},\"sameAs\":[\"https:\/\/portaltela.pt\/\"],\"url\":\"https:\/\/portaltela.pt\/por\/367410592786\/\"}]}<\/script>\n<!-- \/ Yoast SEO plugin. -->","yoast_head_json":{"title":"Madeira SAD a uma hora do in\u00edcio da partida - Portal Tela Portugal","robots":{"index":"index","follow":"follow","max-snippet":"max-snippet:-1","max-image-preview":"max-image-preview:large","max-video-preview":"max-video-preview:-1"},"og_locale":"pt_PT","og_type":"article","og_title":"Madeira SAD a uma hora do in\u00edcio da partida - Portal Tela Portugal","og_description":"A equipa Madeira Andebol SAD j\u00e1 se encontra no pavilh\u00e3o Mirka 3. A partida est\u00e1 marcada para as 15h, hor\u00e1rio local, 13h na regi\u00e3o. O advers\u00e1rio \u00e9 o PAOK. Trata-se da primeira m\u00e3o dos oitavos de final da EHF European Cup.","og_url":"https:\/\/portaltela.pt\/noticias\/2026\/01\/18\/madeira-sad-a-uma-hora-do-inicio-da-partida\/","og_site_name":"Portal Tela Portugal","article_published_time":"2026-01-18T11:56:50+00:00","author":"Telinha","twitter_card":"summary_large_image","twitter_misc":{"Escrito por":"Telinha","Tempo estimado de leitura":"1 minuto"},"schema":{"@context":"https:\/\/schema.org","@graph":[{"@type":"Article","@id":"https:\/\/portaltela.pt\/noticias\/2026\/01\/18\/madeira-sad-a-uma-hora-do-inicio-da-partida\/#article","isPartOf":{"@id":"https:\/\/portaltela.pt\/noticias\/2026\/01\/18\/madeira-sad-a-uma-hora-do-inicio-da-partida\/"},"author":{"name":"Telinha","@id":"https:\/\/portaltela.pt\/#\/schema\/person\/c4278d4a6028830caff9ee44b42d32ed"},"headline":"Madeira SAD a uma hora do in\u00edcio da partida","datePublished":"2026-01-18T11:56:50+00:00","mainEntityOfPage":{"@id":"https:\/\/portaltela.pt\/noticias\/2026\/01\/18\/madeira-sad-a-uma-hora-do-inicio-da-partida\/"},"wordCount":121,"image":{"@id":"https:\/\/portaltela.pt\/noticias\/2026\/01\/18\/madeira-sad-a-uma-hora-do-inicio-da-partida\/#primaryimage"},"thumbnailUrl":"https:\/\/portaltela.pt\/s.01k8rhncp4jt1\/2026\/01\/IMG20260118133315.jpg","keywords":["andebol","desporto","Europa","Madeira","Madeira SAD"],"articleSection":["Desporto"],"inLanguage":"pt-PT"},{"@type":"WebPage","@id":"https:\/\/portaltela.pt\/noticias\/2026\/01\/18\/madeira-sad-a-uma-hora-do-inicio-da-partida\/","url":"https:\/\/portaltela.pt\/noticias\/2026\/01\/18\/madeira-sad-a-uma-hora-do-inicio-da-partida\/","name":"Madeira SAD a uma hora do in\u00edcio da partida - Portal Tela Portugal","isPartOf":{"@id":"https:\/\/portaltela.pt\/#website"},"primaryImageOfPage":{"@id":"https:\/\/portaltela.pt\/noticias\/2026\/01\/18\/madeira-sad-a-uma-hora-do-inicio-da-partida\/#primaryimage"},"image":{"@id":"https:\/\/portaltela.pt\/noticias\/2026\/01\/18\/madeira-sad-a-uma-hora-do-inicio-da-partida\/#primaryimage"},"thumbnailUrl":"https:\/\/portaltela.pt\/s.01k8rhncp4jt1\/2026\/01\/IMG20260118133315.jpg","datePublished":"2026-01-18T11:56:50+00:00","author":{"@id":"https:\/\/portaltela.pt\/#\/schema\/person\/c4278d4a6028830caff9ee44b42d32ed"},"breadcrumb":{"@id":"https:\/\/portaltela.pt\/noticias\/2026\/01\/18\/madeira-sad-a-uma-hora-do-inicio-da-partida\/#breadcrumb"},"inLanguage":"pt-PT","potentialAction":[{"@type":"ReadAction","target":["https:\/\/portaltela.pt\/noticias\/2026\/01\/18\/madeira-sad-a-uma-hora-do-inicio-da-partida\/"]}]},{"@type":"ImageObject","inLanguage":"pt-PT","@id":"https:\/\/portaltela.pt\/noticias\/2026\/01\/18\/madeira-sad-a-uma-hora-do-inicio-da-partida\/#primaryimage","url":"https:\/\/portaltela.pt\/s.01k8rhncp4jt1\/2026\/01\/IMG20260118133315.jpg","contentUrl":"https:\/\/portaltela.pt\/s.01k8rhncp4jt1\/2026\/01\/IMG20260118133315.jpg","width":796,"height":448,"caption":"Madeira SAD a uma hora do in\u00edcio da partida"},{"@type":"BreadcrumbList","@id":"https:\/\/portaltela.pt\/noticias\/2026\/01\/18\/madeira-sad-a-uma-hora-do-inicio-da-partida\/#breadcrumb","itemListElement":[{"@type":"ListItem","position":1,"name":"In\u00edcio","item":"https:\/\/portaltela.pt\/"},{"@type":"ListItem","position":2,"name":"Madeira SAD a uma hora do in\u00edcio da partida"}]},{"@type":"WebSite","@id":"https:\/\/portaltela.pt\/#website","url":"https:\/\/portaltela.pt\/","name":"Portal Tela Portugal","description":"","potentialAction":[{"@type":"SearchAction","target":{"@type":"EntryPoint","urlTemplate":"https:\/\/portaltela.pt\/?s={search_term_string}"},"query-input":{"@type":"PropertyValueSpecification","valueRequired":true,"valueName":"search_term_string"}}],"inLanguage":"pt-PT"},{"@type":"Person","@id":"https:\/\/portaltela.pt\/#\/schema\/person\/c4278d4a6028830caff9ee44b42d32ed","name":"Telinha","image":{"@type":"ImageObject","inLanguage":"pt-PT","@id":"https:\/\/portaltela.pt\/s.01k8rhncp4jt1\/2025\/11\/talking-bot-125x125.png","url":"https:\/\/portaltela.pt\/s.01k8rhncp4jt1\/2025\/11\/talking-bot-125x125.png","contentUrl":"https:\/\/portaltela.pt\/s.01k8rhncp4jt1\/2025\/11\/talking-bot-125x125.png","caption":"Telinha"},"sameAs":["https:\/\/portaltela.pt\/"],"url":"https:\/\/portaltela.pt\/por\/367410592786\/"}]}},"_links":{"self":[{"href":"https:\/\/portaltela.pt\/api\/wp\/v2\/posts\/149937","targetHints":{"allow":["GET"]}}],"collection":[{"href":"https:\/\/portaltela.pt\/api\/wp\/v2\/posts"}],"about":[{"href":"https:\/\/portaltela.pt\/api\/wp\/v2\/types\/post"}],"author":[{"embeddable":true,"href":"https:\/\/portaltela.pt\/api\/wp\/v2\/users\/2"}],"replies":[{"embeddable":true,"href":"https:\/\/portaltela.pt\/api\/wp\/v2\/comments?post=149937"}],"version-history":[{"count":0,"href":"https:\/\/portaltela.pt\/api\/wp\/v2\/posts\/149937\/revisions"}],"wp:featuredmedia":[{"embeddable":true,"href":"https:\/\/portaltela.pt\/api\/wp\/v2\/media\/149941"}],"wp:attachment":[{"href":"https:\/\/portaltela.pt\/api\/wp\/v2\/media?parent=149937"}],"wp:term":[{"taxonomy":"category","embeddable":true,"href":"https:\/\/portaltela.pt\/api\/wp\/v2\/categories?post=149937"},{"taxonomy":"post_tag","embeddable":true,"href":"https:\/\/portaltela.pt\/api\/wp\/v2\/tags?post=149937"}],"curies":[{"name":"wp","href":"https:\/\/api.w.org\/{rel}","templated":true}]}}