{"id":149819,"date":"2026-01-18T08:10:00","date_gmt":"2026-01-18T11:10:00","guid":{"rendered":"https:\/\/portaltela.pt\/noticias\/2026\/01\/18\/bruno-fernandes-em-versao-cantonesa-recebe-elogios-de-neville-amorim-e-alvo\/"},"modified":"2026-01-18T08:10:00","modified_gmt":"2026-01-18T11:10:00","slug":"bruno-fernandes-em-versao-cantonesa-recebe-elogios-de-neville-amorim-e-alvo","status":"publish","type":"post","link":"https:\/\/portaltela.pt\/desporto\/futebol\/2026\/01\/18\/bruno-fernandes-em-versao-cantonesa-recebe-elogios-de-neville-amorim-e-alvo\/","title":{"rendered":"Bruno Fernandes em vers\u00e3o cantonesa recebe elogios de Neville; Amorim \u00e9 alvo"},"content":{"rendered":"<p>Na estreia de Michael Carrick ao leme, o Manchester United venceu o d\u00e9rbi contra o Manchester City por 2-0, em Old Trafford, este s\u00e1bado. A atua\u00e7\u00e3o devolveu ao clube a identidade do Teatro dos Sonhos, num jogo em que se procurou jogar de forma mais incisiva.<\/p>\n<p>Gary Neville elogiou o desempenho, descrevendo-o como uma das melhores exibi\u00e7\u00f5es do United. Observou que o clube tinha sido visto como incapaz de jogar daquele modo, mas mostrou que \u00e9 poss\u00edvel no futebol moderno.<\/p>\n<p>A avalia\u00e7\u00e3o de Neville incluiu a leitura t\u00e1tica de Carrick, que colocou Bruno Fernandes em posi\u00e7\u00e3o mais avan\u00e7ada. O t\u00e9cnico ter\u00e1 tamb\u00e9m feito uma indu\u00e7\u00e3o a Amorim com a cr\u00edtica subentendida de como o jogador pode render mais perto da baliza.<\/p>\n<h3>Desempenho t\u00e1tico e lances do jogo<\/h3>\n<p>O internacional portugu\u00eas viu o golo ser anulado na primeira parte por fora de jogo. Aos 65 minutos, houve assist\u00eancia de Mbeumo em dire\u00e7\u00e3o ao golo que abriria o marcador; onze minutos depois, Cunha cruzou e Dorgu fechou o resultado.<\/p>\n","protected":false},"excerpt":{"rendered":"<ul>\n<li>Na estreia de Carrick, o Manchester United venceu por 2-0 o Manchester City, em Old Trafford.<\/li>\n<li>Gary Neville elogiou a presta\u00e7\u00e3o, dizendo que foi uma das melhores exibi\u00e7\u00f5es j\u00e1 vistas no clube.<\/li>\n<li>Neville destacou a forma como Bruno Fernandes foi colocado numa posi\u00e7\u00e3o mais avan\u00e7ada, perto da baliza.<\/li>\n<li>O antigo jogador deixou uma cr\u00edtica velada ao modelo de Amorim, elogiando o posicionamento do portugu\u00eas.<\/li>\n<li>No desenrolar do jogo, Fernandes viu o golo ser anulado por fora de jogo na primeira parte; assistiu Mbeumo aos 65 minutos no lance que abriu o marcador e, 11 minutos depois, Cunha cruzou e Dorgu fixou o 2-0.<\/li>\n<\/ul>\n","protected":false},"author":2,"featured_media":149828,"comment_status":"closed","ping_status":"closed","sticky":false,"template":"","format":"standard","meta":{"footnotes":""},"categories":[21,24],"tags":[1941,32,3338,3187,2512,3369],"class_list":["post-149819","post","type-post","status-publish","format-standard","has-post-thumbnail","hentry","category-desporto","category-futebol","tag-bruno-fernandes","tag-futebol","tag-futebol-internacional","tag-manchester-united","tag-michael-carrick","tag-premier-league"],"yoast_head":"<!-- This site is optimized with the Yoast SEO plugin v27.2 - https:\/\/yoast.com\/product\/yoast-seo-wordpress\/ -->\n<title>Bruno Fernandes em vers\u00e3o cantonesa recebe elogios de Neville; Amorim \u00e9 alvo - Portal Tela Portugal<\/title>\n<meta name=\"robots\" content=\"index, follow, max-snippet:-1, max-image-preview:large, max-video-preview:-1\" \/>\n<meta property=\"og:locale\" content=\"pt_PT\" \/>\n<meta property=\"og:type\" content=\"article\" \/>\n<meta property=\"og:title\" content=\"Bruno Fernandes em vers\u00e3o cantonesa recebe elogios de Neville; Amorim \u00e9 alvo - Portal Tela Portugal\" \/>\n<meta property=\"og:description\" content=\"Na estreia de Carrick, o Manchester United venceu por 2-0 o Manchester City, em Old Trafford. Gary Neville elogiou a presta\u00e7\u00e3o, dizendo que foi uma das melhores exibi\u00e7\u00f5es j\u00e1 vistas no clube. Neville destacou a forma como Bruno Fernandes foi colocado numa posi\u00e7\u00e3o mais avan\u00e7ada, perto da baliza. O antigo jogador deixou uma cr\u00edtica velada ao modelo de Amorim, elogiando o posicionamento do portugu\u00eas. No desenrolar do jogo, Fernandes viu o golo ser anulado por fora de jogo na primeira parte; assistiu Mbeumo aos 65 minutos no lance que abriu o marcador e, 11 minutos depois, Cunha cruzou e Dorgu fixou o 2-0.\" \/>\n<meta property=\"og:url\" content=\"https:\/\/portaltela.pt\/noticias\/2026\/01\/18\/bruno-fernandes-em-versao-cantonesa-recebe-elogios-de-neville-amorim-e-alvo\/\" \/>\n<meta property=\"og:site_name\" content=\"Portal Tela Portugal\" \/>\n<meta property=\"article:published_time\" content=\"2026-01-18T11:10:00+00:00\" \/>\n<meta name=\"author\" content=\"Telinha\" \/>\n<meta name=\"twitter:card\" content=\"summary_large_image\" \/>\n<meta name=\"twitter:label1\" content=\"Escrito por\" \/>\n\t<meta name=\"twitter:data1\" content=\"Telinha\" \/>\n\t<meta name=\"twitter:label2\" content=\"Tempo estimado de leitura\" \/>\n\t<meta name=\"twitter:data2\" content=\"1 minuto\" \/>\n<script type=\"application\/ld+json\" class=\"yoast-schema-graph\">{\"@context\":\"https:\/\/schema.org\",\"@graph\":[{\"@type\":\"Article\",\"@id\":\"https:\/\/portaltela.pt\/noticias\/2026\/01\/18\/bruno-fernandes-em-versao-cantonesa-recebe-elogios-de-neville-amorim-e-alvo\/#article\",\"isPartOf\":{\"@id\":\"https:\/\/portaltela.pt\/noticias\/2026\/01\/18\/bruno-fernandes-em-versao-cantonesa-recebe-elogios-de-neville-amorim-e-alvo\/\"},\"author\":{\"name\":\"Telinha\",\"@id\":\"https:\/\/portaltela.pt\/#\/schema\/person\/c4278d4a6028830caff9ee44b42d32ed\"},\"headline\":\"Bruno Fernandes em vers\u00e3o cantonesa recebe elogios de Neville; Amorim \u00e9 alvo\",\"datePublished\":\"2026-01-18T11:10:00+00:00\",\"mainEntityOfPage\":{\"@id\":\"https:\/\/portaltela.pt\/noticias\/2026\/01\/18\/bruno-fernandes-em-versao-cantonesa-recebe-elogios-de-neville-amorim-e-alvo\/\"},\"wordCount\":194,\"image\":{\"@id\":\"https:\/\/portaltela.pt\/noticias\/2026\/01\/18\/bruno-fernandes-em-versao-cantonesa-recebe-elogios-de-neville-amorim-e-alvo\/#primaryimage\"},\"thumbnailUrl\":\"https:\/\/portaltela.pt\/s.01k8rhncp4jt1\/2026\/01\/img_920x518uu2026-01-18-11-09-37-2415500-im-639043314002732883-1.jpg\",\"keywords\":[\"Bruno Fernandes\",\"futebol\",\"futebol internacional\",\"Manchester United\",\"Michael Carrick\",\"Premier League\"],\"articleSection\":[\"Desporto\",\"Futebol\"],\"inLanguage\":\"pt-PT\"},{\"@type\":\"WebPage\",\"@id\":\"https:\/\/portaltela.pt\/noticias\/2026\/01\/18\/bruno-fernandes-em-versao-cantonesa-recebe-elogios-de-neville-amorim-e-alvo\/\",\"url\":\"https:\/\/portaltela.pt\/noticias\/2026\/01\/18\/bruno-fernandes-em-versao-cantonesa-recebe-elogios-de-neville-amorim-e-alvo\/\",\"name\":\"Bruno Fernandes em vers\u00e3o cantonesa recebe elogios de Neville; Amorim \u00e9 alvo - Portal Tela Portugal\",\"isPartOf\":{\"@id\":\"https:\/\/portaltela.pt\/#website\"},\"primaryImageOfPage\":{\"@id\":\"https:\/\/portaltela.pt\/noticias\/2026\/01\/18\/bruno-fernandes-em-versao-cantonesa-recebe-elogios-de-neville-amorim-e-alvo\/#primaryimage\"},\"image\":{\"@id\":\"https:\/\/portaltela.pt\/noticias\/2026\/01\/18\/bruno-fernandes-em-versao-cantonesa-recebe-elogios-de-neville-amorim-e-alvo\/#primaryimage\"},\"thumbnailUrl\":\"https:\/\/portaltela.pt\/s.01k8rhncp4jt1\/2026\/01\/img_920x518uu2026-01-18-11-09-37-2415500-im-639043314002732883-1.jpg\",\"datePublished\":\"2026-01-18T11:10:00+00:00\",\"author\":{\"@id\":\"https:\/\/portaltela.pt\/#\/schema\/person\/c4278d4a6028830caff9ee44b42d32ed\"},\"breadcrumb\":{\"@id\":\"https:\/\/portaltela.pt\/noticias\/2026\/01\/18\/bruno-fernandes-em-versao-cantonesa-recebe-elogios-de-neville-amorim-e-alvo\/#breadcrumb\"},\"inLanguage\":\"pt-PT\",\"potentialAction\":[{\"@type\":\"ReadAction\",\"target\":[\"https:\/\/portaltela.pt\/noticias\/2026\/01\/18\/bruno-fernandes-em-versao-cantonesa-recebe-elogios-de-neville-amorim-e-alvo\/\"]}]},{\"@type\":\"ImageObject\",\"inLanguage\":\"pt-PT\",\"@id\":\"https:\/\/portaltela.pt\/noticias\/2026\/01\/18\/bruno-fernandes-em-versao-cantonesa-recebe-elogios-de-neville-amorim-e-alvo\/#primaryimage\",\"url\":\"https:\/\/portaltela.pt\/s.01k8rhncp4jt1\/2026\/01\/img_920x518uu2026-01-18-11-09-37-2415500-im-639043314002732883-1.jpg\",\"contentUrl\":\"https:\/\/portaltela.pt\/s.01k8rhncp4jt1\/2026\/01\/img_920x518uu2026-01-18-11-09-37-2415500-im-639043314002732883-1.jpg\",\"width\":796,\"height\":448,\"caption\":\"Bruno Fernandes no d\u00e9rbi United-City\"},{\"@type\":\"BreadcrumbList\",\"@id\":\"https:\/\/portaltela.pt\/noticias\/2026\/01\/18\/bruno-fernandes-em-versao-cantonesa-recebe-elogios-de-neville-amorim-e-alvo\/#breadcrumb\",\"itemListElement\":[{\"@type\":\"ListItem\",\"position\":1,\"name\":\"In\u00edcio\",\"item\":\"https:\/\/portaltela.pt\/\"},{\"@type\":\"ListItem\",\"position\":2,\"name\":\"Bruno Fernandes em vers\u00e3o cantonesa recebe elogios de Neville; Amorim \u00e9 alvo\"}]},{\"@type\":\"WebSite\",\"@id\":\"https:\/\/portaltela.pt\/#website\",\"url\":\"https:\/\/portaltela.pt\/\",\"name\":\"Portal Tela Portugal\",\"description\":\"\",\"potentialAction\":[{\"@type\":\"SearchAction\",\"target\":{\"@type\":\"EntryPoint\",\"urlTemplate\":\"https:\/\/portaltela.pt\/?s={search_term_string}\"},\"query-input\":{\"@type\":\"PropertyValueSpecification\",\"valueRequired\":true,\"valueName\":\"search_term_string\"}}],\"inLanguage\":\"pt-PT\"},{\"@type\":\"Person\",\"@id\":\"https:\/\/portaltela.pt\/#\/schema\/person\/c4278d4a6028830caff9ee44b42d32ed\",\"name\":\"Telinha\",\"image\":{\"@type\":\"ImageObject\",\"inLanguage\":\"pt-PT\",\"@id\":\"https:\/\/portaltela.pt\/s.01k8rhncp4jt1\/2025\/11\/talking-bot-125x125.png\",\"url\":\"https:\/\/portaltela.pt\/s.01k8rhncp4jt1\/2025\/11\/talking-bot-125x125.png\",\"contentUrl\":\"https:\/\/portaltela.pt\/s.01k8rhncp4jt1\/2025\/11\/talking-bot-125x125.png\",\"caption\":\"Telinha\"},\"sameAs\":[\"https:\/\/portaltela.pt\/\"],\"url\":\"https:\/\/portaltela.pt\/por\/367410592786\/\"}]}<\/script>\n<!-- \/ Yoast SEO plugin. -->","yoast_head_json":{"title":"Bruno Fernandes em vers\u00e3o cantonesa recebe elogios de Neville; Amorim \u00e9 alvo - Portal Tela Portugal","robots":{"index":"index","follow":"follow","max-snippet":"max-snippet:-1","max-image-preview":"max-image-preview:large","max-video-preview":"max-video-preview:-1"},"og_locale":"pt_PT","og_type":"article","og_title":"Bruno Fernandes em vers\u00e3o cantonesa recebe elogios de Neville; Amorim \u00e9 alvo - Portal Tela Portugal","og_description":"Na estreia de Carrick, o Manchester United venceu por 2-0 o Manchester City, em Old Trafford. Gary Neville elogiou a presta\u00e7\u00e3o, dizendo que foi uma das melhores exibi\u00e7\u00f5es j\u00e1 vistas no clube. Neville destacou a forma como Bruno Fernandes foi colocado numa posi\u00e7\u00e3o mais avan\u00e7ada, perto da baliza. O antigo jogador deixou uma cr\u00edtica velada ao modelo de Amorim, elogiando o posicionamento do portugu\u00eas. No desenrolar do jogo, Fernandes viu o golo ser anulado por fora de jogo na primeira parte; assistiu Mbeumo aos 65 minutos no lance que abriu o marcador e, 11 minutos depois, Cunha cruzou e Dorgu fixou o 2-0.","og_url":"https:\/\/portaltela.pt\/noticias\/2026\/01\/18\/bruno-fernandes-em-versao-cantonesa-recebe-elogios-de-neville-amorim-e-alvo\/","og_site_name":"Portal Tela Portugal","article_published_time":"2026-01-18T11:10:00+00:00","author":"Telinha","twitter_card":"summary_large_image","twitter_misc":{"Escrito por":"Telinha","Tempo estimado de leitura":"1 minuto"},"schema":{"@context":"https:\/\/schema.org","@graph":[{"@type":"Article","@id":"https:\/\/portaltela.pt\/noticias\/2026\/01\/18\/bruno-fernandes-em-versao-cantonesa-recebe-elogios-de-neville-amorim-e-alvo\/#article","isPartOf":{"@id":"https:\/\/portaltela.pt\/noticias\/2026\/01\/18\/bruno-fernandes-em-versao-cantonesa-recebe-elogios-de-neville-amorim-e-alvo\/"},"author":{"name":"Telinha","@id":"https:\/\/portaltela.pt\/#\/schema\/person\/c4278d4a6028830caff9ee44b42d32ed"},"headline":"Bruno Fernandes em vers\u00e3o cantonesa recebe elogios de Neville; Amorim \u00e9 alvo","datePublished":"2026-01-18T11:10:00+00:00","mainEntityOfPage":{"@id":"https:\/\/portaltela.pt\/noticias\/2026\/01\/18\/bruno-fernandes-em-versao-cantonesa-recebe-elogios-de-neville-amorim-e-alvo\/"},"wordCount":194,"image":{"@id":"https:\/\/portaltela.pt\/noticias\/2026\/01\/18\/bruno-fernandes-em-versao-cantonesa-recebe-elogios-de-neville-amorim-e-alvo\/#primaryimage"},"thumbnailUrl":"https:\/\/portaltela.pt\/s.01k8rhncp4jt1\/2026\/01\/img_920x518uu2026-01-18-11-09-37-2415500-im-639043314002732883-1.jpg","keywords":["Bruno Fernandes","futebol","futebol internacional","Manchester United","Michael Carrick","Premier League"],"articleSection":["Desporto","Futebol"],"inLanguage":"pt-PT"},{"@type":"WebPage","@id":"https:\/\/portaltela.pt\/noticias\/2026\/01\/18\/bruno-fernandes-em-versao-cantonesa-recebe-elogios-de-neville-amorim-e-alvo\/","url":"https:\/\/portaltela.pt\/noticias\/2026\/01\/18\/bruno-fernandes-em-versao-cantonesa-recebe-elogios-de-neville-amorim-e-alvo\/","name":"Bruno Fernandes em vers\u00e3o cantonesa recebe elogios de Neville; Amorim \u00e9 alvo - Portal Tela Portugal","isPartOf":{"@id":"https:\/\/portaltela.pt\/#website"},"primaryImageOfPage":{"@id":"https:\/\/portaltela.pt\/noticias\/2026\/01\/18\/bruno-fernandes-em-versao-cantonesa-recebe-elogios-de-neville-amorim-e-alvo\/#primaryimage"},"image":{"@id":"https:\/\/portaltela.pt\/noticias\/2026\/01\/18\/bruno-fernandes-em-versao-cantonesa-recebe-elogios-de-neville-amorim-e-alvo\/#primaryimage"},"thumbnailUrl":"https:\/\/portaltela.pt\/s.01k8rhncp4jt1\/2026\/01\/img_920x518uu2026-01-18-11-09-37-2415500-im-639043314002732883-1.jpg","datePublished":"2026-01-18T11:10:00+00:00","author":{"@id":"https:\/\/portaltela.pt\/#\/schema\/person\/c4278d4a6028830caff9ee44b42d32ed"},"breadcrumb":{"@id":"https:\/\/portaltela.pt\/noticias\/2026\/01\/18\/bruno-fernandes-em-versao-cantonesa-recebe-elogios-de-neville-amorim-e-alvo\/#breadcrumb"},"inLanguage":"pt-PT","potentialAction":[{"@type":"ReadAction","target":["https:\/\/portaltela.pt\/noticias\/2026\/01\/18\/bruno-fernandes-em-versao-cantonesa-recebe-elogios-de-neville-amorim-e-alvo\/"]}]},{"@type":"ImageObject","inLanguage":"pt-PT","@id":"https:\/\/portaltela.pt\/noticias\/2026\/01\/18\/bruno-fernandes-em-versao-cantonesa-recebe-elogios-de-neville-amorim-e-alvo\/#primaryimage","url":"https:\/\/portaltela.pt\/s.01k8rhncp4jt1\/2026\/01\/img_920x518uu2026-01-18-11-09-37-2415500-im-639043314002732883-1.jpg","contentUrl":"https:\/\/portaltela.pt\/s.01k8rhncp4jt1\/2026\/01\/img_920x518uu2026-01-18-11-09-37-2415500-im-639043314002732883-1.jpg","width":796,"height":448,"caption":"Bruno Fernandes no d\u00e9rbi United-City"},{"@type":"BreadcrumbList","@id":"https:\/\/portaltela.pt\/noticias\/2026\/01\/18\/bruno-fernandes-em-versao-cantonesa-recebe-elogios-de-neville-amorim-e-alvo\/#breadcrumb","itemListElement":[{"@type":"ListItem","position":1,"name":"In\u00edcio","item":"https:\/\/portaltela.pt\/"},{"@type":"ListItem","position":2,"name":"Bruno Fernandes em vers\u00e3o cantonesa recebe elogios de Neville; Amorim \u00e9 alvo"}]},{"@type":"WebSite","@id":"https:\/\/portaltela.pt\/#website","url":"https:\/\/portaltela.pt\/","name":"Portal Tela Portugal","description":"","potentialAction":[{"@type":"SearchAction","target":{"@type":"EntryPoint","urlTemplate":"https:\/\/portaltela.pt\/?s={search_term_string}"},"query-input":{"@type":"PropertyValueSpecification","valueRequired":true,"valueName":"search_term_string"}}],"inLanguage":"pt-PT"},{"@type":"Person","@id":"https:\/\/portaltela.pt\/#\/schema\/person\/c4278d4a6028830caff9ee44b42d32ed","name":"Telinha","image":{"@type":"ImageObject","inLanguage":"pt-PT","@id":"https:\/\/portaltela.pt\/s.01k8rhncp4jt1\/2025\/11\/talking-bot-125x125.png","url":"https:\/\/portaltela.pt\/s.01k8rhncp4jt1\/2025\/11\/talking-bot-125x125.png","contentUrl":"https:\/\/portaltela.pt\/s.01k8rhncp4jt1\/2025\/11\/talking-bot-125x125.png","caption":"Telinha"},"sameAs":["https:\/\/portaltela.pt\/"],"url":"https:\/\/portaltela.pt\/por\/367410592786\/"}]}},"_links":{"self":[{"href":"https:\/\/portaltela.pt\/api\/wp\/v2\/posts\/149819","targetHints":{"allow":["GET"]}}],"collection":[{"href":"https:\/\/portaltela.pt\/api\/wp\/v2\/posts"}],"about":[{"href":"https:\/\/portaltela.pt\/api\/wp\/v2\/types\/post"}],"author":[{"embeddable":true,"href":"https:\/\/portaltela.pt\/api\/wp\/v2\/users\/2"}],"replies":[{"embeddable":true,"href":"https:\/\/portaltela.pt\/api\/wp\/v2\/comments?post=149819"}],"version-history":[{"count":0,"href":"https:\/\/portaltela.pt\/api\/wp\/v2\/posts\/149819\/revisions"}],"wp:featuredmedia":[{"embeddable":true,"href":"https:\/\/portaltela.pt\/api\/wp\/v2\/media\/149828"}],"wp:attachment":[{"href":"https:\/\/portaltela.pt\/api\/wp\/v2\/media?parent=149819"}],"wp:term":[{"taxonomy":"category","embeddable":true,"href":"https:\/\/portaltela.pt\/api\/wp\/v2\/categories?post=149819"},{"taxonomy":"post_tag","embeddable":true,"href":"https:\/\/portaltela.pt\/api\/wp\/v2\/tags?post=149819"}],"curies":[{"name":"wp","href":"https:\/\/api.w.org\/{rel}","templated":true}]}}