{"id":149779,"date":"2026-01-18T08:10:00","date_gmt":"2026-01-18T11:10:00","guid":{"rendered":"https:\/\/portaltela.pt\/noticias\/2026\/01\/18\/gary-neville-elogia-bruno-fernandes-em-versao-cantonesa-e-manda-recado-a-amorim\/"},"modified":"2026-01-18T08:10:00","modified_gmt":"2026-01-18T11:10:00","slug":"gary-neville-elogia-bruno-fernandes-em-versao-cantonesa-e-manda-recado-a-amorim","status":"publish","type":"post","link":"https:\/\/portaltela.pt\/desporto\/futebol\/2026\/01\/18\/gary-neville-elogia-bruno-fernandes-em-versao-cantonesa-e-manda-recado-a-amorim\/","title":{"rendered":"Gary Neville elogia Bruno Fernandes em vers\u00e3o cantonesa e manda recado a Amorim"},"content":{"rendered":"<p>Na estreia de Michael Carrick no banco, o Manchester United venceu o d\u00e9rbi de Manchester ao City, por 2-0, em Old Trafford. A vit\u00f3ria devolve o \u00e2nimo ao clube e demonstra o que o t\u00e9cnico pretende com o novo registo t\u00e1tico.<\/p>\n<p>Gary Neville destacou a atua\u00e7\u00e3o dos red devils, considerando-a uma das melhores performances do clube na m\u00e9dia recente. O antigo jogador elogiou a evolu\u00e7\u00e3o exibida ao longo dos 90 minutos.<\/p>\n<p>Bruno Fernandes foi movido para uma posi\u00e7\u00e3o central de ataque, perto da baliza, com Carrick a ajustar o esquema para potenciar o internacional portugu\u00eas. A leitura t\u00e1ctica teve como objetivo explorar o seu ponto forte.<\/p>\n<p>O jogo ficou marcado por um lance de bola fora de jogo que anulou um golo de Fernandes na primeira parte. Aos 65\u2019, Mbeumo desferiu um passe para Mbeumo e, onze minutos depois, Cunha cruzou para Dorgu marcar o 2-0.<\/p>\n","protected":false},"excerpt":{"rendered":"<ul>\n<li>O Manchester United venceu o Manchester City por 2-0 no d\u00e9rbi em Old Trafford, na estreia de Michael Carrick no comando.<\/li>\n<li>Gary Neville elogiou a performance, dizendo que foi uma das melhores j\u00e1 vistas no United e que o clube pode jogar assim no futebol moderno.<\/li>\n<li>Carrick posicionou Bruno Fernandes numa posi\u00e7\u00e3o mais avan\u00e7ada, perto da baliza, rotulando a sua forma de jogar como \u201cCantonesca\u201d e recebendo elogios pela organiza\u00e7\u00e3o t\u00e1tica.<\/li>\n<li>Fernandes viu o seu golo ser anulado por fora de jogo na primeira parte, e assistiu Mbeumo aos 65 minutos para o golo que abriu o marcador.<\/li>\n<li>Onze minutos depois, Matheus Cunha cruzou e Dorgu fechou o resultado em 2-0.<\/li>\n<\/ul>\n","protected":false},"author":2,"featured_media":149780,"comment_status":"closed","ping_status":"closed","sticky":false,"template":"","format":"standard","meta":{"footnotes":""},"categories":[21,24],"tags":[2868,1941,32,3338,1980],"class_list":["post-149779","post","type-post","status-publish","format-standard","has-post-thumbnail","hentry","category-desporto","category-futebol","tag-amorim","tag-bruno-fernandes","tag-futebol","tag-futebol-internacional","tag-manchester-city"],"yoast_head":"<!-- This site is optimized with the Yoast SEO plugin v27.2 - https:\/\/yoast.com\/product\/yoast-seo-wordpress\/ -->\n<title>Gary Neville elogia Bruno Fernandes em vers\u00e3o cantonesa e manda recado a Amorim - Portal Tela Portugal<\/title>\n<meta name=\"robots\" content=\"index, follow, max-snippet:-1, max-image-preview:large, max-video-preview:-1\" \/>\n<meta property=\"og:locale\" content=\"pt_PT\" \/>\n<meta property=\"og:type\" content=\"article\" \/>\n<meta property=\"og:title\" content=\"Gary Neville elogia Bruno Fernandes em vers\u00e3o cantonesa e manda recado a Amorim - Portal Tela Portugal\" \/>\n<meta property=\"og:description\" content=\"O Manchester United venceu o Manchester City por 2-0 no d\u00e9rbi em Old Trafford, na estreia de Michael Carrick no comando. Gary Neville elogiou a performance, dizendo que foi uma das melhores j\u00e1 vistas no United e que o clube pode jogar assim no futebol moderno. Carrick posicionou Bruno Fernandes numa posi\u00e7\u00e3o mais avan\u00e7ada, perto da baliza, rotulando a sua forma de jogar como \u201cCantonesca\u201d e recebendo elogios pela organiza\u00e7\u00e3o t\u00e1tica. Fernandes viu o seu golo ser anulado por fora de jogo na primeira parte, e assistiu Mbeumo aos 65 minutos para o golo que abriu o marcador. Onze minutos depois, Matheus Cunha cruzou e Dorgu fechou o resultado em 2-0.\" \/>\n<meta property=\"og:url\" content=\"https:\/\/portaltela.pt\/noticias\/2026\/01\/18\/gary-neville-elogia-bruno-fernandes-em-versao-cantonesa-e-manda-recado-a-amorim\/\" \/>\n<meta property=\"og:site_name\" content=\"Portal Tela Portugal\" \/>\n<meta property=\"article:published_time\" content=\"2026-01-18T11:10:00+00:00\" \/>\n<meta name=\"author\" content=\"Telinha\" \/>\n<meta name=\"twitter:card\" content=\"summary_large_image\" \/>\n<meta name=\"twitter:label1\" content=\"Escrito por\" \/>\n\t<meta name=\"twitter:data1\" content=\"Telinha\" \/>\n\t<meta name=\"twitter:label2\" content=\"Tempo estimado de leitura\" \/>\n\t<meta name=\"twitter:data2\" content=\"1 minuto\" \/>\n<script type=\"application\/ld+json\" class=\"yoast-schema-graph\">{\"@context\":\"https:\/\/schema.org\",\"@graph\":[{\"@type\":\"Article\",\"@id\":\"https:\/\/portaltela.pt\/noticias\/2026\/01\/18\/gary-neville-elogia-bruno-fernandes-em-versao-cantonesa-e-manda-recado-a-amorim\/#article\",\"isPartOf\":{\"@id\":\"https:\/\/portaltela.pt\/noticias\/2026\/01\/18\/gary-neville-elogia-bruno-fernandes-em-versao-cantonesa-e-manda-recado-a-amorim\/\"},\"author\":{\"name\":\"Telinha\",\"@id\":\"https:\/\/portaltela.pt\/#\/schema\/person\/c4278d4a6028830caff9ee44b42d32ed\"},\"headline\":\"Gary Neville elogia Bruno Fernandes em vers\u00e3o cantonesa e manda recado a Amorim\",\"datePublished\":\"2026-01-18T11:10:00+00:00\",\"mainEntityOfPage\":{\"@id\":\"https:\/\/portaltela.pt\/noticias\/2026\/01\/18\/gary-neville-elogia-bruno-fernandes-em-versao-cantonesa-e-manda-recado-a-amorim\/\"},\"wordCount\":168,\"image\":{\"@id\":\"https:\/\/portaltela.pt\/noticias\/2026\/01\/18\/gary-neville-elogia-bruno-fernandes-em-versao-cantonesa-e-manda-recado-a-amorim\/#primaryimage\"},\"thumbnailUrl\":\"https:\/\/portaltela.pt\/s.01k8rhncp4jt1\/2026\/01\/img_920x518uu2026-01-18-11-09-37-2415500-im-639043314002732883.jpg\",\"keywords\":[\"Amorim\",\"Bruno Fernandes\",\"futebol\",\"futebol internacional\",\"Manchester City\"],\"articleSection\":[\"Desporto\",\"Futebol\"],\"inLanguage\":\"pt-PT\"},{\"@type\":\"WebPage\",\"@id\":\"https:\/\/portaltela.pt\/noticias\/2026\/01\/18\/gary-neville-elogia-bruno-fernandes-em-versao-cantonesa-e-manda-recado-a-amorim\/\",\"url\":\"https:\/\/portaltela.pt\/noticias\/2026\/01\/18\/gary-neville-elogia-bruno-fernandes-em-versao-cantonesa-e-manda-recado-a-amorim\/\",\"name\":\"Gary Neville elogia Bruno Fernandes em vers\u00e3o cantonesa e manda recado a Amorim - Portal Tela Portugal\",\"isPartOf\":{\"@id\":\"https:\/\/portaltela.pt\/#website\"},\"primaryImageOfPage\":{\"@id\":\"https:\/\/portaltela.pt\/noticias\/2026\/01\/18\/gary-neville-elogia-bruno-fernandes-em-versao-cantonesa-e-manda-recado-a-amorim\/#primaryimage\"},\"image\":{\"@id\":\"https:\/\/portaltela.pt\/noticias\/2026\/01\/18\/gary-neville-elogia-bruno-fernandes-em-versao-cantonesa-e-manda-recado-a-amorim\/#primaryimage\"},\"thumbnailUrl\":\"https:\/\/portaltela.pt\/s.01k8rhncp4jt1\/2026\/01\/img_920x518uu2026-01-18-11-09-37-2415500-im-639043314002732883.jpg\",\"datePublished\":\"2026-01-18T11:10:00+00:00\",\"author\":{\"@id\":\"https:\/\/portaltela.pt\/#\/schema\/person\/c4278d4a6028830caff9ee44b42d32ed\"},\"breadcrumb\":{\"@id\":\"https:\/\/portaltela.pt\/noticias\/2026\/01\/18\/gary-neville-elogia-bruno-fernandes-em-versao-cantonesa-e-manda-recado-a-amorim\/#breadcrumb\"},\"inLanguage\":\"pt-PT\",\"potentialAction\":[{\"@type\":\"ReadAction\",\"target\":[\"https:\/\/portaltela.pt\/noticias\/2026\/01\/18\/gary-neville-elogia-bruno-fernandes-em-versao-cantonesa-e-manda-recado-a-amorim\/\"]}]},{\"@type\":\"ImageObject\",\"inLanguage\":\"pt-PT\",\"@id\":\"https:\/\/portaltela.pt\/noticias\/2026\/01\/18\/gary-neville-elogia-bruno-fernandes-em-versao-cantonesa-e-manda-recado-a-amorim\/#primaryimage\",\"url\":\"https:\/\/portaltela.pt\/s.01k8rhncp4jt1\/2026\/01\/img_920x518uu2026-01-18-11-09-37-2415500-im-639043314002732883.jpg\",\"contentUrl\":\"https:\/\/portaltela.pt\/s.01k8rhncp4jt1\/2026\/01\/img_920x518uu2026-01-18-11-09-37-2415500-im-639043314002732883.jpg\",\"width\":796,\"height\":448,\"caption\":\"Bruno Fernandes no d\u00e9rbi United-City\"},{\"@type\":\"BreadcrumbList\",\"@id\":\"https:\/\/portaltela.pt\/noticias\/2026\/01\/18\/gary-neville-elogia-bruno-fernandes-em-versao-cantonesa-e-manda-recado-a-amorim\/#breadcrumb\",\"itemListElement\":[{\"@type\":\"ListItem\",\"position\":1,\"name\":\"In\u00edcio\",\"item\":\"https:\/\/portaltela.pt\/\"},{\"@type\":\"ListItem\",\"position\":2,\"name\":\"Gary Neville elogia Bruno Fernandes em vers\u00e3o cantonesa e manda recado a Amorim\"}]},{\"@type\":\"WebSite\",\"@id\":\"https:\/\/portaltela.pt\/#website\",\"url\":\"https:\/\/portaltela.pt\/\",\"name\":\"Portal Tela Portugal\",\"description\":\"\",\"potentialAction\":[{\"@type\":\"SearchAction\",\"target\":{\"@type\":\"EntryPoint\",\"urlTemplate\":\"https:\/\/portaltela.pt\/?s={search_term_string}\"},\"query-input\":{\"@type\":\"PropertyValueSpecification\",\"valueRequired\":true,\"valueName\":\"search_term_string\"}}],\"inLanguage\":\"pt-PT\"},{\"@type\":\"Person\",\"@id\":\"https:\/\/portaltela.pt\/#\/schema\/person\/c4278d4a6028830caff9ee44b42d32ed\",\"name\":\"Telinha\",\"image\":{\"@type\":\"ImageObject\",\"inLanguage\":\"pt-PT\",\"@id\":\"https:\/\/portaltela.pt\/s.01k8rhncp4jt1\/2025\/11\/talking-bot-125x125.png\",\"url\":\"https:\/\/portaltela.pt\/s.01k8rhncp4jt1\/2025\/11\/talking-bot-125x125.png\",\"contentUrl\":\"https:\/\/portaltela.pt\/s.01k8rhncp4jt1\/2025\/11\/talking-bot-125x125.png\",\"caption\":\"Telinha\"},\"sameAs\":[\"https:\/\/portaltela.pt\/\"],\"url\":\"https:\/\/portaltela.pt\/por\/367410592786\/\"}]}<\/script>\n<!-- \/ Yoast SEO plugin. -->","yoast_head_json":{"title":"Gary Neville elogia Bruno Fernandes em vers\u00e3o cantonesa e manda recado a Amorim - Portal Tela Portugal","robots":{"index":"index","follow":"follow","max-snippet":"max-snippet:-1","max-image-preview":"max-image-preview:large","max-video-preview":"max-video-preview:-1"},"og_locale":"pt_PT","og_type":"article","og_title":"Gary Neville elogia Bruno Fernandes em vers\u00e3o cantonesa e manda recado a Amorim - Portal Tela Portugal","og_description":"O Manchester United venceu o Manchester City por 2-0 no d\u00e9rbi em Old Trafford, na estreia de Michael Carrick no comando. Gary Neville elogiou a performance, dizendo que foi uma das melhores j\u00e1 vistas no United e que o clube pode jogar assim no futebol moderno. Carrick posicionou Bruno Fernandes numa posi\u00e7\u00e3o mais avan\u00e7ada, perto da baliza, rotulando a sua forma de jogar como \u201cCantonesca\u201d e recebendo elogios pela organiza\u00e7\u00e3o t\u00e1tica. Fernandes viu o seu golo ser anulado por fora de jogo na primeira parte, e assistiu Mbeumo aos 65 minutos para o golo que abriu o marcador. Onze minutos depois, Matheus Cunha cruzou e Dorgu fechou o resultado em 2-0.","og_url":"https:\/\/portaltela.pt\/noticias\/2026\/01\/18\/gary-neville-elogia-bruno-fernandes-em-versao-cantonesa-e-manda-recado-a-amorim\/","og_site_name":"Portal Tela Portugal","article_published_time":"2026-01-18T11:10:00+00:00","author":"Telinha","twitter_card":"summary_large_image","twitter_misc":{"Escrito por":"Telinha","Tempo estimado de leitura":"1 minuto"},"schema":{"@context":"https:\/\/schema.org","@graph":[{"@type":"Article","@id":"https:\/\/portaltela.pt\/noticias\/2026\/01\/18\/gary-neville-elogia-bruno-fernandes-em-versao-cantonesa-e-manda-recado-a-amorim\/#article","isPartOf":{"@id":"https:\/\/portaltela.pt\/noticias\/2026\/01\/18\/gary-neville-elogia-bruno-fernandes-em-versao-cantonesa-e-manda-recado-a-amorim\/"},"author":{"name":"Telinha","@id":"https:\/\/portaltela.pt\/#\/schema\/person\/c4278d4a6028830caff9ee44b42d32ed"},"headline":"Gary Neville elogia Bruno Fernandes em vers\u00e3o cantonesa e manda recado a Amorim","datePublished":"2026-01-18T11:10:00+00:00","mainEntityOfPage":{"@id":"https:\/\/portaltela.pt\/noticias\/2026\/01\/18\/gary-neville-elogia-bruno-fernandes-em-versao-cantonesa-e-manda-recado-a-amorim\/"},"wordCount":168,"image":{"@id":"https:\/\/portaltela.pt\/noticias\/2026\/01\/18\/gary-neville-elogia-bruno-fernandes-em-versao-cantonesa-e-manda-recado-a-amorim\/#primaryimage"},"thumbnailUrl":"https:\/\/portaltela.pt\/s.01k8rhncp4jt1\/2026\/01\/img_920x518uu2026-01-18-11-09-37-2415500-im-639043314002732883.jpg","keywords":["Amorim","Bruno Fernandes","futebol","futebol internacional","Manchester City"],"articleSection":["Desporto","Futebol"],"inLanguage":"pt-PT"},{"@type":"WebPage","@id":"https:\/\/portaltela.pt\/noticias\/2026\/01\/18\/gary-neville-elogia-bruno-fernandes-em-versao-cantonesa-e-manda-recado-a-amorim\/","url":"https:\/\/portaltela.pt\/noticias\/2026\/01\/18\/gary-neville-elogia-bruno-fernandes-em-versao-cantonesa-e-manda-recado-a-amorim\/","name":"Gary Neville elogia Bruno Fernandes em vers\u00e3o cantonesa e manda recado a Amorim - Portal Tela Portugal","isPartOf":{"@id":"https:\/\/portaltela.pt\/#website"},"primaryImageOfPage":{"@id":"https:\/\/portaltela.pt\/noticias\/2026\/01\/18\/gary-neville-elogia-bruno-fernandes-em-versao-cantonesa-e-manda-recado-a-amorim\/#primaryimage"},"image":{"@id":"https:\/\/portaltela.pt\/noticias\/2026\/01\/18\/gary-neville-elogia-bruno-fernandes-em-versao-cantonesa-e-manda-recado-a-amorim\/#primaryimage"},"thumbnailUrl":"https:\/\/portaltela.pt\/s.01k8rhncp4jt1\/2026\/01\/img_920x518uu2026-01-18-11-09-37-2415500-im-639043314002732883.jpg","datePublished":"2026-01-18T11:10:00+00:00","author":{"@id":"https:\/\/portaltela.pt\/#\/schema\/person\/c4278d4a6028830caff9ee44b42d32ed"},"breadcrumb":{"@id":"https:\/\/portaltela.pt\/noticias\/2026\/01\/18\/gary-neville-elogia-bruno-fernandes-em-versao-cantonesa-e-manda-recado-a-amorim\/#breadcrumb"},"inLanguage":"pt-PT","potentialAction":[{"@type":"ReadAction","target":["https:\/\/portaltela.pt\/noticias\/2026\/01\/18\/gary-neville-elogia-bruno-fernandes-em-versao-cantonesa-e-manda-recado-a-amorim\/"]}]},{"@type":"ImageObject","inLanguage":"pt-PT","@id":"https:\/\/portaltela.pt\/noticias\/2026\/01\/18\/gary-neville-elogia-bruno-fernandes-em-versao-cantonesa-e-manda-recado-a-amorim\/#primaryimage","url":"https:\/\/portaltela.pt\/s.01k8rhncp4jt1\/2026\/01\/img_920x518uu2026-01-18-11-09-37-2415500-im-639043314002732883.jpg","contentUrl":"https:\/\/portaltela.pt\/s.01k8rhncp4jt1\/2026\/01\/img_920x518uu2026-01-18-11-09-37-2415500-im-639043314002732883.jpg","width":796,"height":448,"caption":"Bruno Fernandes no d\u00e9rbi United-City"},{"@type":"BreadcrumbList","@id":"https:\/\/portaltela.pt\/noticias\/2026\/01\/18\/gary-neville-elogia-bruno-fernandes-em-versao-cantonesa-e-manda-recado-a-amorim\/#breadcrumb","itemListElement":[{"@type":"ListItem","position":1,"name":"In\u00edcio","item":"https:\/\/portaltela.pt\/"},{"@type":"ListItem","position":2,"name":"Gary Neville elogia Bruno Fernandes em vers\u00e3o cantonesa e manda recado a Amorim"}]},{"@type":"WebSite","@id":"https:\/\/portaltela.pt\/#website","url":"https:\/\/portaltela.pt\/","name":"Portal Tela Portugal","description":"","potentialAction":[{"@type":"SearchAction","target":{"@type":"EntryPoint","urlTemplate":"https:\/\/portaltela.pt\/?s={search_term_string}"},"query-input":{"@type":"PropertyValueSpecification","valueRequired":true,"valueName":"search_term_string"}}],"inLanguage":"pt-PT"},{"@type":"Person","@id":"https:\/\/portaltela.pt\/#\/schema\/person\/c4278d4a6028830caff9ee44b42d32ed","name":"Telinha","image":{"@type":"ImageObject","inLanguage":"pt-PT","@id":"https:\/\/portaltela.pt\/s.01k8rhncp4jt1\/2025\/11\/talking-bot-125x125.png","url":"https:\/\/portaltela.pt\/s.01k8rhncp4jt1\/2025\/11\/talking-bot-125x125.png","contentUrl":"https:\/\/portaltela.pt\/s.01k8rhncp4jt1\/2025\/11\/talking-bot-125x125.png","caption":"Telinha"},"sameAs":["https:\/\/portaltela.pt\/"],"url":"https:\/\/portaltela.pt\/por\/367410592786\/"}]}},"_links":{"self":[{"href":"https:\/\/portaltela.pt\/api\/wp\/v2\/posts\/149779","targetHints":{"allow":["GET"]}}],"collection":[{"href":"https:\/\/portaltela.pt\/api\/wp\/v2\/posts"}],"about":[{"href":"https:\/\/portaltela.pt\/api\/wp\/v2\/types\/post"}],"author":[{"embeddable":true,"href":"https:\/\/portaltela.pt\/api\/wp\/v2\/users\/2"}],"replies":[{"embeddable":true,"href":"https:\/\/portaltela.pt\/api\/wp\/v2\/comments?post=149779"}],"version-history":[{"count":0,"href":"https:\/\/portaltela.pt\/api\/wp\/v2\/posts\/149779\/revisions"}],"wp:featuredmedia":[{"embeddable":true,"href":"https:\/\/portaltela.pt\/api\/wp\/v2\/media\/149780"}],"wp:attachment":[{"href":"https:\/\/portaltela.pt\/api\/wp\/v2\/media?parent=149779"}],"wp:term":[{"taxonomy":"category","embeddable":true,"href":"https:\/\/portaltela.pt\/api\/wp\/v2\/categories?post=149779"},{"taxonomy":"post_tag","embeddable":true,"href":"https:\/\/portaltela.pt\/api\/wp\/v2\/tags?post=149779"}],"curies":[{"name":"wp","href":"https:\/\/api.w.org\/{rel}","templated":true}]}}