{"id":149763,"date":"2026-01-18T07:27:00","date_gmt":"2026-01-18T10:27:00","guid":{"rendered":"https:\/\/portaltela.pt\/noticias\/2026\/01\/18\/bernabeu-nao-perdoou-vinicius-reacoes-do-jogador-videos\/"},"modified":"2026-01-18T07:27:00","modified_gmt":"2026-01-18T10:27:00","slug":"bernabeu-nao-perdoou-vinicius-reacoes-do-jogador-videos","status":"publish","type":"post","link":"https:\/\/portaltela.pt\/desporto\/futebol\/2026\/01\/18\/bernabeu-nao-perdoou-vinicius-reacoes-do-jogador-videos\/","title":{"rendered":"Bernab\u00e9u n\u00e3o perdoou Vin\u00edcius: rea\u00e7\u00f5es do jogador (v\u00eddeos)"},"content":{"rendered":"<p>Vin\u00edcius J\u00fanior foi alvo de assobios consistentes no Bernab\u00e9u durante a vit\u00f3ria do Real Madrid sobre o Levante (2-0), disputada neste s\u00e1bado. O brasileiro mostrou-se visivelmente afetado, com gestos percept\u00edveis antes do apito inicial e j\u00e1 ap\u00f3s o final do jogo. Outros jogadores, como Jude Bellingham e Federico Valverde, tamb\u00e9m foram vaiados, mas o ataque aos f\u00e3s recaiu de forma mais intensa sobre Vin\u00edcius devido a tens\u00f5es j\u00e1 existentes no clube.<\/p>\n<p>Os epis\u00f3dios arrancaram ainda antes do in\u00edcio da partida, com o nome do jogador a ecoar no est\u00e1dio durante a apresenta\u00e7\u00e3o e no aquecimento. Imagens de bastidores mostram Vin\u00edcius sentado nos degraus do t\u00fanel, visivelmente triste, com Mbapp\u00e9 a tentar acalm\u00e1-lo e o preparador f\u00edsico Antonio Pintus a aproximar-se para o apoiar.<\/p>\n<p>Ao longo dos 90 minutos, a contesta\u00e7\u00e3o manteve-se e, no final, o avan\u00e7ado dirigiu-se rapidamente para os balne\u00e1rios, com os restantes companheiros a agradecerem aos adeptos. A press\u00e3o entre a dire\u00e7\u00e3o do clube aumentou, j\u00e1 que alguns torcedores pediram a demiss\u00e3o do presidente Florentino P\u00e9rez.<\/p>\n<h3>Rea\u00e7\u00e3o e defesa do grupo<\/h3>\n<p>Depois do encontro, o treinador \u00c1lvaro Arbeloa defendeu Vin\u00edcius, destacando o papel do jogador na hist\u00f3ria recente do clube. Arbeloa elogiou as conquistas de Vin\u00edcius e afirmou que ele continua a ser parte integrante da equipa, prometendo trabalho para o recuperar a forma. O t\u00e9cnico sublinhou que a equipa precisa de apoiar o brasileiro para retomar o desempenho que j\u00e1 demonstrou em momentos decisivos.<\/p>\n","protected":false},"excerpt":{"rendered":"<ul>\n<li>Vin\u00edcius J\u00fanior foi um dos principais alvos de vaias no Bernab\u00e9u, na vit\u00f3ria do Real Madrid sobre o Levante (2-0), com gestos vis\u00edveis de abalo.<\/li>\n<li>A onda de vaias atingiu tamb\u00e9m Bellingham e Valverde, mas Vin\u00edcius sofreu as cr\u00edticas com maior intensidade.<\/li>\n<li>A insatisfa\u00e7\u00e3o j\u00e1 come\u00e7ou antes do jogo, com o an\u00fancio do nome do brasileiro e durante o aquecimento.<\/li>\n<li>Vin\u00edcius apareceu abatido no t\u00fanel antes da partida, sendo consolado por Mbapp\u00e9 e pelo preparador f\u00edsico; ap\u00f3s o jogo dirigiu-se apressadamente aos balne\u00e1rios.<\/li>\n<li>O clube manifestou desconforto com a rea\u00e7\u00e3o, com o treinador \u00c1lvaro Arbeloa a defender o jogador e a prometer apoio para que recupere a forma.<\/li>\n<\/ul>\n","protected":false},"author":2,"featured_media":149764,"comment_status":"closed","ping_status":"closed","sticky":false,"template":"","format":"standard","meta":{"footnotes":""},"categories":[21,24],"tags":[2955,32,2967,3322,2714,2265],"class_list":["post-149763","post","type-post","status-publish","format-standard","has-post-thumbnail","hentry","category-desporto","category-futebol","tag-alvaro-arbeloa","tag-futebol","tag-jude-bellingham","tag-levante","tag-real-madrid","tag-vinicius-junior"],"yoast_head":"<!-- This site is optimized with the Yoast SEO plugin v27.2 - https:\/\/yoast.com\/product\/yoast-seo-wordpress\/ -->\n<title>Bernab\u00e9u n\u00e3o perdoou Vin\u00edcius: rea\u00e7\u00f5es do jogador (v\u00eddeos) - Portal Tela Portugal<\/title>\n<meta name=\"robots\" content=\"index, follow, max-snippet:-1, max-image-preview:large, max-video-preview:-1\" \/>\n<meta property=\"og:locale\" content=\"pt_PT\" \/>\n<meta property=\"og:type\" content=\"article\" \/>\n<meta property=\"og:title\" content=\"Bernab\u00e9u n\u00e3o perdoou Vin\u00edcius: rea\u00e7\u00f5es do jogador (v\u00eddeos) - Portal Tela Portugal\" \/>\n<meta property=\"og:description\" content=\"Vin\u00edcius J\u00fanior foi um dos principais alvos de vaias no Bernab\u00e9u, na vit\u00f3ria do Real Madrid sobre o Levante (2-0), com gestos vis\u00edveis de abalo. A onda de vaias atingiu tamb\u00e9m Bellingham e Valverde, mas Vin\u00edcius sofreu as cr\u00edticas com maior intensidade. A insatisfa\u00e7\u00e3o j\u00e1 come\u00e7ou antes do jogo, com o an\u00fancio do nome do brasileiro e durante o aquecimento. Vin\u00edcius apareceu abatido no t\u00fanel antes da partida, sendo consolado por Mbapp\u00e9 e pelo preparador f\u00edsico; ap\u00f3s o jogo dirigiu-se apressadamente aos balne\u00e1rios. O clube manifestou desconforto com a rea\u00e7\u00e3o, com o treinador \u00c1lvaro Arbeloa a defender o jogador e a prometer apoio para que recupere a forma.\" \/>\n<meta property=\"og:url\" content=\"https:\/\/portaltela.pt\/noticias\/2026\/01\/18\/bernabeu-nao-perdoou-vinicius-reacoes-do-jogador-videos\/\" \/>\n<meta property=\"og:site_name\" content=\"Portal Tela Portugal\" \/>\n<meta property=\"article:published_time\" content=\"2026-01-18T10:27:00+00:00\" \/>\n<meta name=\"author\" content=\"Telinha\" \/>\n<meta name=\"twitter:card\" content=\"summary_large_image\" \/>\n<meta name=\"twitter:label1\" content=\"Escrito por\" \/>\n\t<meta name=\"twitter:data1\" content=\"Telinha\" \/>\n\t<meta name=\"twitter:label2\" content=\"Tempo estimado de leitura\" \/>\n\t<meta name=\"twitter:data2\" content=\"1 minuto\" \/>\n<script type=\"application\/ld+json\" class=\"yoast-schema-graph\">{\"@context\":\"https:\/\/schema.org\",\"@graph\":[{\"@type\":\"Article\",\"@id\":\"https:\/\/portaltela.pt\/noticias\/2026\/01\/18\/bernabeu-nao-perdoou-vinicius-reacoes-do-jogador-videos\/#article\",\"isPartOf\":{\"@id\":\"https:\/\/portaltela.pt\/noticias\/2026\/01\/18\/bernabeu-nao-perdoou-vinicius-reacoes-do-jogador-videos\/\"},\"author\":{\"name\":\"Telinha\",\"@id\":\"https:\/\/portaltela.pt\/#\/schema\/person\/c4278d4a6028830caff9ee44b42d32ed\"},\"headline\":\"Bernab\u00e9u n\u00e3o perdoou Vin\u00edcius: rea\u00e7\u00f5es do jogador (v\u00eddeos)\",\"datePublished\":\"2026-01-18T10:27:00+00:00\",\"mainEntityOfPage\":{\"@id\":\"https:\/\/portaltela.pt\/noticias\/2026\/01\/18\/bernabeu-nao-perdoou-vinicius-reacoes-do-jogador-videos\/\"},\"wordCount\":280,\"image\":{\"@id\":\"https:\/\/portaltela.pt\/noticias\/2026\/01\/18\/bernabeu-nao-perdoou-vinicius-reacoes-do-jogador-videos\/#primaryimage\"},\"thumbnailUrl\":\"https:\/\/portaltela.pt\/s.01k8rhncp4jt1\/2026\/01\/1807a09e-8ab5-4fc2-8ebf-4fd99b99e410.jpg\",\"keywords\":[\"\u00c1lvaro Arbeloa\",\"futebol\",\"Jude Bellingham\",\"Levante\",\"Real Madrid\",\"Vin\u00edcius J\u00fanior\"],\"articleSection\":[\"Desporto\",\"Futebol\"],\"inLanguage\":\"pt-PT\"},{\"@type\":\"WebPage\",\"@id\":\"https:\/\/portaltela.pt\/noticias\/2026\/01\/18\/bernabeu-nao-perdoou-vinicius-reacoes-do-jogador-videos\/\",\"url\":\"https:\/\/portaltela.pt\/noticias\/2026\/01\/18\/bernabeu-nao-perdoou-vinicius-reacoes-do-jogador-videos\/\",\"name\":\"Bernab\u00e9u n\u00e3o perdoou Vin\u00edcius: rea\u00e7\u00f5es do jogador (v\u00eddeos) - Portal Tela Portugal\",\"isPartOf\":{\"@id\":\"https:\/\/portaltela.pt\/#website\"},\"primaryImageOfPage\":{\"@id\":\"https:\/\/portaltela.pt\/noticias\/2026\/01\/18\/bernabeu-nao-perdoou-vinicius-reacoes-do-jogador-videos\/#primaryimage\"},\"image\":{\"@id\":\"https:\/\/portaltela.pt\/noticias\/2026\/01\/18\/bernabeu-nao-perdoou-vinicius-reacoes-do-jogador-videos\/#primaryimage\"},\"thumbnailUrl\":\"https:\/\/portaltela.pt\/s.01k8rhncp4jt1\/2026\/01\/1807a09e-8ab5-4fc2-8ebf-4fd99b99e410.jpg\",\"datePublished\":\"2026-01-18T10:27:00+00:00\",\"author\":{\"@id\":\"https:\/\/portaltela.pt\/#\/schema\/person\/c4278d4a6028830caff9ee44b42d32ed\"},\"breadcrumb\":{\"@id\":\"https:\/\/portaltela.pt\/noticias\/2026\/01\/18\/bernabeu-nao-perdoou-vinicius-reacoes-do-jogador-videos\/#breadcrumb\"},\"inLanguage\":\"pt-PT\",\"potentialAction\":[{\"@type\":\"ReadAction\",\"target\":[\"https:\/\/portaltela.pt\/noticias\/2026\/01\/18\/bernabeu-nao-perdoou-vinicius-reacoes-do-jogador-videos\/\"]}]},{\"@type\":\"ImageObject\",\"inLanguage\":\"pt-PT\",\"@id\":\"https:\/\/portaltela.pt\/noticias\/2026\/01\/18\/bernabeu-nao-perdoou-vinicius-reacoes-do-jogador-videos\/#primaryimage\",\"url\":\"https:\/\/portaltela.pt\/s.01k8rhncp4jt1\/2026\/01\/1807a09e-8ab5-4fc2-8ebf-4fd99b99e410.jpg\",\"contentUrl\":\"https:\/\/portaltela.pt\/s.01k8rhncp4jt1\/2026\/01\/1807a09e-8ab5-4fc2-8ebf-4fd99b99e410.jpg\",\"width\":796,\"height\":448,\"caption\":\"Vin\u00edcius Jr. foi muito assobiado frente ao Levante\"},{\"@type\":\"BreadcrumbList\",\"@id\":\"https:\/\/portaltela.pt\/noticias\/2026\/01\/18\/bernabeu-nao-perdoou-vinicius-reacoes-do-jogador-videos\/#breadcrumb\",\"itemListElement\":[{\"@type\":\"ListItem\",\"position\":1,\"name\":\"In\u00edcio\",\"item\":\"https:\/\/portaltela.pt\/\"},{\"@type\":\"ListItem\",\"position\":2,\"name\":\"Bernab\u00e9u n\u00e3o perdoou Vin\u00edcius: rea\u00e7\u00f5es do jogador (v\u00eddeos)\"}]},{\"@type\":\"WebSite\",\"@id\":\"https:\/\/portaltela.pt\/#website\",\"url\":\"https:\/\/portaltela.pt\/\",\"name\":\"Portal Tela Portugal\",\"description\":\"\",\"potentialAction\":[{\"@type\":\"SearchAction\",\"target\":{\"@type\":\"EntryPoint\",\"urlTemplate\":\"https:\/\/portaltela.pt\/?s={search_term_string}\"},\"query-input\":{\"@type\":\"PropertyValueSpecification\",\"valueRequired\":true,\"valueName\":\"search_term_string\"}}],\"inLanguage\":\"pt-PT\"},{\"@type\":\"Person\",\"@id\":\"https:\/\/portaltela.pt\/#\/schema\/person\/c4278d4a6028830caff9ee44b42d32ed\",\"name\":\"Telinha\",\"image\":{\"@type\":\"ImageObject\",\"inLanguage\":\"pt-PT\",\"@id\":\"https:\/\/portaltela.pt\/s.01k8rhncp4jt1\/2025\/11\/talking-bot-125x125.png\",\"url\":\"https:\/\/portaltela.pt\/s.01k8rhncp4jt1\/2025\/11\/talking-bot-125x125.png\",\"contentUrl\":\"https:\/\/portaltela.pt\/s.01k8rhncp4jt1\/2025\/11\/talking-bot-125x125.png\",\"caption\":\"Telinha\"},\"sameAs\":[\"https:\/\/portaltela.pt\/\"],\"url\":\"https:\/\/portaltela.pt\/por\/367410592786\/\"}]}<\/script>\n<!-- \/ Yoast SEO plugin. -->","yoast_head_json":{"title":"Bernab\u00e9u n\u00e3o perdoou Vin\u00edcius: rea\u00e7\u00f5es do jogador (v\u00eddeos) - Portal Tela Portugal","robots":{"index":"index","follow":"follow","max-snippet":"max-snippet:-1","max-image-preview":"max-image-preview:large","max-video-preview":"max-video-preview:-1"},"og_locale":"pt_PT","og_type":"article","og_title":"Bernab\u00e9u n\u00e3o perdoou Vin\u00edcius: rea\u00e7\u00f5es do jogador (v\u00eddeos) - Portal Tela Portugal","og_description":"Vin\u00edcius J\u00fanior foi um dos principais alvos de vaias no Bernab\u00e9u, na vit\u00f3ria do Real Madrid sobre o Levante (2-0), com gestos vis\u00edveis de abalo. A onda de vaias atingiu tamb\u00e9m Bellingham e Valverde, mas Vin\u00edcius sofreu as cr\u00edticas com maior intensidade. A insatisfa\u00e7\u00e3o j\u00e1 come\u00e7ou antes do jogo, com o an\u00fancio do nome do brasileiro e durante o aquecimento. Vin\u00edcius apareceu abatido no t\u00fanel antes da partida, sendo consolado por Mbapp\u00e9 e pelo preparador f\u00edsico; ap\u00f3s o jogo dirigiu-se apressadamente aos balne\u00e1rios. O clube manifestou desconforto com a rea\u00e7\u00e3o, com o treinador \u00c1lvaro Arbeloa a defender o jogador e a prometer apoio para que recupere a forma.","og_url":"https:\/\/portaltela.pt\/noticias\/2026\/01\/18\/bernabeu-nao-perdoou-vinicius-reacoes-do-jogador-videos\/","og_site_name":"Portal Tela Portugal","article_published_time":"2026-01-18T10:27:00+00:00","author":"Telinha","twitter_card":"summary_large_image","twitter_misc":{"Escrito por":"Telinha","Tempo estimado de leitura":"1 minuto"},"schema":{"@context":"https:\/\/schema.org","@graph":[{"@type":"Article","@id":"https:\/\/portaltela.pt\/noticias\/2026\/01\/18\/bernabeu-nao-perdoou-vinicius-reacoes-do-jogador-videos\/#article","isPartOf":{"@id":"https:\/\/portaltela.pt\/noticias\/2026\/01\/18\/bernabeu-nao-perdoou-vinicius-reacoes-do-jogador-videos\/"},"author":{"name":"Telinha","@id":"https:\/\/portaltela.pt\/#\/schema\/person\/c4278d4a6028830caff9ee44b42d32ed"},"headline":"Bernab\u00e9u n\u00e3o perdoou Vin\u00edcius: rea\u00e7\u00f5es do jogador (v\u00eddeos)","datePublished":"2026-01-18T10:27:00+00:00","mainEntityOfPage":{"@id":"https:\/\/portaltela.pt\/noticias\/2026\/01\/18\/bernabeu-nao-perdoou-vinicius-reacoes-do-jogador-videos\/"},"wordCount":280,"image":{"@id":"https:\/\/portaltela.pt\/noticias\/2026\/01\/18\/bernabeu-nao-perdoou-vinicius-reacoes-do-jogador-videos\/#primaryimage"},"thumbnailUrl":"https:\/\/portaltela.pt\/s.01k8rhncp4jt1\/2026\/01\/1807a09e-8ab5-4fc2-8ebf-4fd99b99e410.jpg","keywords":["\u00c1lvaro Arbeloa","futebol","Jude Bellingham","Levante","Real Madrid","Vin\u00edcius J\u00fanior"],"articleSection":["Desporto","Futebol"],"inLanguage":"pt-PT"},{"@type":"WebPage","@id":"https:\/\/portaltela.pt\/noticias\/2026\/01\/18\/bernabeu-nao-perdoou-vinicius-reacoes-do-jogador-videos\/","url":"https:\/\/portaltela.pt\/noticias\/2026\/01\/18\/bernabeu-nao-perdoou-vinicius-reacoes-do-jogador-videos\/","name":"Bernab\u00e9u n\u00e3o perdoou Vin\u00edcius: rea\u00e7\u00f5es do jogador (v\u00eddeos) - Portal Tela Portugal","isPartOf":{"@id":"https:\/\/portaltela.pt\/#website"},"primaryImageOfPage":{"@id":"https:\/\/portaltela.pt\/noticias\/2026\/01\/18\/bernabeu-nao-perdoou-vinicius-reacoes-do-jogador-videos\/#primaryimage"},"image":{"@id":"https:\/\/portaltela.pt\/noticias\/2026\/01\/18\/bernabeu-nao-perdoou-vinicius-reacoes-do-jogador-videos\/#primaryimage"},"thumbnailUrl":"https:\/\/portaltela.pt\/s.01k8rhncp4jt1\/2026\/01\/1807a09e-8ab5-4fc2-8ebf-4fd99b99e410.jpg","datePublished":"2026-01-18T10:27:00+00:00","author":{"@id":"https:\/\/portaltela.pt\/#\/schema\/person\/c4278d4a6028830caff9ee44b42d32ed"},"breadcrumb":{"@id":"https:\/\/portaltela.pt\/noticias\/2026\/01\/18\/bernabeu-nao-perdoou-vinicius-reacoes-do-jogador-videos\/#breadcrumb"},"inLanguage":"pt-PT","potentialAction":[{"@type":"ReadAction","target":["https:\/\/portaltela.pt\/noticias\/2026\/01\/18\/bernabeu-nao-perdoou-vinicius-reacoes-do-jogador-videos\/"]}]},{"@type":"ImageObject","inLanguage":"pt-PT","@id":"https:\/\/portaltela.pt\/noticias\/2026\/01\/18\/bernabeu-nao-perdoou-vinicius-reacoes-do-jogador-videos\/#primaryimage","url":"https:\/\/portaltela.pt\/s.01k8rhncp4jt1\/2026\/01\/1807a09e-8ab5-4fc2-8ebf-4fd99b99e410.jpg","contentUrl":"https:\/\/portaltela.pt\/s.01k8rhncp4jt1\/2026\/01\/1807a09e-8ab5-4fc2-8ebf-4fd99b99e410.jpg","width":796,"height":448,"caption":"Vin\u00edcius Jr. foi muito assobiado frente ao Levante"},{"@type":"BreadcrumbList","@id":"https:\/\/portaltela.pt\/noticias\/2026\/01\/18\/bernabeu-nao-perdoou-vinicius-reacoes-do-jogador-videos\/#breadcrumb","itemListElement":[{"@type":"ListItem","position":1,"name":"In\u00edcio","item":"https:\/\/portaltela.pt\/"},{"@type":"ListItem","position":2,"name":"Bernab\u00e9u n\u00e3o perdoou Vin\u00edcius: rea\u00e7\u00f5es do jogador (v\u00eddeos)"}]},{"@type":"WebSite","@id":"https:\/\/portaltela.pt\/#website","url":"https:\/\/portaltela.pt\/","name":"Portal Tela Portugal","description":"","potentialAction":[{"@type":"SearchAction","target":{"@type":"EntryPoint","urlTemplate":"https:\/\/portaltela.pt\/?s={search_term_string}"},"query-input":{"@type":"PropertyValueSpecification","valueRequired":true,"valueName":"search_term_string"}}],"inLanguage":"pt-PT"},{"@type":"Person","@id":"https:\/\/portaltela.pt\/#\/schema\/person\/c4278d4a6028830caff9ee44b42d32ed","name":"Telinha","image":{"@type":"ImageObject","inLanguage":"pt-PT","@id":"https:\/\/portaltela.pt\/s.01k8rhncp4jt1\/2025\/11\/talking-bot-125x125.png","url":"https:\/\/portaltela.pt\/s.01k8rhncp4jt1\/2025\/11\/talking-bot-125x125.png","contentUrl":"https:\/\/portaltela.pt\/s.01k8rhncp4jt1\/2025\/11\/talking-bot-125x125.png","caption":"Telinha"},"sameAs":["https:\/\/portaltela.pt\/"],"url":"https:\/\/portaltela.pt\/por\/367410592786\/"}]}},"_links":{"self":[{"href":"https:\/\/portaltela.pt\/api\/wp\/v2\/posts\/149763","targetHints":{"allow":["GET"]}}],"collection":[{"href":"https:\/\/portaltela.pt\/api\/wp\/v2\/posts"}],"about":[{"href":"https:\/\/portaltela.pt\/api\/wp\/v2\/types\/post"}],"author":[{"embeddable":true,"href":"https:\/\/portaltela.pt\/api\/wp\/v2\/users\/2"}],"replies":[{"embeddable":true,"href":"https:\/\/portaltela.pt\/api\/wp\/v2\/comments?post=149763"}],"version-history":[{"count":0,"href":"https:\/\/portaltela.pt\/api\/wp\/v2\/posts\/149763\/revisions"}],"wp:featuredmedia":[{"embeddable":true,"href":"https:\/\/portaltela.pt\/api\/wp\/v2\/media\/149764"}],"wp:attachment":[{"href":"https:\/\/portaltela.pt\/api\/wp\/v2\/media?parent=149763"}],"wp:term":[{"taxonomy":"category","embeddable":true,"href":"https:\/\/portaltela.pt\/api\/wp\/v2\/categories?post=149763"},{"taxonomy":"post_tag","embeddable":true,"href":"https:\/\/portaltela.pt\/api\/wp\/v2\/tags?post=149763"}],"curies":[{"name":"wp","href":"https:\/\/api.w.org\/{rel}","templated":true}]}}