{"id":149707,"date":"2026-01-18T07:19:57","date_gmt":"2026-01-18T10:19:57","guid":{"rendered":"https:\/\/portaltela.pt\/noticias\/2026\/01\/18\/detido-pela-psp-pelo-furto-de-espingarda-g3-no-museu-do-combatente-lisboa\/"},"modified":"2026-01-18T07:19:57","modified_gmt":"2026-01-18T10:19:57","slug":"detido-pela-psp-pelo-furto-de-espingarda-g3-no-museu-do-combatente-lisboa","status":"publish","type":"post","link":"https:\/\/portaltela.pt\/noticias\/2026\/01\/18\/detido-pela-psp-pelo-furto-de-espingarda-g3-no-museu-do-combatente-lisboa\/","title":{"rendered":"Detido pela PSP pelo furto de espingarda G3 no Museu do Combatente, Lisboa"},"content":{"rendered":"<p>A PSP recuperou na sexta-feira uma espingarda de assalto G3 furtada do Museu do Combatente, em Bel\u00e9m, Lisboa. A arma, semelhante \u00e0quelas usadas pelo Ex\u00e9rcito desde os anos 1960, foi furtada no dia 9. A PSP atuou para impedir que fosse vendida no mercado negro ou usada em crimes.<\/p>\n<p>A investiga\u00e7\u00e3o come\u00e7ou com alertas desta equipa do museu e an\u00e1lise de videovigil\u00e2ncia. A liga\u00e7\u00e3o entre s\u00edmbolos ostentados pelo suspeito permitiu identificar o homem.<\/p>\n<p>No Seixal, numa opera\u00e7\u00e3o de busca \u00e0 casa do suspeito, residente naquela regi\u00e3o, foi poss\u00edvel recuperar a arma e entreg\u00e1-la \u00e0 guarda da PSP. A arma ficar\u00e1 sob inspe\u00e7\u00e3o judici\u00e1ria at\u00e9 ser devolvida ao Museu do Combatente.<\/p>\n<p>O suspeito, de 23 anos e sem antecedentes criminais, foi constitu\u00eddo arguido. A PSP n\u00e3o divulgou mais detalhes sobre eventuais medidas de apresenta\u00e7\u00e3o a tribunal.<\/p>\n","protected":false},"excerpt":{"rendered":"<ul>\n<li>A PSP recuperou, na sexta-feira, uma espingarda de assalto G3 furtada do Museu do Combatente, em Bel\u00e9m.<\/li>\n<li>O furto ocorreu no dia nove, e o inqu\u00e9rito foi aberto pela Divis\u00e3o de Investiga\u00e7\u00e3o Criminal da PSP de Lisboa ap\u00f3s alerta dos funcion\u00e1rios do museu.<\/li>\n<li>A investiga\u00e7\u00e3o baseou-se em videovigil\u00e2ncia e na identifica\u00e7\u00e3o do suspeito por s\u00edmbolos, permitindo localiz\u00e1-lo.<\/li>\n<li>Numa busca \u00e0 sua casa, no Seixal, a arma foi apreendida e ficar\u00e1 sob guarda da PSP para inspe\u00e7\u00e3o judici\u00e1ria, com devolu\u00e7\u00e3o prevista ao museu.<\/li>\n<li>O suspeito, de vinte e tr\u00eas anos, ficou constitu\u00eddo arguido e n\u00e3o tinha antecedentes criminais.<\/li>\n<\/ul>\n","protected":false},"author":2,"featured_media":149733,"comment_status":"closed","ping_status":"closed","sticky":false,"template":"","format":"standard","meta":{"footnotes":""},"categories":[1],"tags":[124,424,1356,981,2954,250],"class_list":["post-149707","post","type-post","status-publish","format-standard","has-post-thumbnail","hentry","category-noticias","tag-arma-de-fogo","tag-furto","tag-furto-roubo","tag-lisboa","tag-museus-e-monumentos-de-portugal","tag-seguranca-publica"],"yoast_head":"<!-- This site is optimized with the Yoast SEO plugin v27.2 - https:\/\/yoast.com\/product\/yoast-seo-wordpress\/ -->\n<title>Detido pela PSP pelo furto de espingarda G3 no Museu do Combatente, Lisboa - Portal Tela Portugal<\/title>\n<meta name=\"robots\" content=\"index, follow, max-snippet:-1, max-image-preview:large, max-video-preview:-1\" \/>\n<meta property=\"og:locale\" content=\"pt_PT\" \/>\n<meta property=\"og:type\" content=\"article\" \/>\n<meta property=\"og:title\" content=\"Detido pela PSP pelo furto de espingarda G3 no Museu do Combatente, Lisboa - Portal Tela Portugal\" \/>\n<meta property=\"og:description\" content=\"A PSP recuperou, na sexta-feira, uma espingarda de assalto G3 furtada do Museu do Combatente, em Bel\u00e9m. O furto ocorreu no dia nove, e o inqu\u00e9rito foi aberto pela Divis\u00e3o de Investiga\u00e7\u00e3o Criminal da PSP de Lisboa ap\u00f3s alerta dos funcion\u00e1rios do museu. A investiga\u00e7\u00e3o baseou-se em videovigil\u00e2ncia e na identifica\u00e7\u00e3o do suspeito por s\u00edmbolos, permitindo localiz\u00e1-lo. Numa busca \u00e0 sua casa, no Seixal, a arma foi apreendida e ficar\u00e1 sob guarda da PSP para inspe\u00e7\u00e3o judici\u00e1ria, com devolu\u00e7\u00e3o prevista ao museu. O suspeito, de vinte e tr\u00eas anos, ficou constitu\u00eddo arguido e n\u00e3o tinha antecedentes criminais.\" \/>\n<meta property=\"og:url\" content=\"https:\/\/portaltela.pt\/noticias\/2026\/01\/18\/detido-pela-psp-pelo-furto-de-espingarda-g3-no-museu-do-combatente-lisboa\/\" \/>\n<meta property=\"og:site_name\" content=\"Portal Tela Portugal\" \/>\n<meta property=\"article:published_time\" content=\"2026-01-18T10:19:57+00:00\" \/>\n<meta name=\"author\" content=\"Telinha\" \/>\n<meta name=\"twitter:card\" content=\"summary_large_image\" \/>\n<meta name=\"twitter:label1\" content=\"Escrito por\" \/>\n\t<meta name=\"twitter:data1\" content=\"Telinha\" \/>\n\t<meta name=\"twitter:label2\" content=\"Tempo estimado de leitura\" \/>\n\t<meta name=\"twitter:data2\" content=\"1 minuto\" \/>\n<script type=\"application\/ld+json\" class=\"yoast-schema-graph\">{\"@context\":\"https:\/\/schema.org\",\"@graph\":[{\"@type\":\"Article\",\"@id\":\"https:\/\/portaltela.pt\/noticias\/2026\/01\/18\/detido-pela-psp-pelo-furto-de-espingarda-g3-no-museu-do-combatente-lisboa\/#article\",\"isPartOf\":{\"@id\":\"https:\/\/portaltela.pt\/noticias\/2026\/01\/18\/detido-pela-psp-pelo-furto-de-espingarda-g3-no-museu-do-combatente-lisboa\/\"},\"author\":{\"name\":\"Telinha\",\"@id\":\"https:\/\/portaltela.pt\/#\/schema\/person\/c4278d4a6028830caff9ee44b42d32ed\"},\"headline\":\"Detido pela PSP pelo furto de espingarda G3 no Museu do Combatente, Lisboa\",\"datePublished\":\"2026-01-18T10:19:57+00:00\",\"mainEntityOfPage\":{\"@id\":\"https:\/\/portaltela.pt\/noticias\/2026\/01\/18\/detido-pela-psp-pelo-furto-de-espingarda-g3-no-museu-do-combatente-lisboa\/\"},\"wordCount\":160,\"image\":{\"@id\":\"https:\/\/portaltela.pt\/noticias\/2026\/01\/18\/detido-pela-psp-pelo-furto-de-espingarda-g3-no-museu-do-combatente-lisboa\/#primaryimage\"},\"thumbnailUrl\":\"https:\/\/portaltela.pt\/s.01k8rhncp4jt1\/2026\/01\/img_1500x1000uu2022-02-28-00-43-36-1127505.jpg\",\"keywords\":[\"arma de fogo\",\"furto\",\"furto\/roubo\",\"Lisboa\",\"Museus e Monumentos de Portugal\",\"seguran\u00e7a p\u00fablica\"],\"articleSection\":[\"Not\u00edcias\"],\"inLanguage\":\"pt-PT\"},{\"@type\":\"WebPage\",\"@id\":\"https:\/\/portaltela.pt\/noticias\/2026\/01\/18\/detido-pela-psp-pelo-furto-de-espingarda-g3-no-museu-do-combatente-lisboa\/\",\"url\":\"https:\/\/portaltela.pt\/noticias\/2026\/01\/18\/detido-pela-psp-pelo-furto-de-espingarda-g3-no-museu-do-combatente-lisboa\/\",\"name\":\"Detido pela PSP pelo furto de espingarda G3 no Museu do Combatente, Lisboa - Portal Tela Portugal\",\"isPartOf\":{\"@id\":\"https:\/\/portaltela.pt\/#website\"},\"primaryImageOfPage\":{\"@id\":\"https:\/\/portaltela.pt\/noticias\/2026\/01\/18\/detido-pela-psp-pelo-furto-de-espingarda-g3-no-museu-do-combatente-lisboa\/#primaryimage\"},\"image\":{\"@id\":\"https:\/\/portaltela.pt\/noticias\/2026\/01\/18\/detido-pela-psp-pelo-furto-de-espingarda-g3-no-museu-do-combatente-lisboa\/#primaryimage\"},\"thumbnailUrl\":\"https:\/\/portaltela.pt\/s.01k8rhncp4jt1\/2026\/01\/img_1500x1000uu2022-02-28-00-43-36-1127505.jpg\",\"datePublished\":\"2026-01-18T10:19:57+00:00\",\"author\":{\"@id\":\"https:\/\/portaltela.pt\/#\/schema\/person\/c4278d4a6028830caff9ee44b42d32ed\"},\"breadcrumb\":{\"@id\":\"https:\/\/portaltela.pt\/noticias\/2026\/01\/18\/detido-pela-psp-pelo-furto-de-espingarda-g3-no-museu-do-combatente-lisboa\/#breadcrumb\"},\"inLanguage\":\"pt-PT\",\"potentialAction\":[{\"@type\":\"ReadAction\",\"target\":[\"https:\/\/portaltela.pt\/noticias\/2026\/01\/18\/detido-pela-psp-pelo-furto-de-espingarda-g3-no-museu-do-combatente-lisboa\/\"]}]},{\"@type\":\"ImageObject\",\"inLanguage\":\"pt-PT\",\"@id\":\"https:\/\/portaltela.pt\/noticias\/2026\/01\/18\/detido-pela-psp-pelo-furto-de-espingarda-g3-no-museu-do-combatente-lisboa\/#primaryimage\",\"url\":\"https:\/\/portaltela.pt\/s.01k8rhncp4jt1\/2026\/01\/img_1500x1000uu2022-02-28-00-43-36-1127505.jpg\",\"contentUrl\":\"https:\/\/portaltela.pt\/s.01k8rhncp4jt1\/2026\/01\/img_1500x1000uu2022-02-28-00-43-36-1127505.jpg\",\"width\":796,\"height\":448,\"caption\":\"Espingarda G3 foi usada durante d\u00e9cadas pelo Ex\u00e9rcito portugu\u00eas\"},{\"@type\":\"BreadcrumbList\",\"@id\":\"https:\/\/portaltela.pt\/noticias\/2026\/01\/18\/detido-pela-psp-pelo-furto-de-espingarda-g3-no-museu-do-combatente-lisboa\/#breadcrumb\",\"itemListElement\":[{\"@type\":\"ListItem\",\"position\":1,\"name\":\"In\u00edcio\",\"item\":\"https:\/\/portaltela.pt\/\"},{\"@type\":\"ListItem\",\"position\":2,\"name\":\"Detido pela PSP pelo furto de espingarda G3 no Museu do Combatente, Lisboa\"}]},{\"@type\":\"WebSite\",\"@id\":\"https:\/\/portaltela.pt\/#website\",\"url\":\"https:\/\/portaltela.pt\/\",\"name\":\"Portal Tela Portugal\",\"description\":\"\",\"potentialAction\":[{\"@type\":\"SearchAction\",\"target\":{\"@type\":\"EntryPoint\",\"urlTemplate\":\"https:\/\/portaltela.pt\/?s={search_term_string}\"},\"query-input\":{\"@type\":\"PropertyValueSpecification\",\"valueRequired\":true,\"valueName\":\"search_term_string\"}}],\"inLanguage\":\"pt-PT\"},{\"@type\":\"Person\",\"@id\":\"https:\/\/portaltela.pt\/#\/schema\/person\/c4278d4a6028830caff9ee44b42d32ed\",\"name\":\"Telinha\",\"image\":{\"@type\":\"ImageObject\",\"inLanguage\":\"pt-PT\",\"@id\":\"https:\/\/portaltela.pt\/s.01k8rhncp4jt1\/2025\/11\/talking-bot-125x125.png\",\"url\":\"https:\/\/portaltela.pt\/s.01k8rhncp4jt1\/2025\/11\/talking-bot-125x125.png\",\"contentUrl\":\"https:\/\/portaltela.pt\/s.01k8rhncp4jt1\/2025\/11\/talking-bot-125x125.png\",\"caption\":\"Telinha\"},\"sameAs\":[\"https:\/\/portaltela.pt\/\"],\"url\":\"https:\/\/portaltela.pt\/por\/367410592786\/\"}]}<\/script>\n<!-- \/ Yoast SEO plugin. -->","yoast_head_json":{"title":"Detido pela PSP pelo furto de espingarda G3 no Museu do Combatente, Lisboa - Portal Tela Portugal","robots":{"index":"index","follow":"follow","max-snippet":"max-snippet:-1","max-image-preview":"max-image-preview:large","max-video-preview":"max-video-preview:-1"},"og_locale":"pt_PT","og_type":"article","og_title":"Detido pela PSP pelo furto de espingarda G3 no Museu do Combatente, Lisboa - Portal Tela Portugal","og_description":"A PSP recuperou, na sexta-feira, uma espingarda de assalto G3 furtada do Museu do Combatente, em Bel\u00e9m. O furto ocorreu no dia nove, e o inqu\u00e9rito foi aberto pela Divis\u00e3o de Investiga\u00e7\u00e3o Criminal da PSP de Lisboa ap\u00f3s alerta dos funcion\u00e1rios do museu. A investiga\u00e7\u00e3o baseou-se em videovigil\u00e2ncia e na identifica\u00e7\u00e3o do suspeito por s\u00edmbolos, permitindo localiz\u00e1-lo. Numa busca \u00e0 sua casa, no Seixal, a arma foi apreendida e ficar\u00e1 sob guarda da PSP para inspe\u00e7\u00e3o judici\u00e1ria, com devolu\u00e7\u00e3o prevista ao museu. O suspeito, de vinte e tr\u00eas anos, ficou constitu\u00eddo arguido e n\u00e3o tinha antecedentes criminais.","og_url":"https:\/\/portaltela.pt\/noticias\/2026\/01\/18\/detido-pela-psp-pelo-furto-de-espingarda-g3-no-museu-do-combatente-lisboa\/","og_site_name":"Portal Tela Portugal","article_published_time":"2026-01-18T10:19:57+00:00","author":"Telinha","twitter_card":"summary_large_image","twitter_misc":{"Escrito por":"Telinha","Tempo estimado de leitura":"1 minuto"},"schema":{"@context":"https:\/\/schema.org","@graph":[{"@type":"Article","@id":"https:\/\/portaltela.pt\/noticias\/2026\/01\/18\/detido-pela-psp-pelo-furto-de-espingarda-g3-no-museu-do-combatente-lisboa\/#article","isPartOf":{"@id":"https:\/\/portaltela.pt\/noticias\/2026\/01\/18\/detido-pela-psp-pelo-furto-de-espingarda-g3-no-museu-do-combatente-lisboa\/"},"author":{"name":"Telinha","@id":"https:\/\/portaltela.pt\/#\/schema\/person\/c4278d4a6028830caff9ee44b42d32ed"},"headline":"Detido pela PSP pelo furto de espingarda G3 no Museu do Combatente, Lisboa","datePublished":"2026-01-18T10:19:57+00:00","mainEntityOfPage":{"@id":"https:\/\/portaltela.pt\/noticias\/2026\/01\/18\/detido-pela-psp-pelo-furto-de-espingarda-g3-no-museu-do-combatente-lisboa\/"},"wordCount":160,"image":{"@id":"https:\/\/portaltela.pt\/noticias\/2026\/01\/18\/detido-pela-psp-pelo-furto-de-espingarda-g3-no-museu-do-combatente-lisboa\/#primaryimage"},"thumbnailUrl":"https:\/\/portaltela.pt\/s.01k8rhncp4jt1\/2026\/01\/img_1500x1000uu2022-02-28-00-43-36-1127505.jpg","keywords":["arma de fogo","furto","furto\/roubo","Lisboa","Museus e Monumentos de Portugal","seguran\u00e7a p\u00fablica"],"articleSection":["Not\u00edcias"],"inLanguage":"pt-PT"},{"@type":"WebPage","@id":"https:\/\/portaltela.pt\/noticias\/2026\/01\/18\/detido-pela-psp-pelo-furto-de-espingarda-g3-no-museu-do-combatente-lisboa\/","url":"https:\/\/portaltela.pt\/noticias\/2026\/01\/18\/detido-pela-psp-pelo-furto-de-espingarda-g3-no-museu-do-combatente-lisboa\/","name":"Detido pela PSP pelo furto de espingarda G3 no Museu do Combatente, Lisboa - Portal Tela Portugal","isPartOf":{"@id":"https:\/\/portaltela.pt\/#website"},"primaryImageOfPage":{"@id":"https:\/\/portaltela.pt\/noticias\/2026\/01\/18\/detido-pela-psp-pelo-furto-de-espingarda-g3-no-museu-do-combatente-lisboa\/#primaryimage"},"image":{"@id":"https:\/\/portaltela.pt\/noticias\/2026\/01\/18\/detido-pela-psp-pelo-furto-de-espingarda-g3-no-museu-do-combatente-lisboa\/#primaryimage"},"thumbnailUrl":"https:\/\/portaltela.pt\/s.01k8rhncp4jt1\/2026\/01\/img_1500x1000uu2022-02-28-00-43-36-1127505.jpg","datePublished":"2026-01-18T10:19:57+00:00","author":{"@id":"https:\/\/portaltela.pt\/#\/schema\/person\/c4278d4a6028830caff9ee44b42d32ed"},"breadcrumb":{"@id":"https:\/\/portaltela.pt\/noticias\/2026\/01\/18\/detido-pela-psp-pelo-furto-de-espingarda-g3-no-museu-do-combatente-lisboa\/#breadcrumb"},"inLanguage":"pt-PT","potentialAction":[{"@type":"ReadAction","target":["https:\/\/portaltela.pt\/noticias\/2026\/01\/18\/detido-pela-psp-pelo-furto-de-espingarda-g3-no-museu-do-combatente-lisboa\/"]}]},{"@type":"ImageObject","inLanguage":"pt-PT","@id":"https:\/\/portaltela.pt\/noticias\/2026\/01\/18\/detido-pela-psp-pelo-furto-de-espingarda-g3-no-museu-do-combatente-lisboa\/#primaryimage","url":"https:\/\/portaltela.pt\/s.01k8rhncp4jt1\/2026\/01\/img_1500x1000uu2022-02-28-00-43-36-1127505.jpg","contentUrl":"https:\/\/portaltela.pt\/s.01k8rhncp4jt1\/2026\/01\/img_1500x1000uu2022-02-28-00-43-36-1127505.jpg","width":796,"height":448,"caption":"Espingarda G3 foi usada durante d\u00e9cadas pelo Ex\u00e9rcito portugu\u00eas"},{"@type":"BreadcrumbList","@id":"https:\/\/portaltela.pt\/noticias\/2026\/01\/18\/detido-pela-psp-pelo-furto-de-espingarda-g3-no-museu-do-combatente-lisboa\/#breadcrumb","itemListElement":[{"@type":"ListItem","position":1,"name":"In\u00edcio","item":"https:\/\/portaltela.pt\/"},{"@type":"ListItem","position":2,"name":"Detido pela PSP pelo furto de espingarda G3 no Museu do Combatente, Lisboa"}]},{"@type":"WebSite","@id":"https:\/\/portaltela.pt\/#website","url":"https:\/\/portaltela.pt\/","name":"Portal Tela Portugal","description":"","potentialAction":[{"@type":"SearchAction","target":{"@type":"EntryPoint","urlTemplate":"https:\/\/portaltela.pt\/?s={search_term_string}"},"query-input":{"@type":"PropertyValueSpecification","valueRequired":true,"valueName":"search_term_string"}}],"inLanguage":"pt-PT"},{"@type":"Person","@id":"https:\/\/portaltela.pt\/#\/schema\/person\/c4278d4a6028830caff9ee44b42d32ed","name":"Telinha","image":{"@type":"ImageObject","inLanguage":"pt-PT","@id":"https:\/\/portaltela.pt\/s.01k8rhncp4jt1\/2025\/11\/talking-bot-125x125.png","url":"https:\/\/portaltela.pt\/s.01k8rhncp4jt1\/2025\/11\/talking-bot-125x125.png","contentUrl":"https:\/\/portaltela.pt\/s.01k8rhncp4jt1\/2025\/11\/talking-bot-125x125.png","caption":"Telinha"},"sameAs":["https:\/\/portaltela.pt\/"],"url":"https:\/\/portaltela.pt\/por\/367410592786\/"}]}},"_links":{"self":[{"href":"https:\/\/portaltela.pt\/api\/wp\/v2\/posts\/149707","targetHints":{"allow":["GET"]}}],"collection":[{"href":"https:\/\/portaltela.pt\/api\/wp\/v2\/posts"}],"about":[{"href":"https:\/\/portaltela.pt\/api\/wp\/v2\/types\/post"}],"author":[{"embeddable":true,"href":"https:\/\/portaltela.pt\/api\/wp\/v2\/users\/2"}],"replies":[{"embeddable":true,"href":"https:\/\/portaltela.pt\/api\/wp\/v2\/comments?post=149707"}],"version-history":[{"count":0,"href":"https:\/\/portaltela.pt\/api\/wp\/v2\/posts\/149707\/revisions"}],"wp:featuredmedia":[{"embeddable":true,"href":"https:\/\/portaltela.pt\/api\/wp\/v2\/media\/149733"}],"wp:attachment":[{"href":"https:\/\/portaltela.pt\/api\/wp\/v2\/media?parent=149707"}],"wp:term":[{"taxonomy":"category","embeddable":true,"href":"https:\/\/portaltela.pt\/api\/wp\/v2\/categories?post=149707"},{"taxonomy":"post_tag","embeddable":true,"href":"https:\/\/portaltela.pt\/api\/wp\/v2\/tags?post=149707"}],"curies":[{"name":"wp","href":"https:\/\/api.w.org\/{rel}","templated":true}]}}