{"id":149653,"date":"2026-01-18T06:42:33","date_gmt":"2026-01-18T09:42:33","guid":{"rendered":"https:\/\/portaltela.pt\/noticias\/2026\/01\/18\/polemica-com-dalot-guardiola-pediu-expulsao-e-a-premier-league-reagiu\/"},"modified":"2026-01-18T06:42:33","modified_gmt":"2026-01-18T09:42:33","slug":"polemica-com-dalot-guardiola-pediu-expulsao-e-a-premier-league-reagiu","status":"publish","type":"post","link":"https:\/\/portaltela.pt\/desporto\/futebol\/2026\/01\/18\/polemica-com-dalot-guardiola-pediu-expulsao-e-a-premier-league-reagiu\/","title":{"rendered":"Pol\u00eamica com Dalot: Guardiola pediu expuls\u00e3o e a Premier League reagiu"},"content":{"rendered":"<p>O Manchester United venceu o Manchester City por 2-0 em Old Trafford, no d\u00e9rbi, com dois golos de Mbeumo e Dorgu. Diallo acertou o poste e o \u00e1rbitro anulou tr\u00eas lances aos red devils. Os citizens remataram apenas uma vez \u00e0 baliza defendida por Lammens.<\/p>\n<p>No minuto 10, Diogo Dalot viu cart\u00e3o amarelo ao tentar recuperar a bola junto de J\u00e9r\u00e9my Doku. O lance foi revisto pelo VAR, mas n\u00e3o houve altera\u00e7\u00e3o de decis\u00e3o.<\/p>\n<h3>Rea\u00e7\u00e3o de Guardiola e explica\u00e7\u00e3o da Premier League<\/h3>\n<p>Pep Guardiola afirmou que o jogo poderia ter mudado se Dalot fosse expulso, mas reconheceu que n\u00e3o \u00e9 esse o argumento para o resultado. Disse ainda que o City precisa de ser melhor.<\/p>\n<p>A Premier League indicou, via X, que o contacto foi considerado de relance e n\u00e3o houve for\u00e7a excessiva. O comunicado refor\u00e7ou que o amarelo a Dalot foi confirmado pelo VAR.<\/p>\n<p>O triunfo coloca o United nos 35 pontos, no 5.\u00ba lugar, com acesso direto \u00e0 Liga Europa. O clube est\u00e1 a apenas um ponto do Liverpool, que empatou diante do Burnley.<\/p>\n","protected":false},"excerpt":{"rendered":"<ul>\n<li>O Manchester United venceu o Manchester City por 2-0 em Old Trafford, com golos de Mbeumo e Dorgu; Diallo acertou no poste e tr\u00eas lances fora de jogo aos red devils foram anulados.<\/li>\n<li>Diogo Dalot recebeu cart\u00e3o amarelo aos 10 minutos, ap\u00f3s entrada em Doku, cart\u00e3o que o VAR confirmou sem altera\u00e7\u00e3o.<\/li>\n<li>Guardiola disse que o jogo poderia ter sido diferente se Dalot tivesse visto o vermelho, mas afirmou que a equipa precisa de evoluir sem depender desse argumento.<\/li>\n<li>A Premier League comunicou que n\u00e3o houve for\u00e7a excessiva no lance de Dalot, descrevendo o contacto como relance.<\/li>\n<li>Com a vit\u00f3ria, o United passou a 35 pontos, subiu para o 5\u00ba lugar e aproxima-se do 4\u00ba, que \u00e9 ocupado pelo Liverpool, empatado 1-1 com o Burnley.<\/li>\n<\/ul>\n","protected":false},"author":2,"featured_media":149659,"comment_status":"closed","ping_status":"closed","sticky":false,"template":"","format":"standard","meta":{"footnotes":""},"categories":[21,24],"tags":[2902,32,1980,3187,3369,1185],"class_list":["post-149653","post","type-post","status-publish","format-standard","has-post-thumbnail","hentry","category-desporto","category-futebol","tag-dalot","tag-futebol","tag-manchester-city","tag-manchester-united","tag-premier-league","tag-var"],"yoast_head":"<!-- This site is optimized with the Yoast SEO plugin v27.2 - https:\/\/yoast.com\/product\/yoast-seo-wordpress\/ -->\n<title>Pol\u00eamica com Dalot: Guardiola pediu expuls\u00e3o e a Premier League reagiu - Portal Tela Portugal<\/title>\n<meta name=\"robots\" content=\"index, follow, max-snippet:-1, max-image-preview:large, max-video-preview:-1\" \/>\n<meta property=\"og:locale\" content=\"pt_PT\" \/>\n<meta property=\"og:type\" content=\"article\" \/>\n<meta property=\"og:title\" content=\"Pol\u00eamica com Dalot: Guardiola pediu expuls\u00e3o e a Premier League reagiu - Portal Tela Portugal\" \/>\n<meta property=\"og:description\" content=\"O Manchester United venceu o Manchester City por 2-0 em Old Trafford, com golos de Mbeumo e Dorgu; Diallo acertou no poste e tr\u00eas lances fora de jogo aos red devils foram anulados. Diogo Dalot recebeu cart\u00e3o amarelo aos 10 minutos, ap\u00f3s entrada em Doku, cart\u00e3o que o VAR confirmou sem altera\u00e7\u00e3o. Guardiola disse que o jogo poderia ter sido diferente se Dalot tivesse visto o vermelho, mas afirmou que a equipa precisa de evoluir sem depender desse argumento. A Premier League comunicou que n\u00e3o houve for\u00e7a excessiva no lance de Dalot, descrevendo o contacto como relance. Com a vit\u00f3ria, o United passou a 35 pontos, subiu para o 5\u00ba lugar e aproxima-se do 4\u00ba, que \u00e9 ocupado pelo Liverpool, empatado 1-1 com o Burnley.\" \/>\n<meta property=\"og:url\" content=\"https:\/\/portaltela.pt\/noticias\/2026\/01\/18\/polemica-com-dalot-guardiola-pediu-expulsao-e-a-premier-league-reagiu\/\" \/>\n<meta property=\"og:site_name\" content=\"Portal Tela Portugal\" \/>\n<meta property=\"article:published_time\" content=\"2026-01-18T09:42:33+00:00\" \/>\n<meta name=\"author\" content=\"Telinha\" \/>\n<meta name=\"twitter:card\" content=\"summary_large_image\" \/>\n<meta name=\"twitter:label1\" content=\"Escrito por\" \/>\n\t<meta name=\"twitter:data1\" content=\"Telinha\" \/>\n\t<meta name=\"twitter:label2\" content=\"Tempo estimado de leitura\" \/>\n\t<meta name=\"twitter:data2\" content=\"1 minuto\" \/>\n<script type=\"application\/ld+json\" class=\"yoast-schema-graph\">{\"@context\":\"https:\/\/schema.org\",\"@graph\":[{\"@type\":\"Article\",\"@id\":\"https:\/\/portaltela.pt\/noticias\/2026\/01\/18\/polemica-com-dalot-guardiola-pediu-expulsao-e-a-premier-league-reagiu\/#article\",\"isPartOf\":{\"@id\":\"https:\/\/portaltela.pt\/noticias\/2026\/01\/18\/polemica-com-dalot-guardiola-pediu-expulsao-e-a-premier-league-reagiu\/\"},\"author\":{\"name\":\"Telinha\",\"@id\":\"https:\/\/portaltela.pt\/#\/schema\/person\/c4278d4a6028830caff9ee44b42d32ed\"},\"headline\":\"Pol\u00eamica com Dalot: Guardiola pediu expuls\u00e3o e a Premier League reagiu\",\"datePublished\":\"2026-01-18T09:42:33+00:00\",\"mainEntityOfPage\":{\"@id\":\"https:\/\/portaltela.pt\/noticias\/2026\/01\/18\/polemica-com-dalot-guardiola-pediu-expulsao-e-a-premier-league-reagiu\/\"},\"wordCount\":197,\"image\":{\"@id\":\"https:\/\/portaltela.pt\/noticias\/2026\/01\/18\/polemica-com-dalot-guardiola-pediu-expulsao-e-a-premier-league-reagiu\/#primaryimage\"},\"thumbnailUrl\":\"https:\/\/portaltela.pt\/s.01k8rhncp4jt1\/2026\/01\/img_920x518uu2025-12-04-23-24-48-2407135-im-639043261486713504-2.jpg\",\"keywords\":[\"Dalot\",\"futebol\",\"Manchester City\",\"Manchester United\",\"Premier League\",\"VAR\"],\"articleSection\":[\"Desporto\",\"Futebol\"],\"inLanguage\":\"pt-PT\"},{\"@type\":\"WebPage\",\"@id\":\"https:\/\/portaltela.pt\/noticias\/2026\/01\/18\/polemica-com-dalot-guardiola-pediu-expulsao-e-a-premier-league-reagiu\/\",\"url\":\"https:\/\/portaltela.pt\/noticias\/2026\/01\/18\/polemica-com-dalot-guardiola-pediu-expulsao-e-a-premier-league-reagiu\/\",\"name\":\"Pol\u00eamica com Dalot: Guardiola pediu expuls\u00e3o e a Premier League reagiu - Portal Tela Portugal\",\"isPartOf\":{\"@id\":\"https:\/\/portaltela.pt\/#website\"},\"primaryImageOfPage\":{\"@id\":\"https:\/\/portaltela.pt\/noticias\/2026\/01\/18\/polemica-com-dalot-guardiola-pediu-expulsao-e-a-premier-league-reagiu\/#primaryimage\"},\"image\":{\"@id\":\"https:\/\/portaltela.pt\/noticias\/2026\/01\/18\/polemica-com-dalot-guardiola-pediu-expulsao-e-a-premier-league-reagiu\/#primaryimage\"},\"thumbnailUrl\":\"https:\/\/portaltela.pt\/s.01k8rhncp4jt1\/2026\/01\/img_920x518uu2025-12-04-23-24-48-2407135-im-639043261486713504-2.jpg\",\"datePublished\":\"2026-01-18T09:42:33+00:00\",\"author\":{\"@id\":\"https:\/\/portaltela.pt\/#\/schema\/person\/c4278d4a6028830caff9ee44b42d32ed\"},\"breadcrumb\":{\"@id\":\"https:\/\/portaltela.pt\/noticias\/2026\/01\/18\/polemica-com-dalot-guardiola-pediu-expulsao-e-a-premier-league-reagiu\/#breadcrumb\"},\"inLanguage\":\"pt-PT\",\"potentialAction\":[{\"@type\":\"ReadAction\",\"target\":[\"https:\/\/portaltela.pt\/noticias\/2026\/01\/18\/polemica-com-dalot-guardiola-pediu-expulsao-e-a-premier-league-reagiu\/\"]}]},{\"@type\":\"ImageObject\",\"inLanguage\":\"pt-PT\",\"@id\":\"https:\/\/portaltela.pt\/noticias\/2026\/01\/18\/polemica-com-dalot-guardiola-pediu-expulsao-e-a-premier-league-reagiu\/#primaryimage\",\"url\":\"https:\/\/portaltela.pt\/s.01k8rhncp4jt1\/2026\/01\/img_920x518uu2025-12-04-23-24-48-2407135-im-639043261486713504-2.jpg\",\"contentUrl\":\"https:\/\/portaltela.pt\/s.01k8rhncp4jt1\/2026\/01\/img_920x518uu2025-12-04-23-24-48-2407135-im-639043261486713504-2.jpg\",\"width\":796,\"height\":448,\"caption\":\"Guardiola pediu expuls\u00e3o para Dalot no d\u00e9rbi de Manchester\"},{\"@type\":\"BreadcrumbList\",\"@id\":\"https:\/\/portaltela.pt\/noticias\/2026\/01\/18\/polemica-com-dalot-guardiola-pediu-expulsao-e-a-premier-league-reagiu\/#breadcrumb\",\"itemListElement\":[{\"@type\":\"ListItem\",\"position\":1,\"name\":\"In\u00edcio\",\"item\":\"https:\/\/portaltela.pt\/\"},{\"@type\":\"ListItem\",\"position\":2,\"name\":\"Pol\u00eamica com Dalot: Guardiola pediu expuls\u00e3o e a Premier League reagiu\"}]},{\"@type\":\"WebSite\",\"@id\":\"https:\/\/portaltela.pt\/#website\",\"url\":\"https:\/\/portaltela.pt\/\",\"name\":\"Portal Tela Portugal\",\"description\":\"\",\"potentialAction\":[{\"@type\":\"SearchAction\",\"target\":{\"@type\":\"EntryPoint\",\"urlTemplate\":\"https:\/\/portaltela.pt\/?s={search_term_string}\"},\"query-input\":{\"@type\":\"PropertyValueSpecification\",\"valueRequired\":true,\"valueName\":\"search_term_string\"}}],\"inLanguage\":\"pt-PT\"},{\"@type\":\"Person\",\"@id\":\"https:\/\/portaltela.pt\/#\/schema\/person\/c4278d4a6028830caff9ee44b42d32ed\",\"name\":\"Telinha\",\"image\":{\"@type\":\"ImageObject\",\"inLanguage\":\"pt-PT\",\"@id\":\"https:\/\/portaltela.pt\/s.01k8rhncp4jt1\/2025\/11\/talking-bot-125x125.png\",\"url\":\"https:\/\/portaltela.pt\/s.01k8rhncp4jt1\/2025\/11\/talking-bot-125x125.png\",\"contentUrl\":\"https:\/\/portaltela.pt\/s.01k8rhncp4jt1\/2025\/11\/talking-bot-125x125.png\",\"caption\":\"Telinha\"},\"sameAs\":[\"https:\/\/portaltela.pt\/\"],\"url\":\"https:\/\/portaltela.pt\/por\/367410592786\/\"}]}<\/script>\n<!-- \/ Yoast SEO plugin. -->","yoast_head_json":{"title":"Pol\u00eamica com Dalot: Guardiola pediu expuls\u00e3o e a Premier League reagiu - Portal Tela Portugal","robots":{"index":"index","follow":"follow","max-snippet":"max-snippet:-1","max-image-preview":"max-image-preview:large","max-video-preview":"max-video-preview:-1"},"og_locale":"pt_PT","og_type":"article","og_title":"Pol\u00eamica com Dalot: Guardiola pediu expuls\u00e3o e a Premier League reagiu - Portal Tela Portugal","og_description":"O Manchester United venceu o Manchester City por 2-0 em Old Trafford, com golos de Mbeumo e Dorgu; Diallo acertou no poste e tr\u00eas lances fora de jogo aos red devils foram anulados. Diogo Dalot recebeu cart\u00e3o amarelo aos 10 minutos, ap\u00f3s entrada em Doku, cart\u00e3o que o VAR confirmou sem altera\u00e7\u00e3o. Guardiola disse que o jogo poderia ter sido diferente se Dalot tivesse visto o vermelho, mas afirmou que a equipa precisa de evoluir sem depender desse argumento. A Premier League comunicou que n\u00e3o houve for\u00e7a excessiva no lance de Dalot, descrevendo o contacto como relance. Com a vit\u00f3ria, o United passou a 35 pontos, subiu para o 5\u00ba lugar e aproxima-se do 4\u00ba, que \u00e9 ocupado pelo Liverpool, empatado 1-1 com o Burnley.","og_url":"https:\/\/portaltela.pt\/noticias\/2026\/01\/18\/polemica-com-dalot-guardiola-pediu-expulsao-e-a-premier-league-reagiu\/","og_site_name":"Portal Tela Portugal","article_published_time":"2026-01-18T09:42:33+00:00","author":"Telinha","twitter_card":"summary_large_image","twitter_misc":{"Escrito por":"Telinha","Tempo estimado de leitura":"1 minuto"},"schema":{"@context":"https:\/\/schema.org","@graph":[{"@type":"Article","@id":"https:\/\/portaltela.pt\/noticias\/2026\/01\/18\/polemica-com-dalot-guardiola-pediu-expulsao-e-a-premier-league-reagiu\/#article","isPartOf":{"@id":"https:\/\/portaltela.pt\/noticias\/2026\/01\/18\/polemica-com-dalot-guardiola-pediu-expulsao-e-a-premier-league-reagiu\/"},"author":{"name":"Telinha","@id":"https:\/\/portaltela.pt\/#\/schema\/person\/c4278d4a6028830caff9ee44b42d32ed"},"headline":"Pol\u00eamica com Dalot: Guardiola pediu expuls\u00e3o e a Premier League reagiu","datePublished":"2026-01-18T09:42:33+00:00","mainEntityOfPage":{"@id":"https:\/\/portaltela.pt\/noticias\/2026\/01\/18\/polemica-com-dalot-guardiola-pediu-expulsao-e-a-premier-league-reagiu\/"},"wordCount":197,"image":{"@id":"https:\/\/portaltela.pt\/noticias\/2026\/01\/18\/polemica-com-dalot-guardiola-pediu-expulsao-e-a-premier-league-reagiu\/#primaryimage"},"thumbnailUrl":"https:\/\/portaltela.pt\/s.01k8rhncp4jt1\/2026\/01\/img_920x518uu2025-12-04-23-24-48-2407135-im-639043261486713504-2.jpg","keywords":["Dalot","futebol","Manchester City","Manchester United","Premier League","VAR"],"articleSection":["Desporto","Futebol"],"inLanguage":"pt-PT"},{"@type":"WebPage","@id":"https:\/\/portaltela.pt\/noticias\/2026\/01\/18\/polemica-com-dalot-guardiola-pediu-expulsao-e-a-premier-league-reagiu\/","url":"https:\/\/portaltela.pt\/noticias\/2026\/01\/18\/polemica-com-dalot-guardiola-pediu-expulsao-e-a-premier-league-reagiu\/","name":"Pol\u00eamica com Dalot: Guardiola pediu expuls\u00e3o e a Premier League reagiu - Portal Tela Portugal","isPartOf":{"@id":"https:\/\/portaltela.pt\/#website"},"primaryImageOfPage":{"@id":"https:\/\/portaltela.pt\/noticias\/2026\/01\/18\/polemica-com-dalot-guardiola-pediu-expulsao-e-a-premier-league-reagiu\/#primaryimage"},"image":{"@id":"https:\/\/portaltela.pt\/noticias\/2026\/01\/18\/polemica-com-dalot-guardiola-pediu-expulsao-e-a-premier-league-reagiu\/#primaryimage"},"thumbnailUrl":"https:\/\/portaltela.pt\/s.01k8rhncp4jt1\/2026\/01\/img_920x518uu2025-12-04-23-24-48-2407135-im-639043261486713504-2.jpg","datePublished":"2026-01-18T09:42:33+00:00","author":{"@id":"https:\/\/portaltela.pt\/#\/schema\/person\/c4278d4a6028830caff9ee44b42d32ed"},"breadcrumb":{"@id":"https:\/\/portaltela.pt\/noticias\/2026\/01\/18\/polemica-com-dalot-guardiola-pediu-expulsao-e-a-premier-league-reagiu\/#breadcrumb"},"inLanguage":"pt-PT","potentialAction":[{"@type":"ReadAction","target":["https:\/\/portaltela.pt\/noticias\/2026\/01\/18\/polemica-com-dalot-guardiola-pediu-expulsao-e-a-premier-league-reagiu\/"]}]},{"@type":"ImageObject","inLanguage":"pt-PT","@id":"https:\/\/portaltela.pt\/noticias\/2026\/01\/18\/polemica-com-dalot-guardiola-pediu-expulsao-e-a-premier-league-reagiu\/#primaryimage","url":"https:\/\/portaltela.pt\/s.01k8rhncp4jt1\/2026\/01\/img_920x518uu2025-12-04-23-24-48-2407135-im-639043261486713504-2.jpg","contentUrl":"https:\/\/portaltela.pt\/s.01k8rhncp4jt1\/2026\/01\/img_920x518uu2025-12-04-23-24-48-2407135-im-639043261486713504-2.jpg","width":796,"height":448,"caption":"Guardiola pediu expuls\u00e3o para Dalot no d\u00e9rbi de Manchester"},{"@type":"BreadcrumbList","@id":"https:\/\/portaltela.pt\/noticias\/2026\/01\/18\/polemica-com-dalot-guardiola-pediu-expulsao-e-a-premier-league-reagiu\/#breadcrumb","itemListElement":[{"@type":"ListItem","position":1,"name":"In\u00edcio","item":"https:\/\/portaltela.pt\/"},{"@type":"ListItem","position":2,"name":"Pol\u00eamica com Dalot: Guardiola pediu expuls\u00e3o e a Premier League reagiu"}]},{"@type":"WebSite","@id":"https:\/\/portaltela.pt\/#website","url":"https:\/\/portaltela.pt\/","name":"Portal Tela Portugal","description":"","potentialAction":[{"@type":"SearchAction","target":{"@type":"EntryPoint","urlTemplate":"https:\/\/portaltela.pt\/?s={search_term_string}"},"query-input":{"@type":"PropertyValueSpecification","valueRequired":true,"valueName":"search_term_string"}}],"inLanguage":"pt-PT"},{"@type":"Person","@id":"https:\/\/portaltela.pt\/#\/schema\/person\/c4278d4a6028830caff9ee44b42d32ed","name":"Telinha","image":{"@type":"ImageObject","inLanguage":"pt-PT","@id":"https:\/\/portaltela.pt\/s.01k8rhncp4jt1\/2025\/11\/talking-bot-125x125.png","url":"https:\/\/portaltela.pt\/s.01k8rhncp4jt1\/2025\/11\/talking-bot-125x125.png","contentUrl":"https:\/\/portaltela.pt\/s.01k8rhncp4jt1\/2025\/11\/talking-bot-125x125.png","caption":"Telinha"},"sameAs":["https:\/\/portaltela.pt\/"],"url":"https:\/\/portaltela.pt\/por\/367410592786\/"}]}},"_links":{"self":[{"href":"https:\/\/portaltela.pt\/api\/wp\/v2\/posts\/149653","targetHints":{"allow":["GET"]}}],"collection":[{"href":"https:\/\/portaltela.pt\/api\/wp\/v2\/posts"}],"about":[{"href":"https:\/\/portaltela.pt\/api\/wp\/v2\/types\/post"}],"author":[{"embeddable":true,"href":"https:\/\/portaltela.pt\/api\/wp\/v2\/users\/2"}],"replies":[{"embeddable":true,"href":"https:\/\/portaltela.pt\/api\/wp\/v2\/comments?post=149653"}],"version-history":[{"count":0,"href":"https:\/\/portaltela.pt\/api\/wp\/v2\/posts\/149653\/revisions"}],"wp:featuredmedia":[{"embeddable":true,"href":"https:\/\/portaltela.pt\/api\/wp\/v2\/media\/149659"}],"wp:attachment":[{"href":"https:\/\/portaltela.pt\/api\/wp\/v2\/media?parent=149653"}],"wp:term":[{"taxonomy":"category","embeddable":true,"href":"https:\/\/portaltela.pt\/api\/wp\/v2\/categories?post=149653"},{"taxonomy":"post_tag","embeddable":true,"href":"https:\/\/portaltela.pt\/api\/wp\/v2\/tags?post=149653"}],"curies":[{"name":"wp","href":"https:\/\/api.w.org\/{rel}","templated":true}]}}