{"id":149627,"date":"2026-01-18T06:42:33","date_gmt":"2026-01-18T09:42:33","guid":{"rendered":"https:\/\/portaltela.pt\/noticias\/2026\/01\/18\/lance-com-dalot-gera-polemica-guardiola-pediu-expulsao-e-a-pl-reagiu\/"},"modified":"2026-01-18T06:42:33","modified_gmt":"2026-01-18T09:42:33","slug":"lance-com-dalot-gera-polemica-guardiola-pediu-expulsao-e-a-pl-reagiu","status":"publish","type":"post","link":"https:\/\/portaltela.pt\/desporto\/futebol\/2026\/01\/18\/lance-com-dalot-gera-polemica-guardiola-pediu-expulsao-e-a-pl-reagiu\/","title":{"rendered":"Lance com Dalot gera pol\u00e9mica; Guardiola pediu expuls\u00e3o e a PL reagiu"},"content":{"rendered":"<p>O Manchester United derrotou o Manchester City por 2-0, em Old Trafford, no d\u00e9rbi da 2025\/26 da Premier League. Os golos foram de Mbeumo e Dorgu, com Diallo a acertar no poste e o \u00e1rbitro a ter tr\u00eas lances anulados aos red devils. A equipa da casa dominou grande parte do encontro.<\/p>\n<p>No entanto, surgiu uma pol\u00e9mica depois de um lance aos 10 minutos da primeira parte. Diogo Dalot foi melhor visto pelo \u00e1rbitro com amarelo, ap\u00f3s uma entrada em J\u00e9r\u00e9my Doku. O lance foi analisado pelo VAR, sem altera\u00e7\u00e3o do cart\u00e3o.<\/p>\n<p>Ap\u00f3s o apito final, Pep Guardiola, treinador do City, lan\u00e7ou a leitura de que o resultado poderia ter sido diferente caso Dalot tivesse visto vermelho. O t\u00e9cnico afirmou que n\u00e3o seria correta a ideia de que o resultado mudaria apenas com esse lance.<\/p>\n<h3>Resposta da Premier League<\/h3>\n<p>A Premier League explicou, via X, que n\u00e3o houve for\u00e7a excessiva no lance. O contacto foi considerado de relance, mantendo o amarelo j\u00e1 mostrado. A institui\u00e7\u00e3o reiterou que o veredito foi confirmado pelo VAR.<\/p>\n<h3>Registo do encontro e consequ\u00eancias<\/h3>\n<p>Com a vit\u00f3ria, o United soma 35 pontos e sobe ao 5.\u00ba lugar, com acesso direto \u00e0 Liga Europa. Os red devils ficam a apenas um ponto do Liverpool, 4.\u00ba, que empatou com o Burnley. Carrick regressa ao comando do United com o resultado a favor.<\/p>\n","protected":false},"excerpt":{"rendered":"<ul>\n<li>O Manchester United venceu o Manchester City por dois a zero em Old Trafford, com Mbeumo e Dorgu a marcar e com Diallo a atirar ao poste; ap\u00f3s o duelo, o United somou 35 pontos e subiu ao quinto lugar, com Michael Carrick de regresso ao comando.<\/li>\n<li>Os red devils tiveram tr\u00eas lances anulados aos seus jogadores, enquanto os citizens s\u00f3 remataram uma vez \u00e0 baliza defendida por Lammens.<\/li>\n<li>Aos dez minutos, Diogo Dalot viu cart\u00e3o amarelo ao tentar recuperar a bola a Doku; o lance foi visto pelo VAR, mas n\u00e3o houve mudan\u00e7a de decis\u00e3o.<\/li>\n<li>No final, Pep Guardiola disse que o jogo \u201cpoderia ter sido diferente\u201d se Dalot tivesse visto o vermelho, acrescentando que a equipa precisa de ser melhor.<\/li>\n<li>A Premier League explicou, via X, que n\u00e3o houve for\u00e7a excessiva no lance envolvendo Dalot.<\/li>\n<\/ul>\n","protected":false},"author":2,"featured_media":149639,"comment_status":"closed","ping_status":"closed","sticky":false,"template":"","format":"standard","meta":{"footnotes":""},"categories":[21,24],"tags":[1289,2902,1980,3187,3369,1185],"class_list":["post-149627","post","type-post","status-publish","format-standard","has-post-thumbnail","hentry","category-desporto","category-futebol","tag-arbitragem","tag-dalot","tag-manchester-city","tag-manchester-united","tag-premier-league","tag-var"],"yoast_head":"<!-- This site is optimized with the Yoast SEO plugin v27.2 - https:\/\/yoast.com\/product\/yoast-seo-wordpress\/ -->\n<title>Lance com Dalot gera pol\u00e9mica; Guardiola pediu expuls\u00e3o e a PL reagiu - Portal Tela Portugal<\/title>\n<meta name=\"robots\" content=\"index, follow, max-snippet:-1, max-image-preview:large, max-video-preview:-1\" \/>\n<meta property=\"og:locale\" content=\"pt_PT\" \/>\n<meta property=\"og:type\" content=\"article\" \/>\n<meta property=\"og:title\" content=\"Lance com Dalot gera pol\u00e9mica; Guardiola pediu expuls\u00e3o e a PL reagiu - Portal Tela Portugal\" \/>\n<meta property=\"og:description\" content=\"O Manchester United venceu o Manchester City por dois a zero em Old Trafford, com Mbeumo e Dorgu a marcar e com Diallo a atirar ao poste; ap\u00f3s o duelo, o United somou 35 pontos e subiu ao quinto lugar, com Michael Carrick de regresso ao comando. Os red devils tiveram tr\u00eas lances anulados aos seus jogadores, enquanto os citizens s\u00f3 remataram uma vez \u00e0 baliza defendida por Lammens. Aos dez minutos, Diogo Dalot viu cart\u00e3o amarelo ao tentar recuperar a bola a Doku; o lance foi visto pelo VAR, mas n\u00e3o houve mudan\u00e7a de decis\u00e3o. No final, Pep Guardiola disse que o jogo \u201cpoderia ter sido diferente\u201d se Dalot tivesse visto o vermelho, acrescentando que a equipa precisa de ser melhor. A Premier League explicou, via X, que n\u00e3o houve for\u00e7a excessiva no lance envolvendo Dalot.\" \/>\n<meta property=\"og:url\" content=\"https:\/\/portaltela.pt\/noticias\/2026\/01\/18\/lance-com-dalot-gera-polemica-guardiola-pediu-expulsao-e-a-pl-reagiu\/\" \/>\n<meta property=\"og:site_name\" content=\"Portal Tela Portugal\" \/>\n<meta property=\"article:published_time\" content=\"2026-01-18T09:42:33+00:00\" \/>\n<meta name=\"author\" content=\"Telinha\" \/>\n<meta name=\"twitter:card\" content=\"summary_large_image\" \/>\n<meta name=\"twitter:label1\" content=\"Escrito por\" \/>\n\t<meta name=\"twitter:data1\" content=\"Telinha\" \/>\n\t<meta name=\"twitter:label2\" content=\"Tempo estimado de leitura\" \/>\n\t<meta name=\"twitter:data2\" content=\"1 minuto\" \/>\n<script type=\"application\/ld+json\" class=\"yoast-schema-graph\">{\"@context\":\"https:\/\/schema.org\",\"@graph\":[{\"@type\":\"Article\",\"@id\":\"https:\/\/portaltela.pt\/noticias\/2026\/01\/18\/lance-com-dalot-gera-polemica-guardiola-pediu-expulsao-e-a-pl-reagiu\/#article\",\"isPartOf\":{\"@id\":\"https:\/\/portaltela.pt\/noticias\/2026\/01\/18\/lance-com-dalot-gera-polemica-guardiola-pediu-expulsao-e-a-pl-reagiu\/\"},\"author\":{\"name\":\"Telinha\",\"@id\":\"https:\/\/portaltela.pt\/#\/schema\/person\/c4278d4a6028830caff9ee44b42d32ed\"},\"headline\":\"Lance com Dalot gera pol\u00e9mica; Guardiola pediu expuls\u00e3o e a PL reagiu\",\"datePublished\":\"2026-01-18T09:42:33+00:00\",\"mainEntityOfPage\":{\"@id\":\"https:\/\/portaltela.pt\/noticias\/2026\/01\/18\/lance-com-dalot-gera-polemica-guardiola-pediu-expulsao-e-a-pl-reagiu\/\"},\"wordCount\":249,\"image\":{\"@id\":\"https:\/\/portaltela.pt\/noticias\/2026\/01\/18\/lance-com-dalot-gera-polemica-guardiola-pediu-expulsao-e-a-pl-reagiu\/#primaryimage\"},\"thumbnailUrl\":\"https:\/\/portaltela.pt\/s.01k8rhncp4jt1\/2026\/01\/img_920x518uu2025-12-04-23-24-48-2407135-im-639043261486713504-1.jpg\",\"keywords\":[\"arbitragem\",\"Dalot\",\"Manchester City\",\"Manchester United\",\"Premier League\",\"VAR\"],\"articleSection\":[\"Desporto\",\"Futebol\"],\"inLanguage\":\"pt-PT\"},{\"@type\":\"WebPage\",\"@id\":\"https:\/\/portaltela.pt\/noticias\/2026\/01\/18\/lance-com-dalot-gera-polemica-guardiola-pediu-expulsao-e-a-pl-reagiu\/\",\"url\":\"https:\/\/portaltela.pt\/noticias\/2026\/01\/18\/lance-com-dalot-gera-polemica-guardiola-pediu-expulsao-e-a-pl-reagiu\/\",\"name\":\"Lance com Dalot gera pol\u00e9mica; Guardiola pediu expuls\u00e3o e a PL reagiu - Portal Tela Portugal\",\"isPartOf\":{\"@id\":\"https:\/\/portaltela.pt\/#website\"},\"primaryImageOfPage\":{\"@id\":\"https:\/\/portaltela.pt\/noticias\/2026\/01\/18\/lance-com-dalot-gera-polemica-guardiola-pediu-expulsao-e-a-pl-reagiu\/#primaryimage\"},\"image\":{\"@id\":\"https:\/\/portaltela.pt\/noticias\/2026\/01\/18\/lance-com-dalot-gera-polemica-guardiola-pediu-expulsao-e-a-pl-reagiu\/#primaryimage\"},\"thumbnailUrl\":\"https:\/\/portaltela.pt\/s.01k8rhncp4jt1\/2026\/01\/img_920x518uu2025-12-04-23-24-48-2407135-im-639043261486713504-1.jpg\",\"datePublished\":\"2026-01-18T09:42:33+00:00\",\"author\":{\"@id\":\"https:\/\/portaltela.pt\/#\/schema\/person\/c4278d4a6028830caff9ee44b42d32ed\"},\"breadcrumb\":{\"@id\":\"https:\/\/portaltela.pt\/noticias\/2026\/01\/18\/lance-com-dalot-gera-polemica-guardiola-pediu-expulsao-e-a-pl-reagiu\/#breadcrumb\"},\"inLanguage\":\"pt-PT\",\"potentialAction\":[{\"@type\":\"ReadAction\",\"target\":[\"https:\/\/portaltela.pt\/noticias\/2026\/01\/18\/lance-com-dalot-gera-polemica-guardiola-pediu-expulsao-e-a-pl-reagiu\/\"]}]},{\"@type\":\"ImageObject\",\"inLanguage\":\"pt-PT\",\"@id\":\"https:\/\/portaltela.pt\/noticias\/2026\/01\/18\/lance-com-dalot-gera-polemica-guardiola-pediu-expulsao-e-a-pl-reagiu\/#primaryimage\",\"url\":\"https:\/\/portaltela.pt\/s.01k8rhncp4jt1\/2026\/01\/img_920x518uu2025-12-04-23-24-48-2407135-im-639043261486713504-1.jpg\",\"contentUrl\":\"https:\/\/portaltela.pt\/s.01k8rhncp4jt1\/2026\/01\/img_920x518uu2025-12-04-23-24-48-2407135-im-639043261486713504-1.jpg\",\"width\":796,\"height\":448,\"caption\":\"Guardiola pediu expuls\u00e3o para Dalot no d\u00e9rbi de Manchester\"},{\"@type\":\"BreadcrumbList\",\"@id\":\"https:\/\/portaltela.pt\/noticias\/2026\/01\/18\/lance-com-dalot-gera-polemica-guardiola-pediu-expulsao-e-a-pl-reagiu\/#breadcrumb\",\"itemListElement\":[{\"@type\":\"ListItem\",\"position\":1,\"name\":\"In\u00edcio\",\"item\":\"https:\/\/portaltela.pt\/\"},{\"@type\":\"ListItem\",\"position\":2,\"name\":\"Lance com Dalot gera pol\u00e9mica; Guardiola pediu expuls\u00e3o e a PL reagiu\"}]},{\"@type\":\"WebSite\",\"@id\":\"https:\/\/portaltela.pt\/#website\",\"url\":\"https:\/\/portaltela.pt\/\",\"name\":\"Portal Tela Portugal\",\"description\":\"\",\"potentialAction\":[{\"@type\":\"SearchAction\",\"target\":{\"@type\":\"EntryPoint\",\"urlTemplate\":\"https:\/\/portaltela.pt\/?s={search_term_string}\"},\"query-input\":{\"@type\":\"PropertyValueSpecification\",\"valueRequired\":true,\"valueName\":\"search_term_string\"}}],\"inLanguage\":\"pt-PT\"},{\"@type\":\"Person\",\"@id\":\"https:\/\/portaltela.pt\/#\/schema\/person\/c4278d4a6028830caff9ee44b42d32ed\",\"name\":\"Telinha\",\"image\":{\"@type\":\"ImageObject\",\"inLanguage\":\"pt-PT\",\"@id\":\"https:\/\/portaltela.pt\/s.01k8rhncp4jt1\/2025\/11\/talking-bot-125x125.png\",\"url\":\"https:\/\/portaltela.pt\/s.01k8rhncp4jt1\/2025\/11\/talking-bot-125x125.png\",\"contentUrl\":\"https:\/\/portaltela.pt\/s.01k8rhncp4jt1\/2025\/11\/talking-bot-125x125.png\",\"caption\":\"Telinha\"},\"sameAs\":[\"https:\/\/portaltela.pt\/\"],\"url\":\"https:\/\/portaltela.pt\/por\/367410592786\/\"}]}<\/script>\n<!-- \/ Yoast SEO plugin. -->","yoast_head_json":{"title":"Lance com Dalot gera pol\u00e9mica; Guardiola pediu expuls\u00e3o e a PL reagiu - Portal Tela Portugal","robots":{"index":"index","follow":"follow","max-snippet":"max-snippet:-1","max-image-preview":"max-image-preview:large","max-video-preview":"max-video-preview:-1"},"og_locale":"pt_PT","og_type":"article","og_title":"Lance com Dalot gera pol\u00e9mica; Guardiola pediu expuls\u00e3o e a PL reagiu - Portal Tela Portugal","og_description":"O Manchester United venceu o Manchester City por dois a zero em Old Trafford, com Mbeumo e Dorgu a marcar e com Diallo a atirar ao poste; ap\u00f3s o duelo, o United somou 35 pontos e subiu ao quinto lugar, com Michael Carrick de regresso ao comando. Os red devils tiveram tr\u00eas lances anulados aos seus jogadores, enquanto os citizens s\u00f3 remataram uma vez \u00e0 baliza defendida por Lammens. Aos dez minutos, Diogo Dalot viu cart\u00e3o amarelo ao tentar recuperar a bola a Doku; o lance foi visto pelo VAR, mas n\u00e3o houve mudan\u00e7a de decis\u00e3o. No final, Pep Guardiola disse que o jogo \u201cpoderia ter sido diferente\u201d se Dalot tivesse visto o vermelho, acrescentando que a equipa precisa de ser melhor. A Premier League explicou, via X, que n\u00e3o houve for\u00e7a excessiva no lance envolvendo Dalot.","og_url":"https:\/\/portaltela.pt\/noticias\/2026\/01\/18\/lance-com-dalot-gera-polemica-guardiola-pediu-expulsao-e-a-pl-reagiu\/","og_site_name":"Portal Tela Portugal","article_published_time":"2026-01-18T09:42:33+00:00","author":"Telinha","twitter_card":"summary_large_image","twitter_misc":{"Escrito por":"Telinha","Tempo estimado de leitura":"1 minuto"},"schema":{"@context":"https:\/\/schema.org","@graph":[{"@type":"Article","@id":"https:\/\/portaltela.pt\/noticias\/2026\/01\/18\/lance-com-dalot-gera-polemica-guardiola-pediu-expulsao-e-a-pl-reagiu\/#article","isPartOf":{"@id":"https:\/\/portaltela.pt\/noticias\/2026\/01\/18\/lance-com-dalot-gera-polemica-guardiola-pediu-expulsao-e-a-pl-reagiu\/"},"author":{"name":"Telinha","@id":"https:\/\/portaltela.pt\/#\/schema\/person\/c4278d4a6028830caff9ee44b42d32ed"},"headline":"Lance com Dalot gera pol\u00e9mica; Guardiola pediu expuls\u00e3o e a PL reagiu","datePublished":"2026-01-18T09:42:33+00:00","mainEntityOfPage":{"@id":"https:\/\/portaltela.pt\/noticias\/2026\/01\/18\/lance-com-dalot-gera-polemica-guardiola-pediu-expulsao-e-a-pl-reagiu\/"},"wordCount":249,"image":{"@id":"https:\/\/portaltela.pt\/noticias\/2026\/01\/18\/lance-com-dalot-gera-polemica-guardiola-pediu-expulsao-e-a-pl-reagiu\/#primaryimage"},"thumbnailUrl":"https:\/\/portaltela.pt\/s.01k8rhncp4jt1\/2026\/01\/img_920x518uu2025-12-04-23-24-48-2407135-im-639043261486713504-1.jpg","keywords":["arbitragem","Dalot","Manchester City","Manchester United","Premier League","VAR"],"articleSection":["Desporto","Futebol"],"inLanguage":"pt-PT"},{"@type":"WebPage","@id":"https:\/\/portaltela.pt\/noticias\/2026\/01\/18\/lance-com-dalot-gera-polemica-guardiola-pediu-expulsao-e-a-pl-reagiu\/","url":"https:\/\/portaltela.pt\/noticias\/2026\/01\/18\/lance-com-dalot-gera-polemica-guardiola-pediu-expulsao-e-a-pl-reagiu\/","name":"Lance com Dalot gera pol\u00e9mica; Guardiola pediu expuls\u00e3o e a PL reagiu - Portal Tela Portugal","isPartOf":{"@id":"https:\/\/portaltela.pt\/#website"},"primaryImageOfPage":{"@id":"https:\/\/portaltela.pt\/noticias\/2026\/01\/18\/lance-com-dalot-gera-polemica-guardiola-pediu-expulsao-e-a-pl-reagiu\/#primaryimage"},"image":{"@id":"https:\/\/portaltela.pt\/noticias\/2026\/01\/18\/lance-com-dalot-gera-polemica-guardiola-pediu-expulsao-e-a-pl-reagiu\/#primaryimage"},"thumbnailUrl":"https:\/\/portaltela.pt\/s.01k8rhncp4jt1\/2026\/01\/img_920x518uu2025-12-04-23-24-48-2407135-im-639043261486713504-1.jpg","datePublished":"2026-01-18T09:42:33+00:00","author":{"@id":"https:\/\/portaltela.pt\/#\/schema\/person\/c4278d4a6028830caff9ee44b42d32ed"},"breadcrumb":{"@id":"https:\/\/portaltela.pt\/noticias\/2026\/01\/18\/lance-com-dalot-gera-polemica-guardiola-pediu-expulsao-e-a-pl-reagiu\/#breadcrumb"},"inLanguage":"pt-PT","potentialAction":[{"@type":"ReadAction","target":["https:\/\/portaltela.pt\/noticias\/2026\/01\/18\/lance-com-dalot-gera-polemica-guardiola-pediu-expulsao-e-a-pl-reagiu\/"]}]},{"@type":"ImageObject","inLanguage":"pt-PT","@id":"https:\/\/portaltela.pt\/noticias\/2026\/01\/18\/lance-com-dalot-gera-polemica-guardiola-pediu-expulsao-e-a-pl-reagiu\/#primaryimage","url":"https:\/\/portaltela.pt\/s.01k8rhncp4jt1\/2026\/01\/img_920x518uu2025-12-04-23-24-48-2407135-im-639043261486713504-1.jpg","contentUrl":"https:\/\/portaltela.pt\/s.01k8rhncp4jt1\/2026\/01\/img_920x518uu2025-12-04-23-24-48-2407135-im-639043261486713504-1.jpg","width":796,"height":448,"caption":"Guardiola pediu expuls\u00e3o para Dalot no d\u00e9rbi de Manchester"},{"@type":"BreadcrumbList","@id":"https:\/\/portaltela.pt\/noticias\/2026\/01\/18\/lance-com-dalot-gera-polemica-guardiola-pediu-expulsao-e-a-pl-reagiu\/#breadcrumb","itemListElement":[{"@type":"ListItem","position":1,"name":"In\u00edcio","item":"https:\/\/portaltela.pt\/"},{"@type":"ListItem","position":2,"name":"Lance com Dalot gera pol\u00e9mica; Guardiola pediu expuls\u00e3o e a PL reagiu"}]},{"@type":"WebSite","@id":"https:\/\/portaltela.pt\/#website","url":"https:\/\/portaltela.pt\/","name":"Portal Tela Portugal","description":"","potentialAction":[{"@type":"SearchAction","target":{"@type":"EntryPoint","urlTemplate":"https:\/\/portaltela.pt\/?s={search_term_string}"},"query-input":{"@type":"PropertyValueSpecification","valueRequired":true,"valueName":"search_term_string"}}],"inLanguage":"pt-PT"},{"@type":"Person","@id":"https:\/\/portaltela.pt\/#\/schema\/person\/c4278d4a6028830caff9ee44b42d32ed","name":"Telinha","image":{"@type":"ImageObject","inLanguage":"pt-PT","@id":"https:\/\/portaltela.pt\/s.01k8rhncp4jt1\/2025\/11\/talking-bot-125x125.png","url":"https:\/\/portaltela.pt\/s.01k8rhncp4jt1\/2025\/11\/talking-bot-125x125.png","contentUrl":"https:\/\/portaltela.pt\/s.01k8rhncp4jt1\/2025\/11\/talking-bot-125x125.png","caption":"Telinha"},"sameAs":["https:\/\/portaltela.pt\/"],"url":"https:\/\/portaltela.pt\/por\/367410592786\/"}]}},"_links":{"self":[{"href":"https:\/\/portaltela.pt\/api\/wp\/v2\/posts\/149627","targetHints":{"allow":["GET"]}}],"collection":[{"href":"https:\/\/portaltela.pt\/api\/wp\/v2\/posts"}],"about":[{"href":"https:\/\/portaltela.pt\/api\/wp\/v2\/types\/post"}],"author":[{"embeddable":true,"href":"https:\/\/portaltela.pt\/api\/wp\/v2\/users\/2"}],"replies":[{"embeddable":true,"href":"https:\/\/portaltela.pt\/api\/wp\/v2\/comments?post=149627"}],"version-history":[{"count":0,"href":"https:\/\/portaltela.pt\/api\/wp\/v2\/posts\/149627\/revisions"}],"wp:featuredmedia":[{"embeddable":true,"href":"https:\/\/portaltela.pt\/api\/wp\/v2\/media\/149639"}],"wp:attachment":[{"href":"https:\/\/portaltela.pt\/api\/wp\/v2\/media?parent=149627"}],"wp:term":[{"taxonomy":"category","embeddable":true,"href":"https:\/\/portaltela.pt\/api\/wp\/v2\/categories?post=149627"},{"taxonomy":"post_tag","embeddable":true,"href":"https:\/\/portaltela.pt\/api\/wp\/v2\/tags?post=149627"}],"curies":[{"name":"wp","href":"https:\/\/api.w.org\/{rel}","templated":true}]}}