{"id":149482,"date":"2026-01-18T05:18:02","date_gmt":"2026-01-18T08:18:02","guid":{"rendered":"https:\/\/portaltela.pt\/noticias\/2026\/01\/18\/zverev-avanca-a-segunda-ronda-do-open-da-australia-apos-perder-um-set\/"},"modified":"2026-01-18T05:18:02","modified_gmt":"2026-01-18T08:18:02","slug":"zverev-avanca-a-segunda-ronda-do-open-da-australia-apos-perder-um-set","status":"publish","type":"post","link":"https:\/\/portaltela.pt\/desporto\/2026\/01\/18\/zverev-avanca-a-segunda-ronda-do-open-da-australia-apos-perder-um-set\/","title":{"rendered":"Zverev avan\u00e7a \u00e0 segunda ronda do Open da Austr\u00e1lia ap\u00f3s perder um set"},"content":{"rendered":"<p>O tenista alem\u00e3o Alexander Zverev derrotou neste domingo o canadiano Gabriel Diallo na primeira ronda do Australian Open, em Melbourne. O jogo terminou com o placar de 6-7 (7), 6-1, 6-4 e 6-2, mantendo Zverev no quadro do Grand Slam.<\/p>\n<p>Num encontro de 2h45, o franc\u00eas Alexandre M\u00fcller ou o australiano Alexei Popyrin aguardam o advers\u00e1rio de Zverev na segunda ronda. O duplo finalista de Melbourne quebra a resist\u00eancia de Diallo na segunda metade do encontro.<\/p>\n<p>Zverev, de 28 anos, soma assim a 10\u00aa passagem consecutiva \u00e0 segunda ronda em Melbourne. O canadiano, cotado no 41.\u00ba posto, encostou o desgaste na primeira parte e n\u00e3o repetiu o feito de chegar aos rounds seguintes pela segunda vez.<\/p>\n<p>Na presen\u00e7a de dois portugueses no quadro principal, Nuno Borges (46.\u00ba) encara F\u00e9lix Auger-Aliassime (7.\u00ba), enquanto Jaime Faria (151.\u00ba, vindo da qualifica\u00e7\u00e3o) defronta Arthur Cazaux (67.\u00ba). Francisco Cabral destaca-se na variante de pares.<\/p>\n<p>Francisco Cabral participa no quadro de pares, onde surge como principal esperan\u00e7a lusitana, sem que haja confirma\u00e7\u00e3o de sucesso em singulares. O Open da Austr\u00e1lia continua com a participa\u00e7\u00e3o de v\u00e1rias mudan\u00e7as de n\u00edvel entre os atletas lusos.<\/p>\n","protected":false},"excerpt":{"rendered":"<ul>\n<li>Alexander Zverev, n\u00ba 3 do mundo, venceu Gabriel Diallo por 6-7(7), 6-1, 6-4, 6-2 na primeira ronda do Open da Austr\u00e1lia.<\/li>\n<li>O alem\u00e3o, finalista de Melbourne no ano passado, vai defrontar o franc\u00eas Alexandre M\u00fcller ou o australiano Alexei Popyrine na segunda ronda.<\/li>\n<li>Zverev garantiu a presen\u00e7a na segunda ronda do Open da Austr\u00e1lia pela d\u00e9cima vez consecutiva.<\/li>\n<li>Diallo, 41.\u00ba, n\u00e3o conseguiu avan\u00e7ar al\u00e9m da primeira ronda pela segunda vez em Melbourne.<\/li>\n<li>Dois portugueses v\u00e3o disputar o quadro principal masculino: Nuno Borges (46.\u00ba) frente a F\u00e9lix Auger-Aliassime (7.\u00ba) e Jaime Faria (151.\u00ba) contra Arthur Cazaux (67.\u00ba), sendo Francisco Cabral o foco do torneio em pares.<\/li>\n<\/ul>\n","protected":false},"author":2,"featured_media":149490,"comment_status":"closed","ping_status":"closed","sticky":false,"template":"","format":"standard","meta":{"footnotes":""},"categories":[21],"tags":[152,2875,3370,2873,1014,94],"class_list":["post-149482","post","type-post","status-publish","format-standard","has-post-thumbnail","hentry","category-desporto","tag-desporto","tag-francisco-cabral","tag-jaime-faria","tag-nuno-borges","tag-portugal","tag-tenis"],"yoast_head":"<!-- This site is optimized with the Yoast SEO plugin v27.2 - https:\/\/yoast.com\/product\/yoast-seo-wordpress\/ -->\n<title>Zverev avan\u00e7a \u00e0 segunda ronda do Open da Austr\u00e1lia ap\u00f3s perder um set - Portal Tela Portugal<\/title>\n<meta name=\"robots\" content=\"index, follow, max-snippet:-1, max-image-preview:large, max-video-preview:-1\" \/>\n<meta property=\"og:locale\" content=\"pt_PT\" \/>\n<meta property=\"og:type\" content=\"article\" \/>\n<meta property=\"og:title\" content=\"Zverev avan\u00e7a \u00e0 segunda ronda do Open da Austr\u00e1lia ap\u00f3s perder um set - Portal Tela Portugal\" \/>\n<meta property=\"og:description\" content=\"Alexander Zverev, n\u00ba 3 do mundo, venceu Gabriel Diallo por 6-7(7), 6-1, 6-4, 6-2 na primeira ronda do Open da Austr\u00e1lia. O alem\u00e3o, finalista de Melbourne no ano passado, vai defrontar o franc\u00eas Alexandre M\u00fcller ou o australiano Alexei Popyrine na segunda ronda. Zverev garantiu a presen\u00e7a na segunda ronda do Open da Austr\u00e1lia pela d\u00e9cima vez consecutiva. Diallo, 41.\u00ba, n\u00e3o conseguiu avan\u00e7ar al\u00e9m da primeira ronda pela segunda vez em Melbourne. Dois portugueses v\u00e3o disputar o quadro principal masculino: Nuno Borges (46.\u00ba) frente a F\u00e9lix Auger-Aliassime (7.\u00ba) e Jaime Faria (151.\u00ba) contra Arthur Cazaux (67.\u00ba), sendo Francisco Cabral o foco do torneio em pares.\" \/>\n<meta property=\"og:url\" content=\"https:\/\/portaltela.pt\/noticias\/2026\/01\/18\/zverev-avanca-a-segunda-ronda-do-open-da-australia-apos-perder-um-set\/\" \/>\n<meta property=\"og:site_name\" content=\"Portal Tela Portugal\" \/>\n<meta property=\"article:published_time\" content=\"2026-01-18T08:18:02+00:00\" \/>\n<meta name=\"author\" content=\"Telinha\" \/>\n<meta name=\"twitter:card\" content=\"summary_large_image\" \/>\n<meta name=\"twitter:label1\" content=\"Escrito por\" \/>\n\t<meta name=\"twitter:data1\" content=\"Telinha\" \/>\n\t<meta name=\"twitter:label2\" content=\"Tempo estimado de leitura\" \/>\n\t<meta name=\"twitter:data2\" content=\"1 minuto\" \/>\n<script type=\"application\/ld+json\" class=\"yoast-schema-graph\">{\"@context\":\"https:\/\/schema.org\",\"@graph\":[{\"@type\":\"Article\",\"@id\":\"https:\/\/portaltela.pt\/noticias\/2026\/01\/18\/zverev-avanca-a-segunda-ronda-do-open-da-australia-apos-perder-um-set\/#article\",\"isPartOf\":{\"@id\":\"https:\/\/portaltela.pt\/noticias\/2026\/01\/18\/zverev-avanca-a-segunda-ronda-do-open-da-australia-apos-perder-um-set\/\"},\"author\":{\"name\":\"Telinha\",\"@id\":\"https:\/\/portaltela.pt\/#\/schema\/person\/c4278d4a6028830caff9ee44b42d32ed\"},\"headline\":\"Zverev avan\u00e7a \u00e0 segunda ronda do Open da Austr\u00e1lia ap\u00f3s perder um set\",\"datePublished\":\"2026-01-18T08:18:02+00:00\",\"mainEntityOfPage\":{\"@id\":\"https:\/\/portaltela.pt\/noticias\/2026\/01\/18\/zverev-avanca-a-segunda-ronda-do-open-da-australia-apos-perder-um-set\/\"},\"wordCount\":209,\"image\":{\"@id\":\"https:\/\/portaltela.pt\/noticias\/2026\/01\/18\/zverev-avanca-a-segunda-ronda-do-open-da-australia-apos-perder-um-set\/#primaryimage\"},\"thumbnailUrl\":\"https:\/\/portaltela.pt\/s.01k8rhncp4jt1\/2026\/01\/img_1200x721uu2026-01-18-08-16-29-2415485-im-639043210218382349.jpg\",\"keywords\":[\"desporto\",\"Francisco Cabral\",\"Jaime Faria\",\"Nuno Borges\",\"Portugal\",\"t\u00eanis\"],\"articleSection\":[\"Desporto\"],\"inLanguage\":\"pt-PT\"},{\"@type\":\"WebPage\",\"@id\":\"https:\/\/portaltela.pt\/noticias\/2026\/01\/18\/zverev-avanca-a-segunda-ronda-do-open-da-australia-apos-perder-um-set\/\",\"url\":\"https:\/\/portaltela.pt\/noticias\/2026\/01\/18\/zverev-avanca-a-segunda-ronda-do-open-da-australia-apos-perder-um-set\/\",\"name\":\"Zverev avan\u00e7a \u00e0 segunda ronda do Open da Austr\u00e1lia ap\u00f3s perder um set - Portal Tela Portugal\",\"isPartOf\":{\"@id\":\"https:\/\/portaltela.pt\/#website\"},\"primaryImageOfPage\":{\"@id\":\"https:\/\/portaltela.pt\/noticias\/2026\/01\/18\/zverev-avanca-a-segunda-ronda-do-open-da-australia-apos-perder-um-set\/#primaryimage\"},\"image\":{\"@id\":\"https:\/\/portaltela.pt\/noticias\/2026\/01\/18\/zverev-avanca-a-segunda-ronda-do-open-da-australia-apos-perder-um-set\/#primaryimage\"},\"thumbnailUrl\":\"https:\/\/portaltela.pt\/s.01k8rhncp4jt1\/2026\/01\/img_1200x721uu2026-01-18-08-16-29-2415485-im-639043210218382349.jpg\",\"datePublished\":\"2026-01-18T08:18:02+00:00\",\"author\":{\"@id\":\"https:\/\/portaltela.pt\/#\/schema\/person\/c4278d4a6028830caff9ee44b42d32ed\"},\"breadcrumb\":{\"@id\":\"https:\/\/portaltela.pt\/noticias\/2026\/01\/18\/zverev-avanca-a-segunda-ronda-do-open-da-australia-apos-perder-um-set\/#breadcrumb\"},\"inLanguage\":\"pt-PT\",\"potentialAction\":[{\"@type\":\"ReadAction\",\"target\":[\"https:\/\/portaltela.pt\/noticias\/2026\/01\/18\/zverev-avanca-a-segunda-ronda-do-open-da-australia-apos-perder-um-set\/\"]}]},{\"@type\":\"ImageObject\",\"inLanguage\":\"pt-PT\",\"@id\":\"https:\/\/portaltela.pt\/noticias\/2026\/01\/18\/zverev-avanca-a-segunda-ronda-do-open-da-australia-apos-perder-um-set\/#primaryimage\",\"url\":\"https:\/\/portaltela.pt\/s.01k8rhncp4jt1\/2026\/01\/img_1200x721uu2026-01-18-08-16-29-2415485-im-639043210218382349.jpg\",\"contentUrl\":\"https:\/\/portaltela.pt\/s.01k8rhncp4jt1\/2026\/01\/img_1200x721uu2026-01-18-08-16-29-2415485-im-639043210218382349.jpg\",\"width\":796,\"height\":448,\"caption\":\"Alexander Zverev em a\u00e7\u00e3o no Open da Austr\u00e1lia\"},{\"@type\":\"BreadcrumbList\",\"@id\":\"https:\/\/portaltela.pt\/noticias\/2026\/01\/18\/zverev-avanca-a-segunda-ronda-do-open-da-australia-apos-perder-um-set\/#breadcrumb\",\"itemListElement\":[{\"@type\":\"ListItem\",\"position\":1,\"name\":\"In\u00edcio\",\"item\":\"https:\/\/portaltela.pt\/\"},{\"@type\":\"ListItem\",\"position\":2,\"name\":\"Zverev avan\u00e7a \u00e0 segunda ronda do Open da Austr\u00e1lia ap\u00f3s perder um set\"}]},{\"@type\":\"WebSite\",\"@id\":\"https:\/\/portaltela.pt\/#website\",\"url\":\"https:\/\/portaltela.pt\/\",\"name\":\"Portal Tela Portugal\",\"description\":\"\",\"potentialAction\":[{\"@type\":\"SearchAction\",\"target\":{\"@type\":\"EntryPoint\",\"urlTemplate\":\"https:\/\/portaltela.pt\/?s={search_term_string}\"},\"query-input\":{\"@type\":\"PropertyValueSpecification\",\"valueRequired\":true,\"valueName\":\"search_term_string\"}}],\"inLanguage\":\"pt-PT\"},{\"@type\":\"Person\",\"@id\":\"https:\/\/portaltela.pt\/#\/schema\/person\/c4278d4a6028830caff9ee44b42d32ed\",\"name\":\"Telinha\",\"image\":{\"@type\":\"ImageObject\",\"inLanguage\":\"pt-PT\",\"@id\":\"https:\/\/portaltela.pt\/s.01k8rhncp4jt1\/2025\/11\/talking-bot-125x125.png\",\"url\":\"https:\/\/portaltela.pt\/s.01k8rhncp4jt1\/2025\/11\/talking-bot-125x125.png\",\"contentUrl\":\"https:\/\/portaltela.pt\/s.01k8rhncp4jt1\/2025\/11\/talking-bot-125x125.png\",\"caption\":\"Telinha\"},\"sameAs\":[\"https:\/\/portaltela.pt\/\"],\"url\":\"https:\/\/portaltela.pt\/por\/367410592786\/\"}]}<\/script>\n<!-- \/ Yoast SEO plugin. -->","yoast_head_json":{"title":"Zverev avan\u00e7a \u00e0 segunda ronda do Open da Austr\u00e1lia ap\u00f3s perder um set - Portal Tela Portugal","robots":{"index":"index","follow":"follow","max-snippet":"max-snippet:-1","max-image-preview":"max-image-preview:large","max-video-preview":"max-video-preview:-1"},"og_locale":"pt_PT","og_type":"article","og_title":"Zverev avan\u00e7a \u00e0 segunda ronda do Open da Austr\u00e1lia ap\u00f3s perder um set - Portal Tela Portugal","og_description":"Alexander Zverev, n\u00ba 3 do mundo, venceu Gabriel Diallo por 6-7(7), 6-1, 6-4, 6-2 na primeira ronda do Open da Austr\u00e1lia. O alem\u00e3o, finalista de Melbourne no ano passado, vai defrontar o franc\u00eas Alexandre M\u00fcller ou o australiano Alexei Popyrine na segunda ronda. Zverev garantiu a presen\u00e7a na segunda ronda do Open da Austr\u00e1lia pela d\u00e9cima vez consecutiva. Diallo, 41.\u00ba, n\u00e3o conseguiu avan\u00e7ar al\u00e9m da primeira ronda pela segunda vez em Melbourne. Dois portugueses v\u00e3o disputar o quadro principal masculino: Nuno Borges (46.\u00ba) frente a F\u00e9lix Auger-Aliassime (7.\u00ba) e Jaime Faria (151.\u00ba) contra Arthur Cazaux (67.\u00ba), sendo Francisco Cabral o foco do torneio em pares.","og_url":"https:\/\/portaltela.pt\/noticias\/2026\/01\/18\/zverev-avanca-a-segunda-ronda-do-open-da-australia-apos-perder-um-set\/","og_site_name":"Portal Tela Portugal","article_published_time":"2026-01-18T08:18:02+00:00","author":"Telinha","twitter_card":"summary_large_image","twitter_misc":{"Escrito por":"Telinha","Tempo estimado de leitura":"1 minuto"},"schema":{"@context":"https:\/\/schema.org","@graph":[{"@type":"Article","@id":"https:\/\/portaltela.pt\/noticias\/2026\/01\/18\/zverev-avanca-a-segunda-ronda-do-open-da-australia-apos-perder-um-set\/#article","isPartOf":{"@id":"https:\/\/portaltela.pt\/noticias\/2026\/01\/18\/zverev-avanca-a-segunda-ronda-do-open-da-australia-apos-perder-um-set\/"},"author":{"name":"Telinha","@id":"https:\/\/portaltela.pt\/#\/schema\/person\/c4278d4a6028830caff9ee44b42d32ed"},"headline":"Zverev avan\u00e7a \u00e0 segunda ronda do Open da Austr\u00e1lia ap\u00f3s perder um set","datePublished":"2026-01-18T08:18:02+00:00","mainEntityOfPage":{"@id":"https:\/\/portaltela.pt\/noticias\/2026\/01\/18\/zverev-avanca-a-segunda-ronda-do-open-da-australia-apos-perder-um-set\/"},"wordCount":209,"image":{"@id":"https:\/\/portaltela.pt\/noticias\/2026\/01\/18\/zverev-avanca-a-segunda-ronda-do-open-da-australia-apos-perder-um-set\/#primaryimage"},"thumbnailUrl":"https:\/\/portaltela.pt\/s.01k8rhncp4jt1\/2026\/01\/img_1200x721uu2026-01-18-08-16-29-2415485-im-639043210218382349.jpg","keywords":["desporto","Francisco Cabral","Jaime Faria","Nuno Borges","Portugal","t\u00eanis"],"articleSection":["Desporto"],"inLanguage":"pt-PT"},{"@type":"WebPage","@id":"https:\/\/portaltela.pt\/noticias\/2026\/01\/18\/zverev-avanca-a-segunda-ronda-do-open-da-australia-apos-perder-um-set\/","url":"https:\/\/portaltela.pt\/noticias\/2026\/01\/18\/zverev-avanca-a-segunda-ronda-do-open-da-australia-apos-perder-um-set\/","name":"Zverev avan\u00e7a \u00e0 segunda ronda do Open da Austr\u00e1lia ap\u00f3s perder um set - Portal Tela Portugal","isPartOf":{"@id":"https:\/\/portaltela.pt\/#website"},"primaryImageOfPage":{"@id":"https:\/\/portaltela.pt\/noticias\/2026\/01\/18\/zverev-avanca-a-segunda-ronda-do-open-da-australia-apos-perder-um-set\/#primaryimage"},"image":{"@id":"https:\/\/portaltela.pt\/noticias\/2026\/01\/18\/zverev-avanca-a-segunda-ronda-do-open-da-australia-apos-perder-um-set\/#primaryimage"},"thumbnailUrl":"https:\/\/portaltela.pt\/s.01k8rhncp4jt1\/2026\/01\/img_1200x721uu2026-01-18-08-16-29-2415485-im-639043210218382349.jpg","datePublished":"2026-01-18T08:18:02+00:00","author":{"@id":"https:\/\/portaltela.pt\/#\/schema\/person\/c4278d4a6028830caff9ee44b42d32ed"},"breadcrumb":{"@id":"https:\/\/portaltela.pt\/noticias\/2026\/01\/18\/zverev-avanca-a-segunda-ronda-do-open-da-australia-apos-perder-um-set\/#breadcrumb"},"inLanguage":"pt-PT","potentialAction":[{"@type":"ReadAction","target":["https:\/\/portaltela.pt\/noticias\/2026\/01\/18\/zverev-avanca-a-segunda-ronda-do-open-da-australia-apos-perder-um-set\/"]}]},{"@type":"ImageObject","inLanguage":"pt-PT","@id":"https:\/\/portaltela.pt\/noticias\/2026\/01\/18\/zverev-avanca-a-segunda-ronda-do-open-da-australia-apos-perder-um-set\/#primaryimage","url":"https:\/\/portaltela.pt\/s.01k8rhncp4jt1\/2026\/01\/img_1200x721uu2026-01-18-08-16-29-2415485-im-639043210218382349.jpg","contentUrl":"https:\/\/portaltela.pt\/s.01k8rhncp4jt1\/2026\/01\/img_1200x721uu2026-01-18-08-16-29-2415485-im-639043210218382349.jpg","width":796,"height":448,"caption":"Alexander Zverev em a\u00e7\u00e3o no Open da Austr\u00e1lia"},{"@type":"BreadcrumbList","@id":"https:\/\/portaltela.pt\/noticias\/2026\/01\/18\/zverev-avanca-a-segunda-ronda-do-open-da-australia-apos-perder-um-set\/#breadcrumb","itemListElement":[{"@type":"ListItem","position":1,"name":"In\u00edcio","item":"https:\/\/portaltela.pt\/"},{"@type":"ListItem","position":2,"name":"Zverev avan\u00e7a \u00e0 segunda ronda do Open da Austr\u00e1lia ap\u00f3s perder um set"}]},{"@type":"WebSite","@id":"https:\/\/portaltela.pt\/#website","url":"https:\/\/portaltela.pt\/","name":"Portal Tela Portugal","description":"","potentialAction":[{"@type":"SearchAction","target":{"@type":"EntryPoint","urlTemplate":"https:\/\/portaltela.pt\/?s={search_term_string}"},"query-input":{"@type":"PropertyValueSpecification","valueRequired":true,"valueName":"search_term_string"}}],"inLanguage":"pt-PT"},{"@type":"Person","@id":"https:\/\/portaltela.pt\/#\/schema\/person\/c4278d4a6028830caff9ee44b42d32ed","name":"Telinha","image":{"@type":"ImageObject","inLanguage":"pt-PT","@id":"https:\/\/portaltela.pt\/s.01k8rhncp4jt1\/2025\/11\/talking-bot-125x125.png","url":"https:\/\/portaltela.pt\/s.01k8rhncp4jt1\/2025\/11\/talking-bot-125x125.png","contentUrl":"https:\/\/portaltela.pt\/s.01k8rhncp4jt1\/2025\/11\/talking-bot-125x125.png","caption":"Telinha"},"sameAs":["https:\/\/portaltela.pt\/"],"url":"https:\/\/portaltela.pt\/por\/367410592786\/"}]}},"_links":{"self":[{"href":"https:\/\/portaltela.pt\/api\/wp\/v2\/posts\/149482","targetHints":{"allow":["GET"]}}],"collection":[{"href":"https:\/\/portaltela.pt\/api\/wp\/v2\/posts"}],"about":[{"href":"https:\/\/portaltela.pt\/api\/wp\/v2\/types\/post"}],"author":[{"embeddable":true,"href":"https:\/\/portaltela.pt\/api\/wp\/v2\/users\/2"}],"replies":[{"embeddable":true,"href":"https:\/\/portaltela.pt\/api\/wp\/v2\/comments?post=149482"}],"version-history":[{"count":0,"href":"https:\/\/portaltela.pt\/api\/wp\/v2\/posts\/149482\/revisions"}],"wp:featuredmedia":[{"embeddable":true,"href":"https:\/\/portaltela.pt\/api\/wp\/v2\/media\/149490"}],"wp:attachment":[{"href":"https:\/\/portaltela.pt\/api\/wp\/v2\/media?parent=149482"}],"wp:term":[{"taxonomy":"category","embeddable":true,"href":"https:\/\/portaltela.pt\/api\/wp\/v2\/categories?post=149482"},{"taxonomy":"post_tag","embeddable":true,"href":"https:\/\/portaltela.pt\/api\/wp\/v2\/tags?post=149482"}],"curies":[{"name":"wp","href":"https:\/\/api.w.org\/{rel}","templated":true}]}}