{"id":149427,"date":"2026-01-18T03:30:00","date_gmt":"2026-01-18T06:30:00","guid":{"rendered":"https:\/\/portaltela.pt\/noticias\/2026\/01\/18\/poesia-nas-grades-inspira-projeto-cultural-em-unidade-prisional\/"},"modified":"2026-01-18T03:30:00","modified_gmt":"2026-01-18T06:30:00","slug":"poesia-nas-grades-inspira-projeto-cultural-em-unidade-prisional","status":"publish","type":"post","link":"https:\/\/portaltela.pt\/noticias\/2026\/01\/18\/poesia-nas-grades-inspira-projeto-cultural-em-unidade-prisional\/","title":{"rendered":"Poesia nas grades inspira projeto cultural em unidade prisional"},"content":{"rendered":"<p>Todos os anos, dezenas de prisioneiros dedicam tempo \u00e0 escrita dentro das pris\u00f5es e recebem pr\u00e9mios. A reportagem acompanha de perto de onde nascem as palavras que surgem da priva\u00e7\u00e3o de liberdade.<\/p>\n<p>A iniciativa transforma a rotina de clausura em laborat\u00f3rio criativo. Entre as obras, h\u00e1 refer\u00eancias a figuras como um papa a olhar com desd\u00e9m, uma baiana que irrompe em cor e um Nelson Mandela esculpido a carv\u00e3o.<\/p>\n<p>Para aceder \u00e0s obras, a equipa precisa atravessar o espa\u00e7o de seguran\u00e7a: homens vestidos de azul, grad\u00f5es de \u00e9poca e detectores de metais. O processo de entrada \u00e9 rigoroso e repetido em cada visita.<\/p>\n<h3>Contexto<\/h3>\n<p>O fen\u00f3meno \u00e9 descrito como uma leitura de mundo feita dentro do sistema prisional, com prazos de produ\u00e7\u00e3o e concursos que reconhecem o talento dos detidos. As obras resultam em exposi\u00e7\u00f5es ou pr\u00e9mios, destacando a diversidade de vozes.<\/p>\n<p>A iniciativa tem como objetivo oferecer uma via de express\u00e3o e motivar a participa\u00e7\u00e3o comunit\u00e1ria, segundo organizadores. A sele\u00e7\u00e3o dos trabalhos busca refletir experi\u00eancias e perspetivas \u00fanicas dentro doSpace.<\/p>\n","protected":false},"excerpt":{"rendered":"<ul>\n<li>Todos os anos, dezenas de prisioneiros dedicam-se \u00e0 escrita e recebem pr\u00e9mios.<\/li>\n<li>Fomos \u00e0s cadeias descobrir de onde v\u00eam as palavras livres dos que j\u00e1 n\u00e3o t\u00eam liberdade.<\/li>\n<li>As obras incluem um papa que olha com desd\u00e9m, uma baiana sensual e Nelson Mandela desenhado a carv\u00e3o.<\/li>\n<li>Podem parecer obras de uma galeria, mas s\u00e3o exibidas dentro das pris\u00f5es.<\/li>\n<li>O acesso envolve disciplina de seguran\u00e7a: guardas trajados de azul, grad\u00f5es altos e detectores de metais.<\/li>\n<\/ul>\n","protected":false},"author":2,"featured_media":149430,"comment_status":"closed","ping_status":"closed","sticky":false,"template":"","format":"standard","meta":{"footnotes":""},"categories":[1],"tags":[70,1975,145,106,40,1995],"class_list":["post-149427","post","type-post","status-publish","format-standard","has-post-thumbnail","hentry","category-noticias","tag-arte","tag-arte-teatro-concertos","tag-cultura","tag-literatura","tag-pessoas","tag-residencias-artisticas"],"yoast_head":"<!-- This site is optimized with the Yoast SEO plugin v27.2 - https:\/\/yoast.com\/product\/yoast-seo-wordpress\/ -->\n<title>Poesia nas grades inspira projeto cultural em unidade prisional - Portal Tela Portugal<\/title>\n<meta name=\"robots\" content=\"index, follow, max-snippet:-1, max-image-preview:large, max-video-preview:-1\" \/>\n<meta property=\"og:locale\" content=\"pt_PT\" \/>\n<meta property=\"og:type\" content=\"article\" \/>\n<meta property=\"og:title\" content=\"Poesia nas grades inspira projeto cultural em unidade prisional - Portal Tela Portugal\" \/>\n<meta property=\"og:description\" content=\"Todos os anos, dezenas de prisioneiros dedicam-se \u00e0 escrita e recebem pr\u00e9mios. Fomos \u00e0s cadeias descobrir de onde v\u00eam as palavras livres dos que j\u00e1 n\u00e3o t\u00eam liberdade. As obras incluem um papa que olha com desd\u00e9m, uma baiana sensual e Nelson Mandela desenhado a carv\u00e3o. Podem parecer obras de uma galeria, mas s\u00e3o exibidas dentro das pris\u00f5es. O acesso envolve disciplina de seguran\u00e7a: guardas trajados de azul, grad\u00f5es altos e detectores de metais.\" \/>\n<meta property=\"og:url\" content=\"https:\/\/portaltela.pt\/noticias\/2026\/01\/18\/poesia-nas-grades-inspira-projeto-cultural-em-unidade-prisional\/\" \/>\n<meta property=\"og:site_name\" content=\"Portal Tela Portugal\" \/>\n<meta property=\"article:published_time\" content=\"2026-01-18T06:30:00+00:00\" \/>\n<meta name=\"author\" content=\"Telinha\" \/>\n<meta name=\"twitter:card\" content=\"summary_large_image\" \/>\n<meta name=\"twitter:label1\" content=\"Escrito por\" \/>\n\t<meta name=\"twitter:data1\" content=\"Telinha\" \/>\n\t<meta name=\"twitter:label2\" content=\"Tempo estimado de leitura\" \/>\n\t<meta name=\"twitter:data2\" content=\"1 minuto\" \/>\n<script type=\"application\/ld+json\" class=\"yoast-schema-graph\">{\"@context\":\"https:\/\/schema.org\",\"@graph\":[{\"@type\":\"Article\",\"@id\":\"https:\/\/portaltela.pt\/noticias\/2026\/01\/18\/poesia-nas-grades-inspira-projeto-cultural-em-unidade-prisional\/#article\",\"isPartOf\":{\"@id\":\"https:\/\/portaltela.pt\/noticias\/2026\/01\/18\/poesia-nas-grades-inspira-projeto-cultural-em-unidade-prisional\/\"},\"author\":{\"name\":\"Telinha\",\"@id\":\"https:\/\/portaltela.pt\/#\/schema\/person\/c4278d4a6028830caff9ee44b42d32ed\"},\"headline\":\"Poesia nas grades inspira projeto cultural em unidade prisional\",\"datePublished\":\"2026-01-18T06:30:00+00:00\",\"mainEntityOfPage\":{\"@id\":\"https:\/\/portaltela.pt\/noticias\/2026\/01\/18\/poesia-nas-grades-inspira-projeto-cultural-em-unidade-prisional\/\"},\"wordCount\":196,\"image\":{\"@id\":\"https:\/\/portaltela.pt\/noticias\/2026\/01\/18\/poesia-nas-grades-inspira-projeto-cultural-em-unidade-prisional\/#primaryimage\"},\"thumbnailUrl\":\"https:\/\/portaltela.pt\/s.01k8rhncp4jt1\/2026\/01\/2060135.jpg\",\"keywords\":[\"arte\",\"arte\/teatro\/concertos\",\"cultura\",\"literatura\",\"pessoas\",\"resid\u00eancias art\u00edsticas\"],\"articleSection\":[\"Not\u00edcias\"],\"inLanguage\":\"pt-PT\"},{\"@type\":\"WebPage\",\"@id\":\"https:\/\/portaltela.pt\/noticias\/2026\/01\/18\/poesia-nas-grades-inspira-projeto-cultural-em-unidade-prisional\/\",\"url\":\"https:\/\/portaltela.pt\/noticias\/2026\/01\/18\/poesia-nas-grades-inspira-projeto-cultural-em-unidade-prisional\/\",\"name\":\"Poesia nas grades inspira projeto cultural em unidade prisional - Portal Tela Portugal\",\"isPartOf\":{\"@id\":\"https:\/\/portaltela.pt\/#website\"},\"primaryImageOfPage\":{\"@id\":\"https:\/\/portaltela.pt\/noticias\/2026\/01\/18\/poesia-nas-grades-inspira-projeto-cultural-em-unidade-prisional\/#primaryimage\"},\"image\":{\"@id\":\"https:\/\/portaltela.pt\/noticias\/2026\/01\/18\/poesia-nas-grades-inspira-projeto-cultural-em-unidade-prisional\/#primaryimage\"},\"thumbnailUrl\":\"https:\/\/portaltela.pt\/s.01k8rhncp4jt1\/2026\/01\/2060135.jpg\",\"datePublished\":\"2026-01-18T06:30:00+00:00\",\"author\":{\"@id\":\"https:\/\/portaltela.pt\/#\/schema\/person\/c4278d4a6028830caff9ee44b42d32ed\"},\"breadcrumb\":{\"@id\":\"https:\/\/portaltela.pt\/noticias\/2026\/01\/18\/poesia-nas-grades-inspira-projeto-cultural-em-unidade-prisional\/#breadcrumb\"},\"inLanguage\":\"pt-PT\",\"potentialAction\":[{\"@type\":\"ReadAction\",\"target\":[\"https:\/\/portaltela.pt\/noticias\/2026\/01\/18\/poesia-nas-grades-inspira-projeto-cultural-em-unidade-prisional\/\"]}]},{\"@type\":\"ImageObject\",\"inLanguage\":\"pt-PT\",\"@id\":\"https:\/\/portaltela.pt\/noticias\/2026\/01\/18\/poesia-nas-grades-inspira-projeto-cultural-em-unidade-prisional\/#primaryimage\",\"url\":\"https:\/\/portaltela.pt\/s.01k8rhncp4jt1\/2026\/01\/2060135.jpg\",\"contentUrl\":\"https:\/\/portaltela.pt\/s.01k8rhncp4jt1\/2026\/01\/2060135.jpg\",\"width\":796,\"height\":448,\"caption\":\"Reportagem no Estabelecimento de Tires, onde est\u00e3o detidas concorrentes do Concurso de Escrita Criativa Interpris\u00f5es 2025 com o tema \u201cMudam-se os tempos, mudam-se as vontades\u201d, com pr\u00e9mios atribu\u00eddos pela Dire\u00e7\u00e3o geral do Livro, dos Arquivos e das Bibliotecas (DGLAB) , Tires 10 de outubro de 2025. Na imagem Sandra Formigo premiada no concurso de 2025. No ano de 2024 o tema foi \u201c50 anos do 25 de Abril\u201d.\"},{\"@type\":\"BreadcrumbList\",\"@id\":\"https:\/\/portaltela.pt\/noticias\/2026\/01\/18\/poesia-nas-grades-inspira-projeto-cultural-em-unidade-prisional\/#breadcrumb\",\"itemListElement\":[{\"@type\":\"ListItem\",\"position\":1,\"name\":\"In\u00edcio\",\"item\":\"https:\/\/portaltela.pt\/\"},{\"@type\":\"ListItem\",\"position\":2,\"name\":\"Poesia nas grades inspira projeto cultural em unidade prisional\"}]},{\"@type\":\"WebSite\",\"@id\":\"https:\/\/portaltela.pt\/#website\",\"url\":\"https:\/\/portaltela.pt\/\",\"name\":\"Portal Tela Portugal\",\"description\":\"\",\"potentialAction\":[{\"@type\":\"SearchAction\",\"target\":{\"@type\":\"EntryPoint\",\"urlTemplate\":\"https:\/\/portaltela.pt\/?s={search_term_string}\"},\"query-input\":{\"@type\":\"PropertyValueSpecification\",\"valueRequired\":true,\"valueName\":\"search_term_string\"}}],\"inLanguage\":\"pt-PT\"},{\"@type\":\"Person\",\"@id\":\"https:\/\/portaltela.pt\/#\/schema\/person\/c4278d4a6028830caff9ee44b42d32ed\",\"name\":\"Telinha\",\"image\":{\"@type\":\"ImageObject\",\"inLanguage\":\"pt-PT\",\"@id\":\"https:\/\/portaltela.pt\/s.01k8rhncp4jt1\/2025\/11\/talking-bot-125x125.png\",\"url\":\"https:\/\/portaltela.pt\/s.01k8rhncp4jt1\/2025\/11\/talking-bot-125x125.png\",\"contentUrl\":\"https:\/\/portaltela.pt\/s.01k8rhncp4jt1\/2025\/11\/talking-bot-125x125.png\",\"caption\":\"Telinha\"},\"sameAs\":[\"https:\/\/portaltela.pt\/\"],\"url\":\"https:\/\/portaltela.pt\/por\/367410592786\/\"}]}<\/script>\n<!-- \/ Yoast SEO plugin. -->","yoast_head_json":{"title":"Poesia nas grades inspira projeto cultural em unidade prisional - Portal Tela Portugal","robots":{"index":"index","follow":"follow","max-snippet":"max-snippet:-1","max-image-preview":"max-image-preview:large","max-video-preview":"max-video-preview:-1"},"og_locale":"pt_PT","og_type":"article","og_title":"Poesia nas grades inspira projeto cultural em unidade prisional - Portal Tela Portugal","og_description":"Todos os anos, dezenas de prisioneiros dedicam-se \u00e0 escrita e recebem pr\u00e9mios. Fomos \u00e0s cadeias descobrir de onde v\u00eam as palavras livres dos que j\u00e1 n\u00e3o t\u00eam liberdade. As obras incluem um papa que olha com desd\u00e9m, uma baiana sensual e Nelson Mandela desenhado a carv\u00e3o. Podem parecer obras de uma galeria, mas s\u00e3o exibidas dentro das pris\u00f5es. O acesso envolve disciplina de seguran\u00e7a: guardas trajados de azul, grad\u00f5es altos e detectores de metais.","og_url":"https:\/\/portaltela.pt\/noticias\/2026\/01\/18\/poesia-nas-grades-inspira-projeto-cultural-em-unidade-prisional\/","og_site_name":"Portal Tela Portugal","article_published_time":"2026-01-18T06:30:00+00:00","author":"Telinha","twitter_card":"summary_large_image","twitter_misc":{"Escrito por":"Telinha","Tempo estimado de leitura":"1 minuto"},"schema":{"@context":"https:\/\/schema.org","@graph":[{"@type":"Article","@id":"https:\/\/portaltela.pt\/noticias\/2026\/01\/18\/poesia-nas-grades-inspira-projeto-cultural-em-unidade-prisional\/#article","isPartOf":{"@id":"https:\/\/portaltela.pt\/noticias\/2026\/01\/18\/poesia-nas-grades-inspira-projeto-cultural-em-unidade-prisional\/"},"author":{"name":"Telinha","@id":"https:\/\/portaltela.pt\/#\/schema\/person\/c4278d4a6028830caff9ee44b42d32ed"},"headline":"Poesia nas grades inspira projeto cultural em unidade prisional","datePublished":"2026-01-18T06:30:00+00:00","mainEntityOfPage":{"@id":"https:\/\/portaltela.pt\/noticias\/2026\/01\/18\/poesia-nas-grades-inspira-projeto-cultural-em-unidade-prisional\/"},"wordCount":196,"image":{"@id":"https:\/\/portaltela.pt\/noticias\/2026\/01\/18\/poesia-nas-grades-inspira-projeto-cultural-em-unidade-prisional\/#primaryimage"},"thumbnailUrl":"https:\/\/portaltela.pt\/s.01k8rhncp4jt1\/2026\/01\/2060135.jpg","keywords":["arte","arte\/teatro\/concertos","cultura","literatura","pessoas","resid\u00eancias art\u00edsticas"],"articleSection":["Not\u00edcias"],"inLanguage":"pt-PT"},{"@type":"WebPage","@id":"https:\/\/portaltela.pt\/noticias\/2026\/01\/18\/poesia-nas-grades-inspira-projeto-cultural-em-unidade-prisional\/","url":"https:\/\/portaltela.pt\/noticias\/2026\/01\/18\/poesia-nas-grades-inspira-projeto-cultural-em-unidade-prisional\/","name":"Poesia nas grades inspira projeto cultural em unidade prisional - Portal Tela Portugal","isPartOf":{"@id":"https:\/\/portaltela.pt\/#website"},"primaryImageOfPage":{"@id":"https:\/\/portaltela.pt\/noticias\/2026\/01\/18\/poesia-nas-grades-inspira-projeto-cultural-em-unidade-prisional\/#primaryimage"},"image":{"@id":"https:\/\/portaltela.pt\/noticias\/2026\/01\/18\/poesia-nas-grades-inspira-projeto-cultural-em-unidade-prisional\/#primaryimage"},"thumbnailUrl":"https:\/\/portaltela.pt\/s.01k8rhncp4jt1\/2026\/01\/2060135.jpg","datePublished":"2026-01-18T06:30:00+00:00","author":{"@id":"https:\/\/portaltela.pt\/#\/schema\/person\/c4278d4a6028830caff9ee44b42d32ed"},"breadcrumb":{"@id":"https:\/\/portaltela.pt\/noticias\/2026\/01\/18\/poesia-nas-grades-inspira-projeto-cultural-em-unidade-prisional\/#breadcrumb"},"inLanguage":"pt-PT","potentialAction":[{"@type":"ReadAction","target":["https:\/\/portaltela.pt\/noticias\/2026\/01\/18\/poesia-nas-grades-inspira-projeto-cultural-em-unidade-prisional\/"]}]},{"@type":"ImageObject","inLanguage":"pt-PT","@id":"https:\/\/portaltela.pt\/noticias\/2026\/01\/18\/poesia-nas-grades-inspira-projeto-cultural-em-unidade-prisional\/#primaryimage","url":"https:\/\/portaltela.pt\/s.01k8rhncp4jt1\/2026\/01\/2060135.jpg","contentUrl":"https:\/\/portaltela.pt\/s.01k8rhncp4jt1\/2026\/01\/2060135.jpg","width":796,"height":448,"caption":"Reportagem no Estabelecimento de Tires, onde est\u00e3o detidas concorrentes do Concurso de Escrita Criativa Interpris\u00f5es 2025 com o tema \u201cMudam-se os tempos, mudam-se as vontades\u201d, com pr\u00e9mios atribu\u00eddos pela Dire\u00e7\u00e3o geral do Livro, dos Arquivos e das Bibliotecas (DGLAB) , Tires 10 de outubro de 2025. Na imagem Sandra Formigo premiada no concurso de 2025. No ano de 2024 o tema foi \u201c50 anos do 25 de Abril\u201d."},{"@type":"BreadcrumbList","@id":"https:\/\/portaltela.pt\/noticias\/2026\/01\/18\/poesia-nas-grades-inspira-projeto-cultural-em-unidade-prisional\/#breadcrumb","itemListElement":[{"@type":"ListItem","position":1,"name":"In\u00edcio","item":"https:\/\/portaltela.pt\/"},{"@type":"ListItem","position":2,"name":"Poesia nas grades inspira projeto cultural em unidade prisional"}]},{"@type":"WebSite","@id":"https:\/\/portaltela.pt\/#website","url":"https:\/\/portaltela.pt\/","name":"Portal Tela Portugal","description":"","potentialAction":[{"@type":"SearchAction","target":{"@type":"EntryPoint","urlTemplate":"https:\/\/portaltela.pt\/?s={search_term_string}"},"query-input":{"@type":"PropertyValueSpecification","valueRequired":true,"valueName":"search_term_string"}}],"inLanguage":"pt-PT"},{"@type":"Person","@id":"https:\/\/portaltela.pt\/#\/schema\/person\/c4278d4a6028830caff9ee44b42d32ed","name":"Telinha","image":{"@type":"ImageObject","inLanguage":"pt-PT","@id":"https:\/\/portaltela.pt\/s.01k8rhncp4jt1\/2025\/11\/talking-bot-125x125.png","url":"https:\/\/portaltela.pt\/s.01k8rhncp4jt1\/2025\/11\/talking-bot-125x125.png","contentUrl":"https:\/\/portaltela.pt\/s.01k8rhncp4jt1\/2025\/11\/talking-bot-125x125.png","caption":"Telinha"},"sameAs":["https:\/\/portaltela.pt\/"],"url":"https:\/\/portaltela.pt\/por\/367410592786\/"}]}},"_links":{"self":[{"href":"https:\/\/portaltela.pt\/api\/wp\/v2\/posts\/149427","targetHints":{"allow":["GET"]}}],"collection":[{"href":"https:\/\/portaltela.pt\/api\/wp\/v2\/posts"}],"about":[{"href":"https:\/\/portaltela.pt\/api\/wp\/v2\/types\/post"}],"author":[{"embeddable":true,"href":"https:\/\/portaltela.pt\/api\/wp\/v2\/users\/2"}],"replies":[{"embeddable":true,"href":"https:\/\/portaltela.pt\/api\/wp\/v2\/comments?post=149427"}],"version-history":[{"count":0,"href":"https:\/\/portaltela.pt\/api\/wp\/v2\/posts\/149427\/revisions"}],"wp:featuredmedia":[{"embeddable":true,"href":"https:\/\/portaltela.pt\/api\/wp\/v2\/media\/149430"}],"wp:attachment":[{"href":"https:\/\/portaltela.pt\/api\/wp\/v2\/media?parent=149427"}],"wp:term":[{"taxonomy":"category","embeddable":true,"href":"https:\/\/portaltela.pt\/api\/wp\/v2\/categories?post=149427"},{"taxonomy":"post_tag","embeddable":true,"href":"https:\/\/portaltela.pt\/api\/wp\/v2\/tags?post=149427"}],"curies":[{"name":"wp","href":"https:\/\/api.w.org\/{rel}","templated":true}]}}