{"id":149374,"date":"2026-01-18T03:30:00","date_gmt":"2026-01-18T06:30:00","guid":{"rendered":"https:\/\/portaltela.pt\/noticias\/2026\/01\/18\/andre-luiz-aguarda-contrato-de-45-anos-marinakis-mantem-posicao-intransigente\/"},"modified":"2026-01-18T03:30:00","modified_gmt":"2026-01-18T06:30:00","slug":"andre-luiz-aguarda-contrato-de-45-anos-marinakis-mantem-posicao-intransigente","status":"publish","type":"post","link":"https:\/\/portaltela.pt\/desporto\/futebol\/2026\/01\/18\/andre-luiz-aguarda-contrato-de-45-anos-marinakis-mantem-posicao-intransigente\/","title":{"rendered":"Andr\u00e9 Luiz aguarda contrato de 4,5 anos; Marinakis mant\u00e9m posi\u00e7\u00e3o intransigente"},"content":{"rendered":"<p>Andr\u00e9 Luiz est\u00e1 perto de um acordo para deixar o Rio Ave e refor\u00e7ar o Benfica, em Lisboa. O avan\u00e7ado recebeu uma proposta do clube encarnado de 12 milh\u00f5es de euros, acrescidos de 3 milh\u00f5es por objetivos. O neg\u00f3cio tamb\u00e9m depende do avan\u00e7o das negocia\u00e7\u00f5es com o jogador.<\/p>\n<p>Segundo fontes pr\u00f3ximas, o jogador ficou encantado com a perspetiva de ver-se vestir de encarnado e aceitou as condi\u00e7\u00f5es apresentadas pelo Benfica: contrato de quatro anos e meio, com rendimento l\u00edquido pr\u00f3ximo de 1 milh\u00e3o de euros por temporada. A meta passa por trabalhar com Jos\u00e9 Mourinho.<\/p>\n<p>A transmiss\u00e3o das informa\u00e7\u00f5es indica que o incumbente do Benfica, \u00e0 cabe\u00e7a de opera\u00e7\u00f5es, continua a negociar com o agente de Andr\u00e9 Luiz e com o Rio Ave, clube detentor dos direitos desportivos, para fechar detalhes finais. Marinakis, propriet\u00e1rio do clube grego, mant\u00e9m posi\u00e7\u00e3o firme.<\/p>\n<h3>Ponto de situa\u00e7\u00e3o<\/h3>\n<p>O avan\u00e7ado \u00e9 visto como uma das principais prioridades do clube de Lisboa neste per\u00edodo de transfer\u00eancias. O Benfica persiste na concess\u00e3o de pr\u00e9mios por objetivos que elevem o custo total da opera\u00e7\u00e3o, o que ainda n\u00e3o foi aceite no seu conjunto.<\/p>\n<p>Mant\u00eam-se abertas as possibilidades de acordo, com representantes de Andr\u00e9 Luiz a acompanhar de perto a estrat\u00e9gia de valida\u00e7\u00e3o de propostas junto do Rio Ave. A conclus\u00e3o do neg\u00f3cio ainda depende de aprova\u00e7\u00f5es administrativas e da aceita\u00e7\u00e3o final das condi\u00e7\u00f5es contratuais.<\/p>\n","protected":false},"excerpt":{"rendered":"<ul>\n<li>Benfica informou uma proposta de 12 milh\u00f5es de euros, acrescida de tr\u00eas milh\u00f5es por objetivos, que ainda assim n\u00e3o foi suficiente para libertar Andr\u00e9 Luiz junto do empres\u00e1rio Marinakis.<\/li>\n<li>O avan\u00e7ado mostrou-se interessado na hip\u00f3tese de rumar ao Benfica e aceitou as condi\u00e7\u00f5es apresentadas, com contrato de quatro anos e meio a receber, sensivelmente, um milh\u00e3o de euros l\u00edquidos por temporada.<\/li>\n<li>O interesse do Benfica surge como parte das negocia\u00e7\u00f5es ativas para este mercado de transfer\u00eancias, com a possibilidade de treinar \u00e0 ferramenta Jos\u00e9 Mourinho no clube da Luz.<\/li>\n<li>Marinakis mant\u00e9m posi\u00e7\u00e3o intransigente nas negocia\u00e7\u00f5es com o Benfica por Andr\u00e9 Luiz, mantendo-se firme quanto aos valores propostos.<\/li>\n<li>Andr\u00e9 Luiz vai deixar o Rio Ave para refor\u00e7ar o Benfica, segundo as informa\u00e7\u00f5es dispon\u00edveis sobre o processo de transfer\u00eancias.<\/li>\n<\/ul>\n","protected":false},"author":2,"featured_media":149376,"comment_status":"closed","ping_status":"closed","sticky":false,"template":"","format":"standard","meta":{"footnotes":""},"categories":[21,24],"tags":[2769,1946,32,50,2190,2050],"class_list":["post-149374","post","type-post","status-publish","format-standard","has-post-thumbnail","hentry","category-desporto","category-futebol","tag-andre-luiz","tag-benfica","tag-futebol","tag-mercado-da-bola","tag-rio-ave","tag-transferencias"],"yoast_head":"<!-- This site is optimized with the Yoast SEO plugin v27.2 - https:\/\/yoast.com\/product\/yoast-seo-wordpress\/ -->\n<title>Andr\u00e9 Luiz aguarda contrato de 4,5 anos; Marinakis mant\u00e9m posi\u00e7\u00e3o intransigente - Portal Tela Portugal<\/title>\n<meta name=\"robots\" content=\"index, follow, max-snippet:-1, max-image-preview:large, max-video-preview:-1\" \/>\n<meta property=\"og:locale\" content=\"pt_PT\" \/>\n<meta property=\"og:type\" content=\"article\" \/>\n<meta property=\"og:title\" content=\"Andr\u00e9 Luiz aguarda contrato de 4,5 anos; Marinakis mant\u00e9m posi\u00e7\u00e3o intransigente - Portal Tela Portugal\" \/>\n<meta property=\"og:description\" content=\"Benfica informou uma proposta de 12 milh\u00f5es de euros, acrescida de tr\u00eas milh\u00f5es por objetivos, que ainda assim n\u00e3o foi suficiente para libertar Andr\u00e9 Luiz junto do empres\u00e1rio Marinakis. O avan\u00e7ado mostrou-se interessado na hip\u00f3tese de rumar ao Benfica e aceitou as condi\u00e7\u00f5es apresentadas, com contrato de quatro anos e meio a receber, sensivelmente, um milh\u00e3o de euros l\u00edquidos por temporada. O interesse do Benfica surge como parte das negocia\u00e7\u00f5es ativas para este mercado de transfer\u00eancias, com a possibilidade de treinar \u00e0 ferramenta Jos\u00e9 Mourinho no clube da Luz. Marinakis mant\u00e9m posi\u00e7\u00e3o intransigente nas negocia\u00e7\u00f5es com o Benfica por Andr\u00e9 Luiz, mantendo-se firme quanto aos valores propostos. Andr\u00e9 Luiz vai deixar o Rio Ave para refor\u00e7ar o Benfica, segundo as informa\u00e7\u00f5es dispon\u00edveis sobre o processo de transfer\u00eancias.\" \/>\n<meta property=\"og:url\" content=\"https:\/\/portaltela.pt\/noticias\/2026\/01\/18\/andre-luiz-aguarda-contrato-de-45-anos-marinakis-mantem-posicao-intransigente\/\" \/>\n<meta property=\"og:site_name\" content=\"Portal Tela Portugal\" \/>\n<meta property=\"article:published_time\" content=\"2026-01-18T06:30:00+00:00\" \/>\n<meta name=\"author\" content=\"Telinha\" \/>\n<meta name=\"twitter:card\" content=\"summary_large_image\" \/>\n<meta name=\"twitter:label1\" content=\"Escrito por\" \/>\n\t<meta name=\"twitter:data1\" content=\"Telinha\" \/>\n\t<meta name=\"twitter:label2\" content=\"Tempo estimado de leitura\" \/>\n\t<meta name=\"twitter:data2\" content=\"1 minuto\" \/>\n<script type=\"application\/ld+json\" class=\"yoast-schema-graph\">{\"@context\":\"https:\/\/schema.org\",\"@graph\":[{\"@type\":\"Article\",\"@id\":\"https:\/\/portaltela.pt\/noticias\/2026\/01\/18\/andre-luiz-aguarda-contrato-de-45-anos-marinakis-mantem-posicao-intransigente\/#article\",\"isPartOf\":{\"@id\":\"https:\/\/portaltela.pt\/noticias\/2026\/01\/18\/andre-luiz-aguarda-contrato-de-45-anos-marinakis-mantem-posicao-intransigente\/\"},\"author\":{\"name\":\"Telinha\",\"@id\":\"https:\/\/portaltela.pt\/#\/schema\/person\/c4278d4a6028830caff9ee44b42d32ed\"},\"headline\":\"Andr\u00e9 Luiz aguarda contrato de 4,5 anos; Marinakis mant\u00e9m posi\u00e7\u00e3o intransigente\",\"datePublished\":\"2026-01-18T06:30:00+00:00\",\"mainEntityOfPage\":{\"@id\":\"https:\/\/portaltela.pt\/noticias\/2026\/01\/18\/andre-luiz-aguarda-contrato-de-45-anos-marinakis-mantem-posicao-intransigente\/\"},\"wordCount\":269,\"image\":{\"@id\":\"https:\/\/portaltela.pt\/noticias\/2026\/01\/18\/andre-luiz-aguarda-contrato-de-45-anos-marinakis-mantem-posicao-intransigente\/#primaryimage\"},\"thumbnailUrl\":\"https:\/\/portaltela.pt\/s.01k8rhncp4jt1\/2026\/01\/img_920x518uu2025-12-29-08-56-32-2411785-6.jpg\",\"keywords\":[\"Andr\u00e9 Luiz\",\"Benfica\",\"futebol\",\"mercado da bola\",\"Rio Ave\",\"transfer\u00eancias\"],\"articleSection\":[\"Desporto\",\"Futebol\"],\"inLanguage\":\"pt-PT\"},{\"@type\":\"WebPage\",\"@id\":\"https:\/\/portaltela.pt\/noticias\/2026\/01\/18\/andre-luiz-aguarda-contrato-de-45-anos-marinakis-mantem-posicao-intransigente\/\",\"url\":\"https:\/\/portaltela.pt\/noticias\/2026\/01\/18\/andre-luiz-aguarda-contrato-de-45-anos-marinakis-mantem-posicao-intransigente\/\",\"name\":\"Andr\u00e9 Luiz aguarda contrato de 4,5 anos; Marinakis mant\u00e9m posi\u00e7\u00e3o intransigente - Portal Tela Portugal\",\"isPartOf\":{\"@id\":\"https:\/\/portaltela.pt\/#website\"},\"primaryImageOfPage\":{\"@id\":\"https:\/\/portaltela.pt\/noticias\/2026\/01\/18\/andre-luiz-aguarda-contrato-de-45-anos-marinakis-mantem-posicao-intransigente\/#primaryimage\"},\"image\":{\"@id\":\"https:\/\/portaltela.pt\/noticias\/2026\/01\/18\/andre-luiz-aguarda-contrato-de-45-anos-marinakis-mantem-posicao-intransigente\/#primaryimage\"},\"thumbnailUrl\":\"https:\/\/portaltela.pt\/s.01k8rhncp4jt1\/2026\/01\/img_920x518uu2025-12-29-08-56-32-2411785-6.jpg\",\"datePublished\":\"2026-01-18T06:30:00+00:00\",\"author\":{\"@id\":\"https:\/\/portaltela.pt\/#\/schema\/person\/c4278d4a6028830caff9ee44b42d32ed\"},\"breadcrumb\":{\"@id\":\"https:\/\/portaltela.pt\/noticias\/2026\/01\/18\/andre-luiz-aguarda-contrato-de-45-anos-marinakis-mantem-posicao-intransigente\/#breadcrumb\"},\"inLanguage\":\"pt-PT\",\"potentialAction\":[{\"@type\":\"ReadAction\",\"target\":[\"https:\/\/portaltela.pt\/noticias\/2026\/01\/18\/andre-luiz-aguarda-contrato-de-45-anos-marinakis-mantem-posicao-intransigente\/\"]}]},{\"@type\":\"ImageObject\",\"inLanguage\":\"pt-PT\",\"@id\":\"https:\/\/portaltela.pt\/noticias\/2026\/01\/18\/andre-luiz-aguarda-contrato-de-45-anos-marinakis-mantem-posicao-intransigente\/#primaryimage\",\"url\":\"https:\/\/portaltela.pt\/s.01k8rhncp4jt1\/2026\/01\/img_920x518uu2025-12-29-08-56-32-2411785-6.jpg\",\"contentUrl\":\"https:\/\/portaltela.pt\/s.01k8rhncp4jt1\/2026\/01\/img_920x518uu2025-12-29-08-56-32-2411785-6.jpg\",\"width\":796,\"height\":448,\"caption\":\"Marinakis mant\u00e9m-se intransigente nas negocia\u00e7\u00f5es com o Benfica por Andr\u00e9 Luiz\"},{\"@type\":\"BreadcrumbList\",\"@id\":\"https:\/\/portaltela.pt\/noticias\/2026\/01\/18\/andre-luiz-aguarda-contrato-de-45-anos-marinakis-mantem-posicao-intransigente\/#breadcrumb\",\"itemListElement\":[{\"@type\":\"ListItem\",\"position\":1,\"name\":\"In\u00edcio\",\"item\":\"https:\/\/portaltela.pt\/\"},{\"@type\":\"ListItem\",\"position\":2,\"name\":\"Andr\u00e9 Luiz aguarda contrato de 4,5 anos; Marinakis mant\u00e9m posi\u00e7\u00e3o intransigente\"}]},{\"@type\":\"WebSite\",\"@id\":\"https:\/\/portaltela.pt\/#website\",\"url\":\"https:\/\/portaltela.pt\/\",\"name\":\"Portal Tela Portugal\",\"description\":\"\",\"potentialAction\":[{\"@type\":\"SearchAction\",\"target\":{\"@type\":\"EntryPoint\",\"urlTemplate\":\"https:\/\/portaltela.pt\/?s={search_term_string}\"},\"query-input\":{\"@type\":\"PropertyValueSpecification\",\"valueRequired\":true,\"valueName\":\"search_term_string\"}}],\"inLanguage\":\"pt-PT\"},{\"@type\":\"Person\",\"@id\":\"https:\/\/portaltela.pt\/#\/schema\/person\/c4278d4a6028830caff9ee44b42d32ed\",\"name\":\"Telinha\",\"image\":{\"@type\":\"ImageObject\",\"inLanguage\":\"pt-PT\",\"@id\":\"https:\/\/portaltela.pt\/s.01k8rhncp4jt1\/2025\/11\/talking-bot-125x125.png\",\"url\":\"https:\/\/portaltela.pt\/s.01k8rhncp4jt1\/2025\/11\/talking-bot-125x125.png\",\"contentUrl\":\"https:\/\/portaltela.pt\/s.01k8rhncp4jt1\/2025\/11\/talking-bot-125x125.png\",\"caption\":\"Telinha\"},\"sameAs\":[\"https:\/\/portaltela.pt\/\"],\"url\":\"https:\/\/portaltela.pt\/por\/367410592786\/\"}]}<\/script>\n<!-- \/ Yoast SEO plugin. -->","yoast_head_json":{"title":"Andr\u00e9 Luiz aguarda contrato de 4,5 anos; Marinakis mant\u00e9m posi\u00e7\u00e3o intransigente - Portal Tela Portugal","robots":{"index":"index","follow":"follow","max-snippet":"max-snippet:-1","max-image-preview":"max-image-preview:large","max-video-preview":"max-video-preview:-1"},"og_locale":"pt_PT","og_type":"article","og_title":"Andr\u00e9 Luiz aguarda contrato de 4,5 anos; Marinakis mant\u00e9m posi\u00e7\u00e3o intransigente - Portal Tela Portugal","og_description":"Benfica informou uma proposta de 12 milh\u00f5es de euros, acrescida de tr\u00eas milh\u00f5es por objetivos, que ainda assim n\u00e3o foi suficiente para libertar Andr\u00e9 Luiz junto do empres\u00e1rio Marinakis. O avan\u00e7ado mostrou-se interessado na hip\u00f3tese de rumar ao Benfica e aceitou as condi\u00e7\u00f5es apresentadas, com contrato de quatro anos e meio a receber, sensivelmente, um milh\u00e3o de euros l\u00edquidos por temporada. O interesse do Benfica surge como parte das negocia\u00e7\u00f5es ativas para este mercado de transfer\u00eancias, com a possibilidade de treinar \u00e0 ferramenta Jos\u00e9 Mourinho no clube da Luz. Marinakis mant\u00e9m posi\u00e7\u00e3o intransigente nas negocia\u00e7\u00f5es com o Benfica por Andr\u00e9 Luiz, mantendo-se firme quanto aos valores propostos. Andr\u00e9 Luiz vai deixar o Rio Ave para refor\u00e7ar o Benfica, segundo as informa\u00e7\u00f5es dispon\u00edveis sobre o processo de transfer\u00eancias.","og_url":"https:\/\/portaltela.pt\/noticias\/2026\/01\/18\/andre-luiz-aguarda-contrato-de-45-anos-marinakis-mantem-posicao-intransigente\/","og_site_name":"Portal Tela Portugal","article_published_time":"2026-01-18T06:30:00+00:00","author":"Telinha","twitter_card":"summary_large_image","twitter_misc":{"Escrito por":"Telinha","Tempo estimado de leitura":"1 minuto"},"schema":{"@context":"https:\/\/schema.org","@graph":[{"@type":"Article","@id":"https:\/\/portaltela.pt\/noticias\/2026\/01\/18\/andre-luiz-aguarda-contrato-de-45-anos-marinakis-mantem-posicao-intransigente\/#article","isPartOf":{"@id":"https:\/\/portaltela.pt\/noticias\/2026\/01\/18\/andre-luiz-aguarda-contrato-de-45-anos-marinakis-mantem-posicao-intransigente\/"},"author":{"name":"Telinha","@id":"https:\/\/portaltela.pt\/#\/schema\/person\/c4278d4a6028830caff9ee44b42d32ed"},"headline":"Andr\u00e9 Luiz aguarda contrato de 4,5 anos; Marinakis mant\u00e9m posi\u00e7\u00e3o intransigente","datePublished":"2026-01-18T06:30:00+00:00","mainEntityOfPage":{"@id":"https:\/\/portaltela.pt\/noticias\/2026\/01\/18\/andre-luiz-aguarda-contrato-de-45-anos-marinakis-mantem-posicao-intransigente\/"},"wordCount":269,"image":{"@id":"https:\/\/portaltela.pt\/noticias\/2026\/01\/18\/andre-luiz-aguarda-contrato-de-45-anos-marinakis-mantem-posicao-intransigente\/#primaryimage"},"thumbnailUrl":"https:\/\/portaltela.pt\/s.01k8rhncp4jt1\/2026\/01\/img_920x518uu2025-12-29-08-56-32-2411785-6.jpg","keywords":["Andr\u00e9 Luiz","Benfica","futebol","mercado da bola","Rio Ave","transfer\u00eancias"],"articleSection":["Desporto","Futebol"],"inLanguage":"pt-PT"},{"@type":"WebPage","@id":"https:\/\/portaltela.pt\/noticias\/2026\/01\/18\/andre-luiz-aguarda-contrato-de-45-anos-marinakis-mantem-posicao-intransigente\/","url":"https:\/\/portaltela.pt\/noticias\/2026\/01\/18\/andre-luiz-aguarda-contrato-de-45-anos-marinakis-mantem-posicao-intransigente\/","name":"Andr\u00e9 Luiz aguarda contrato de 4,5 anos; Marinakis mant\u00e9m posi\u00e7\u00e3o intransigente - Portal Tela Portugal","isPartOf":{"@id":"https:\/\/portaltela.pt\/#website"},"primaryImageOfPage":{"@id":"https:\/\/portaltela.pt\/noticias\/2026\/01\/18\/andre-luiz-aguarda-contrato-de-45-anos-marinakis-mantem-posicao-intransigente\/#primaryimage"},"image":{"@id":"https:\/\/portaltela.pt\/noticias\/2026\/01\/18\/andre-luiz-aguarda-contrato-de-45-anos-marinakis-mantem-posicao-intransigente\/#primaryimage"},"thumbnailUrl":"https:\/\/portaltela.pt\/s.01k8rhncp4jt1\/2026\/01\/img_920x518uu2025-12-29-08-56-32-2411785-6.jpg","datePublished":"2026-01-18T06:30:00+00:00","author":{"@id":"https:\/\/portaltela.pt\/#\/schema\/person\/c4278d4a6028830caff9ee44b42d32ed"},"breadcrumb":{"@id":"https:\/\/portaltela.pt\/noticias\/2026\/01\/18\/andre-luiz-aguarda-contrato-de-45-anos-marinakis-mantem-posicao-intransigente\/#breadcrumb"},"inLanguage":"pt-PT","potentialAction":[{"@type":"ReadAction","target":["https:\/\/portaltela.pt\/noticias\/2026\/01\/18\/andre-luiz-aguarda-contrato-de-45-anos-marinakis-mantem-posicao-intransigente\/"]}]},{"@type":"ImageObject","inLanguage":"pt-PT","@id":"https:\/\/portaltela.pt\/noticias\/2026\/01\/18\/andre-luiz-aguarda-contrato-de-45-anos-marinakis-mantem-posicao-intransigente\/#primaryimage","url":"https:\/\/portaltela.pt\/s.01k8rhncp4jt1\/2026\/01\/img_920x518uu2025-12-29-08-56-32-2411785-6.jpg","contentUrl":"https:\/\/portaltela.pt\/s.01k8rhncp4jt1\/2026\/01\/img_920x518uu2025-12-29-08-56-32-2411785-6.jpg","width":796,"height":448,"caption":"Marinakis mant\u00e9m-se intransigente nas negocia\u00e7\u00f5es com o Benfica por Andr\u00e9 Luiz"},{"@type":"BreadcrumbList","@id":"https:\/\/portaltela.pt\/noticias\/2026\/01\/18\/andre-luiz-aguarda-contrato-de-45-anos-marinakis-mantem-posicao-intransigente\/#breadcrumb","itemListElement":[{"@type":"ListItem","position":1,"name":"In\u00edcio","item":"https:\/\/portaltela.pt\/"},{"@type":"ListItem","position":2,"name":"Andr\u00e9 Luiz aguarda contrato de 4,5 anos; Marinakis mant\u00e9m posi\u00e7\u00e3o intransigente"}]},{"@type":"WebSite","@id":"https:\/\/portaltela.pt\/#website","url":"https:\/\/portaltela.pt\/","name":"Portal Tela Portugal","description":"","potentialAction":[{"@type":"SearchAction","target":{"@type":"EntryPoint","urlTemplate":"https:\/\/portaltela.pt\/?s={search_term_string}"},"query-input":{"@type":"PropertyValueSpecification","valueRequired":true,"valueName":"search_term_string"}}],"inLanguage":"pt-PT"},{"@type":"Person","@id":"https:\/\/portaltela.pt\/#\/schema\/person\/c4278d4a6028830caff9ee44b42d32ed","name":"Telinha","image":{"@type":"ImageObject","inLanguage":"pt-PT","@id":"https:\/\/portaltela.pt\/s.01k8rhncp4jt1\/2025\/11\/talking-bot-125x125.png","url":"https:\/\/portaltela.pt\/s.01k8rhncp4jt1\/2025\/11\/talking-bot-125x125.png","contentUrl":"https:\/\/portaltela.pt\/s.01k8rhncp4jt1\/2025\/11\/talking-bot-125x125.png","caption":"Telinha"},"sameAs":["https:\/\/portaltela.pt\/"],"url":"https:\/\/portaltela.pt\/por\/367410592786\/"}]}},"_links":{"self":[{"href":"https:\/\/portaltela.pt\/api\/wp\/v2\/posts\/149374","targetHints":{"allow":["GET"]}}],"collection":[{"href":"https:\/\/portaltela.pt\/api\/wp\/v2\/posts"}],"about":[{"href":"https:\/\/portaltela.pt\/api\/wp\/v2\/types\/post"}],"author":[{"embeddable":true,"href":"https:\/\/portaltela.pt\/api\/wp\/v2\/users\/2"}],"replies":[{"embeddable":true,"href":"https:\/\/portaltela.pt\/api\/wp\/v2\/comments?post=149374"}],"version-history":[{"count":0,"href":"https:\/\/portaltela.pt\/api\/wp\/v2\/posts\/149374\/revisions"}],"wp:featuredmedia":[{"embeddable":true,"href":"https:\/\/portaltela.pt\/api\/wp\/v2\/media\/149376"}],"wp:attachment":[{"href":"https:\/\/portaltela.pt\/api\/wp\/v2\/media?parent=149374"}],"wp:term":[{"taxonomy":"category","embeddable":true,"href":"https:\/\/portaltela.pt\/api\/wp\/v2\/categories?post=149374"},{"taxonomy":"post_tag","embeddable":true,"href":"https:\/\/portaltela.pt\/api\/wp\/v2\/tags?post=149374"}],"curies":[{"name":"wp","href":"https:\/\/api.w.org\/{rel}","templated":true}]}}