{"id":149313,"date":"2026-01-17T21:42:57","date_gmt":"2026-01-18T00:42:57","guid":{"rendered":"https:\/\/portaltela.pt\/noticias\/2026\/01\/17\/paulo-silva-reune-se-com-a-ordem-dos-advogados-para-apoiar-municipes-no-seixal\/"},"modified":"2026-01-17T21:42:57","modified_gmt":"2026-01-18T00:42:57","slug":"paulo-silva-reune-se-com-a-ordem-dos-advogados-para-apoiar-municipes-no-seixal","status":"publish","type":"post","link":"https:\/\/portaltela.pt\/noticias\/2026\/01\/17\/paulo-silva-reune-se-com-a-ordem-dos-advogados-para-apoiar-municipes-no-seixal\/","title":{"rendered":"Paulo Silva re\u00fane-se com a Ordem dos Advogados para apoiar mun\u00edcipes no Seixal"},"content":{"rendered":"<p>O presidente da C\u00e2mara Municipal do Seixal, Paulo Silva, vai reunir-se na pr\u00f3xima segunda-feira, 19 de janeiro, com o baston\u00e1rio da Ordem dos Advogados, Jo\u00e3o Massano. O objetivo \u00e9 assegurar apoio jur\u00eddico aos mun\u00edcipes prejudicados pelos cortes no fornecimento de eletricidade no concelho.<\/p>\n<p>A reuni\u00e3o surge no \u00e2mbito de um conjunto de dilig\u00eancias do munic\u00edpio desde o in\u00edcio do m\u00eas. A autarquia aponta falhas repetidas no abastecimento el\u00e9trico como causa de preju\u00edzos a fam\u00edlias, com\u00e9rcio e servi\u00e7os essenciais, destacando a necessidade de informa\u00e7\u00e3o e acompanhamento legal.<\/p>\n<p>Paulo Silva afirmou que a eletricidade \u00e9 um servi\u00e7o essencial e que as interrup\u00e7\u00f5es graves afetam a vida das pessoas. O munic\u00edpio pretende garantir que todos recebam apoio para defender os seus direitos junto das entidades competentes.<\/p>\n<h3>Queixa \u00e0 ERSE e compromissos da E-Redes<\/h3>\n<p>Em janeiro, a C\u00e2mara anunciou a inten\u00e7\u00e3o de apresentar uma participa\u00e7\u00e3o \u00e0 ERSE para esclarecer falhas no servi\u00e7o. No dia 7 de janeiro, houve reuni\u00e3o com a E-Redes para analisar o problema e obter compromissos de refor\u00e7o da rede.<\/p>\n<p>A E-Redes informou que as interrup\u00e7\u00f5es resultam de baixas temperaturas e de um aumento do consumo no per\u00edodo festivo. A empresa tamb\u00e9m avan\u00e7ou com o plano de refor\u00e7o da rede em 2026, incluindo nove postos de transforma\u00e7\u00e3o no concelho: seis em Fern\u00e3o Ferro, dois em Corroios e um em Amora.<\/p>\n<p>A C\u00e2mara indica que ficou acordada uma nova reuni\u00e3o de acompanhamento para meados de fevereiro, com o objectivo de monitorizar a execu\u00e7\u00e3o das medidas no terreno. Paulo Silva referiu ainda que os compromissos assumidos visam um fornecimento de energia mais est\u00e1vel.<\/p>\n","protected":false},"excerpt":{"rendered":"<ul>\n<li>O presidente da C\u00e2mara do Seixal, Paulo Silva, vai reunir-se na segunda-feira, 19 de janeiro, com o baston\u00e1rio da Ordem dos Advogados, Jo\u00e3o Massano, para assegurar apoio jur\u00eddico aos mun\u00edcipes lesados pelos cortes de eletricidade.<\/li>\n<li>A autarquia quer que a popula\u00e7\u00e3o tenha informa\u00e7\u00e3o, esclarecimento e acompanhamento para defender os seus direitos face \u00e0s falhas no fornecimento que afetam fam\u00edlias, atividade econ\u00f3mica e servi\u00e7os essenciais.<\/li>\n<li>Paulo Silva afirma que a eletricidade \u00e9 um servi\u00e7o essencial e que as interrup\u00e7\u00f5es t\u00eam impacto grave, defendendo ressarcimento aos afetados e acompanhamento jur\u00eddico para todos os mun\u00edcipes.<\/li>\n<li>A reuni\u00e3o com a Ordem dos Advogados surge depois de dilig\u00eancias iniciadas no in\u00edcio do m\u00eas, incluindo uma queixa \u00e0 Entidade Reguladora dos Servi\u00e7os Energ\u00e9ticos (ERSE) sobre falhas reiteradas.<\/li>\n<li>A E-Redes informou que, em 2026, v\u00e3o ser constru\u00eddos nove postos de transforma\u00e7\u00e3o no concelho (Fern\u00e3o Ferro, Corroios e Amora), com um j\u00e1 a entrar em funcionamento em janeiro, e ficou agendada uma nova reuni\u00e3o de acompanhamento para meados de fevereiro.<\/li>\n<\/ul>\n","protected":false},"author":2,"featured_media":149317,"comment_status":"closed","ping_status":"closed","sticky":false,"template":"","format":"standard","meta":{"footnotes":""},"categories":[1],"tags":[2421,3354,3356,174,3355,1064],"class_list":["post-149313","post","type-post","status-publish","format-standard","has-post-thumbnail","hentry","category-noticias","tag-abastecimentos","tag-amora","tag-corroios","tag-energia","tag-fernao-ferro","tag-seixal"],"yoast_head":"<!-- This site is optimized with the Yoast SEO plugin v27.2 - https:\/\/yoast.com\/product\/yoast-seo-wordpress\/ -->\n<title>Paulo Silva re\u00fane-se com a Ordem dos Advogados para apoiar mun\u00edcipes no Seixal - Portal Tela Portugal<\/title>\n<meta name=\"robots\" content=\"index, follow, max-snippet:-1, max-image-preview:large, max-video-preview:-1\" \/>\n<meta property=\"og:locale\" content=\"pt_PT\" \/>\n<meta property=\"og:type\" content=\"article\" \/>\n<meta property=\"og:title\" content=\"Paulo Silva re\u00fane-se com a Ordem dos Advogados para apoiar mun\u00edcipes no Seixal - Portal Tela Portugal\" \/>\n<meta property=\"og:description\" content=\"O presidente da C\u00e2mara do Seixal, Paulo Silva, vai reunir-se na segunda-feira, 19 de janeiro, com o baston\u00e1rio da Ordem dos Advogados, Jo\u00e3o Massano, para assegurar apoio jur\u00eddico aos mun\u00edcipes lesados pelos cortes de eletricidade. A autarquia quer que a popula\u00e7\u00e3o tenha informa\u00e7\u00e3o, esclarecimento e acompanhamento para defender os seus direitos face \u00e0s falhas no fornecimento que afetam fam\u00edlias, atividade econ\u00f3mica e servi\u00e7os essenciais. Paulo Silva afirma que a eletricidade \u00e9 um servi\u00e7o essencial e que as interrup\u00e7\u00f5es t\u00eam impacto grave, defendendo ressarcimento aos afetados e acompanhamento jur\u00eddico para todos os mun\u00edcipes. A reuni\u00e3o com a Ordem dos Advogados surge depois de dilig\u00eancias iniciadas no in\u00edcio do m\u00eas, incluindo uma queixa \u00e0 Entidade Reguladora dos Servi\u00e7os Energ\u00e9ticos (ERSE) sobre falhas reiteradas. A E-Redes informou que, em 2026, v\u00e3o ser constru\u00eddos nove postos de transforma\u00e7\u00e3o no concelho (Fern\u00e3o Ferro, Corroios e Amora), com um j\u00e1 a entrar em funcionamento em janeiro, e ficou agendada uma nova reuni\u00e3o de acompanhamento para meados de fevereiro.\" \/>\n<meta property=\"og:url\" content=\"https:\/\/portaltela.pt\/noticias\/2026\/01\/17\/paulo-silva-reune-se-com-a-ordem-dos-advogados-para-apoiar-municipes-no-seixal\/\" \/>\n<meta property=\"og:site_name\" content=\"Portal Tela Portugal\" \/>\n<meta property=\"article:published_time\" content=\"2026-01-18T00:42:57+00:00\" \/>\n<meta name=\"author\" content=\"Telinha\" \/>\n<meta name=\"twitter:card\" content=\"summary_large_image\" \/>\n<meta name=\"twitter:label1\" content=\"Escrito por\" \/>\n\t<meta name=\"twitter:data1\" content=\"Telinha\" \/>\n\t<meta name=\"twitter:label2\" content=\"Tempo estimado de leitura\" \/>\n\t<meta name=\"twitter:data2\" content=\"1 minuto\" \/>\n<script type=\"application\/ld+json\" class=\"yoast-schema-graph\">{\"@context\":\"https:\/\/schema.org\",\"@graph\":[{\"@type\":\"Article\",\"@id\":\"https:\/\/portaltela.pt\/noticias\/2026\/01\/17\/paulo-silva-reune-se-com-a-ordem-dos-advogados-para-apoiar-municipes-no-seixal\/#article\",\"isPartOf\":{\"@id\":\"https:\/\/portaltela.pt\/noticias\/2026\/01\/17\/paulo-silva-reune-se-com-a-ordem-dos-advogados-para-apoiar-municipes-no-seixal\/\"},\"author\":{\"name\":\"Telinha\",\"@id\":\"https:\/\/portaltela.pt\/#\/schema\/person\/c4278d4a6028830caff9ee44b42d32ed\"},\"headline\":\"Paulo Silva re\u00fane-se com a Ordem dos Advogados para apoiar mun\u00edcipes no Seixal\",\"datePublished\":\"2026-01-18T00:42:57+00:00\",\"mainEntityOfPage\":{\"@id\":\"https:\/\/portaltela.pt\/noticias\/2026\/01\/17\/paulo-silva-reune-se-com-a-ordem-dos-advogados-para-apoiar-municipes-no-seixal\/\"},\"wordCount\":305,\"image\":{\"@id\":\"https:\/\/portaltela.pt\/noticias\/2026\/01\/17\/paulo-silva-reune-se-com-a-ordem-dos-advogados-para-apoiar-municipes-no-seixal\/#primaryimage\"},\"thumbnailUrl\":\"https:\/\/portaltela.pt\/s.01k8rhncp4jt1\/2026\/01\/Paulo-Silva-CMS.jpg\",\"keywords\":[\"abastecimentos\",\"Amora\",\"Corroios\",\"energia\",\"Fern\u00e3o Ferro\",\"Seixal\"],\"articleSection\":[\"Not\u00edcias\"],\"inLanguage\":\"pt-PT\"},{\"@type\":\"WebPage\",\"@id\":\"https:\/\/portaltela.pt\/noticias\/2026\/01\/17\/paulo-silva-reune-se-com-a-ordem-dos-advogados-para-apoiar-municipes-no-seixal\/\",\"url\":\"https:\/\/portaltela.pt\/noticias\/2026\/01\/17\/paulo-silva-reune-se-com-a-ordem-dos-advogados-para-apoiar-municipes-no-seixal\/\",\"name\":\"Paulo Silva re\u00fane-se com a Ordem dos Advogados para apoiar mun\u00edcipes no Seixal - Portal Tela Portugal\",\"isPartOf\":{\"@id\":\"https:\/\/portaltela.pt\/#website\"},\"primaryImageOfPage\":{\"@id\":\"https:\/\/portaltela.pt\/noticias\/2026\/01\/17\/paulo-silva-reune-se-com-a-ordem-dos-advogados-para-apoiar-municipes-no-seixal\/#primaryimage\"},\"image\":{\"@id\":\"https:\/\/portaltela.pt\/noticias\/2026\/01\/17\/paulo-silva-reune-se-com-a-ordem-dos-advogados-para-apoiar-municipes-no-seixal\/#primaryimage\"},\"thumbnailUrl\":\"https:\/\/portaltela.pt\/s.01k8rhncp4jt1\/2026\/01\/Paulo-Silva-CMS.jpg\",\"datePublished\":\"2026-01-18T00:42:57+00:00\",\"author\":{\"@id\":\"https:\/\/portaltela.pt\/#\/schema\/person\/c4278d4a6028830caff9ee44b42d32ed\"},\"breadcrumb\":{\"@id\":\"https:\/\/portaltela.pt\/noticias\/2026\/01\/17\/paulo-silva-reune-se-com-a-ordem-dos-advogados-para-apoiar-municipes-no-seixal\/#breadcrumb\"},\"inLanguage\":\"pt-PT\",\"potentialAction\":[{\"@type\":\"ReadAction\",\"target\":[\"https:\/\/portaltela.pt\/noticias\/2026\/01\/17\/paulo-silva-reune-se-com-a-ordem-dos-advogados-para-apoiar-municipes-no-seixal\/\"]}]},{\"@type\":\"ImageObject\",\"inLanguage\":\"pt-PT\",\"@id\":\"https:\/\/portaltela.pt\/noticias\/2026\/01\/17\/paulo-silva-reune-se-com-a-ordem-dos-advogados-para-apoiar-municipes-no-seixal\/#primaryimage\",\"url\":\"https:\/\/portaltela.pt\/s.01k8rhncp4jt1\/2026\/01\/Paulo-Silva-CMS.jpg\",\"contentUrl\":\"https:\/\/portaltela.pt\/s.01k8rhncp4jt1\/2026\/01\/Paulo-Silva-CMS.jpg\",\"width\":796,\"height\":448,\"caption\":\"Photo\"},{\"@type\":\"BreadcrumbList\",\"@id\":\"https:\/\/portaltela.pt\/noticias\/2026\/01\/17\/paulo-silva-reune-se-com-a-ordem-dos-advogados-para-apoiar-municipes-no-seixal\/#breadcrumb\",\"itemListElement\":[{\"@type\":\"ListItem\",\"position\":1,\"name\":\"In\u00edcio\",\"item\":\"https:\/\/portaltela.pt\/\"},{\"@type\":\"ListItem\",\"position\":2,\"name\":\"Paulo Silva re\u00fane-se com a Ordem dos Advogados para apoiar mun\u00edcipes no Seixal\"}]},{\"@type\":\"WebSite\",\"@id\":\"https:\/\/portaltela.pt\/#website\",\"url\":\"https:\/\/portaltela.pt\/\",\"name\":\"Portal Tela Portugal\",\"description\":\"\",\"potentialAction\":[{\"@type\":\"SearchAction\",\"target\":{\"@type\":\"EntryPoint\",\"urlTemplate\":\"https:\/\/portaltela.pt\/?s={search_term_string}\"},\"query-input\":{\"@type\":\"PropertyValueSpecification\",\"valueRequired\":true,\"valueName\":\"search_term_string\"}}],\"inLanguage\":\"pt-PT\"},{\"@type\":\"Person\",\"@id\":\"https:\/\/portaltela.pt\/#\/schema\/person\/c4278d4a6028830caff9ee44b42d32ed\",\"name\":\"Telinha\",\"image\":{\"@type\":\"ImageObject\",\"inLanguage\":\"pt-PT\",\"@id\":\"https:\/\/portaltela.pt\/s.01k8rhncp4jt1\/2025\/11\/talking-bot-125x125.png\",\"url\":\"https:\/\/portaltela.pt\/s.01k8rhncp4jt1\/2025\/11\/talking-bot-125x125.png\",\"contentUrl\":\"https:\/\/portaltela.pt\/s.01k8rhncp4jt1\/2025\/11\/talking-bot-125x125.png\",\"caption\":\"Telinha\"},\"sameAs\":[\"https:\/\/portaltela.pt\/\"],\"url\":\"https:\/\/portaltela.pt\/por\/367410592786\/\"}]}<\/script>\n<!-- \/ Yoast SEO plugin. -->","yoast_head_json":{"title":"Paulo Silva re\u00fane-se com a Ordem dos Advogados para apoiar mun\u00edcipes no Seixal - Portal Tela Portugal","robots":{"index":"index","follow":"follow","max-snippet":"max-snippet:-1","max-image-preview":"max-image-preview:large","max-video-preview":"max-video-preview:-1"},"og_locale":"pt_PT","og_type":"article","og_title":"Paulo Silva re\u00fane-se com a Ordem dos Advogados para apoiar mun\u00edcipes no Seixal - Portal Tela Portugal","og_description":"O presidente da C\u00e2mara do Seixal, Paulo Silva, vai reunir-se na segunda-feira, 19 de janeiro, com o baston\u00e1rio da Ordem dos Advogados, Jo\u00e3o Massano, para assegurar apoio jur\u00eddico aos mun\u00edcipes lesados pelos cortes de eletricidade. A autarquia quer que a popula\u00e7\u00e3o tenha informa\u00e7\u00e3o, esclarecimento e acompanhamento para defender os seus direitos face \u00e0s falhas no fornecimento que afetam fam\u00edlias, atividade econ\u00f3mica e servi\u00e7os essenciais. Paulo Silva afirma que a eletricidade \u00e9 um servi\u00e7o essencial e que as interrup\u00e7\u00f5es t\u00eam impacto grave, defendendo ressarcimento aos afetados e acompanhamento jur\u00eddico para todos os mun\u00edcipes. A reuni\u00e3o com a Ordem dos Advogados surge depois de dilig\u00eancias iniciadas no in\u00edcio do m\u00eas, incluindo uma queixa \u00e0 Entidade Reguladora dos Servi\u00e7os Energ\u00e9ticos (ERSE) sobre falhas reiteradas. A E-Redes informou que, em 2026, v\u00e3o ser constru\u00eddos nove postos de transforma\u00e7\u00e3o no concelho (Fern\u00e3o Ferro, Corroios e Amora), com um j\u00e1 a entrar em funcionamento em janeiro, e ficou agendada uma nova reuni\u00e3o de acompanhamento para meados de fevereiro.","og_url":"https:\/\/portaltela.pt\/noticias\/2026\/01\/17\/paulo-silva-reune-se-com-a-ordem-dos-advogados-para-apoiar-municipes-no-seixal\/","og_site_name":"Portal Tela Portugal","article_published_time":"2026-01-18T00:42:57+00:00","author":"Telinha","twitter_card":"summary_large_image","twitter_misc":{"Escrito por":"Telinha","Tempo estimado de leitura":"1 minuto"},"schema":{"@context":"https:\/\/schema.org","@graph":[{"@type":"Article","@id":"https:\/\/portaltela.pt\/noticias\/2026\/01\/17\/paulo-silva-reune-se-com-a-ordem-dos-advogados-para-apoiar-municipes-no-seixal\/#article","isPartOf":{"@id":"https:\/\/portaltela.pt\/noticias\/2026\/01\/17\/paulo-silva-reune-se-com-a-ordem-dos-advogados-para-apoiar-municipes-no-seixal\/"},"author":{"name":"Telinha","@id":"https:\/\/portaltela.pt\/#\/schema\/person\/c4278d4a6028830caff9ee44b42d32ed"},"headline":"Paulo Silva re\u00fane-se com a Ordem dos Advogados para apoiar mun\u00edcipes no Seixal","datePublished":"2026-01-18T00:42:57+00:00","mainEntityOfPage":{"@id":"https:\/\/portaltela.pt\/noticias\/2026\/01\/17\/paulo-silva-reune-se-com-a-ordem-dos-advogados-para-apoiar-municipes-no-seixal\/"},"wordCount":305,"image":{"@id":"https:\/\/portaltela.pt\/noticias\/2026\/01\/17\/paulo-silva-reune-se-com-a-ordem-dos-advogados-para-apoiar-municipes-no-seixal\/#primaryimage"},"thumbnailUrl":"https:\/\/portaltela.pt\/s.01k8rhncp4jt1\/2026\/01\/Paulo-Silva-CMS.jpg","keywords":["abastecimentos","Amora","Corroios","energia","Fern\u00e3o Ferro","Seixal"],"articleSection":["Not\u00edcias"],"inLanguage":"pt-PT"},{"@type":"WebPage","@id":"https:\/\/portaltela.pt\/noticias\/2026\/01\/17\/paulo-silva-reune-se-com-a-ordem-dos-advogados-para-apoiar-municipes-no-seixal\/","url":"https:\/\/portaltela.pt\/noticias\/2026\/01\/17\/paulo-silva-reune-se-com-a-ordem-dos-advogados-para-apoiar-municipes-no-seixal\/","name":"Paulo Silva re\u00fane-se com a Ordem dos Advogados para apoiar mun\u00edcipes no Seixal - Portal Tela Portugal","isPartOf":{"@id":"https:\/\/portaltela.pt\/#website"},"primaryImageOfPage":{"@id":"https:\/\/portaltela.pt\/noticias\/2026\/01\/17\/paulo-silva-reune-se-com-a-ordem-dos-advogados-para-apoiar-municipes-no-seixal\/#primaryimage"},"image":{"@id":"https:\/\/portaltela.pt\/noticias\/2026\/01\/17\/paulo-silva-reune-se-com-a-ordem-dos-advogados-para-apoiar-municipes-no-seixal\/#primaryimage"},"thumbnailUrl":"https:\/\/portaltela.pt\/s.01k8rhncp4jt1\/2026\/01\/Paulo-Silva-CMS.jpg","datePublished":"2026-01-18T00:42:57+00:00","author":{"@id":"https:\/\/portaltela.pt\/#\/schema\/person\/c4278d4a6028830caff9ee44b42d32ed"},"breadcrumb":{"@id":"https:\/\/portaltela.pt\/noticias\/2026\/01\/17\/paulo-silva-reune-se-com-a-ordem-dos-advogados-para-apoiar-municipes-no-seixal\/#breadcrumb"},"inLanguage":"pt-PT","potentialAction":[{"@type":"ReadAction","target":["https:\/\/portaltela.pt\/noticias\/2026\/01\/17\/paulo-silva-reune-se-com-a-ordem-dos-advogados-para-apoiar-municipes-no-seixal\/"]}]},{"@type":"ImageObject","inLanguage":"pt-PT","@id":"https:\/\/portaltela.pt\/noticias\/2026\/01\/17\/paulo-silva-reune-se-com-a-ordem-dos-advogados-para-apoiar-municipes-no-seixal\/#primaryimage","url":"https:\/\/portaltela.pt\/s.01k8rhncp4jt1\/2026\/01\/Paulo-Silva-CMS.jpg","contentUrl":"https:\/\/portaltela.pt\/s.01k8rhncp4jt1\/2026\/01\/Paulo-Silva-CMS.jpg","width":796,"height":448,"caption":"Photo"},{"@type":"BreadcrumbList","@id":"https:\/\/portaltela.pt\/noticias\/2026\/01\/17\/paulo-silva-reune-se-com-a-ordem-dos-advogados-para-apoiar-municipes-no-seixal\/#breadcrumb","itemListElement":[{"@type":"ListItem","position":1,"name":"In\u00edcio","item":"https:\/\/portaltela.pt\/"},{"@type":"ListItem","position":2,"name":"Paulo Silva re\u00fane-se com a Ordem dos Advogados para apoiar mun\u00edcipes no Seixal"}]},{"@type":"WebSite","@id":"https:\/\/portaltela.pt\/#website","url":"https:\/\/portaltela.pt\/","name":"Portal Tela Portugal","description":"","potentialAction":[{"@type":"SearchAction","target":{"@type":"EntryPoint","urlTemplate":"https:\/\/portaltela.pt\/?s={search_term_string}"},"query-input":{"@type":"PropertyValueSpecification","valueRequired":true,"valueName":"search_term_string"}}],"inLanguage":"pt-PT"},{"@type":"Person","@id":"https:\/\/portaltela.pt\/#\/schema\/person\/c4278d4a6028830caff9ee44b42d32ed","name":"Telinha","image":{"@type":"ImageObject","inLanguage":"pt-PT","@id":"https:\/\/portaltela.pt\/s.01k8rhncp4jt1\/2025\/11\/talking-bot-125x125.png","url":"https:\/\/portaltela.pt\/s.01k8rhncp4jt1\/2025\/11\/talking-bot-125x125.png","contentUrl":"https:\/\/portaltela.pt\/s.01k8rhncp4jt1\/2025\/11\/talking-bot-125x125.png","caption":"Telinha"},"sameAs":["https:\/\/portaltela.pt\/"],"url":"https:\/\/portaltela.pt\/por\/367410592786\/"}]}},"_links":{"self":[{"href":"https:\/\/portaltela.pt\/api\/wp\/v2\/posts\/149313","targetHints":{"allow":["GET"]}}],"collection":[{"href":"https:\/\/portaltela.pt\/api\/wp\/v2\/posts"}],"about":[{"href":"https:\/\/portaltela.pt\/api\/wp\/v2\/types\/post"}],"author":[{"embeddable":true,"href":"https:\/\/portaltela.pt\/api\/wp\/v2\/users\/2"}],"replies":[{"embeddable":true,"href":"https:\/\/portaltela.pt\/api\/wp\/v2\/comments?post=149313"}],"version-history":[{"count":0,"href":"https:\/\/portaltela.pt\/api\/wp\/v2\/posts\/149313\/revisions"}],"wp:featuredmedia":[{"embeddable":true,"href":"https:\/\/portaltela.pt\/api\/wp\/v2\/media\/149317"}],"wp:attachment":[{"href":"https:\/\/portaltela.pt\/api\/wp\/v2\/media?parent=149313"}],"wp:term":[{"taxonomy":"category","embeddable":true,"href":"https:\/\/portaltela.pt\/api\/wp\/v2\/categories?post=149313"},{"taxonomy":"post_tag","embeddable":true,"href":"https:\/\/portaltela.pt\/api\/wp\/v2\/tags?post=149313"}],"curies":[{"name":"wp","href":"https:\/\/api.w.org\/{rel}","templated":true}]}}