{"id":149301,"date":"2026-01-17T22:30:00","date_gmt":"2026-01-18T01:30:00","guid":{"rendered":"https:\/\/portaltela.pt\/noticias\/2026\/01\/17\/medico-psiquiatra-condenado-por-crime-agravado-de-pornografia-infantil\/"},"modified":"2026-01-17T22:30:00","modified_gmt":"2026-01-18T01:30:00","slug":"medico-psiquiatra-condenado-por-crime-agravado-de-pornografia-infantil","status":"publish","type":"post","link":"https:\/\/portaltela.pt\/noticias\/2026\/01\/17\/medico-psiquiatra-condenado-por-crime-agravado-de-pornografia-infantil\/","title":{"rendered":"M\u00e9dico psiquiatra condenado por crime agravado de pornografia infantil"},"content":{"rendered":"<p>Um m\u00e9dico psiquiatra de 70 anos foi condenado na Su\u00e9cia a seis meses de pris\u00e3o por crime agravado de pornografia infantil. O caso envolve uma cl\u00ednica onde exercia em Estremoz, Portugal, sem que a comunidade local soubesse do seu passado.<\/p>\n<p>Segundo fontes, o julgamento ocorreu na Su\u00e9cia, pa\u00eds onde o m\u00e9dico esteve a ser punido, e o veredito proibiu-o de atuar em territ\u00f3rio sueco. Em Portugal, n\u00e3o houve divulga\u00e7\u00e3o de restri\u00e7\u00f5es imediatas associadas ao processo.<\/p>\n<p>A condena\u00e7\u00e3o na Su\u00e9cia n\u00e3o impediu, pelo que consta, que o m\u00e9dico continuasse a exercer consultas em Portugal durante v\u00e1rios anos, sem restri\u00e7\u00f5es anunciadas pelas autoridades nacionais. O caso gerou surpresa na comunidade de Estremoz, que desconhecia o hist\u00f3rico do profissional.<\/p>\n<h3>Desdobramentos<\/h3>\n<p>A decis\u00e3o sueca levou a uma revis\u00e3o de procedimentos de controlo de antecedentes para profissionais que atuam internacionalmente, ainda sem confirma\u00e7\u00e3o de medidas em Portugal. N\u00e3o houve, at\u00e9 ao momento, confirma\u00e7\u00e3o p\u00fablica de novas medidas espec\u00edficas adotadas pelas entidades portuguesas.<\/p>\n","protected":false},"excerpt":{"rendered":"<ul>\n<li>Um m\u00e9dico psiquiatra de 70 anos foi condenado na Su\u00e9cia a seis meses de pris\u00e3o por crime agravado de pornografia infantil.<\/li>\n<li>O profissional dava consultas numa cl\u00ednica em Estremoz, Portugal, sem que o seu passado fosse conhecido pela comunidade local.<\/li>\n<li>A senten\u00e7a sueca proibiu-o de exercer a profiss\u00e3o naquele pa\u00eds.<\/li>\n<li>Mesmo assim, manteve a atividade cl\u00ednica em Portugal durante anos, sem qualquer restri\u00e7\u00e3o anunciada.<\/li>\n<li>A not\u00edcia foi publicada a 18 de janeiro de 2026 \u00e0s 01:30.<\/li>\n<\/ul>\n","protected":false},"author":2,"featured_media":149304,"comment_status":"closed","ping_status":"closed","sticky":false,"template":"","format":"standard","meta":{"footnotes":""},"categories":[1],"tags":[147,81,2518,1014,1404,2645],"class_list":["post-149301","post","type-post","status-publish","format-standard","has-post-thumbnail","hentry","category-noticias","tag-crime","tag-internacionais","tag-pornografia-de-menor-dependente-ou-em-situacao-vulneravel","tag-portugal","tag-psiquiatria","tag-suecia"],"yoast_head":"<!-- This site is optimized with the Yoast SEO plugin v27.2 - https:\/\/yoast.com\/product\/yoast-seo-wordpress\/ -->\n<title>M\u00e9dico psiquiatra condenado por crime agravado de pornografia infantil - Portal Tela Portugal<\/title>\n<meta name=\"robots\" content=\"index, follow, max-snippet:-1, max-image-preview:large, max-video-preview:-1\" \/>\n<meta property=\"og:locale\" content=\"pt_PT\" \/>\n<meta property=\"og:type\" content=\"article\" \/>\n<meta property=\"og:title\" content=\"M\u00e9dico psiquiatra condenado por crime agravado de pornografia infantil - Portal Tela Portugal\" \/>\n<meta property=\"og:description\" content=\"Um m\u00e9dico psiquiatra de 70 anos foi condenado na Su\u00e9cia a seis meses de pris\u00e3o por crime agravado de pornografia infantil. O profissional dava consultas numa cl\u00ednica em Estremoz, Portugal, sem que o seu passado fosse conhecido pela comunidade local. A senten\u00e7a sueca proibiu-o de exercer a profiss\u00e3o naquele pa\u00eds. Mesmo assim, manteve a atividade cl\u00ednica em Portugal durante anos, sem qualquer restri\u00e7\u00e3o anunciada. A not\u00edcia foi publicada a 18 de janeiro de 2026 \u00e0s 01:30.\" \/>\n<meta property=\"og:url\" content=\"https:\/\/portaltela.pt\/noticias\/2026\/01\/17\/medico-psiquiatra-condenado-por-crime-agravado-de-pornografia-infantil\/\" \/>\n<meta property=\"og:site_name\" content=\"Portal Tela Portugal\" \/>\n<meta property=\"article:published_time\" content=\"2026-01-18T01:30:00+00:00\" \/>\n<meta name=\"author\" content=\"Telinha\" \/>\n<meta name=\"twitter:card\" content=\"summary_large_image\" \/>\n<meta name=\"twitter:label1\" content=\"Escrito por\" \/>\n\t<meta name=\"twitter:data1\" content=\"Telinha\" \/>\n\t<meta name=\"twitter:label2\" content=\"Tempo estimado de leitura\" \/>\n\t<meta name=\"twitter:data2\" content=\"1 minuto\" \/>\n<script type=\"application\/ld+json\" class=\"yoast-schema-graph\">{\"@context\":\"https:\/\/schema.org\",\"@graph\":[{\"@type\":\"Article\",\"@id\":\"https:\/\/portaltela.pt\/noticias\/2026\/01\/17\/medico-psiquiatra-condenado-por-crime-agravado-de-pornografia-infantil\/#article\",\"isPartOf\":{\"@id\":\"https:\/\/portaltela.pt\/noticias\/2026\/01\/17\/medico-psiquiatra-condenado-por-crime-agravado-de-pornografia-infantil\/\"},\"author\":{\"name\":\"Telinha\",\"@id\":\"https:\/\/portaltela.pt\/#\/schema\/person\/c4278d4a6028830caff9ee44b42d32ed\"},\"headline\":\"M\u00e9dico psiquiatra condenado por crime agravado de pornografia infantil\",\"datePublished\":\"2026-01-18T01:30:00+00:00\",\"mainEntityOfPage\":{\"@id\":\"https:\/\/portaltela.pt\/noticias\/2026\/01\/17\/medico-psiquiatra-condenado-por-crime-agravado-de-pornografia-infantil\/\"},\"wordCount\":191,\"image\":{\"@id\":\"https:\/\/portaltela.pt\/noticias\/2026\/01\/17\/medico-psiquiatra-condenado-por-crime-agravado-de-pornografia-infantil\/#primaryimage\"},\"thumbnailUrl\":\"https:\/\/portaltela.pt\/s.01k8rhncp4jt1\/2026\/01\/img_1500x1000uu2025-05-16-11-42-00-2209426.jpg\",\"keywords\":[\"crime\",\"internacionais\",\"pornografia de menor dependente ou em situa\u00e7\u00e3o vulner\u00e1vel\",\"Portugal\",\"Psiquiatria\",\"Su\u00e9cia\"],\"articleSection\":[\"Not\u00edcias\"],\"inLanguage\":\"pt-PT\"},{\"@type\":\"WebPage\",\"@id\":\"https:\/\/portaltela.pt\/noticias\/2026\/01\/17\/medico-psiquiatra-condenado-por-crime-agravado-de-pornografia-infantil\/\",\"url\":\"https:\/\/portaltela.pt\/noticias\/2026\/01\/17\/medico-psiquiatra-condenado-por-crime-agravado-de-pornografia-infantil\/\",\"name\":\"M\u00e9dico psiquiatra condenado por crime agravado de pornografia infantil - Portal Tela Portugal\",\"isPartOf\":{\"@id\":\"https:\/\/portaltela.pt\/#website\"},\"primaryImageOfPage\":{\"@id\":\"https:\/\/portaltela.pt\/noticias\/2026\/01\/17\/medico-psiquiatra-condenado-por-crime-agravado-de-pornografia-infantil\/#primaryimage\"},\"image\":{\"@id\":\"https:\/\/portaltela.pt\/noticias\/2026\/01\/17\/medico-psiquiatra-condenado-por-crime-agravado-de-pornografia-infantil\/#primaryimage\"},\"thumbnailUrl\":\"https:\/\/portaltela.pt\/s.01k8rhncp4jt1\/2026\/01\/img_1500x1000uu2025-05-16-11-42-00-2209426.jpg\",\"datePublished\":\"2026-01-18T01:30:00+00:00\",\"author\":{\"@id\":\"https:\/\/portaltela.pt\/#\/schema\/person\/c4278d4a6028830caff9ee44b42d32ed\"},\"breadcrumb\":{\"@id\":\"https:\/\/portaltela.pt\/noticias\/2026\/01\/17\/medico-psiquiatra-condenado-por-crime-agravado-de-pornografia-infantil\/#breadcrumb\"},\"inLanguage\":\"pt-PT\",\"potentialAction\":[{\"@type\":\"ReadAction\",\"target\":[\"https:\/\/portaltela.pt\/noticias\/2026\/01\/17\/medico-psiquiatra-condenado-por-crime-agravado-de-pornografia-infantil\/\"]}]},{\"@type\":\"ImageObject\",\"inLanguage\":\"pt-PT\",\"@id\":\"https:\/\/portaltela.pt\/noticias\/2026\/01\/17\/medico-psiquiatra-condenado-por-crime-agravado-de-pornografia-infantil\/#primaryimage\",\"url\":\"https:\/\/portaltela.pt\/s.01k8rhncp4jt1\/2026\/01\/img_1500x1000uu2025-05-16-11-42-00-2209426.jpg\",\"contentUrl\":\"https:\/\/portaltela.pt\/s.01k8rhncp4jt1\/2026\/01\/img_1500x1000uu2025-05-16-11-42-00-2209426.jpg\",\"width\":796,\"height\":448,\"caption\":\"M\u00e9dico psiquiatra condenado por crime agravado de pornografia infantil\"},{\"@type\":\"BreadcrumbList\",\"@id\":\"https:\/\/portaltela.pt\/noticias\/2026\/01\/17\/medico-psiquiatra-condenado-por-crime-agravado-de-pornografia-infantil\/#breadcrumb\",\"itemListElement\":[{\"@type\":\"ListItem\",\"position\":1,\"name\":\"In\u00edcio\",\"item\":\"https:\/\/portaltela.pt\/\"},{\"@type\":\"ListItem\",\"position\":2,\"name\":\"M\u00e9dico psiquiatra condenado por crime agravado de pornografia infantil\"}]},{\"@type\":\"WebSite\",\"@id\":\"https:\/\/portaltela.pt\/#website\",\"url\":\"https:\/\/portaltela.pt\/\",\"name\":\"Portal Tela Portugal\",\"description\":\"\",\"potentialAction\":[{\"@type\":\"SearchAction\",\"target\":{\"@type\":\"EntryPoint\",\"urlTemplate\":\"https:\/\/portaltela.pt\/?s={search_term_string}\"},\"query-input\":{\"@type\":\"PropertyValueSpecification\",\"valueRequired\":true,\"valueName\":\"search_term_string\"}}],\"inLanguage\":\"pt-PT\"},{\"@type\":\"Person\",\"@id\":\"https:\/\/portaltela.pt\/#\/schema\/person\/c4278d4a6028830caff9ee44b42d32ed\",\"name\":\"Telinha\",\"image\":{\"@type\":\"ImageObject\",\"inLanguage\":\"pt-PT\",\"@id\":\"https:\/\/portaltela.pt\/s.01k8rhncp4jt1\/2025\/11\/talking-bot-125x125.png\",\"url\":\"https:\/\/portaltela.pt\/s.01k8rhncp4jt1\/2025\/11\/talking-bot-125x125.png\",\"contentUrl\":\"https:\/\/portaltela.pt\/s.01k8rhncp4jt1\/2025\/11\/talking-bot-125x125.png\",\"caption\":\"Telinha\"},\"sameAs\":[\"https:\/\/portaltela.pt\/\"],\"url\":\"https:\/\/portaltela.pt\/por\/367410592786\/\"}]}<\/script>\n<!-- \/ Yoast SEO plugin. -->","yoast_head_json":{"title":"M\u00e9dico psiquiatra condenado por crime agravado de pornografia infantil - Portal Tela Portugal","robots":{"index":"index","follow":"follow","max-snippet":"max-snippet:-1","max-image-preview":"max-image-preview:large","max-video-preview":"max-video-preview:-1"},"og_locale":"pt_PT","og_type":"article","og_title":"M\u00e9dico psiquiatra condenado por crime agravado de pornografia infantil - Portal Tela Portugal","og_description":"Um m\u00e9dico psiquiatra de 70 anos foi condenado na Su\u00e9cia a seis meses de pris\u00e3o por crime agravado de pornografia infantil. O profissional dava consultas numa cl\u00ednica em Estremoz, Portugal, sem que o seu passado fosse conhecido pela comunidade local. A senten\u00e7a sueca proibiu-o de exercer a profiss\u00e3o naquele pa\u00eds. Mesmo assim, manteve a atividade cl\u00ednica em Portugal durante anos, sem qualquer restri\u00e7\u00e3o anunciada. A not\u00edcia foi publicada a 18 de janeiro de 2026 \u00e0s 01:30.","og_url":"https:\/\/portaltela.pt\/noticias\/2026\/01\/17\/medico-psiquiatra-condenado-por-crime-agravado-de-pornografia-infantil\/","og_site_name":"Portal Tela Portugal","article_published_time":"2026-01-18T01:30:00+00:00","author":"Telinha","twitter_card":"summary_large_image","twitter_misc":{"Escrito por":"Telinha","Tempo estimado de leitura":"1 minuto"},"schema":{"@context":"https:\/\/schema.org","@graph":[{"@type":"Article","@id":"https:\/\/portaltela.pt\/noticias\/2026\/01\/17\/medico-psiquiatra-condenado-por-crime-agravado-de-pornografia-infantil\/#article","isPartOf":{"@id":"https:\/\/portaltela.pt\/noticias\/2026\/01\/17\/medico-psiquiatra-condenado-por-crime-agravado-de-pornografia-infantil\/"},"author":{"name":"Telinha","@id":"https:\/\/portaltela.pt\/#\/schema\/person\/c4278d4a6028830caff9ee44b42d32ed"},"headline":"M\u00e9dico psiquiatra condenado por crime agravado de pornografia infantil","datePublished":"2026-01-18T01:30:00+00:00","mainEntityOfPage":{"@id":"https:\/\/portaltela.pt\/noticias\/2026\/01\/17\/medico-psiquiatra-condenado-por-crime-agravado-de-pornografia-infantil\/"},"wordCount":191,"image":{"@id":"https:\/\/portaltela.pt\/noticias\/2026\/01\/17\/medico-psiquiatra-condenado-por-crime-agravado-de-pornografia-infantil\/#primaryimage"},"thumbnailUrl":"https:\/\/portaltela.pt\/s.01k8rhncp4jt1\/2026\/01\/img_1500x1000uu2025-05-16-11-42-00-2209426.jpg","keywords":["crime","internacionais","pornografia de menor dependente ou em situa\u00e7\u00e3o vulner\u00e1vel","Portugal","Psiquiatria","Su\u00e9cia"],"articleSection":["Not\u00edcias"],"inLanguage":"pt-PT"},{"@type":"WebPage","@id":"https:\/\/portaltela.pt\/noticias\/2026\/01\/17\/medico-psiquiatra-condenado-por-crime-agravado-de-pornografia-infantil\/","url":"https:\/\/portaltela.pt\/noticias\/2026\/01\/17\/medico-psiquiatra-condenado-por-crime-agravado-de-pornografia-infantil\/","name":"M\u00e9dico psiquiatra condenado por crime agravado de pornografia infantil - Portal Tela Portugal","isPartOf":{"@id":"https:\/\/portaltela.pt\/#website"},"primaryImageOfPage":{"@id":"https:\/\/portaltela.pt\/noticias\/2026\/01\/17\/medico-psiquiatra-condenado-por-crime-agravado-de-pornografia-infantil\/#primaryimage"},"image":{"@id":"https:\/\/portaltela.pt\/noticias\/2026\/01\/17\/medico-psiquiatra-condenado-por-crime-agravado-de-pornografia-infantil\/#primaryimage"},"thumbnailUrl":"https:\/\/portaltela.pt\/s.01k8rhncp4jt1\/2026\/01\/img_1500x1000uu2025-05-16-11-42-00-2209426.jpg","datePublished":"2026-01-18T01:30:00+00:00","author":{"@id":"https:\/\/portaltela.pt\/#\/schema\/person\/c4278d4a6028830caff9ee44b42d32ed"},"breadcrumb":{"@id":"https:\/\/portaltela.pt\/noticias\/2026\/01\/17\/medico-psiquiatra-condenado-por-crime-agravado-de-pornografia-infantil\/#breadcrumb"},"inLanguage":"pt-PT","potentialAction":[{"@type":"ReadAction","target":["https:\/\/portaltela.pt\/noticias\/2026\/01\/17\/medico-psiquiatra-condenado-por-crime-agravado-de-pornografia-infantil\/"]}]},{"@type":"ImageObject","inLanguage":"pt-PT","@id":"https:\/\/portaltela.pt\/noticias\/2026\/01\/17\/medico-psiquiatra-condenado-por-crime-agravado-de-pornografia-infantil\/#primaryimage","url":"https:\/\/portaltela.pt\/s.01k8rhncp4jt1\/2026\/01\/img_1500x1000uu2025-05-16-11-42-00-2209426.jpg","contentUrl":"https:\/\/portaltela.pt\/s.01k8rhncp4jt1\/2026\/01\/img_1500x1000uu2025-05-16-11-42-00-2209426.jpg","width":796,"height":448,"caption":"M\u00e9dico psiquiatra condenado por crime agravado de pornografia infantil"},{"@type":"BreadcrumbList","@id":"https:\/\/portaltela.pt\/noticias\/2026\/01\/17\/medico-psiquiatra-condenado-por-crime-agravado-de-pornografia-infantil\/#breadcrumb","itemListElement":[{"@type":"ListItem","position":1,"name":"In\u00edcio","item":"https:\/\/portaltela.pt\/"},{"@type":"ListItem","position":2,"name":"M\u00e9dico psiquiatra condenado por crime agravado de pornografia infantil"}]},{"@type":"WebSite","@id":"https:\/\/portaltela.pt\/#website","url":"https:\/\/portaltela.pt\/","name":"Portal Tela Portugal","description":"","potentialAction":[{"@type":"SearchAction","target":{"@type":"EntryPoint","urlTemplate":"https:\/\/portaltela.pt\/?s={search_term_string}"},"query-input":{"@type":"PropertyValueSpecification","valueRequired":true,"valueName":"search_term_string"}}],"inLanguage":"pt-PT"},{"@type":"Person","@id":"https:\/\/portaltela.pt\/#\/schema\/person\/c4278d4a6028830caff9ee44b42d32ed","name":"Telinha","image":{"@type":"ImageObject","inLanguage":"pt-PT","@id":"https:\/\/portaltela.pt\/s.01k8rhncp4jt1\/2025\/11\/talking-bot-125x125.png","url":"https:\/\/portaltela.pt\/s.01k8rhncp4jt1\/2025\/11\/talking-bot-125x125.png","contentUrl":"https:\/\/portaltela.pt\/s.01k8rhncp4jt1\/2025\/11\/talking-bot-125x125.png","caption":"Telinha"},"sameAs":["https:\/\/portaltela.pt\/"],"url":"https:\/\/portaltela.pt\/por\/367410592786\/"}]}},"_links":{"self":[{"href":"https:\/\/portaltela.pt\/api\/wp\/v2\/posts\/149301","targetHints":{"allow":["GET"]}}],"collection":[{"href":"https:\/\/portaltela.pt\/api\/wp\/v2\/posts"}],"about":[{"href":"https:\/\/portaltela.pt\/api\/wp\/v2\/types\/post"}],"author":[{"embeddable":true,"href":"https:\/\/portaltela.pt\/api\/wp\/v2\/users\/2"}],"replies":[{"embeddable":true,"href":"https:\/\/portaltela.pt\/api\/wp\/v2\/comments?post=149301"}],"version-history":[{"count":0,"href":"https:\/\/portaltela.pt\/api\/wp\/v2\/posts\/149301\/revisions"}],"wp:featuredmedia":[{"embeddable":true,"href":"https:\/\/portaltela.pt\/api\/wp\/v2\/media\/149304"}],"wp:attachment":[{"href":"https:\/\/portaltela.pt\/api\/wp\/v2\/media?parent=149301"}],"wp:term":[{"taxonomy":"category","embeddable":true,"href":"https:\/\/portaltela.pt\/api\/wp\/v2\/categories?post=149301"},{"taxonomy":"post_tag","embeddable":true,"href":"https:\/\/portaltela.pt\/api\/wp\/v2\/tags?post=149301"}],"curies":[{"name":"wp","href":"https:\/\/api.w.org\/{rel}","templated":true}]}}