{"id":149109,"date":"2026-01-17T19:58:00","date_gmt":"2026-01-17T22:58:00","guid":{"rendered":"https:\/\/portaltela.pt\/noticias\/2026\/01\/17\/seixal-pede-apoio-juridico-a-afetados-por-cortes-de-energia\/"},"modified":"2026-01-17T19:58:00","modified_gmt":"2026-01-17T22:58:00","slug":"seixal-pede-apoio-juridico-a-afetados-por-cortes-de-energia","status":"publish","type":"post","link":"https:\/\/portaltela.pt\/noticias\/2026\/01\/17\/seixal-pede-apoio-juridico-a-afetados-por-cortes-de-energia\/","title":{"rendered":"Seixal pede apoio jur\u00eddico a afetados por cortes de energia"},"content":{"rendered":"<p>O presidente da C\u00e2mara do Seixal vai reunir-se na segunda-feira com o baston\u00e1rio da Ordem dos Advogados para assegurar apoio jur\u00eddico aos mun\u00edcipes afetados pelos cortes de energia registados recentemente. A reuni\u00e3o foi anunciada neste s\u00e1bado pela autarquia.<\/p>\n<p>A sess\u00e3o decorre no \u00e2mbito da resposta \u00e0s falhas recorrentes no fornecimento de energia el\u00e9trica da responsabilidade da E-Redes, que t\u00eam afetado v\u00e1rias zonas do concelho. A C\u00e2mara pediu a reuni\u00e3o no in\u00edcio de janeiro.<\/p>\n<p>Paulo Silva, presidente da C\u00e2mara, explicou que o objetivo \u00e9 garantir acompanhamento jur\u00eddico a todos os mun\u00edcipes e facilitar o acesso a recursos legais para fazer valer os seus direitos.<\/p>\n<h3>Apoio jur\u00eddico e impacto nos mun\u00edcipes<\/h3>\n<p>A autarquia assinala que os cortes t\u00eam causado preju\u00edzos a fam\u00edlias, com\u00e9rcio e servi\u00e7os essenciais, comprometendo a qualidade de vida no Seixal. O prop\u00f3sito \u00e9 apoiar reclama\u00e7\u00f5es e pedidos de ressarcimento.<\/p>\n<p>A C\u00e2mara j\u00e1 anunciou que pretende, junto da Entidade Reguladora dos Servi\u00e7os Energ\u00e9ticos, abrir um processo contra a E-Redes por incumprimento de padr\u00f5es de qualidade do servi\u00e7o el\u00e9trico no concelho.<\/p>\n<p>Os cortes afetaram as freguesias de Fern\u00e3o Ferro, Amora, Corroios e Arrentela, com a E-Redes a assumir que houve uma conjuga\u00e7\u00e3o de baixas temperaturas e aumento do consumo durante o Natal e Ano Novo.<\/p>\n<p>Segundo a autarquia, a E-Redes garantiu refor\u00e7o da rede e constru\u00e7\u00e3o de nove postos de transforma\u00e7\u00e3o no concelho em 2026, distribu\u00eddos por Fern\u00e3o Ferro, Corroios e Amora, com um a entrar em funcionamento j\u00e1 em janeiro.<\/p>\n","protected":false},"excerpt":{"rendered":"<ul>\n<li>O presidente da C\u00e2mara do Seixal vai reunir-se na segunda-feira com o baston\u00e1rio da Ordem dos Advogados para assegurar apoio jur\u00eddico aos mun\u00edcipes afetados pelos cortes de energia.<\/li>\n<li>A autarquia solicitou a reuni\u00e3o no in\u00edcio de janeiro, em resposta \u00e0s falhas recorrentes no fornecimento de energia da responsabilidade da E-Redes.<\/li>\n<li>A C\u00e2mara pretende que todos os mun\u00edcipes recebam acompanhamento jur\u00eddico e apoio para fazer valer os seus direitos e pedir ressarcimento pelos danos.<\/li>\n<li>A E-Redes garantiu nove postos de transforma\u00e7\u00e3o em 2026 e refor\u00e7o da rede nas tr\u00eas freguesias mais afetadas (Fern\u00e3o Ferro, Corroios e Amora); um posto entra em funcionamento ainda em janeiro, com obras previstas at\u00e9 ao in\u00edcio do pr\u00f3ximo inverno.<\/li>\n<li>A autarquia vai apresentar uma queixa \u00e0 Entidade Reguladora dos Servi\u00e7os Energ\u00e9ticos; os cortes tamb\u00e9m atingiram Arrentela, al\u00e9m de Fern\u00e3o Ferro, Amora e Corroios, no \u00e2mbito de falhas nacionais associadas a frio e aumento do consumo.<\/li>\n<\/ul>\n","protected":false},"author":2,"featured_media":149115,"comment_status":"closed","ping_status":"closed","sticky":false,"template":"","format":"standard","meta":{"footnotes":""},"categories":[1],"tags":[3354,3359,3356,174,3355,1064],"class_list":["post-149109","post","type-post","status-publish","format-standard","has-post-thumbnail","hentry","category-noticias","tag-amora","tag-arrentela","tag-corroios","tag-energia","tag-fernao-ferro","tag-seixal"],"yoast_head":"<!-- This site is optimized with the Yoast SEO plugin v27.2 - https:\/\/yoast.com\/product\/yoast-seo-wordpress\/ -->\n<title>Seixal pede apoio jur\u00eddico a afetados por cortes de energia - Portal Tela Portugal<\/title>\n<meta name=\"robots\" content=\"index, follow, max-snippet:-1, max-image-preview:large, max-video-preview:-1\" \/>\n<meta property=\"og:locale\" content=\"pt_PT\" \/>\n<meta property=\"og:type\" content=\"article\" \/>\n<meta property=\"og:title\" content=\"Seixal pede apoio jur\u00eddico a afetados por cortes de energia - Portal Tela Portugal\" \/>\n<meta property=\"og:description\" content=\"O presidente da C\u00e2mara do Seixal vai reunir-se na segunda-feira com o baston\u00e1rio da Ordem dos Advogados para assegurar apoio jur\u00eddico aos mun\u00edcipes afetados pelos cortes de energia. A autarquia solicitou a reuni\u00e3o no in\u00edcio de janeiro, em resposta \u00e0s falhas recorrentes no fornecimento de energia da responsabilidade da E-Redes. A C\u00e2mara pretende que todos os mun\u00edcipes recebam acompanhamento jur\u00eddico e apoio para fazer valer os seus direitos e pedir ressarcimento pelos danos. A E-Redes garantiu nove postos de transforma\u00e7\u00e3o em 2026 e refor\u00e7o da rede nas tr\u00eas freguesias mais afetadas (Fern\u00e3o Ferro, Corroios e Amora); um posto entra em funcionamento ainda em janeiro, com obras previstas at\u00e9 ao in\u00edcio do pr\u00f3ximo inverno. A autarquia vai apresentar uma queixa \u00e0 Entidade Reguladora dos Servi\u00e7os Energ\u00e9ticos; os cortes tamb\u00e9m atingiram Arrentela, al\u00e9m de Fern\u00e3o Ferro, Amora e Corroios, no \u00e2mbito de falhas nacionais associadas a frio e aumento do consumo.\" \/>\n<meta property=\"og:url\" content=\"https:\/\/portaltela.pt\/noticias\/2026\/01\/17\/seixal-pede-apoio-juridico-a-afetados-por-cortes-de-energia\/\" \/>\n<meta property=\"og:site_name\" content=\"Portal Tela Portugal\" \/>\n<meta property=\"article:published_time\" content=\"2026-01-17T22:58:00+00:00\" \/>\n<meta name=\"author\" content=\"Telinha\" \/>\n<meta name=\"twitter:card\" content=\"summary_large_image\" \/>\n<meta name=\"twitter:label1\" content=\"Escrito por\" \/>\n\t<meta name=\"twitter:data1\" content=\"Telinha\" \/>\n\t<meta name=\"twitter:label2\" content=\"Tempo estimado de leitura\" \/>\n\t<meta name=\"twitter:data2\" content=\"1 minuto\" \/>\n<script type=\"application\/ld+json\" class=\"yoast-schema-graph\">{\"@context\":\"https:\/\/schema.org\",\"@graph\":[{\"@type\":\"Article\",\"@id\":\"https:\/\/portaltela.pt\/noticias\/2026\/01\/17\/seixal-pede-apoio-juridico-a-afetados-por-cortes-de-energia\/#article\",\"isPartOf\":{\"@id\":\"https:\/\/portaltela.pt\/noticias\/2026\/01\/17\/seixal-pede-apoio-juridico-a-afetados-por-cortes-de-energia\/\"},\"author\":{\"name\":\"Telinha\",\"@id\":\"https:\/\/portaltela.pt\/#\/schema\/person\/c4278d4a6028830caff9ee44b42d32ed\"},\"headline\":\"Seixal pede apoio jur\u00eddico a afetados por cortes de energia\",\"datePublished\":\"2026-01-17T22:58:00+00:00\",\"mainEntityOfPage\":{\"@id\":\"https:\/\/portaltela.pt\/noticias\/2026\/01\/17\/seixal-pede-apoio-juridico-a-afetados-por-cortes-de-energia\/\"},\"wordCount\":286,\"image\":{\"@id\":\"https:\/\/portaltela.pt\/noticias\/2026\/01\/17\/seixal-pede-apoio-juridico-a-afetados-por-cortes-de-energia\/#primaryimage\"},\"thumbnailUrl\":\"https:\/\/portaltela.pt\/s.01k8rhncp4jt1\/2026\/01\/22-lm023-9113-1.jpg\",\"keywords\":[\"Amora\",\"Arrentela\",\"Corroios\",\"energia\",\"Fern\u00e3o Ferro\",\"Seixal\"],\"articleSection\":[\"Not\u00edcias\"],\"inLanguage\":\"pt-PT\"},{\"@type\":\"WebPage\",\"@id\":\"https:\/\/portaltela.pt\/noticias\/2026\/01\/17\/seixal-pede-apoio-juridico-a-afetados-por-cortes-de-energia\/\",\"url\":\"https:\/\/portaltela.pt\/noticias\/2026\/01\/17\/seixal-pede-apoio-juridico-a-afetados-por-cortes-de-energia\/\",\"name\":\"Seixal pede apoio jur\u00eddico a afetados por cortes de energia - Portal Tela Portugal\",\"isPartOf\":{\"@id\":\"https:\/\/portaltela.pt\/#website\"},\"primaryImageOfPage\":{\"@id\":\"https:\/\/portaltela.pt\/noticias\/2026\/01\/17\/seixal-pede-apoio-juridico-a-afetados-por-cortes-de-energia\/#primaryimage\"},\"image\":{\"@id\":\"https:\/\/portaltela.pt\/noticias\/2026\/01\/17\/seixal-pede-apoio-juridico-a-afetados-por-cortes-de-energia\/#primaryimage\"},\"thumbnailUrl\":\"https:\/\/portaltela.pt\/s.01k8rhncp4jt1\/2026\/01\/22-lm023-9113-1.jpg\",\"datePublished\":\"2026-01-17T22:58:00+00:00\",\"author\":{\"@id\":\"https:\/\/portaltela.pt\/#\/schema\/person\/c4278d4a6028830caff9ee44b42d32ed\"},\"breadcrumb\":{\"@id\":\"https:\/\/portaltela.pt\/noticias\/2026\/01\/17\/seixal-pede-apoio-juridico-a-afetados-por-cortes-de-energia\/#breadcrumb\"},\"inLanguage\":\"pt-PT\",\"potentialAction\":[{\"@type\":\"ReadAction\",\"target\":[\"https:\/\/portaltela.pt\/noticias\/2026\/01\/17\/seixal-pede-apoio-juridico-a-afetados-por-cortes-de-energia\/\"]}]},{\"@type\":\"ImageObject\",\"inLanguage\":\"pt-PT\",\"@id\":\"https:\/\/portaltela.pt\/noticias\/2026\/01\/17\/seixal-pede-apoio-juridico-a-afetados-por-cortes-de-energia\/#primaryimage\",\"url\":\"https:\/\/portaltela.pt\/s.01k8rhncp4jt1\/2026\/01\/22-lm023-9113-1.jpg\",\"contentUrl\":\"https:\/\/portaltela.pt\/s.01k8rhncp4jt1\/2026\/01\/22-lm023-9113-1.jpg\",\"width\":796,\"height\":448,\"caption\":\"Photo\"},{\"@type\":\"BreadcrumbList\",\"@id\":\"https:\/\/portaltela.pt\/noticias\/2026\/01\/17\/seixal-pede-apoio-juridico-a-afetados-por-cortes-de-energia\/#breadcrumb\",\"itemListElement\":[{\"@type\":\"ListItem\",\"position\":1,\"name\":\"In\u00edcio\",\"item\":\"https:\/\/portaltela.pt\/\"},{\"@type\":\"ListItem\",\"position\":2,\"name\":\"Seixal pede apoio jur\u00eddico a afetados por cortes de energia\"}]},{\"@type\":\"WebSite\",\"@id\":\"https:\/\/portaltela.pt\/#website\",\"url\":\"https:\/\/portaltela.pt\/\",\"name\":\"Portal Tela Portugal\",\"description\":\"\",\"potentialAction\":[{\"@type\":\"SearchAction\",\"target\":{\"@type\":\"EntryPoint\",\"urlTemplate\":\"https:\/\/portaltela.pt\/?s={search_term_string}\"},\"query-input\":{\"@type\":\"PropertyValueSpecification\",\"valueRequired\":true,\"valueName\":\"search_term_string\"}}],\"inLanguage\":\"pt-PT\"},{\"@type\":\"Person\",\"@id\":\"https:\/\/portaltela.pt\/#\/schema\/person\/c4278d4a6028830caff9ee44b42d32ed\",\"name\":\"Telinha\",\"image\":{\"@type\":\"ImageObject\",\"inLanguage\":\"pt-PT\",\"@id\":\"https:\/\/portaltela.pt\/s.01k8rhncp4jt1\/2025\/11\/talking-bot-125x125.png\",\"url\":\"https:\/\/portaltela.pt\/s.01k8rhncp4jt1\/2025\/11\/talking-bot-125x125.png\",\"contentUrl\":\"https:\/\/portaltela.pt\/s.01k8rhncp4jt1\/2025\/11\/talking-bot-125x125.png\",\"caption\":\"Telinha\"},\"sameAs\":[\"https:\/\/portaltela.pt\/\"],\"url\":\"https:\/\/portaltela.pt\/por\/367410592786\/\"}]}<\/script>\n<!-- \/ Yoast SEO plugin. -->","yoast_head_json":{"title":"Seixal pede apoio jur\u00eddico a afetados por cortes de energia - Portal Tela Portugal","robots":{"index":"index","follow":"follow","max-snippet":"max-snippet:-1","max-image-preview":"max-image-preview:large","max-video-preview":"max-video-preview:-1"},"og_locale":"pt_PT","og_type":"article","og_title":"Seixal pede apoio jur\u00eddico a afetados por cortes de energia - Portal Tela Portugal","og_description":"O presidente da C\u00e2mara do Seixal vai reunir-se na segunda-feira com o baston\u00e1rio da Ordem dos Advogados para assegurar apoio jur\u00eddico aos mun\u00edcipes afetados pelos cortes de energia. A autarquia solicitou a reuni\u00e3o no in\u00edcio de janeiro, em resposta \u00e0s falhas recorrentes no fornecimento de energia da responsabilidade da E-Redes. A C\u00e2mara pretende que todos os mun\u00edcipes recebam acompanhamento jur\u00eddico e apoio para fazer valer os seus direitos e pedir ressarcimento pelos danos. A E-Redes garantiu nove postos de transforma\u00e7\u00e3o em 2026 e refor\u00e7o da rede nas tr\u00eas freguesias mais afetadas (Fern\u00e3o Ferro, Corroios e Amora); um posto entra em funcionamento ainda em janeiro, com obras previstas at\u00e9 ao in\u00edcio do pr\u00f3ximo inverno. A autarquia vai apresentar uma queixa \u00e0 Entidade Reguladora dos Servi\u00e7os Energ\u00e9ticos; os cortes tamb\u00e9m atingiram Arrentela, al\u00e9m de Fern\u00e3o Ferro, Amora e Corroios, no \u00e2mbito de falhas nacionais associadas a frio e aumento do consumo.","og_url":"https:\/\/portaltela.pt\/noticias\/2026\/01\/17\/seixal-pede-apoio-juridico-a-afetados-por-cortes-de-energia\/","og_site_name":"Portal Tela Portugal","article_published_time":"2026-01-17T22:58:00+00:00","author":"Telinha","twitter_card":"summary_large_image","twitter_misc":{"Escrito por":"Telinha","Tempo estimado de leitura":"1 minuto"},"schema":{"@context":"https:\/\/schema.org","@graph":[{"@type":"Article","@id":"https:\/\/portaltela.pt\/noticias\/2026\/01\/17\/seixal-pede-apoio-juridico-a-afetados-por-cortes-de-energia\/#article","isPartOf":{"@id":"https:\/\/portaltela.pt\/noticias\/2026\/01\/17\/seixal-pede-apoio-juridico-a-afetados-por-cortes-de-energia\/"},"author":{"name":"Telinha","@id":"https:\/\/portaltela.pt\/#\/schema\/person\/c4278d4a6028830caff9ee44b42d32ed"},"headline":"Seixal pede apoio jur\u00eddico a afetados por cortes de energia","datePublished":"2026-01-17T22:58:00+00:00","mainEntityOfPage":{"@id":"https:\/\/portaltela.pt\/noticias\/2026\/01\/17\/seixal-pede-apoio-juridico-a-afetados-por-cortes-de-energia\/"},"wordCount":286,"image":{"@id":"https:\/\/portaltela.pt\/noticias\/2026\/01\/17\/seixal-pede-apoio-juridico-a-afetados-por-cortes-de-energia\/#primaryimage"},"thumbnailUrl":"https:\/\/portaltela.pt\/s.01k8rhncp4jt1\/2026\/01\/22-lm023-9113-1.jpg","keywords":["Amora","Arrentela","Corroios","energia","Fern\u00e3o Ferro","Seixal"],"articleSection":["Not\u00edcias"],"inLanguage":"pt-PT"},{"@type":"WebPage","@id":"https:\/\/portaltela.pt\/noticias\/2026\/01\/17\/seixal-pede-apoio-juridico-a-afetados-por-cortes-de-energia\/","url":"https:\/\/portaltela.pt\/noticias\/2026\/01\/17\/seixal-pede-apoio-juridico-a-afetados-por-cortes-de-energia\/","name":"Seixal pede apoio jur\u00eddico a afetados por cortes de energia - Portal Tela Portugal","isPartOf":{"@id":"https:\/\/portaltela.pt\/#website"},"primaryImageOfPage":{"@id":"https:\/\/portaltela.pt\/noticias\/2026\/01\/17\/seixal-pede-apoio-juridico-a-afetados-por-cortes-de-energia\/#primaryimage"},"image":{"@id":"https:\/\/portaltela.pt\/noticias\/2026\/01\/17\/seixal-pede-apoio-juridico-a-afetados-por-cortes-de-energia\/#primaryimage"},"thumbnailUrl":"https:\/\/portaltela.pt\/s.01k8rhncp4jt1\/2026\/01\/22-lm023-9113-1.jpg","datePublished":"2026-01-17T22:58:00+00:00","author":{"@id":"https:\/\/portaltela.pt\/#\/schema\/person\/c4278d4a6028830caff9ee44b42d32ed"},"breadcrumb":{"@id":"https:\/\/portaltela.pt\/noticias\/2026\/01\/17\/seixal-pede-apoio-juridico-a-afetados-por-cortes-de-energia\/#breadcrumb"},"inLanguage":"pt-PT","potentialAction":[{"@type":"ReadAction","target":["https:\/\/portaltela.pt\/noticias\/2026\/01\/17\/seixal-pede-apoio-juridico-a-afetados-por-cortes-de-energia\/"]}]},{"@type":"ImageObject","inLanguage":"pt-PT","@id":"https:\/\/portaltela.pt\/noticias\/2026\/01\/17\/seixal-pede-apoio-juridico-a-afetados-por-cortes-de-energia\/#primaryimage","url":"https:\/\/portaltela.pt\/s.01k8rhncp4jt1\/2026\/01\/22-lm023-9113-1.jpg","contentUrl":"https:\/\/portaltela.pt\/s.01k8rhncp4jt1\/2026\/01\/22-lm023-9113-1.jpg","width":796,"height":448,"caption":"Photo"},{"@type":"BreadcrumbList","@id":"https:\/\/portaltela.pt\/noticias\/2026\/01\/17\/seixal-pede-apoio-juridico-a-afetados-por-cortes-de-energia\/#breadcrumb","itemListElement":[{"@type":"ListItem","position":1,"name":"In\u00edcio","item":"https:\/\/portaltela.pt\/"},{"@type":"ListItem","position":2,"name":"Seixal pede apoio jur\u00eddico a afetados por cortes de energia"}]},{"@type":"WebSite","@id":"https:\/\/portaltela.pt\/#website","url":"https:\/\/portaltela.pt\/","name":"Portal Tela Portugal","description":"","potentialAction":[{"@type":"SearchAction","target":{"@type":"EntryPoint","urlTemplate":"https:\/\/portaltela.pt\/?s={search_term_string}"},"query-input":{"@type":"PropertyValueSpecification","valueRequired":true,"valueName":"search_term_string"}}],"inLanguage":"pt-PT"},{"@type":"Person","@id":"https:\/\/portaltela.pt\/#\/schema\/person\/c4278d4a6028830caff9ee44b42d32ed","name":"Telinha","image":{"@type":"ImageObject","inLanguage":"pt-PT","@id":"https:\/\/portaltela.pt\/s.01k8rhncp4jt1\/2025\/11\/talking-bot-125x125.png","url":"https:\/\/portaltela.pt\/s.01k8rhncp4jt1\/2025\/11\/talking-bot-125x125.png","contentUrl":"https:\/\/portaltela.pt\/s.01k8rhncp4jt1\/2025\/11\/talking-bot-125x125.png","caption":"Telinha"},"sameAs":["https:\/\/portaltela.pt\/"],"url":"https:\/\/portaltela.pt\/por\/367410592786\/"}]}},"_links":{"self":[{"href":"https:\/\/portaltela.pt\/api\/wp\/v2\/posts\/149109","targetHints":{"allow":["GET"]}}],"collection":[{"href":"https:\/\/portaltela.pt\/api\/wp\/v2\/posts"}],"about":[{"href":"https:\/\/portaltela.pt\/api\/wp\/v2\/types\/post"}],"author":[{"embeddable":true,"href":"https:\/\/portaltela.pt\/api\/wp\/v2\/users\/2"}],"replies":[{"embeddable":true,"href":"https:\/\/portaltela.pt\/api\/wp\/v2\/comments?post=149109"}],"version-history":[{"count":0,"href":"https:\/\/portaltela.pt\/api\/wp\/v2\/posts\/149109\/revisions"}],"wp:featuredmedia":[{"embeddable":true,"href":"https:\/\/portaltela.pt\/api\/wp\/v2\/media\/149115"}],"wp:attachment":[{"href":"https:\/\/portaltela.pt\/api\/wp\/v2\/media?parent=149109"}],"wp:term":[{"taxonomy":"category","embeddable":true,"href":"https:\/\/portaltela.pt\/api\/wp\/v2\/categories?post=149109"},{"taxonomy":"post_tag","embeddable":true,"href":"https:\/\/portaltela.pt\/api\/wp\/v2\/tags?post=149109"}],"curies":[{"name":"wp","href":"https:\/\/api.w.org\/{rel}","templated":true}]}}