{"id":149023,"date":"2026-01-17T18:59:40","date_gmt":"2026-01-17T21:59:40","guid":{"rendered":"https:\/\/portaltela.pt\/noticias\/2026\/01\/17\/gdr-lameirinhas-conquista-titulo-distrital-de-juvenis-na-af-guarda\/"},"modified":"2026-01-17T18:59:40","modified_gmt":"2026-01-17T21:59:40","slug":"gdr-lameirinhas-conquista-titulo-distrital-de-juvenis-na-af-guarda","status":"publish","type":"post","link":"https:\/\/portaltela.pt\/desporto\/futebol\/2026\/01\/17\/gdr-lameirinhas-conquista-titulo-distrital-de-juvenis-na-af-guarda\/","title":{"rendered":"GDR Lameirinhas conquista t\u00edtulo distrital de Juvenis na AF Guarda"},"content":{"rendered":"<p>O GDR Lameirinhas sagrou-se campe\u00e3o distrital de Juvenis da AF Guarda na sexta-feira, ao vencer o SC Sabugal por 5-0, no Pavilh\u00e3o Gimnodesportivo do Inatel. A vit\u00f3ria confirmou o t\u00edtulo em casa, perante o p\u00fablico.<\/p>\n<p>Em oito jornadas, o conjunto de Lameirinhas somou oito triunfos e 24 pontos, num registo de 47 golos marcados e apenas 6 sofridos. A solidez da equipa marcou a \u00e9poca, com dom\u00ednio claro no campeonato.<\/p>\n<p>O SC Sabugal ficou em segundo lugar, com sete pontos, enquanto a AD Manteigas fechou o p\u00f3dio com quatro pontos.<\/p>\n<h3>Resultados e Classifica\u00e7\u00e3o<\/h3>\n<p>O t\u00edtulo avalia o esfor\u00e7o coletivo ao longo da \u00e9poca, incluindo atletas, equipa t\u00e9cnica e estrutura do clube, reconhecendo o GDR Lameirinhas como a equipa mais consistente no escal\u00e3o de Juvenis da AF Guarda.<\/p>\n","protected":false},"excerpt":{"rendered":"<ul>\n<li>O GDR Lameirinhas sagrou-se campe\u00e3o distrital de Juvenis da Associa\u00e7\u00e3o de Futebol da Guarda, na sexta-feira.<\/li>\n<li>Venceram o SC Sabugal por 5\u20130, no Pavilh\u00e3o Gimnodesportivo do Inatel.<\/li>\n<li>Em oito jornadas, a equipa somou oito triunfos e 24 pontos, com 47 golos marcados e apenas 6 sofridos.<\/li>\n<li>O SC Sabugal ficou em segundo lugar com sete pontos, e a AD Manteigas terminou em terceiro com quatro pontos.<\/li>\n<li>O t\u00edtulo reconhece o trabalho do grupo, da equipa t\u00e9cnica e da estrutura do clube ao longo da \u00e9poca.<\/li>\n<\/ul>\n","protected":false},"author":2,"featured_media":149032,"comment_status":"closed","ping_status":"closed","sticky":false,"template":"","format":"standard","meta":{"footnotes":""},"categories":[21,24],"tags":[1954,152,236,32,1113],"class_list":["post-149023","post","type-post","status-publish","format-standard","has-post-thumbnail","hentry","category-desporto","category-futebol","tag-af-guarda","tag-desporto","tag-desporto-escolar","tag-futebol","tag-guarda"],"yoast_head":"<!-- This site is optimized with the Yoast SEO plugin v27.2 - https:\/\/yoast.com\/product\/yoast-seo-wordpress\/ -->\n<title>GDR Lameirinhas conquista t\u00edtulo distrital de Juvenis na AF Guarda - Portal Tela Portugal<\/title>\n<meta name=\"robots\" content=\"index, follow, max-snippet:-1, max-image-preview:large, max-video-preview:-1\" \/>\n<meta property=\"og:locale\" content=\"pt_PT\" \/>\n<meta property=\"og:type\" content=\"article\" \/>\n<meta property=\"og:title\" content=\"GDR Lameirinhas conquista t\u00edtulo distrital de Juvenis na AF Guarda - Portal Tela Portugal\" \/>\n<meta property=\"og:description\" content=\"O GDR Lameirinhas sagrou-se campe\u00e3o distrital de Juvenis da Associa\u00e7\u00e3o de Futebol da Guarda, na sexta-feira. Venceram o SC Sabugal por 5\u20130, no Pavilh\u00e3o Gimnodesportivo do Inatel. Em oito jornadas, a equipa somou oito triunfos e 24 pontos, com 47 golos marcados e apenas 6 sofridos. O SC Sabugal ficou em segundo lugar com sete pontos, e a AD Manteigas terminou em terceiro com quatro pontos. O t\u00edtulo reconhece o trabalho do grupo, da equipa t\u00e9cnica e da estrutura do clube ao longo da \u00e9poca.\" \/>\n<meta property=\"og:url\" content=\"https:\/\/portaltela.pt\/noticias\/2026\/01\/17\/gdr-lameirinhas-conquista-titulo-distrital-de-juvenis-na-af-guarda\/\" \/>\n<meta property=\"og:site_name\" content=\"Portal Tela Portugal\" \/>\n<meta property=\"article:published_time\" content=\"2026-01-17T21:59:40+00:00\" \/>\n<meta name=\"author\" content=\"Telinha\" \/>\n<meta name=\"twitter:card\" content=\"summary_large_image\" \/>\n<meta name=\"twitter:label1\" content=\"Escrito por\" \/>\n\t<meta name=\"twitter:data1\" content=\"Telinha\" \/>\n\t<meta name=\"twitter:label2\" content=\"Tempo estimado de leitura\" \/>\n\t<meta name=\"twitter:data2\" content=\"1 minuto\" \/>\n<script type=\"application\/ld+json\" class=\"yoast-schema-graph\">{\"@context\":\"https:\/\/schema.org\",\"@graph\":[{\"@type\":\"Article\",\"@id\":\"https:\/\/portaltela.pt\/noticias\/2026\/01\/17\/gdr-lameirinhas-conquista-titulo-distrital-de-juvenis-na-af-guarda\/#article\",\"isPartOf\":{\"@id\":\"https:\/\/portaltela.pt\/noticias\/2026\/01\/17\/gdr-lameirinhas-conquista-titulo-distrital-de-juvenis-na-af-guarda\/\"},\"author\":{\"name\":\"Telinha\",\"@id\":\"https:\/\/portaltela.pt\/#\/schema\/person\/c4278d4a6028830caff9ee44b42d32ed\"},\"headline\":\"GDR Lameirinhas conquista t\u00edtulo distrital de Juvenis na AF Guarda\",\"datePublished\":\"2026-01-17T21:59:40+00:00\",\"mainEntityOfPage\":{\"@id\":\"https:\/\/portaltela.pt\/noticias\/2026\/01\/17\/gdr-lameirinhas-conquista-titulo-distrital-de-juvenis-na-af-guarda\/\"},\"wordCount\":147,\"image\":{\"@id\":\"https:\/\/portaltela.pt\/noticias\/2026\/01\/17\/gdr-lameirinhas-conquista-titulo-distrital-de-juvenis-na-af-guarda\/#primaryimage\"},\"thumbnailUrl\":\"https:\/\/portaltela.pt\/s.01k8rhncp4jt1\/2026\/01\/unnamed-file-3550.jpg\",\"keywords\":[\"AF Guarda\",\"desporto\",\"desporto escolar\",\"futebol\",\"Guarda\"],\"articleSection\":[\"Desporto\",\"Futebol\"],\"inLanguage\":\"pt-PT\"},{\"@type\":\"WebPage\",\"@id\":\"https:\/\/portaltela.pt\/noticias\/2026\/01\/17\/gdr-lameirinhas-conquista-titulo-distrital-de-juvenis-na-af-guarda\/\",\"url\":\"https:\/\/portaltela.pt\/noticias\/2026\/01\/17\/gdr-lameirinhas-conquista-titulo-distrital-de-juvenis-na-af-guarda\/\",\"name\":\"GDR Lameirinhas conquista t\u00edtulo distrital de Juvenis na AF Guarda - Portal Tela Portugal\",\"isPartOf\":{\"@id\":\"https:\/\/portaltela.pt\/#website\"},\"primaryImageOfPage\":{\"@id\":\"https:\/\/portaltela.pt\/noticias\/2026\/01\/17\/gdr-lameirinhas-conquista-titulo-distrital-de-juvenis-na-af-guarda\/#primaryimage\"},\"image\":{\"@id\":\"https:\/\/portaltela.pt\/noticias\/2026\/01\/17\/gdr-lameirinhas-conquista-titulo-distrital-de-juvenis-na-af-guarda\/#primaryimage\"},\"thumbnailUrl\":\"https:\/\/portaltela.pt\/s.01k8rhncp4jt1\/2026\/01\/unnamed-file-3550.jpg\",\"datePublished\":\"2026-01-17T21:59:40+00:00\",\"author\":{\"@id\":\"https:\/\/portaltela.pt\/#\/schema\/person\/c4278d4a6028830caff9ee44b42d32ed\"},\"breadcrumb\":{\"@id\":\"https:\/\/portaltela.pt\/noticias\/2026\/01\/17\/gdr-lameirinhas-conquista-titulo-distrital-de-juvenis-na-af-guarda\/#breadcrumb\"},\"inLanguage\":\"pt-PT\",\"potentialAction\":[{\"@type\":\"ReadAction\",\"target\":[\"https:\/\/portaltela.pt\/noticias\/2026\/01\/17\/gdr-lameirinhas-conquista-titulo-distrital-de-juvenis-na-af-guarda\/\"]}]},{\"@type\":\"ImageObject\",\"inLanguage\":\"pt-PT\",\"@id\":\"https:\/\/portaltela.pt\/noticias\/2026\/01\/17\/gdr-lameirinhas-conquista-titulo-distrital-de-juvenis-na-af-guarda\/#primaryimage\",\"url\":\"https:\/\/portaltela.pt\/s.01k8rhncp4jt1\/2026\/01\/unnamed-file-3550.jpg\",\"contentUrl\":\"https:\/\/portaltela.pt\/s.01k8rhncp4jt1\/2026\/01\/unnamed-file-3550.jpg\",\"width\":796,\"height\":448,\"caption\":\"GDR Lameirinhas conquista t\u00edtulo distrital de Juvenis da AF Guarda\"},{\"@type\":\"BreadcrumbList\",\"@id\":\"https:\/\/portaltela.pt\/noticias\/2026\/01\/17\/gdr-lameirinhas-conquista-titulo-distrital-de-juvenis-na-af-guarda\/#breadcrumb\",\"itemListElement\":[{\"@type\":\"ListItem\",\"position\":1,\"name\":\"In\u00edcio\",\"item\":\"https:\/\/portaltela.pt\/\"},{\"@type\":\"ListItem\",\"position\":2,\"name\":\"GDR Lameirinhas conquista t\u00edtulo distrital de Juvenis na AF Guarda\"}]},{\"@type\":\"WebSite\",\"@id\":\"https:\/\/portaltela.pt\/#website\",\"url\":\"https:\/\/portaltela.pt\/\",\"name\":\"Portal Tela Portugal\",\"description\":\"\",\"potentialAction\":[{\"@type\":\"SearchAction\",\"target\":{\"@type\":\"EntryPoint\",\"urlTemplate\":\"https:\/\/portaltela.pt\/?s={search_term_string}\"},\"query-input\":{\"@type\":\"PropertyValueSpecification\",\"valueRequired\":true,\"valueName\":\"search_term_string\"}}],\"inLanguage\":\"pt-PT\"},{\"@type\":\"Person\",\"@id\":\"https:\/\/portaltela.pt\/#\/schema\/person\/c4278d4a6028830caff9ee44b42d32ed\",\"name\":\"Telinha\",\"image\":{\"@type\":\"ImageObject\",\"inLanguage\":\"pt-PT\",\"@id\":\"https:\/\/portaltela.pt\/s.01k8rhncp4jt1\/2025\/11\/talking-bot-125x125.png\",\"url\":\"https:\/\/portaltela.pt\/s.01k8rhncp4jt1\/2025\/11\/talking-bot-125x125.png\",\"contentUrl\":\"https:\/\/portaltela.pt\/s.01k8rhncp4jt1\/2025\/11\/talking-bot-125x125.png\",\"caption\":\"Telinha\"},\"sameAs\":[\"https:\/\/portaltela.pt\/\"],\"url\":\"https:\/\/portaltela.pt\/por\/367410592786\/\"}]}<\/script>\n<!-- \/ Yoast SEO plugin. -->","yoast_head_json":{"title":"GDR Lameirinhas conquista t\u00edtulo distrital de Juvenis na AF Guarda - Portal Tela Portugal","robots":{"index":"index","follow":"follow","max-snippet":"max-snippet:-1","max-image-preview":"max-image-preview:large","max-video-preview":"max-video-preview:-1"},"og_locale":"pt_PT","og_type":"article","og_title":"GDR Lameirinhas conquista t\u00edtulo distrital de Juvenis na AF Guarda - Portal Tela Portugal","og_description":"O GDR Lameirinhas sagrou-se campe\u00e3o distrital de Juvenis da Associa\u00e7\u00e3o de Futebol da Guarda, na sexta-feira. Venceram o SC Sabugal por 5\u20130, no Pavilh\u00e3o Gimnodesportivo do Inatel. Em oito jornadas, a equipa somou oito triunfos e 24 pontos, com 47 golos marcados e apenas 6 sofridos. O SC Sabugal ficou em segundo lugar com sete pontos, e a AD Manteigas terminou em terceiro com quatro pontos. O t\u00edtulo reconhece o trabalho do grupo, da equipa t\u00e9cnica e da estrutura do clube ao longo da \u00e9poca.","og_url":"https:\/\/portaltela.pt\/noticias\/2026\/01\/17\/gdr-lameirinhas-conquista-titulo-distrital-de-juvenis-na-af-guarda\/","og_site_name":"Portal Tela Portugal","article_published_time":"2026-01-17T21:59:40+00:00","author":"Telinha","twitter_card":"summary_large_image","twitter_misc":{"Escrito por":"Telinha","Tempo estimado de leitura":"1 minuto"},"schema":{"@context":"https:\/\/schema.org","@graph":[{"@type":"Article","@id":"https:\/\/portaltela.pt\/noticias\/2026\/01\/17\/gdr-lameirinhas-conquista-titulo-distrital-de-juvenis-na-af-guarda\/#article","isPartOf":{"@id":"https:\/\/portaltela.pt\/noticias\/2026\/01\/17\/gdr-lameirinhas-conquista-titulo-distrital-de-juvenis-na-af-guarda\/"},"author":{"name":"Telinha","@id":"https:\/\/portaltela.pt\/#\/schema\/person\/c4278d4a6028830caff9ee44b42d32ed"},"headline":"GDR Lameirinhas conquista t\u00edtulo distrital de Juvenis na AF Guarda","datePublished":"2026-01-17T21:59:40+00:00","mainEntityOfPage":{"@id":"https:\/\/portaltela.pt\/noticias\/2026\/01\/17\/gdr-lameirinhas-conquista-titulo-distrital-de-juvenis-na-af-guarda\/"},"wordCount":147,"image":{"@id":"https:\/\/portaltela.pt\/noticias\/2026\/01\/17\/gdr-lameirinhas-conquista-titulo-distrital-de-juvenis-na-af-guarda\/#primaryimage"},"thumbnailUrl":"https:\/\/portaltela.pt\/s.01k8rhncp4jt1\/2026\/01\/unnamed-file-3550.jpg","keywords":["AF Guarda","desporto","desporto escolar","futebol","Guarda"],"articleSection":["Desporto","Futebol"],"inLanguage":"pt-PT"},{"@type":"WebPage","@id":"https:\/\/portaltela.pt\/noticias\/2026\/01\/17\/gdr-lameirinhas-conquista-titulo-distrital-de-juvenis-na-af-guarda\/","url":"https:\/\/portaltela.pt\/noticias\/2026\/01\/17\/gdr-lameirinhas-conquista-titulo-distrital-de-juvenis-na-af-guarda\/","name":"GDR Lameirinhas conquista t\u00edtulo distrital de Juvenis na AF Guarda - Portal Tela Portugal","isPartOf":{"@id":"https:\/\/portaltela.pt\/#website"},"primaryImageOfPage":{"@id":"https:\/\/portaltela.pt\/noticias\/2026\/01\/17\/gdr-lameirinhas-conquista-titulo-distrital-de-juvenis-na-af-guarda\/#primaryimage"},"image":{"@id":"https:\/\/portaltela.pt\/noticias\/2026\/01\/17\/gdr-lameirinhas-conquista-titulo-distrital-de-juvenis-na-af-guarda\/#primaryimage"},"thumbnailUrl":"https:\/\/portaltela.pt\/s.01k8rhncp4jt1\/2026\/01\/unnamed-file-3550.jpg","datePublished":"2026-01-17T21:59:40+00:00","author":{"@id":"https:\/\/portaltela.pt\/#\/schema\/person\/c4278d4a6028830caff9ee44b42d32ed"},"breadcrumb":{"@id":"https:\/\/portaltela.pt\/noticias\/2026\/01\/17\/gdr-lameirinhas-conquista-titulo-distrital-de-juvenis-na-af-guarda\/#breadcrumb"},"inLanguage":"pt-PT","potentialAction":[{"@type":"ReadAction","target":["https:\/\/portaltela.pt\/noticias\/2026\/01\/17\/gdr-lameirinhas-conquista-titulo-distrital-de-juvenis-na-af-guarda\/"]}]},{"@type":"ImageObject","inLanguage":"pt-PT","@id":"https:\/\/portaltela.pt\/noticias\/2026\/01\/17\/gdr-lameirinhas-conquista-titulo-distrital-de-juvenis-na-af-guarda\/#primaryimage","url":"https:\/\/portaltela.pt\/s.01k8rhncp4jt1\/2026\/01\/unnamed-file-3550.jpg","contentUrl":"https:\/\/portaltela.pt\/s.01k8rhncp4jt1\/2026\/01\/unnamed-file-3550.jpg","width":796,"height":448,"caption":"GDR Lameirinhas conquista t\u00edtulo distrital de Juvenis da AF Guarda"},{"@type":"BreadcrumbList","@id":"https:\/\/portaltela.pt\/noticias\/2026\/01\/17\/gdr-lameirinhas-conquista-titulo-distrital-de-juvenis-na-af-guarda\/#breadcrumb","itemListElement":[{"@type":"ListItem","position":1,"name":"In\u00edcio","item":"https:\/\/portaltela.pt\/"},{"@type":"ListItem","position":2,"name":"GDR Lameirinhas conquista t\u00edtulo distrital de Juvenis na AF Guarda"}]},{"@type":"WebSite","@id":"https:\/\/portaltela.pt\/#website","url":"https:\/\/portaltela.pt\/","name":"Portal Tela Portugal","description":"","potentialAction":[{"@type":"SearchAction","target":{"@type":"EntryPoint","urlTemplate":"https:\/\/portaltela.pt\/?s={search_term_string}"},"query-input":{"@type":"PropertyValueSpecification","valueRequired":true,"valueName":"search_term_string"}}],"inLanguage":"pt-PT"},{"@type":"Person","@id":"https:\/\/portaltela.pt\/#\/schema\/person\/c4278d4a6028830caff9ee44b42d32ed","name":"Telinha","image":{"@type":"ImageObject","inLanguage":"pt-PT","@id":"https:\/\/portaltela.pt\/s.01k8rhncp4jt1\/2025\/11\/talking-bot-125x125.png","url":"https:\/\/portaltela.pt\/s.01k8rhncp4jt1\/2025\/11\/talking-bot-125x125.png","contentUrl":"https:\/\/portaltela.pt\/s.01k8rhncp4jt1\/2025\/11\/talking-bot-125x125.png","caption":"Telinha"},"sameAs":["https:\/\/portaltela.pt\/"],"url":"https:\/\/portaltela.pt\/por\/367410592786\/"}]}},"_links":{"self":[{"href":"https:\/\/portaltela.pt\/api\/wp\/v2\/posts\/149023","targetHints":{"allow":["GET"]}}],"collection":[{"href":"https:\/\/portaltela.pt\/api\/wp\/v2\/posts"}],"about":[{"href":"https:\/\/portaltela.pt\/api\/wp\/v2\/types\/post"}],"author":[{"embeddable":true,"href":"https:\/\/portaltela.pt\/api\/wp\/v2\/users\/2"}],"replies":[{"embeddable":true,"href":"https:\/\/portaltela.pt\/api\/wp\/v2\/comments?post=149023"}],"version-history":[{"count":0,"href":"https:\/\/portaltela.pt\/api\/wp\/v2\/posts\/149023\/revisions"}],"wp:featuredmedia":[{"embeddable":true,"href":"https:\/\/portaltela.pt\/api\/wp\/v2\/media\/149032"}],"wp:attachment":[{"href":"https:\/\/portaltela.pt\/api\/wp\/v2\/media?parent=149023"}],"wp:term":[{"taxonomy":"category","embeddable":true,"href":"https:\/\/portaltela.pt\/api\/wp\/v2\/categories?post=149023"},{"taxonomy":"post_tag","embeddable":true,"href":"https:\/\/portaltela.pt\/api\/wp\/v2\/tags?post=149023"}],"curies":[{"name":"wp","href":"https:\/\/api.w.org\/{rel}","templated":true}]}}