{"id":148817,"date":"2026-01-17T10:40:00","date_gmt":"2026-01-17T13:40:00","guid":{"rendered":"https:\/\/portaltela.pt\/noticias\/2026\/01\/17\/bernardo-silva-e-maguire-envolvem-se-num-confronto-no-derbi-de-manchester\/"},"modified":"2026-01-17T10:40:00","modified_gmt":"2026-01-17T13:40:00","slug":"bernardo-silva-e-maguire-envolvem-se-num-confronto-no-derbi-de-manchester","status":"publish","type":"post","link":"https:\/\/portaltela.pt\/desporto\/futebol\/2026\/01\/17\/bernardo-silva-e-maguire-envolvem-se-num-confronto-no-derbi-de-manchester\/","title":{"rendered":"Bernardo Silva e Maguire envolvem-se num confronto no d\u00e9rbi de Manchester"},"content":{"rendered":"<p>Ao minuto 20, em Old Trafford, no d\u00e9rbi entre Manchester United e Manchester City, Bernardo Silva empurrou Harry Maguire, que protegia a bola para arrancar o pontap\u00e9 de baliza. O lance aconteceu junto \u00e0 linha de fundo.<\/p>\n<p>Maguire reagiu de imediato, os jogadores separaram-se e o \u00e1rbitro n\u00e3o sancionou ningu\u00e9m. O incidente ficou por ali e o jogo seguiu em frente.<\/p>\n<p>O epis\u00f3dio gerou tens\u00e3o moment\u00e2nea entre os dois jogadores, mas n\u00e3o houve quaisquer consequ\u00eancias disciplinares para os intervenientes at\u00e9 ao momento.<\/p>\n","protected":false},"excerpt":{"rendered":"<ul>\n<li>Aos 20 minutos, em Old Trafford, Bernardo Silva empurrou Harry Maguire durante uma disputa pela bola junto \u00e0 linha de fundo.<\/li>\n<li>Maguire protegia a bola para sair pela linha de fundo e ganhar o pontap\u00e9 de baliza, reagindo \u00e0 a\u00e7\u00e3o de Bernardo Silva.<\/li>\n<li>Os dois jogadores acalmaram-se rapidamente e o lance n\u00e3o escalou.<\/li>\n<li>O \u00e1rbitro n\u00e3o sancionou nenhum dos envolvidos.<\/li>\n<li>O incidente aconteceu durante o d\u00e9rbi entre Manchester United e Manchester City.<\/li>\n<\/ul>\n","protected":false},"author":2,"featured_media":148825,"comment_status":"closed","ping_status":"closed","sticky":false,"template":"","format":"standard","meta":{"footnotes":""},"categories":[21,24],"tags":[2754,3211,152,32,3316,3187],"class_list":["post-148817","post","type-post","status-publish","format-standard","has-post-thumbnail","hentry","category-desporto","category-futebol","tag-agressao","tag-bernardo-silva","tag-desporto","tag-futebol","tag-maguire","tag-manchester-united"],"yoast_head":"<!-- This site is optimized with the Yoast SEO plugin v27.2 - https:\/\/yoast.com\/product\/yoast-seo-wordpress\/ -->\n<title>Bernardo Silva e Maguire envolvem-se num confronto no d\u00e9rbi de Manchester - Portal Tela Portugal<\/title>\n<meta name=\"robots\" content=\"index, follow, max-snippet:-1, max-image-preview:large, max-video-preview:-1\" \/>\n<meta property=\"og:locale\" content=\"pt_PT\" \/>\n<meta property=\"og:type\" content=\"article\" \/>\n<meta property=\"og:title\" content=\"Bernardo Silva e Maguire envolvem-se num confronto no d\u00e9rbi de Manchester - Portal Tela Portugal\" \/>\n<meta property=\"og:description\" content=\"Aos 20 minutos, em Old Trafford, Bernardo Silva empurrou Harry Maguire durante uma disputa pela bola junto \u00e0 linha de fundo. Maguire protegia a bola para sair pela linha de fundo e ganhar o pontap\u00e9 de baliza, reagindo \u00e0 a\u00e7\u00e3o de Bernardo Silva. Os dois jogadores acalmaram-se rapidamente e o lance n\u00e3o escalou. O \u00e1rbitro n\u00e3o sancionou nenhum dos envolvidos. O incidente aconteceu durante o d\u00e9rbi entre Manchester United e Manchester City.\" \/>\n<meta property=\"og:url\" content=\"https:\/\/portaltela.pt\/noticias\/2026\/01\/17\/bernardo-silva-e-maguire-envolvem-se-num-confronto-no-derbi-de-manchester\/\" \/>\n<meta property=\"og:site_name\" content=\"Portal Tela Portugal\" \/>\n<meta property=\"article:published_time\" content=\"2026-01-17T13:40:00+00:00\" \/>\n<meta name=\"author\" content=\"Telinha\" \/>\n<meta name=\"twitter:card\" content=\"summary_large_image\" \/>\n<meta name=\"twitter:label1\" content=\"Escrito por\" \/>\n\t<meta name=\"twitter:data1\" content=\"Telinha\" \/>\n<script type=\"application\/ld+json\" class=\"yoast-schema-graph\">{\"@context\":\"https:\/\/schema.org\",\"@graph\":[{\"@type\":\"Article\",\"@id\":\"https:\/\/portaltela.pt\/noticias\/2026\/01\/17\/bernardo-silva-e-maguire-envolvem-se-num-confronto-no-derbi-de-manchester\/#article\",\"isPartOf\":{\"@id\":\"https:\/\/portaltela.pt\/noticias\/2026\/01\/17\/bernardo-silva-e-maguire-envolvem-se-num-confronto-no-derbi-de-manchester\/\"},\"author\":{\"name\":\"Telinha\",\"@id\":\"https:\/\/portaltela.pt\/#\/schema\/person\/c4278d4a6028830caff9ee44b42d32ed\"},\"headline\":\"Bernardo Silva e Maguire envolvem-se num confronto no d\u00e9rbi de Manchester\",\"datePublished\":\"2026-01-17T13:40:00+00:00\",\"mainEntityOfPage\":{\"@id\":\"https:\/\/portaltela.pt\/noticias\/2026\/01\/17\/bernardo-silva-e-maguire-envolvem-se-num-confronto-no-derbi-de-manchester\/\"},\"wordCount\":100,\"image\":{\"@id\":\"https:\/\/portaltela.pt\/noticias\/2026\/01\/17\/bernardo-silva-e-maguire-envolvem-se-num-confronto-no-derbi-de-manchester\/#primaryimage\"},\"thumbnailUrl\":\"https:\/\/portaltela.pt\/s.01k8rhncp4jt1\/2026\/01\/img_920x518uu2026-01-17-13-32-49-2415322-6.jpg\",\"keywords\":[\"agress\u00e3o\",\"Bernardo Silva\",\"desporto\",\"futebol\",\"Maguire\",\"Manchester United\"],\"articleSection\":[\"Desporto\",\"Futebol\"],\"inLanguage\":\"pt-PT\"},{\"@type\":\"WebPage\",\"@id\":\"https:\/\/portaltela.pt\/noticias\/2026\/01\/17\/bernardo-silva-e-maguire-envolvem-se-num-confronto-no-derbi-de-manchester\/\",\"url\":\"https:\/\/portaltela.pt\/noticias\/2026\/01\/17\/bernardo-silva-e-maguire-envolvem-se-num-confronto-no-derbi-de-manchester\/\",\"name\":\"Bernardo Silva e Maguire envolvem-se num confronto no d\u00e9rbi de Manchester - Portal Tela Portugal\",\"isPartOf\":{\"@id\":\"https:\/\/portaltela.pt\/#website\"},\"primaryImageOfPage\":{\"@id\":\"https:\/\/portaltela.pt\/noticias\/2026\/01\/17\/bernardo-silva-e-maguire-envolvem-se-num-confronto-no-derbi-de-manchester\/#primaryimage\"},\"image\":{\"@id\":\"https:\/\/portaltela.pt\/noticias\/2026\/01\/17\/bernardo-silva-e-maguire-envolvem-se-num-confronto-no-derbi-de-manchester\/#primaryimage\"},\"thumbnailUrl\":\"https:\/\/portaltela.pt\/s.01k8rhncp4jt1\/2026\/01\/img_920x518uu2026-01-17-13-32-49-2415322-6.jpg\",\"datePublished\":\"2026-01-17T13:40:00+00:00\",\"author\":{\"@id\":\"https:\/\/portaltela.pt\/#\/schema\/person\/c4278d4a6028830caff9ee44b42d32ed\"},\"breadcrumb\":{\"@id\":\"https:\/\/portaltela.pt\/noticias\/2026\/01\/17\/bernardo-silva-e-maguire-envolvem-se-num-confronto-no-derbi-de-manchester\/#breadcrumb\"},\"inLanguage\":\"pt-PT\",\"potentialAction\":[{\"@type\":\"ReadAction\",\"target\":[\"https:\/\/portaltela.pt\/noticias\/2026\/01\/17\/bernardo-silva-e-maguire-envolvem-se-num-confronto-no-derbi-de-manchester\/\"]}]},{\"@type\":\"ImageObject\",\"inLanguage\":\"pt-PT\",\"@id\":\"https:\/\/portaltela.pt\/noticias\/2026\/01\/17\/bernardo-silva-e-maguire-envolvem-se-num-confronto-no-derbi-de-manchester\/#primaryimage\",\"url\":\"https:\/\/portaltela.pt\/s.01k8rhncp4jt1\/2026\/01\/img_920x518uu2026-01-17-13-32-49-2415322-6.jpg\",\"contentUrl\":\"https:\/\/portaltela.pt\/s.01k8rhncp4jt1\/2026\/01\/img_920x518uu2026-01-17-13-32-49-2415322-6.jpg\",\"width\":796,\"height\":448,\"caption\":\"Bernardo Silva e Harry Maguire pegados no Man. United-Man. City\"},{\"@type\":\"BreadcrumbList\",\"@id\":\"https:\/\/portaltela.pt\/noticias\/2026\/01\/17\/bernardo-silva-e-maguire-envolvem-se-num-confronto-no-derbi-de-manchester\/#breadcrumb\",\"itemListElement\":[{\"@type\":\"ListItem\",\"position\":1,\"name\":\"In\u00edcio\",\"item\":\"https:\/\/portaltela.pt\/\"},{\"@type\":\"ListItem\",\"position\":2,\"name\":\"Bernardo Silva e Maguire envolvem-se num confronto no d\u00e9rbi de Manchester\"}]},{\"@type\":\"WebSite\",\"@id\":\"https:\/\/portaltela.pt\/#website\",\"url\":\"https:\/\/portaltela.pt\/\",\"name\":\"Portal Tela Portugal\",\"description\":\"\",\"potentialAction\":[{\"@type\":\"SearchAction\",\"target\":{\"@type\":\"EntryPoint\",\"urlTemplate\":\"https:\/\/portaltela.pt\/?s={search_term_string}\"},\"query-input\":{\"@type\":\"PropertyValueSpecification\",\"valueRequired\":true,\"valueName\":\"search_term_string\"}}],\"inLanguage\":\"pt-PT\"},{\"@type\":\"Person\",\"@id\":\"https:\/\/portaltela.pt\/#\/schema\/person\/c4278d4a6028830caff9ee44b42d32ed\",\"name\":\"Telinha\",\"image\":{\"@type\":\"ImageObject\",\"inLanguage\":\"pt-PT\",\"@id\":\"https:\/\/portaltela.pt\/s.01k8rhncp4jt1\/2025\/11\/talking-bot-125x125.png\",\"url\":\"https:\/\/portaltela.pt\/s.01k8rhncp4jt1\/2025\/11\/talking-bot-125x125.png\",\"contentUrl\":\"https:\/\/portaltela.pt\/s.01k8rhncp4jt1\/2025\/11\/talking-bot-125x125.png\",\"caption\":\"Telinha\"},\"sameAs\":[\"https:\/\/portaltela.pt\/\"],\"url\":\"https:\/\/portaltela.pt\/por\/367410592786\/\"}]}<\/script>\n<!-- \/ Yoast SEO plugin. -->","yoast_head_json":{"title":"Bernardo Silva e Maguire envolvem-se num confronto no d\u00e9rbi de Manchester - Portal Tela Portugal","robots":{"index":"index","follow":"follow","max-snippet":"max-snippet:-1","max-image-preview":"max-image-preview:large","max-video-preview":"max-video-preview:-1"},"og_locale":"pt_PT","og_type":"article","og_title":"Bernardo Silva e Maguire envolvem-se num confronto no d\u00e9rbi de Manchester - Portal Tela Portugal","og_description":"Aos 20 minutos, em Old Trafford, Bernardo Silva empurrou Harry Maguire durante uma disputa pela bola junto \u00e0 linha de fundo. Maguire protegia a bola para sair pela linha de fundo e ganhar o pontap\u00e9 de baliza, reagindo \u00e0 a\u00e7\u00e3o de Bernardo Silva. Os dois jogadores acalmaram-se rapidamente e o lance n\u00e3o escalou. O \u00e1rbitro n\u00e3o sancionou nenhum dos envolvidos. O incidente aconteceu durante o d\u00e9rbi entre Manchester United e Manchester City.","og_url":"https:\/\/portaltela.pt\/noticias\/2026\/01\/17\/bernardo-silva-e-maguire-envolvem-se-num-confronto-no-derbi-de-manchester\/","og_site_name":"Portal Tela Portugal","article_published_time":"2026-01-17T13:40:00+00:00","author":"Telinha","twitter_card":"summary_large_image","twitter_misc":{"Escrito por":"Telinha"},"schema":{"@context":"https:\/\/schema.org","@graph":[{"@type":"Article","@id":"https:\/\/portaltela.pt\/noticias\/2026\/01\/17\/bernardo-silva-e-maguire-envolvem-se-num-confronto-no-derbi-de-manchester\/#article","isPartOf":{"@id":"https:\/\/portaltela.pt\/noticias\/2026\/01\/17\/bernardo-silva-e-maguire-envolvem-se-num-confronto-no-derbi-de-manchester\/"},"author":{"name":"Telinha","@id":"https:\/\/portaltela.pt\/#\/schema\/person\/c4278d4a6028830caff9ee44b42d32ed"},"headline":"Bernardo Silva e Maguire envolvem-se num confronto no d\u00e9rbi de Manchester","datePublished":"2026-01-17T13:40:00+00:00","mainEntityOfPage":{"@id":"https:\/\/portaltela.pt\/noticias\/2026\/01\/17\/bernardo-silva-e-maguire-envolvem-se-num-confronto-no-derbi-de-manchester\/"},"wordCount":100,"image":{"@id":"https:\/\/portaltela.pt\/noticias\/2026\/01\/17\/bernardo-silva-e-maguire-envolvem-se-num-confronto-no-derbi-de-manchester\/#primaryimage"},"thumbnailUrl":"https:\/\/portaltela.pt\/s.01k8rhncp4jt1\/2026\/01\/img_920x518uu2026-01-17-13-32-49-2415322-6.jpg","keywords":["agress\u00e3o","Bernardo Silva","desporto","futebol","Maguire","Manchester United"],"articleSection":["Desporto","Futebol"],"inLanguage":"pt-PT"},{"@type":"WebPage","@id":"https:\/\/portaltela.pt\/noticias\/2026\/01\/17\/bernardo-silva-e-maguire-envolvem-se-num-confronto-no-derbi-de-manchester\/","url":"https:\/\/portaltela.pt\/noticias\/2026\/01\/17\/bernardo-silva-e-maguire-envolvem-se-num-confronto-no-derbi-de-manchester\/","name":"Bernardo Silva e Maguire envolvem-se num confronto no d\u00e9rbi de Manchester - Portal Tela Portugal","isPartOf":{"@id":"https:\/\/portaltela.pt\/#website"},"primaryImageOfPage":{"@id":"https:\/\/portaltela.pt\/noticias\/2026\/01\/17\/bernardo-silva-e-maguire-envolvem-se-num-confronto-no-derbi-de-manchester\/#primaryimage"},"image":{"@id":"https:\/\/portaltela.pt\/noticias\/2026\/01\/17\/bernardo-silva-e-maguire-envolvem-se-num-confronto-no-derbi-de-manchester\/#primaryimage"},"thumbnailUrl":"https:\/\/portaltela.pt\/s.01k8rhncp4jt1\/2026\/01\/img_920x518uu2026-01-17-13-32-49-2415322-6.jpg","datePublished":"2026-01-17T13:40:00+00:00","author":{"@id":"https:\/\/portaltela.pt\/#\/schema\/person\/c4278d4a6028830caff9ee44b42d32ed"},"breadcrumb":{"@id":"https:\/\/portaltela.pt\/noticias\/2026\/01\/17\/bernardo-silva-e-maguire-envolvem-se-num-confronto-no-derbi-de-manchester\/#breadcrumb"},"inLanguage":"pt-PT","potentialAction":[{"@type":"ReadAction","target":["https:\/\/portaltela.pt\/noticias\/2026\/01\/17\/bernardo-silva-e-maguire-envolvem-se-num-confronto-no-derbi-de-manchester\/"]}]},{"@type":"ImageObject","inLanguage":"pt-PT","@id":"https:\/\/portaltela.pt\/noticias\/2026\/01\/17\/bernardo-silva-e-maguire-envolvem-se-num-confronto-no-derbi-de-manchester\/#primaryimage","url":"https:\/\/portaltela.pt\/s.01k8rhncp4jt1\/2026\/01\/img_920x518uu2026-01-17-13-32-49-2415322-6.jpg","contentUrl":"https:\/\/portaltela.pt\/s.01k8rhncp4jt1\/2026\/01\/img_920x518uu2026-01-17-13-32-49-2415322-6.jpg","width":796,"height":448,"caption":"Bernardo Silva e Harry Maguire pegados no Man. United-Man. City"},{"@type":"BreadcrumbList","@id":"https:\/\/portaltela.pt\/noticias\/2026\/01\/17\/bernardo-silva-e-maguire-envolvem-se-num-confronto-no-derbi-de-manchester\/#breadcrumb","itemListElement":[{"@type":"ListItem","position":1,"name":"In\u00edcio","item":"https:\/\/portaltela.pt\/"},{"@type":"ListItem","position":2,"name":"Bernardo Silva e Maguire envolvem-se num confronto no d\u00e9rbi de Manchester"}]},{"@type":"WebSite","@id":"https:\/\/portaltela.pt\/#website","url":"https:\/\/portaltela.pt\/","name":"Portal Tela Portugal","description":"","potentialAction":[{"@type":"SearchAction","target":{"@type":"EntryPoint","urlTemplate":"https:\/\/portaltela.pt\/?s={search_term_string}"},"query-input":{"@type":"PropertyValueSpecification","valueRequired":true,"valueName":"search_term_string"}}],"inLanguage":"pt-PT"},{"@type":"Person","@id":"https:\/\/portaltela.pt\/#\/schema\/person\/c4278d4a6028830caff9ee44b42d32ed","name":"Telinha","image":{"@type":"ImageObject","inLanguage":"pt-PT","@id":"https:\/\/portaltela.pt\/s.01k8rhncp4jt1\/2025\/11\/talking-bot-125x125.png","url":"https:\/\/portaltela.pt\/s.01k8rhncp4jt1\/2025\/11\/talking-bot-125x125.png","contentUrl":"https:\/\/portaltela.pt\/s.01k8rhncp4jt1\/2025\/11\/talking-bot-125x125.png","caption":"Telinha"},"sameAs":["https:\/\/portaltela.pt\/"],"url":"https:\/\/portaltela.pt\/por\/367410592786\/"}]}},"_links":{"self":[{"href":"https:\/\/portaltela.pt\/api\/wp\/v2\/posts\/148817","targetHints":{"allow":["GET"]}}],"collection":[{"href":"https:\/\/portaltela.pt\/api\/wp\/v2\/posts"}],"about":[{"href":"https:\/\/portaltela.pt\/api\/wp\/v2\/types\/post"}],"author":[{"embeddable":true,"href":"https:\/\/portaltela.pt\/api\/wp\/v2\/users\/2"}],"replies":[{"embeddable":true,"href":"https:\/\/portaltela.pt\/api\/wp\/v2\/comments?post=148817"}],"version-history":[{"count":0,"href":"https:\/\/portaltela.pt\/api\/wp\/v2\/posts\/148817\/revisions"}],"wp:featuredmedia":[{"embeddable":true,"href":"https:\/\/portaltela.pt\/api\/wp\/v2\/media\/148825"}],"wp:attachment":[{"href":"https:\/\/portaltela.pt\/api\/wp\/v2\/media?parent=148817"}],"wp:term":[{"taxonomy":"category","embeddable":true,"href":"https:\/\/portaltela.pt\/api\/wp\/v2\/categories?post=148817"},{"taxonomy":"post_tag","embeddable":true,"href":"https:\/\/portaltela.pt\/api\/wp\/v2\/tags?post=148817"}],"curies":[{"name":"wp","href":"https:\/\/api.w.org\/{rel}","templated":true}]}}