{"id":148806,"date":"2026-01-17T17:19:00","date_gmt":"2026-01-17T20:19:00","guid":{"rendered":"https:\/\/portaltela.pt\/noticias\/2026\/01\/17\/joao-ferreira-pretende-voltar-ao-dakar-para-vencer-em-2027\/"},"modified":"2026-01-17T17:19:00","modified_gmt":"2026-01-17T20:19:00","slug":"joao-ferreira-pretende-voltar-ao-dakar-para-vencer-em-2027","status":"publish","type":"post","link":"https:\/\/portaltela.pt\/desporto\/2026\/01\/17\/joao-ferreira-pretende-voltar-ao-dakar-para-vencer-em-2027\/","title":{"rendered":"Jo\u00e3o Ferreira pretende voltar ao Dakar para vencer em 2027"},"content":{"rendered":"<p>O piloto Jo\u00e3o Ferreira (Toyota Hilux) terminou a 48.\u00aa edi\u00e7\u00e3o do Dakar na 18.\u00aa posi\u00e7\u00e3o entre os autom\u00f3veis, e tra\u00e7ou um caminho de regresso em 2027 com o objetivo de vencer. A prova terminou na \u00faltima etapa, com Ferreira a concluir na s\u00e9tima posi\u00e7\u00e3o, a 53 segundos do vencedor.<\/p>\n<p>Natural de Leiria, o luso fechou o Dakar 2026 com uma subida na classifica\u00e7\u00e3o geral. Em declara\u00e7\u00f5es ap\u00f3s a etapa, o piloto afirmou que o objetivo para 2027 \u00e9 vencer, mantendo os mesmos objetivos deste ano e a ambi\u00e7\u00e3o de chegar ao p\u00f3dio.<\/p>\n<p>O vencedor da prova foi Nasser Al-Attiyah, no Dacia Sandero, pela sexta vez. O qatari destacou que ainda pretende bater o recorde de oito triunfos de St\u00e9phane Peterhansel. Al-Attiyah celebrou a vit\u00f3ria e fixou o foco no pr\u00f3ximo desafio.<\/p>\n<h3>Resultados principais<\/h3>\n<p>Maria Lu\u00eds Gameiro, em Mini, venceu a Ta\u00e7a das Senhoras, acompanhada por Rosa Romero, destacando a parceria que resultou na conquista. A dupla destacou a resili\u00eancia e a for\u00e7a das mulheres na prova.<\/p>\n<h3>Motas em foco<\/h3>\n<p>Na categoria de motas, Luciano Benavides (KTM) venceu por apenas dois segundos sobre Ricky Brabec (Honda), ap\u00f3s disputa intensa nos \u00faltimos quil\u00f3metros. Brabec perdeu-se em pista e acabou por ceder a lideran\u00e7a na \u00faltima curva.<\/p>\n<p>Benavides estreou-se no p\u00f3dio ao completar a prova com a vit\u00f3ria mais pr\u00f3xima da hist\u00f3ria da competi\u00e7\u00e3o, superando o irm\u00e3o Kevin, que venceu em 2023 por 43 segundos. O piloto argentino descreveu o triunfo como um sonho concretizado.<\/p>\n<p>O portugu\u00eas Martim Ventura (Honda) foi nono na geral e terceiro na Rally 2, terminando em 11.\u00ba lugar na classifica\u00e7\u00e3o geral. O piloto reconheceu ter enfrentado um problema mec\u00e2nico que atrasou a progress\u00e3o, mas mostrou satisfa\u00e7\u00e3o com o saldo do rali.<\/p>\n<h3>Perspectivas para 2027<\/h3>\n<p>O Dakar 2027 est\u00e1 agendado para a Ar\u00e1bia Saudita. Jo\u00e3o Ferreira afirmou que voltar\u00e1 \u00e0 prova com o objetivo de vencer, mantendo a estrat\u00e9gia e o foco tra\u00e7ados ao longo desta edi\u00e7\u00e3o. A participa\u00e7\u00e3o de outros pilotos continua a manter a competi\u00e7\u00e3o intensa.<\/p>\n","protected":false},"excerpt":{"rendered":"<ul>\n<li>O piloto Jo\u00e3o Ferreira, da Toyota Hilux, terminou a edi\u00e7\u00e3o de 2026 do Dakar em 18.\u00ba lugar na classifica\u00e7\u00e3o geral, e na \u00faltima etapa ficou em s\u00e9timo, a 53 segundos do vencedor Mathias Ekstr\u00f6m.<\/li>\n<li>O qatari Nasser Al-Attiyah ganhou pela sexta vez e mostrou cansa\u00e7o de bater o recorde de oito triunfos de St\u00e9phane Peterhansel, que agora persiste em ser o objetivo.<\/li>\n<li>Maria Lu\u00eds Gameiro venceu a Ta\u00e7a das Senhoras, juntando-se a Rosa Romero numa dupla que celebrou a prova e a conquista.<\/li>\n<li>Nas motas, Luciano Benavides (KTM) venceu por apenas dois segundos sobre Ricky Brabec (Honda), ap\u00f3s Brabec se ter perdido nos \u00faltimos quil\u00f3metros.<\/li>\n<li>A edi\u00e7\u00e3o de 2027 do Dakar fica marcada pela prova a realizar-se na Ar\u00e1bia Saudita.<\/li>\n<\/ul>\n","protected":false},"author":2,"featured_media":148810,"comment_status":"closed","ping_status":"closed","sticky":false,"template":"","format":"standard","meta":{"footnotes":""},"categories":[21],"tags":[1016,152,2467,1385,1014,3144],"class_list":["post-148806","post","type-post","status-publish","format-standard","has-post-thumbnail","hentry","category-desporto","tag-arabia-saudita","tag-desporto","tag-desportos-motorizados","tag-leiria","tag-portugal","tag-rally-2"],"yoast_head":"<!-- This site is optimized with the Yoast SEO plugin v27.2 - https:\/\/yoast.com\/product\/yoast-seo-wordpress\/ -->\n<title>Jo\u00e3o Ferreira pretende voltar ao Dakar para vencer em 2027 - Portal Tela Portugal<\/title>\n<meta name=\"robots\" content=\"index, follow, max-snippet:-1, max-image-preview:large, max-video-preview:-1\" \/>\n<meta property=\"og:locale\" content=\"pt_PT\" \/>\n<meta property=\"og:type\" content=\"article\" \/>\n<meta property=\"og:title\" content=\"Jo\u00e3o Ferreira pretende voltar ao Dakar para vencer em 2027 - Portal Tela Portugal\" \/>\n<meta property=\"og:description\" content=\"O piloto Jo\u00e3o Ferreira, da Toyota Hilux, terminou a edi\u00e7\u00e3o de 2026 do Dakar em 18.\u00ba lugar na classifica\u00e7\u00e3o geral, e na \u00faltima etapa ficou em s\u00e9timo, a 53 segundos do vencedor Mathias Ekstr\u00f6m. O qatari Nasser Al-Attiyah ganhou pela sexta vez e mostrou cansa\u00e7o de bater o recorde de oito triunfos de St\u00e9phane Peterhansel, que agora persiste em ser o objetivo. Maria Lu\u00eds Gameiro venceu a Ta\u00e7a das Senhoras, juntando-se a Rosa Romero numa dupla que celebrou a prova e a conquista. Nas motas, Luciano Benavides (KTM) venceu por apenas dois segundos sobre Ricky Brabec (Honda), ap\u00f3s Brabec se ter perdido nos \u00faltimos quil\u00f3metros. A edi\u00e7\u00e3o de 2027 do Dakar fica marcada pela prova a realizar-se na Ar\u00e1bia Saudita.\" \/>\n<meta property=\"og:url\" content=\"https:\/\/portaltela.pt\/noticias\/2026\/01\/17\/joao-ferreira-pretende-voltar-ao-dakar-para-vencer-em-2027\/\" \/>\n<meta property=\"og:site_name\" content=\"Portal Tela Portugal\" \/>\n<meta property=\"article:published_time\" content=\"2026-01-17T20:19:00+00:00\" \/>\n<meta name=\"author\" content=\"Telinha\" \/>\n<meta name=\"twitter:card\" content=\"summary_large_image\" \/>\n<meta name=\"twitter:label1\" content=\"Escrito por\" \/>\n\t<meta name=\"twitter:data1\" content=\"Telinha\" \/>\n\t<meta name=\"twitter:label2\" content=\"Tempo estimado de leitura\" \/>\n\t<meta name=\"twitter:data2\" content=\"2 minutos\" \/>\n<script type=\"application\/ld+json\" class=\"yoast-schema-graph\">{\"@context\":\"https:\/\/schema.org\",\"@graph\":[{\"@type\":\"Article\",\"@id\":\"https:\/\/portaltela.pt\/noticias\/2026\/01\/17\/joao-ferreira-pretende-voltar-ao-dakar-para-vencer-em-2027\/#article\",\"isPartOf\":{\"@id\":\"https:\/\/portaltela.pt\/noticias\/2026\/01\/17\/joao-ferreira-pretende-voltar-ao-dakar-para-vencer-em-2027\/\"},\"author\":{\"name\":\"Telinha\",\"@id\":\"https:\/\/portaltela.pt\/#\/schema\/person\/c4278d4a6028830caff9ee44b42d32ed\"},\"headline\":\"Jo\u00e3o Ferreira pretende voltar ao Dakar para vencer em 2027\",\"datePublished\":\"2026-01-17T20:19:00+00:00\",\"mainEntityOfPage\":{\"@id\":\"https:\/\/portaltela.pt\/noticias\/2026\/01\/17\/joao-ferreira-pretende-voltar-ao-dakar-para-vencer-em-2027\/\"},\"wordCount\":365,\"image\":{\"@id\":\"https:\/\/portaltela.pt\/noticias\/2026\/01\/17\/joao-ferreira-pretende-voltar-ao-dakar-para-vencer-em-2027\/#primaryimage\"},\"thumbnailUrl\":\"https:\/\/portaltela.pt\/s.01k8rhncp4jt1\/2026\/01\/img_920x518uu2026-01-17-20-19-08-2415414.jpg\",\"keywords\":[\"Ar\u00e1bia Saudita\",\"desporto\",\"Desportos Motorizados\",\"Leiria\",\"Portugal\",\"Rally 2\"],\"articleSection\":[\"Desporto\"],\"inLanguage\":\"pt-PT\"},{\"@type\":\"WebPage\",\"@id\":\"https:\/\/portaltela.pt\/noticias\/2026\/01\/17\/joao-ferreira-pretende-voltar-ao-dakar-para-vencer-em-2027\/\",\"url\":\"https:\/\/portaltela.pt\/noticias\/2026\/01\/17\/joao-ferreira-pretende-voltar-ao-dakar-para-vencer-em-2027\/\",\"name\":\"Jo\u00e3o Ferreira pretende voltar ao Dakar para vencer em 2027 - Portal Tela Portugal\",\"isPartOf\":{\"@id\":\"https:\/\/portaltela.pt\/#website\"},\"primaryImageOfPage\":{\"@id\":\"https:\/\/portaltela.pt\/noticias\/2026\/01\/17\/joao-ferreira-pretende-voltar-ao-dakar-para-vencer-em-2027\/#primaryimage\"},\"image\":{\"@id\":\"https:\/\/portaltela.pt\/noticias\/2026\/01\/17\/joao-ferreira-pretende-voltar-ao-dakar-para-vencer-em-2027\/#primaryimage\"},\"thumbnailUrl\":\"https:\/\/portaltela.pt\/s.01k8rhncp4jt1\/2026\/01\/img_920x518uu2026-01-17-20-19-08-2415414.jpg\",\"datePublished\":\"2026-01-17T20:19:00+00:00\",\"author\":{\"@id\":\"https:\/\/portaltela.pt\/#\/schema\/person\/c4278d4a6028830caff9ee44b42d32ed\"},\"breadcrumb\":{\"@id\":\"https:\/\/portaltela.pt\/noticias\/2026\/01\/17\/joao-ferreira-pretende-voltar-ao-dakar-para-vencer-em-2027\/#breadcrumb\"},\"inLanguage\":\"pt-PT\",\"potentialAction\":[{\"@type\":\"ReadAction\",\"target\":[\"https:\/\/portaltela.pt\/noticias\/2026\/01\/17\/joao-ferreira-pretende-voltar-ao-dakar-para-vencer-em-2027\/\"]}]},{\"@type\":\"ImageObject\",\"inLanguage\":\"pt-PT\",\"@id\":\"https:\/\/portaltela.pt\/noticias\/2026\/01\/17\/joao-ferreira-pretende-voltar-ao-dakar-para-vencer-em-2027\/#primaryimage\",\"url\":\"https:\/\/portaltela.pt\/s.01k8rhncp4jt1\/2026\/01\/img_920x518uu2026-01-17-20-19-08-2415414.jpg\",\"contentUrl\":\"https:\/\/portaltela.pt\/s.01k8rhncp4jt1\/2026\/01\/img_920x518uu2026-01-17-20-19-08-2415414.jpg\",\"width\":796,\"height\":448,\"caption\":\"Jo\u00e3o Ferreira celebra a participa\u00e7\u00e3o no Dakar com a equipa\"},{\"@type\":\"BreadcrumbList\",\"@id\":\"https:\/\/portaltela.pt\/noticias\/2026\/01\/17\/joao-ferreira-pretende-voltar-ao-dakar-para-vencer-em-2027\/#breadcrumb\",\"itemListElement\":[{\"@type\":\"ListItem\",\"position\":1,\"name\":\"In\u00edcio\",\"item\":\"https:\/\/portaltela.pt\/\"},{\"@type\":\"ListItem\",\"position\":2,\"name\":\"Jo\u00e3o Ferreira pretende voltar ao Dakar para vencer em 2027\"}]},{\"@type\":\"WebSite\",\"@id\":\"https:\/\/portaltela.pt\/#website\",\"url\":\"https:\/\/portaltela.pt\/\",\"name\":\"Portal Tela Portugal\",\"description\":\"\",\"potentialAction\":[{\"@type\":\"SearchAction\",\"target\":{\"@type\":\"EntryPoint\",\"urlTemplate\":\"https:\/\/portaltela.pt\/?s={search_term_string}\"},\"query-input\":{\"@type\":\"PropertyValueSpecification\",\"valueRequired\":true,\"valueName\":\"search_term_string\"}}],\"inLanguage\":\"pt-PT\"},{\"@type\":\"Person\",\"@id\":\"https:\/\/portaltela.pt\/#\/schema\/person\/c4278d4a6028830caff9ee44b42d32ed\",\"name\":\"Telinha\",\"image\":{\"@type\":\"ImageObject\",\"inLanguage\":\"pt-PT\",\"@id\":\"https:\/\/portaltela.pt\/s.01k8rhncp4jt1\/2025\/11\/talking-bot-125x125.png\",\"url\":\"https:\/\/portaltela.pt\/s.01k8rhncp4jt1\/2025\/11\/talking-bot-125x125.png\",\"contentUrl\":\"https:\/\/portaltela.pt\/s.01k8rhncp4jt1\/2025\/11\/talking-bot-125x125.png\",\"caption\":\"Telinha\"},\"sameAs\":[\"https:\/\/portaltela.pt\/\"],\"url\":\"https:\/\/portaltela.pt\/por\/367410592786\/\"}]}<\/script>\n<!-- \/ Yoast SEO plugin. -->","yoast_head_json":{"title":"Jo\u00e3o Ferreira pretende voltar ao Dakar para vencer em 2027 - Portal Tela Portugal","robots":{"index":"index","follow":"follow","max-snippet":"max-snippet:-1","max-image-preview":"max-image-preview:large","max-video-preview":"max-video-preview:-1"},"og_locale":"pt_PT","og_type":"article","og_title":"Jo\u00e3o Ferreira pretende voltar ao Dakar para vencer em 2027 - Portal Tela Portugal","og_description":"O piloto Jo\u00e3o Ferreira, da Toyota Hilux, terminou a edi\u00e7\u00e3o de 2026 do Dakar em 18.\u00ba lugar na classifica\u00e7\u00e3o geral, e na \u00faltima etapa ficou em s\u00e9timo, a 53 segundos do vencedor Mathias Ekstr\u00f6m. O qatari Nasser Al-Attiyah ganhou pela sexta vez e mostrou cansa\u00e7o de bater o recorde de oito triunfos de St\u00e9phane Peterhansel, que agora persiste em ser o objetivo. Maria Lu\u00eds Gameiro venceu a Ta\u00e7a das Senhoras, juntando-se a Rosa Romero numa dupla que celebrou a prova e a conquista. Nas motas, Luciano Benavides (KTM) venceu por apenas dois segundos sobre Ricky Brabec (Honda), ap\u00f3s Brabec se ter perdido nos \u00faltimos quil\u00f3metros. A edi\u00e7\u00e3o de 2027 do Dakar fica marcada pela prova a realizar-se na Ar\u00e1bia Saudita.","og_url":"https:\/\/portaltela.pt\/noticias\/2026\/01\/17\/joao-ferreira-pretende-voltar-ao-dakar-para-vencer-em-2027\/","og_site_name":"Portal Tela Portugal","article_published_time":"2026-01-17T20:19:00+00:00","author":"Telinha","twitter_card":"summary_large_image","twitter_misc":{"Escrito por":"Telinha","Tempo estimado de leitura":"2 minutos"},"schema":{"@context":"https:\/\/schema.org","@graph":[{"@type":"Article","@id":"https:\/\/portaltela.pt\/noticias\/2026\/01\/17\/joao-ferreira-pretende-voltar-ao-dakar-para-vencer-em-2027\/#article","isPartOf":{"@id":"https:\/\/portaltela.pt\/noticias\/2026\/01\/17\/joao-ferreira-pretende-voltar-ao-dakar-para-vencer-em-2027\/"},"author":{"name":"Telinha","@id":"https:\/\/portaltela.pt\/#\/schema\/person\/c4278d4a6028830caff9ee44b42d32ed"},"headline":"Jo\u00e3o Ferreira pretende voltar ao Dakar para vencer em 2027","datePublished":"2026-01-17T20:19:00+00:00","mainEntityOfPage":{"@id":"https:\/\/portaltela.pt\/noticias\/2026\/01\/17\/joao-ferreira-pretende-voltar-ao-dakar-para-vencer-em-2027\/"},"wordCount":365,"image":{"@id":"https:\/\/portaltela.pt\/noticias\/2026\/01\/17\/joao-ferreira-pretende-voltar-ao-dakar-para-vencer-em-2027\/#primaryimage"},"thumbnailUrl":"https:\/\/portaltela.pt\/s.01k8rhncp4jt1\/2026\/01\/img_920x518uu2026-01-17-20-19-08-2415414.jpg","keywords":["Ar\u00e1bia Saudita","desporto","Desportos Motorizados","Leiria","Portugal","Rally 2"],"articleSection":["Desporto"],"inLanguage":"pt-PT"},{"@type":"WebPage","@id":"https:\/\/portaltela.pt\/noticias\/2026\/01\/17\/joao-ferreira-pretende-voltar-ao-dakar-para-vencer-em-2027\/","url":"https:\/\/portaltela.pt\/noticias\/2026\/01\/17\/joao-ferreira-pretende-voltar-ao-dakar-para-vencer-em-2027\/","name":"Jo\u00e3o Ferreira pretende voltar ao Dakar para vencer em 2027 - Portal Tela Portugal","isPartOf":{"@id":"https:\/\/portaltela.pt\/#website"},"primaryImageOfPage":{"@id":"https:\/\/portaltela.pt\/noticias\/2026\/01\/17\/joao-ferreira-pretende-voltar-ao-dakar-para-vencer-em-2027\/#primaryimage"},"image":{"@id":"https:\/\/portaltela.pt\/noticias\/2026\/01\/17\/joao-ferreira-pretende-voltar-ao-dakar-para-vencer-em-2027\/#primaryimage"},"thumbnailUrl":"https:\/\/portaltela.pt\/s.01k8rhncp4jt1\/2026\/01\/img_920x518uu2026-01-17-20-19-08-2415414.jpg","datePublished":"2026-01-17T20:19:00+00:00","author":{"@id":"https:\/\/portaltela.pt\/#\/schema\/person\/c4278d4a6028830caff9ee44b42d32ed"},"breadcrumb":{"@id":"https:\/\/portaltela.pt\/noticias\/2026\/01\/17\/joao-ferreira-pretende-voltar-ao-dakar-para-vencer-em-2027\/#breadcrumb"},"inLanguage":"pt-PT","potentialAction":[{"@type":"ReadAction","target":["https:\/\/portaltela.pt\/noticias\/2026\/01\/17\/joao-ferreira-pretende-voltar-ao-dakar-para-vencer-em-2027\/"]}]},{"@type":"ImageObject","inLanguage":"pt-PT","@id":"https:\/\/portaltela.pt\/noticias\/2026\/01\/17\/joao-ferreira-pretende-voltar-ao-dakar-para-vencer-em-2027\/#primaryimage","url":"https:\/\/portaltela.pt\/s.01k8rhncp4jt1\/2026\/01\/img_920x518uu2026-01-17-20-19-08-2415414.jpg","contentUrl":"https:\/\/portaltela.pt\/s.01k8rhncp4jt1\/2026\/01\/img_920x518uu2026-01-17-20-19-08-2415414.jpg","width":796,"height":448,"caption":"Jo\u00e3o Ferreira celebra a participa\u00e7\u00e3o no Dakar com a equipa"},{"@type":"BreadcrumbList","@id":"https:\/\/portaltela.pt\/noticias\/2026\/01\/17\/joao-ferreira-pretende-voltar-ao-dakar-para-vencer-em-2027\/#breadcrumb","itemListElement":[{"@type":"ListItem","position":1,"name":"In\u00edcio","item":"https:\/\/portaltela.pt\/"},{"@type":"ListItem","position":2,"name":"Jo\u00e3o Ferreira pretende voltar ao Dakar para vencer em 2027"}]},{"@type":"WebSite","@id":"https:\/\/portaltela.pt\/#website","url":"https:\/\/portaltela.pt\/","name":"Portal Tela Portugal","description":"","potentialAction":[{"@type":"SearchAction","target":{"@type":"EntryPoint","urlTemplate":"https:\/\/portaltela.pt\/?s={search_term_string}"},"query-input":{"@type":"PropertyValueSpecification","valueRequired":true,"valueName":"search_term_string"}}],"inLanguage":"pt-PT"},{"@type":"Person","@id":"https:\/\/portaltela.pt\/#\/schema\/person\/c4278d4a6028830caff9ee44b42d32ed","name":"Telinha","image":{"@type":"ImageObject","inLanguage":"pt-PT","@id":"https:\/\/portaltela.pt\/s.01k8rhncp4jt1\/2025\/11\/talking-bot-125x125.png","url":"https:\/\/portaltela.pt\/s.01k8rhncp4jt1\/2025\/11\/talking-bot-125x125.png","contentUrl":"https:\/\/portaltela.pt\/s.01k8rhncp4jt1\/2025\/11\/talking-bot-125x125.png","caption":"Telinha"},"sameAs":["https:\/\/portaltela.pt\/"],"url":"https:\/\/portaltela.pt\/por\/367410592786\/"}]}},"_links":{"self":[{"href":"https:\/\/portaltela.pt\/api\/wp\/v2\/posts\/148806","targetHints":{"allow":["GET"]}}],"collection":[{"href":"https:\/\/portaltela.pt\/api\/wp\/v2\/posts"}],"about":[{"href":"https:\/\/portaltela.pt\/api\/wp\/v2\/types\/post"}],"author":[{"embeddable":true,"href":"https:\/\/portaltela.pt\/api\/wp\/v2\/users\/2"}],"replies":[{"embeddable":true,"href":"https:\/\/portaltela.pt\/api\/wp\/v2\/comments?post=148806"}],"version-history":[{"count":0,"href":"https:\/\/portaltela.pt\/api\/wp\/v2\/posts\/148806\/revisions"}],"wp:featuredmedia":[{"embeddable":true,"href":"https:\/\/portaltela.pt\/api\/wp\/v2\/media\/148810"}],"wp:attachment":[{"href":"https:\/\/portaltela.pt\/api\/wp\/v2\/media?parent=148806"}],"wp:term":[{"taxonomy":"category","embeddable":true,"href":"https:\/\/portaltela.pt\/api\/wp\/v2\/categories?post=148806"},{"taxonomy":"post_tag","embeddable":true,"href":"https:\/\/portaltela.pt\/api\/wp\/v2\/tags?post=148806"}],"curies":[{"name":"wp","href":"https:\/\/api.w.org\/{rel}","templated":true}]}}