{"id":148752,"date":"2026-01-17T16:26:12","date_gmt":"2026-01-17T19:26:12","guid":{"rendered":"https:\/\/portaltela.pt\/noticias\/2026\/01\/17\/jj-tem-motivos-para-preocupacao-mas-pode-dormir-mais-tranquilo\/"},"modified":"2026-01-17T16:26:12","modified_gmt":"2026-01-17T19:26:12","slug":"jj-tem-motivos-para-preocupacao-mas-pode-dormir-mais-tranquilo","status":"publish","type":"post","link":"https:\/\/portaltela.pt\/desporto\/futebol\/2026\/01\/17\/jj-tem-motivos-para-preocupacao-mas-pode-dormir-mais-tranquilo\/","title":{"rendered":"JJ tem motivos para preocupa\u00e7\u00e3o, mas pode dormir mais tranquilo"},"content":{"rendered":"<p>O Al Nassr venceu o Al Shabab por 3-2, em Riade, ap\u00f3s quatro jogos sem vencer. Jorge Jesus reconheceu estar preocupado com o \u201cestado mental\u201d da equipa, apesar da recupera\u00e7\u00e3o recente no campeonato saudita.<\/p>\n<p>A vit\u00f3ria devolve ao Al Nassr uma dist\u00e2ncia de quatro pontos da lideran\u00e7a do Al Hilal, que segue na frente da Liga. O resultado ocorreu com golos de Balobaid (autogolo, 2\u2032), Coman (8\u2032), e Ghareeb (76\u2032). Do lado do Al Shabab, Carlos J\u00fanior (53\u2032) marcou e manteve a luta pela ponta.<\/p>\n<p>Jesus manteve a equipa com pouca rota\u00e7\u00e3o, recorreu ao brasileiro Bento na baliza devido ao castigo de Nawaf Alaqidi e privilegiou Wesley e Kingsley Coman no apoio a F\u00e9lix e Ronaldo. O Al Shabab respondeu com press\u00e3o e igualdade ampliada por Carrasco, no regresso de Al Shabab ao jogo.<\/p>\n<p>No segundo tempo, Sierro viu o segundo cart\u00e3o amarelo e foi expulso aos 70\u2032, deixando o Al Shabab com menos jogadores. A partir da\u00ed, o Al Nassr conseguiu manter o dom\u00ednio e confirmou a vit\u00f3ria, reduzindo para quatro pontos a dist\u00e2ncia para o l\u00edder, ainda com jogos por realizar.<\/p>\n","protected":false},"excerpt":{"rendered":"<ul>\n<li>O Al Nassr venceu o Al Shabab, em Riade, por 3-2, voltando \u00e0s vit\u00f3rias depois de quatro jogos sem ganhar.<\/li>\n<li>Jorge Jesus afirmou estar preocupado com o estado mental da equipa e assumiu responsabilidade pelos resultados, destacando problemas psicol\u00f3gicos como parte da crise.<\/li>\n<li>Na derrota anterior, o d\u00e9rbi contra o Al Hilal deixou o clube a sete pontos da lideran\u00e7a, com tr\u00eas derrotas seguidas.<\/li>\n<li>No confronto com o Al Shabab, o Al Nassr chegou a primeira vantagem com autogolo do advers\u00e1rio, seguido de golo de Coman; o Shabab empatou com Carlos J\u00fanior e houve expuls\u00f5es, incluindo Sierro aos 76 minutos.<\/li>\n<li>O Al Nassr acabou por vencer, encurtando a dist\u00e2ncia para a lideran\u00e7a para quatro pontos, ainda que com o Al Hilal na frente.<\/li>\n<\/ul>\n","protected":false},"author":2,"featured_media":148765,"comment_status":"closed","ping_status":"closed","sticky":false,"template":"","format":"standard","meta":{"footnotes":""},"categories":[21,24],"tags":[1947,152,32,2448,3345,1786],"class_list":["post-148752","post","type-post","status-publish","format-standard","has-post-thumbnail","hentry","category-desporto","category-futebol","tag-cristiano-ronaldo","tag-desporto","tag-futebol","tag-jorge-jesus","tag-kingsley-coman","tag-liga"],"yoast_head":"<!-- This site is optimized with the Yoast SEO plugin v27.2 - https:\/\/yoast.com\/product\/yoast-seo-wordpress\/ -->\n<title>JJ tem motivos para preocupa\u00e7\u00e3o, mas pode dormir mais tranquilo - Portal Tela Portugal<\/title>\n<meta name=\"robots\" content=\"index, follow, max-snippet:-1, max-image-preview:large, max-video-preview:-1\" \/>\n<meta property=\"og:locale\" content=\"pt_PT\" \/>\n<meta property=\"og:type\" content=\"article\" \/>\n<meta property=\"og:title\" content=\"JJ tem motivos para preocupa\u00e7\u00e3o, mas pode dormir mais tranquilo - Portal Tela Portugal\" \/>\n<meta property=\"og:description\" content=\"O Al Nassr venceu o Al Shabab, em Riade, por 3-2, voltando \u00e0s vit\u00f3rias depois de quatro jogos sem ganhar. Jorge Jesus afirmou estar preocupado com o estado mental da equipa e assumiu responsabilidade pelos resultados, destacando problemas psicol\u00f3gicos como parte da crise. Na derrota anterior, o d\u00e9rbi contra o Al Hilal deixou o clube a sete pontos da lideran\u00e7a, com tr\u00eas derrotas seguidas. No confronto com o Al Shabab, o Al Nassr chegou a primeira vantagem com autogolo do advers\u00e1rio, seguido de golo de Coman; o Shabab empatou com Carlos J\u00fanior e houve expuls\u00f5es, incluindo Sierro aos 76 minutos. O Al Nassr acabou por vencer, encurtando a dist\u00e2ncia para a lideran\u00e7a para quatro pontos, ainda que com o Al Hilal na frente.\" \/>\n<meta property=\"og:url\" content=\"https:\/\/portaltela.pt\/noticias\/2026\/01\/17\/jj-tem-motivos-para-preocupacao-mas-pode-dormir-mais-tranquilo\/\" \/>\n<meta property=\"og:site_name\" content=\"Portal Tela Portugal\" \/>\n<meta property=\"article:published_time\" content=\"2026-01-17T19:26:12+00:00\" \/>\n<meta name=\"author\" content=\"Telinha\" \/>\n<meta name=\"twitter:card\" content=\"summary_large_image\" \/>\n<meta name=\"twitter:label1\" content=\"Escrito por\" \/>\n\t<meta name=\"twitter:data1\" content=\"Telinha\" \/>\n\t<meta name=\"twitter:label2\" content=\"Tempo estimado de leitura\" \/>\n\t<meta name=\"twitter:data2\" content=\"1 minuto\" \/>\n<script type=\"application\/ld+json\" class=\"yoast-schema-graph\">{\"@context\":\"https:\/\/schema.org\",\"@graph\":[{\"@type\":\"Article\",\"@id\":\"https:\/\/portaltela.pt\/noticias\/2026\/01\/17\/jj-tem-motivos-para-preocupacao-mas-pode-dormir-mais-tranquilo\/#article\",\"isPartOf\":{\"@id\":\"https:\/\/portaltela.pt\/noticias\/2026\/01\/17\/jj-tem-motivos-para-preocupacao-mas-pode-dormir-mais-tranquilo\/\"},\"author\":{\"name\":\"Telinha\",\"@id\":\"https:\/\/portaltela.pt\/#\/schema\/person\/c4278d4a6028830caff9ee44b42d32ed\"},\"headline\":\"JJ tem motivos para preocupa\u00e7\u00e3o, mas pode dormir mais tranquilo\",\"datePublished\":\"2026-01-17T19:26:12+00:00\",\"mainEntityOfPage\":{\"@id\":\"https:\/\/portaltela.pt\/noticias\/2026\/01\/17\/jj-tem-motivos-para-preocupacao-mas-pode-dormir-mais-tranquilo\/\"},\"wordCount\":203,\"image\":{\"@id\":\"https:\/\/portaltela.pt\/noticias\/2026\/01\/17\/jj-tem-motivos-para-preocupacao-mas-pode-dormir-mais-tranquilo\/#primaryimage\"},\"thumbnailUrl\":\"https:\/\/portaltela.pt\/s.01k8rhncp4jt1\/2026\/01\/unnamed-file-3528.jpg\",\"keywords\":[\"Cristiano Ronaldo\",\"desporto\",\"futebol\",\"Jorge Jesus\",\"Kingsley Coman\",\"Liga\"],\"articleSection\":[\"Desporto\",\"Futebol\"],\"inLanguage\":\"pt-PT\"},{\"@type\":\"WebPage\",\"@id\":\"https:\/\/portaltela.pt\/noticias\/2026\/01\/17\/jj-tem-motivos-para-preocupacao-mas-pode-dormir-mais-tranquilo\/\",\"url\":\"https:\/\/portaltela.pt\/noticias\/2026\/01\/17\/jj-tem-motivos-para-preocupacao-mas-pode-dormir-mais-tranquilo\/\",\"name\":\"JJ tem motivos para preocupa\u00e7\u00e3o, mas pode dormir mais tranquilo - Portal Tela Portugal\",\"isPartOf\":{\"@id\":\"https:\/\/portaltela.pt\/#website\"},\"primaryImageOfPage\":{\"@id\":\"https:\/\/portaltela.pt\/noticias\/2026\/01\/17\/jj-tem-motivos-para-preocupacao-mas-pode-dormir-mais-tranquilo\/#primaryimage\"},\"image\":{\"@id\":\"https:\/\/portaltela.pt\/noticias\/2026\/01\/17\/jj-tem-motivos-para-preocupacao-mas-pode-dormir-mais-tranquilo\/#primaryimage\"},\"thumbnailUrl\":\"https:\/\/portaltela.pt\/s.01k8rhncp4jt1\/2026\/01\/unnamed-file-3528.jpg\",\"datePublished\":\"2026-01-17T19:26:12+00:00\",\"author\":{\"@id\":\"https:\/\/portaltela.pt\/#\/schema\/person\/c4278d4a6028830caff9ee44b42d32ed\"},\"breadcrumb\":{\"@id\":\"https:\/\/portaltela.pt\/noticias\/2026\/01\/17\/jj-tem-motivos-para-preocupacao-mas-pode-dormir-mais-tranquilo\/#breadcrumb\"},\"inLanguage\":\"pt-PT\",\"potentialAction\":[{\"@type\":\"ReadAction\",\"target\":[\"https:\/\/portaltela.pt\/noticias\/2026\/01\/17\/jj-tem-motivos-para-preocupacao-mas-pode-dormir-mais-tranquilo\/\"]}]},{\"@type\":\"ImageObject\",\"inLanguage\":\"pt-PT\",\"@id\":\"https:\/\/portaltela.pt\/noticias\/2026\/01\/17\/jj-tem-motivos-para-preocupacao-mas-pode-dormir-mais-tranquilo\/#primaryimage\",\"url\":\"https:\/\/portaltela.pt\/s.01k8rhncp4jt1\/2026\/01\/unnamed-file-3528.jpg\",\"contentUrl\":\"https:\/\/portaltela.pt\/s.01k8rhncp4jt1\/2026\/01\/unnamed-file-3528.jpg\",\"width\":796,\"height\":448,\"caption\":\"Cristiano Ronaldo e Jo\u00e3o F\u00e9lix foram ambos titulares, mas nenhum marcou\"},{\"@type\":\"BreadcrumbList\",\"@id\":\"https:\/\/portaltela.pt\/noticias\/2026\/01\/17\/jj-tem-motivos-para-preocupacao-mas-pode-dormir-mais-tranquilo\/#breadcrumb\",\"itemListElement\":[{\"@type\":\"ListItem\",\"position\":1,\"name\":\"In\u00edcio\",\"item\":\"https:\/\/portaltela.pt\/\"},{\"@type\":\"ListItem\",\"position\":2,\"name\":\"JJ tem motivos para preocupa\u00e7\u00e3o, mas pode dormir mais tranquilo\"}]},{\"@type\":\"WebSite\",\"@id\":\"https:\/\/portaltela.pt\/#website\",\"url\":\"https:\/\/portaltela.pt\/\",\"name\":\"Portal Tela Portugal\",\"description\":\"\",\"potentialAction\":[{\"@type\":\"SearchAction\",\"target\":{\"@type\":\"EntryPoint\",\"urlTemplate\":\"https:\/\/portaltela.pt\/?s={search_term_string}\"},\"query-input\":{\"@type\":\"PropertyValueSpecification\",\"valueRequired\":true,\"valueName\":\"search_term_string\"}}],\"inLanguage\":\"pt-PT\"},{\"@type\":\"Person\",\"@id\":\"https:\/\/portaltela.pt\/#\/schema\/person\/c4278d4a6028830caff9ee44b42d32ed\",\"name\":\"Telinha\",\"image\":{\"@type\":\"ImageObject\",\"inLanguage\":\"pt-PT\",\"@id\":\"https:\/\/portaltela.pt\/s.01k8rhncp4jt1\/2025\/11\/talking-bot-125x125.png\",\"url\":\"https:\/\/portaltela.pt\/s.01k8rhncp4jt1\/2025\/11\/talking-bot-125x125.png\",\"contentUrl\":\"https:\/\/portaltela.pt\/s.01k8rhncp4jt1\/2025\/11\/talking-bot-125x125.png\",\"caption\":\"Telinha\"},\"sameAs\":[\"https:\/\/portaltela.pt\/\"],\"url\":\"https:\/\/portaltela.pt\/por\/367410592786\/\"}]}<\/script>\n<!-- \/ Yoast SEO plugin. -->","yoast_head_json":{"title":"JJ tem motivos para preocupa\u00e7\u00e3o, mas pode dormir mais tranquilo - Portal Tela Portugal","robots":{"index":"index","follow":"follow","max-snippet":"max-snippet:-1","max-image-preview":"max-image-preview:large","max-video-preview":"max-video-preview:-1"},"og_locale":"pt_PT","og_type":"article","og_title":"JJ tem motivos para preocupa\u00e7\u00e3o, mas pode dormir mais tranquilo - Portal Tela Portugal","og_description":"O Al Nassr venceu o Al Shabab, em Riade, por 3-2, voltando \u00e0s vit\u00f3rias depois de quatro jogos sem ganhar. Jorge Jesus afirmou estar preocupado com o estado mental da equipa e assumiu responsabilidade pelos resultados, destacando problemas psicol\u00f3gicos como parte da crise. Na derrota anterior, o d\u00e9rbi contra o Al Hilal deixou o clube a sete pontos da lideran\u00e7a, com tr\u00eas derrotas seguidas. No confronto com o Al Shabab, o Al Nassr chegou a primeira vantagem com autogolo do advers\u00e1rio, seguido de golo de Coman; o Shabab empatou com Carlos J\u00fanior e houve expuls\u00f5es, incluindo Sierro aos 76 minutos. O Al Nassr acabou por vencer, encurtando a dist\u00e2ncia para a lideran\u00e7a para quatro pontos, ainda que com o Al Hilal na frente.","og_url":"https:\/\/portaltela.pt\/noticias\/2026\/01\/17\/jj-tem-motivos-para-preocupacao-mas-pode-dormir-mais-tranquilo\/","og_site_name":"Portal Tela Portugal","article_published_time":"2026-01-17T19:26:12+00:00","author":"Telinha","twitter_card":"summary_large_image","twitter_misc":{"Escrito por":"Telinha","Tempo estimado de leitura":"1 minuto"},"schema":{"@context":"https:\/\/schema.org","@graph":[{"@type":"Article","@id":"https:\/\/portaltela.pt\/noticias\/2026\/01\/17\/jj-tem-motivos-para-preocupacao-mas-pode-dormir-mais-tranquilo\/#article","isPartOf":{"@id":"https:\/\/portaltela.pt\/noticias\/2026\/01\/17\/jj-tem-motivos-para-preocupacao-mas-pode-dormir-mais-tranquilo\/"},"author":{"name":"Telinha","@id":"https:\/\/portaltela.pt\/#\/schema\/person\/c4278d4a6028830caff9ee44b42d32ed"},"headline":"JJ tem motivos para preocupa\u00e7\u00e3o, mas pode dormir mais tranquilo","datePublished":"2026-01-17T19:26:12+00:00","mainEntityOfPage":{"@id":"https:\/\/portaltela.pt\/noticias\/2026\/01\/17\/jj-tem-motivos-para-preocupacao-mas-pode-dormir-mais-tranquilo\/"},"wordCount":203,"image":{"@id":"https:\/\/portaltela.pt\/noticias\/2026\/01\/17\/jj-tem-motivos-para-preocupacao-mas-pode-dormir-mais-tranquilo\/#primaryimage"},"thumbnailUrl":"https:\/\/portaltela.pt\/s.01k8rhncp4jt1\/2026\/01\/unnamed-file-3528.jpg","keywords":["Cristiano Ronaldo","desporto","futebol","Jorge Jesus","Kingsley Coman","Liga"],"articleSection":["Desporto","Futebol"],"inLanguage":"pt-PT"},{"@type":"WebPage","@id":"https:\/\/portaltela.pt\/noticias\/2026\/01\/17\/jj-tem-motivos-para-preocupacao-mas-pode-dormir-mais-tranquilo\/","url":"https:\/\/portaltela.pt\/noticias\/2026\/01\/17\/jj-tem-motivos-para-preocupacao-mas-pode-dormir-mais-tranquilo\/","name":"JJ tem motivos para preocupa\u00e7\u00e3o, mas pode dormir mais tranquilo - Portal Tela Portugal","isPartOf":{"@id":"https:\/\/portaltela.pt\/#website"},"primaryImageOfPage":{"@id":"https:\/\/portaltela.pt\/noticias\/2026\/01\/17\/jj-tem-motivos-para-preocupacao-mas-pode-dormir-mais-tranquilo\/#primaryimage"},"image":{"@id":"https:\/\/portaltela.pt\/noticias\/2026\/01\/17\/jj-tem-motivos-para-preocupacao-mas-pode-dormir-mais-tranquilo\/#primaryimage"},"thumbnailUrl":"https:\/\/portaltela.pt\/s.01k8rhncp4jt1\/2026\/01\/unnamed-file-3528.jpg","datePublished":"2026-01-17T19:26:12+00:00","author":{"@id":"https:\/\/portaltela.pt\/#\/schema\/person\/c4278d4a6028830caff9ee44b42d32ed"},"breadcrumb":{"@id":"https:\/\/portaltela.pt\/noticias\/2026\/01\/17\/jj-tem-motivos-para-preocupacao-mas-pode-dormir-mais-tranquilo\/#breadcrumb"},"inLanguage":"pt-PT","potentialAction":[{"@type":"ReadAction","target":["https:\/\/portaltela.pt\/noticias\/2026\/01\/17\/jj-tem-motivos-para-preocupacao-mas-pode-dormir-mais-tranquilo\/"]}]},{"@type":"ImageObject","inLanguage":"pt-PT","@id":"https:\/\/portaltela.pt\/noticias\/2026\/01\/17\/jj-tem-motivos-para-preocupacao-mas-pode-dormir-mais-tranquilo\/#primaryimage","url":"https:\/\/portaltela.pt\/s.01k8rhncp4jt1\/2026\/01\/unnamed-file-3528.jpg","contentUrl":"https:\/\/portaltela.pt\/s.01k8rhncp4jt1\/2026\/01\/unnamed-file-3528.jpg","width":796,"height":448,"caption":"Cristiano Ronaldo e Jo\u00e3o F\u00e9lix foram ambos titulares, mas nenhum marcou"},{"@type":"BreadcrumbList","@id":"https:\/\/portaltela.pt\/noticias\/2026\/01\/17\/jj-tem-motivos-para-preocupacao-mas-pode-dormir-mais-tranquilo\/#breadcrumb","itemListElement":[{"@type":"ListItem","position":1,"name":"In\u00edcio","item":"https:\/\/portaltela.pt\/"},{"@type":"ListItem","position":2,"name":"JJ tem motivos para preocupa\u00e7\u00e3o, mas pode dormir mais tranquilo"}]},{"@type":"WebSite","@id":"https:\/\/portaltela.pt\/#website","url":"https:\/\/portaltela.pt\/","name":"Portal Tela Portugal","description":"","potentialAction":[{"@type":"SearchAction","target":{"@type":"EntryPoint","urlTemplate":"https:\/\/portaltela.pt\/?s={search_term_string}"},"query-input":{"@type":"PropertyValueSpecification","valueRequired":true,"valueName":"search_term_string"}}],"inLanguage":"pt-PT"},{"@type":"Person","@id":"https:\/\/portaltela.pt\/#\/schema\/person\/c4278d4a6028830caff9ee44b42d32ed","name":"Telinha","image":{"@type":"ImageObject","inLanguage":"pt-PT","@id":"https:\/\/portaltela.pt\/s.01k8rhncp4jt1\/2025\/11\/talking-bot-125x125.png","url":"https:\/\/portaltela.pt\/s.01k8rhncp4jt1\/2025\/11\/talking-bot-125x125.png","contentUrl":"https:\/\/portaltela.pt\/s.01k8rhncp4jt1\/2025\/11\/talking-bot-125x125.png","caption":"Telinha"},"sameAs":["https:\/\/portaltela.pt\/"],"url":"https:\/\/portaltela.pt\/por\/367410592786\/"}]}},"_links":{"self":[{"href":"https:\/\/portaltela.pt\/api\/wp\/v2\/posts\/148752","targetHints":{"allow":["GET"]}}],"collection":[{"href":"https:\/\/portaltela.pt\/api\/wp\/v2\/posts"}],"about":[{"href":"https:\/\/portaltela.pt\/api\/wp\/v2\/types\/post"}],"author":[{"embeddable":true,"href":"https:\/\/portaltela.pt\/api\/wp\/v2\/users\/2"}],"replies":[{"embeddable":true,"href":"https:\/\/portaltela.pt\/api\/wp\/v2\/comments?post=148752"}],"version-history":[{"count":0,"href":"https:\/\/portaltela.pt\/api\/wp\/v2\/posts\/148752\/revisions"}],"wp:featuredmedia":[{"embeddable":true,"href":"https:\/\/portaltela.pt\/api\/wp\/v2\/media\/148765"}],"wp:attachment":[{"href":"https:\/\/portaltela.pt\/api\/wp\/v2\/media?parent=148752"}],"wp:term":[{"taxonomy":"category","embeddable":true,"href":"https:\/\/portaltela.pt\/api\/wp\/v2\/categories?post=148752"},{"taxonomy":"post_tag","embeddable":true,"href":"https:\/\/portaltela.pt\/api\/wp\/v2\/tags?post=148752"}],"curies":[{"name":"wp","href":"https:\/\/api.w.org\/{rel}","templated":true}]}}