{"id":148727,"date":"2026-01-17T16:44:43","date_gmt":"2026-01-17T19:44:43","guid":{"rendered":"https:\/\/portaltela.pt\/noticias\/2026\/01\/17\/mariana-machado-descreve-ultimo-quilometro-como-doloroso\/"},"modified":"2026-01-17T16:44:43","modified_gmt":"2026-01-17T19:44:43","slug":"mariana-machado-descreve-ultimo-quilometro-como-doloroso","status":"publish","type":"post","link":"https:\/\/portaltela.pt\/desporto\/2026\/01\/17\/mariana-machado-descreve-ultimo-quilometro-como-doloroso\/","title":{"rendered":"Mariana Machado descreve \u00faltimo quil\u00f3metro como doloroso"},"content":{"rendered":"<p>Mariana Machado revalidou o t\u00edtulo nacional dos 10 km, ao vencer em territ\u00f3rio portugu\u00eas uma semana depois de bater o recorde nacional em Val\u00eancia, Espanha. A prova ocorreu na Figueira da Foz, com Mariana Vargem a terminar em segundo. A atleta do Sporting de Braga dominou a prova em meio a um tra\u00e7ado exigente.<\/p>\n<p>A vencedora explicou que a \u00faltima fase da corrida foi particularmente dura, ap\u00f3s um fim de semana de competi\u00e7\u00e3o r\u00e1pida. O desafio foi superar a advers\u00e1ria madeirense, reconhecendo a forte capacidade de resist\u00eancia dos atletas de triatlo.<\/p>\n<p>No final, Miguel, treinador do Sporting de Braga, destacou o desempenho da equipa feminina, que venceu pela terceira vez consecutiva os Nacionais de estrada. Os clubes Sporting (Lisboa) e Beira-Mar (Aveiro) ficaram em segundo, empatados em pontos.<\/p>\n<h3>Desempenho individual<\/h3>\n<p>Machado disse ter feito a diferen\u00e7a no \u00faltimo quil\u00f3metro para deixar Mariana Vargem para tr\u00e1s, mantendo-se no comando da prova.<\/p>\n<h3>Conquista coletiva<\/h3>\n<p>A vit\u00f3ria do Sporting de Braga garantiu o t\u00edtulo coletivo entre as equipas femininas presentes na competi\u00e7\u00e3o.<\/p>\n","protected":false},"excerpt":{"rendered":"<ul>\n<li>Mariana Machado, do Sporting de Braga, revalida o t\u00edtulo nacional dos 10 quil\u00f3metros pela quinta vez, sendo a quarta consecutiva.<\/li>\n<li>Venceu Mariana Vargem, triatleta do Ludens Clube Machico, numa prova disputada na Figueira da Foz.<\/li>\n<li>A atleta revelou que o final foi doloroso ap\u00f3s ter batido o recorde nacional em Val\u00eancia, Espanha, no fim de semana anterior.<\/li>\n<li>Reconheceu que a advers\u00e1ria foi dif\u00edcil de derrotar e que as atletas de triatlo possuem grande endurance, sendo necess\u00e1rio um esfor\u00e7o no \u00faltimo quil\u00f3metro.<\/li>\n<li>Coletivamente, o Sporting de Braga conquistou o nacional de estrada feminino pela terceira vez consecutiva, com Sporting e Beira-Mar (Aveiro) a terminar em segundo, empatados.<\/li>\n<\/ul>\n","protected":false},"author":2,"featured_media":148731,"comment_status":"closed","ping_status":"closed","sticky":false,"template":"","format":"standard","meta":{"footnotes":""},"categories":[21],"tags":[137,2895,634,1417,2070,1652],"class_list":["post-148727","post","type-post","status-publish","format-standard","has-post-thumbnail","hentry","category-desporto","tag-atletismo","tag-beira-mar","tag-desporto-feminino","tag-figueira-da-foz","tag-sp-braga","tag-sporting"],"yoast_head":"<!-- This site is optimized with the Yoast SEO plugin v27.2 - https:\/\/yoast.com\/product\/yoast-seo-wordpress\/ -->\n<title>Mariana Machado descreve \u00faltimo quil\u00f3metro como doloroso - Portal Tela Portugal<\/title>\n<meta name=\"robots\" content=\"index, follow, max-snippet:-1, max-image-preview:large, max-video-preview:-1\" \/>\n<meta property=\"og:locale\" content=\"pt_PT\" \/>\n<meta property=\"og:type\" content=\"article\" \/>\n<meta property=\"og:title\" content=\"Mariana Machado descreve \u00faltimo quil\u00f3metro como doloroso - Portal Tela Portugal\" \/>\n<meta property=\"og:description\" content=\"Mariana Machado, do Sporting de Braga, revalida o t\u00edtulo nacional dos 10 quil\u00f3metros pela quinta vez, sendo a quarta consecutiva. Venceu Mariana Vargem, triatleta do Ludens Clube Machico, numa prova disputada na Figueira da Foz. A atleta revelou que o final foi doloroso ap\u00f3s ter batido o recorde nacional em Val\u00eancia, Espanha, no fim de semana anterior. Reconheceu que a advers\u00e1ria foi dif\u00edcil de derrotar e que as atletas de triatlo possuem grande endurance, sendo necess\u00e1rio um esfor\u00e7o no \u00faltimo quil\u00f3metro. Coletivamente, o Sporting de Braga conquistou o nacional de estrada feminino pela terceira vez consecutiva, com Sporting e Beira-Mar (Aveiro) a terminar em segundo, empatados.\" \/>\n<meta property=\"og:url\" content=\"https:\/\/portaltela.pt\/noticias\/2026\/01\/17\/mariana-machado-descreve-ultimo-quilometro-como-doloroso\/\" \/>\n<meta property=\"og:site_name\" content=\"Portal Tela Portugal\" \/>\n<meta property=\"article:published_time\" content=\"2026-01-17T19:44:43+00:00\" \/>\n<meta name=\"author\" content=\"Telinha\" \/>\n<meta name=\"twitter:card\" content=\"summary_large_image\" \/>\n<meta name=\"twitter:label1\" content=\"Escrito por\" \/>\n\t<meta name=\"twitter:data1\" content=\"Telinha\" \/>\n\t<meta name=\"twitter:label2\" content=\"Tempo estimado de leitura\" \/>\n\t<meta name=\"twitter:data2\" content=\"1 minuto\" \/>\n<script type=\"application\/ld+json\" class=\"yoast-schema-graph\">{\"@context\":\"https:\/\/schema.org\",\"@graph\":[{\"@type\":\"Article\",\"@id\":\"https:\/\/portaltela.pt\/noticias\/2026\/01\/17\/mariana-machado-descreve-ultimo-quilometro-como-doloroso\/#article\",\"isPartOf\":{\"@id\":\"https:\/\/portaltela.pt\/noticias\/2026\/01\/17\/mariana-machado-descreve-ultimo-quilometro-como-doloroso\/\"},\"author\":{\"name\":\"Telinha\",\"@id\":\"https:\/\/portaltela.pt\/#\/schema\/person\/c4278d4a6028830caff9ee44b42d32ed\"},\"headline\":\"Mariana Machado descreve \u00faltimo quil\u00f3metro como doloroso\",\"datePublished\":\"2026-01-17T19:44:43+00:00\",\"mainEntityOfPage\":{\"@id\":\"https:\/\/portaltela.pt\/noticias\/2026\/01\/17\/mariana-machado-descreve-ultimo-quilometro-como-doloroso\/\"},\"wordCount\":192,\"image\":{\"@id\":\"https:\/\/portaltela.pt\/noticias\/2026\/01\/17\/mariana-machado-descreve-ultimo-quilometro-como-doloroso\/#primaryimage\"},\"thumbnailUrl\":\"https:\/\/portaltela.pt\/s.01k8rhncp4jt1\/2026\/01\/img_920x518uu2026-01-17-19-43-30-2415405.jpg\",\"keywords\":[\"atletismo\",\"Beira-Mar\",\"desporto feminino\",\"Figueira da Foz\",\"Sp. Braga\",\"Sporting\"],\"articleSection\":[\"Desporto\"],\"inLanguage\":\"pt-PT\"},{\"@type\":\"WebPage\",\"@id\":\"https:\/\/portaltela.pt\/noticias\/2026\/01\/17\/mariana-machado-descreve-ultimo-quilometro-como-doloroso\/\",\"url\":\"https:\/\/portaltela.pt\/noticias\/2026\/01\/17\/mariana-machado-descreve-ultimo-quilometro-como-doloroso\/\",\"name\":\"Mariana Machado descreve \u00faltimo quil\u00f3metro como doloroso - Portal Tela Portugal\",\"isPartOf\":{\"@id\":\"https:\/\/portaltela.pt\/#website\"},\"primaryImageOfPage\":{\"@id\":\"https:\/\/portaltela.pt\/noticias\/2026\/01\/17\/mariana-machado-descreve-ultimo-quilometro-como-doloroso\/#primaryimage\"},\"image\":{\"@id\":\"https:\/\/portaltela.pt\/noticias\/2026\/01\/17\/mariana-machado-descreve-ultimo-quilometro-como-doloroso\/#primaryimage\"},\"thumbnailUrl\":\"https:\/\/portaltela.pt\/s.01k8rhncp4jt1\/2026\/01\/img_920x518uu2026-01-17-19-43-30-2415405.jpg\",\"datePublished\":\"2026-01-17T19:44:43+00:00\",\"author\":{\"@id\":\"https:\/\/portaltela.pt\/#\/schema\/person\/c4278d4a6028830caff9ee44b42d32ed\"},\"breadcrumb\":{\"@id\":\"https:\/\/portaltela.pt\/noticias\/2026\/01\/17\/mariana-machado-descreve-ultimo-quilometro-como-doloroso\/#breadcrumb\"},\"inLanguage\":\"pt-PT\",\"potentialAction\":[{\"@type\":\"ReadAction\",\"target\":[\"https:\/\/portaltela.pt\/noticias\/2026\/01\/17\/mariana-machado-descreve-ultimo-quilometro-como-doloroso\/\"]}]},{\"@type\":\"ImageObject\",\"inLanguage\":\"pt-PT\",\"@id\":\"https:\/\/portaltela.pt\/noticias\/2026\/01\/17\/mariana-machado-descreve-ultimo-quilometro-como-doloroso\/#primaryimage\",\"url\":\"https:\/\/portaltela.pt\/s.01k8rhncp4jt1\/2026\/01\/img_920x518uu2026-01-17-19-43-30-2415405.jpg\",\"contentUrl\":\"https:\/\/portaltela.pt\/s.01k8rhncp4jt1\/2026\/01\/img_920x518uu2026-01-17-19-43-30-2415405.jpg\",\"width\":796,\"height\":448,\"caption\":\"Mariana Machado revalida t\u00edtulo nacional de 10 km\"},{\"@type\":\"BreadcrumbList\",\"@id\":\"https:\/\/portaltela.pt\/noticias\/2026\/01\/17\/mariana-machado-descreve-ultimo-quilometro-como-doloroso\/#breadcrumb\",\"itemListElement\":[{\"@type\":\"ListItem\",\"position\":1,\"name\":\"In\u00edcio\",\"item\":\"https:\/\/portaltela.pt\/\"},{\"@type\":\"ListItem\",\"position\":2,\"name\":\"Mariana Machado descreve \u00faltimo quil\u00f3metro como doloroso\"}]},{\"@type\":\"WebSite\",\"@id\":\"https:\/\/portaltela.pt\/#website\",\"url\":\"https:\/\/portaltela.pt\/\",\"name\":\"Portal Tela Portugal\",\"description\":\"\",\"potentialAction\":[{\"@type\":\"SearchAction\",\"target\":{\"@type\":\"EntryPoint\",\"urlTemplate\":\"https:\/\/portaltela.pt\/?s={search_term_string}\"},\"query-input\":{\"@type\":\"PropertyValueSpecification\",\"valueRequired\":true,\"valueName\":\"search_term_string\"}}],\"inLanguage\":\"pt-PT\"},{\"@type\":\"Person\",\"@id\":\"https:\/\/portaltela.pt\/#\/schema\/person\/c4278d4a6028830caff9ee44b42d32ed\",\"name\":\"Telinha\",\"image\":{\"@type\":\"ImageObject\",\"inLanguage\":\"pt-PT\",\"@id\":\"https:\/\/portaltela.pt\/s.01k8rhncp4jt1\/2025\/11\/talking-bot-125x125.png\",\"url\":\"https:\/\/portaltela.pt\/s.01k8rhncp4jt1\/2025\/11\/talking-bot-125x125.png\",\"contentUrl\":\"https:\/\/portaltela.pt\/s.01k8rhncp4jt1\/2025\/11\/talking-bot-125x125.png\",\"caption\":\"Telinha\"},\"sameAs\":[\"https:\/\/portaltela.pt\/\"],\"url\":\"https:\/\/portaltela.pt\/por\/367410592786\/\"}]}<\/script>\n<!-- \/ Yoast SEO plugin. -->","yoast_head_json":{"title":"Mariana Machado descreve \u00faltimo quil\u00f3metro como doloroso - Portal Tela Portugal","robots":{"index":"index","follow":"follow","max-snippet":"max-snippet:-1","max-image-preview":"max-image-preview:large","max-video-preview":"max-video-preview:-1"},"og_locale":"pt_PT","og_type":"article","og_title":"Mariana Machado descreve \u00faltimo quil\u00f3metro como doloroso - Portal Tela Portugal","og_description":"Mariana Machado, do Sporting de Braga, revalida o t\u00edtulo nacional dos 10 quil\u00f3metros pela quinta vez, sendo a quarta consecutiva. Venceu Mariana Vargem, triatleta do Ludens Clube Machico, numa prova disputada na Figueira da Foz. A atleta revelou que o final foi doloroso ap\u00f3s ter batido o recorde nacional em Val\u00eancia, Espanha, no fim de semana anterior. Reconheceu que a advers\u00e1ria foi dif\u00edcil de derrotar e que as atletas de triatlo possuem grande endurance, sendo necess\u00e1rio um esfor\u00e7o no \u00faltimo quil\u00f3metro. Coletivamente, o Sporting de Braga conquistou o nacional de estrada feminino pela terceira vez consecutiva, com Sporting e Beira-Mar (Aveiro) a terminar em segundo, empatados.","og_url":"https:\/\/portaltela.pt\/noticias\/2026\/01\/17\/mariana-machado-descreve-ultimo-quilometro-como-doloroso\/","og_site_name":"Portal Tela Portugal","article_published_time":"2026-01-17T19:44:43+00:00","author":"Telinha","twitter_card":"summary_large_image","twitter_misc":{"Escrito por":"Telinha","Tempo estimado de leitura":"1 minuto"},"schema":{"@context":"https:\/\/schema.org","@graph":[{"@type":"Article","@id":"https:\/\/portaltela.pt\/noticias\/2026\/01\/17\/mariana-machado-descreve-ultimo-quilometro-como-doloroso\/#article","isPartOf":{"@id":"https:\/\/portaltela.pt\/noticias\/2026\/01\/17\/mariana-machado-descreve-ultimo-quilometro-como-doloroso\/"},"author":{"name":"Telinha","@id":"https:\/\/portaltela.pt\/#\/schema\/person\/c4278d4a6028830caff9ee44b42d32ed"},"headline":"Mariana Machado descreve \u00faltimo quil\u00f3metro como doloroso","datePublished":"2026-01-17T19:44:43+00:00","mainEntityOfPage":{"@id":"https:\/\/portaltela.pt\/noticias\/2026\/01\/17\/mariana-machado-descreve-ultimo-quilometro-como-doloroso\/"},"wordCount":192,"image":{"@id":"https:\/\/portaltela.pt\/noticias\/2026\/01\/17\/mariana-machado-descreve-ultimo-quilometro-como-doloroso\/#primaryimage"},"thumbnailUrl":"https:\/\/portaltela.pt\/s.01k8rhncp4jt1\/2026\/01\/img_920x518uu2026-01-17-19-43-30-2415405.jpg","keywords":["atletismo","Beira-Mar","desporto feminino","Figueira da Foz","Sp. Braga","Sporting"],"articleSection":["Desporto"],"inLanguage":"pt-PT"},{"@type":"WebPage","@id":"https:\/\/portaltela.pt\/noticias\/2026\/01\/17\/mariana-machado-descreve-ultimo-quilometro-como-doloroso\/","url":"https:\/\/portaltela.pt\/noticias\/2026\/01\/17\/mariana-machado-descreve-ultimo-quilometro-como-doloroso\/","name":"Mariana Machado descreve \u00faltimo quil\u00f3metro como doloroso - Portal Tela Portugal","isPartOf":{"@id":"https:\/\/portaltela.pt\/#website"},"primaryImageOfPage":{"@id":"https:\/\/portaltela.pt\/noticias\/2026\/01\/17\/mariana-machado-descreve-ultimo-quilometro-como-doloroso\/#primaryimage"},"image":{"@id":"https:\/\/portaltela.pt\/noticias\/2026\/01\/17\/mariana-machado-descreve-ultimo-quilometro-como-doloroso\/#primaryimage"},"thumbnailUrl":"https:\/\/portaltela.pt\/s.01k8rhncp4jt1\/2026\/01\/img_920x518uu2026-01-17-19-43-30-2415405.jpg","datePublished":"2026-01-17T19:44:43+00:00","author":{"@id":"https:\/\/portaltela.pt\/#\/schema\/person\/c4278d4a6028830caff9ee44b42d32ed"},"breadcrumb":{"@id":"https:\/\/portaltela.pt\/noticias\/2026\/01\/17\/mariana-machado-descreve-ultimo-quilometro-como-doloroso\/#breadcrumb"},"inLanguage":"pt-PT","potentialAction":[{"@type":"ReadAction","target":["https:\/\/portaltela.pt\/noticias\/2026\/01\/17\/mariana-machado-descreve-ultimo-quilometro-como-doloroso\/"]}]},{"@type":"ImageObject","inLanguage":"pt-PT","@id":"https:\/\/portaltela.pt\/noticias\/2026\/01\/17\/mariana-machado-descreve-ultimo-quilometro-como-doloroso\/#primaryimage","url":"https:\/\/portaltela.pt\/s.01k8rhncp4jt1\/2026\/01\/img_920x518uu2026-01-17-19-43-30-2415405.jpg","contentUrl":"https:\/\/portaltela.pt\/s.01k8rhncp4jt1\/2026\/01\/img_920x518uu2026-01-17-19-43-30-2415405.jpg","width":796,"height":448,"caption":"Mariana Machado revalida t\u00edtulo nacional de 10 km"},{"@type":"BreadcrumbList","@id":"https:\/\/portaltela.pt\/noticias\/2026\/01\/17\/mariana-machado-descreve-ultimo-quilometro-como-doloroso\/#breadcrumb","itemListElement":[{"@type":"ListItem","position":1,"name":"In\u00edcio","item":"https:\/\/portaltela.pt\/"},{"@type":"ListItem","position":2,"name":"Mariana Machado descreve \u00faltimo quil\u00f3metro como doloroso"}]},{"@type":"WebSite","@id":"https:\/\/portaltela.pt\/#website","url":"https:\/\/portaltela.pt\/","name":"Portal Tela Portugal","description":"","potentialAction":[{"@type":"SearchAction","target":{"@type":"EntryPoint","urlTemplate":"https:\/\/portaltela.pt\/?s={search_term_string}"},"query-input":{"@type":"PropertyValueSpecification","valueRequired":true,"valueName":"search_term_string"}}],"inLanguage":"pt-PT"},{"@type":"Person","@id":"https:\/\/portaltela.pt\/#\/schema\/person\/c4278d4a6028830caff9ee44b42d32ed","name":"Telinha","image":{"@type":"ImageObject","inLanguage":"pt-PT","@id":"https:\/\/portaltela.pt\/s.01k8rhncp4jt1\/2025\/11\/talking-bot-125x125.png","url":"https:\/\/portaltela.pt\/s.01k8rhncp4jt1\/2025\/11\/talking-bot-125x125.png","contentUrl":"https:\/\/portaltela.pt\/s.01k8rhncp4jt1\/2025\/11\/talking-bot-125x125.png","caption":"Telinha"},"sameAs":["https:\/\/portaltela.pt\/"],"url":"https:\/\/portaltela.pt\/por\/367410592786\/"}]}},"_links":{"self":[{"href":"https:\/\/portaltela.pt\/api\/wp\/v2\/posts\/148727","targetHints":{"allow":["GET"]}}],"collection":[{"href":"https:\/\/portaltela.pt\/api\/wp\/v2\/posts"}],"about":[{"href":"https:\/\/portaltela.pt\/api\/wp\/v2\/types\/post"}],"author":[{"embeddable":true,"href":"https:\/\/portaltela.pt\/api\/wp\/v2\/users\/2"}],"replies":[{"embeddable":true,"href":"https:\/\/portaltela.pt\/api\/wp\/v2\/comments?post=148727"}],"version-history":[{"count":0,"href":"https:\/\/portaltela.pt\/api\/wp\/v2\/posts\/148727\/revisions"}],"wp:featuredmedia":[{"embeddable":true,"href":"https:\/\/portaltela.pt\/api\/wp\/v2\/media\/148731"}],"wp:attachment":[{"href":"https:\/\/portaltela.pt\/api\/wp\/v2\/media?parent=148727"}],"wp:term":[{"taxonomy":"category","embeddable":true,"href":"https:\/\/portaltela.pt\/api\/wp\/v2\/categories?post=148727"},{"taxonomy":"post_tag","embeddable":true,"href":"https:\/\/portaltela.pt\/api\/wp\/v2\/tags?post=148727"}],"curies":[{"name":"wp","href":"https:\/\/api.w.org\/{rel}","templated":true}]}}