{"id":148684,"date":"2026-01-17T16:20:43","date_gmt":"2026-01-17T19:20:43","guid":{"rendered":"https:\/\/portaltela.pt\/noticias\/2026\/01\/17\/despedida-em-beleza-de-joao-monteiro-no-dakar\/"},"modified":"2026-01-17T16:20:43","modified_gmt":"2026-01-17T19:20:43","slug":"despedida-em-beleza-de-joao-monteiro-no-dakar","status":"publish","type":"post","link":"https:\/\/portaltela.pt\/desporto\/2026\/01\/17\/despedida-em-beleza-de-joao-monteiro-no-dakar\/","title":{"rendered":"Despedida em beleza de Jo\u00e3o Monteiro no Dakar"},"content":{"rendered":"<p>Jo\u00e3o Monteiro (Can-Am) garantiu a vit\u00f3ria na 13.\u00aa e \u00faltima etapa da 48.\u00aa edi\u00e7\u00e3o do Dakar, na Ar\u00e1bia Saudita, na categoria SSV. O piloto luso cumpriu 105 kms cronometrados em Yanbu em 55.09 minutos, vencendo o sueco Johan Kristofferson (Polaris) por 14 segundos. O desfecho ocorreu este s\u00e1bado, numa chegada que fechou a prova para a categoria.<\/p>\n<p>O p\u00f3dio ficou completo com o argentino Jeremias Ferioli (Can-Am), a 20 segundos de Monteiro. Monteiro utiliza a navega\u00e7\u00e3o de Nuno Morais, com quem concluiu a etapa e a prova. O feito confirma a presen\u00e7a portuguesa na frente da especialidade, numa edi\u00e7\u00e3o em que a dupla soma mais uma vit\u00f3ria neste rali.<\/p>\n<h3>Recordes entre pilotos<\/h3>\n<p>Entre os portugueses, Monteiro junta-se a Duarte Gomes, Carlos Sousa, Ricardo Leal dos Santos, Jo\u00e3o Ferreira, Ricardo Porf\u00edrio e Gon\u00e7alo Guerreiro como vencedores de etapas no Dakar, incluindo a vit\u00f3ria de Guerreiro nos SSV este ano. H\u00e9lder Rodrigues destaca-se na categoria de motos, com nove vit\u00f3rias, seguido por Ruben Faria (quatro) e Paulo Gon\u00e7alves (tr\u00eas).<\/p>\n<ul>\n<li>Jo\u00e3o Monteiro soma-se ao grupo de pilotos nacionais que j\u00e1 triunfaram em etapas do Dakar.<\/li>\n<li>A dupla Monteiro Morais destaca-se pela conquista final na etapa decisiva deste Dakar.<\/li>\n<\/ul>\n","protected":false},"excerpt":{"rendered":"<ul>\n<li>Jo\u00e3o Monteiro (Can-Am), navegado por Nuno Morais, venceu a 13.\u00aa e \u00faltima etapa do Dakar, na categoria SSV, com 55,09 minutos para cento e cinco quil\u00f3metros cronometrados em redor de Yanbu, Ar\u00e1bia Saudita.<\/li>\n<li>Venceu Johan Kristofferson (Polaris) por 14 segundos.<\/li>\n<li>Jeremias Ferioli (Can-Am) fechou o p\u00f3dio, a 20 segundos do vencedor.<\/li>\n<li>Este \u00e9 o 13.\u00ba piloto portugu\u00eas a triunfar numa etapa do Dakar, somando a vit\u00f3ria de Jo\u00e3o Monteiro com a dupla Jo\u00e3o Monteiro\/Nuno Morais.<\/li>\n<li>Entre as motas, H\u00e9lder Rodrigues \u00e9 o recordista com nove vit\u00f3rias.<\/li>\n<\/ul>\n","protected":false},"author":2,"featured_media":148703,"comment_status":"closed","ping_status":"closed","sticky":false,"template":"","format":"standard","meta":{"footnotes":""},"categories":[21],"tags":[3261,152,2467,1014],"class_list":["post-148684","post","type-post","status-publish","format-standard","has-post-thumbnail","hentry","category-desporto","tag-can-am","tag-desporto","tag-desportos-motorizados","tag-portugal"],"yoast_head":"<!-- This site is optimized with the Yoast SEO plugin v27.2 - https:\/\/yoast.com\/product\/yoast-seo-wordpress\/ -->\n<title>Despedida em beleza de Jo\u00e3o Monteiro no Dakar - Portal Tela Portugal<\/title>\n<meta name=\"robots\" content=\"index, follow, max-snippet:-1, max-image-preview:large, max-video-preview:-1\" \/>\n<meta property=\"og:locale\" content=\"pt_PT\" \/>\n<meta property=\"og:type\" content=\"article\" \/>\n<meta property=\"og:title\" content=\"Despedida em beleza de Jo\u00e3o Monteiro no Dakar - Portal Tela Portugal\" \/>\n<meta property=\"og:description\" content=\"Jo\u00e3o Monteiro (Can-Am), navegado por Nuno Morais, venceu a 13.\u00aa e \u00faltima etapa do Dakar, na categoria SSV, com 55,09 minutos para cento e cinco quil\u00f3metros cronometrados em redor de Yanbu, Ar\u00e1bia Saudita. Venceu Johan Kristofferson (Polaris) por 14 segundos. Jeremias Ferioli (Can-Am) fechou o p\u00f3dio, a 20 segundos do vencedor. Este \u00e9 o 13.\u00ba piloto portugu\u00eas a triunfar numa etapa do Dakar, somando a vit\u00f3ria de Jo\u00e3o Monteiro com a dupla Jo\u00e3o Monteiro\/Nuno Morais. Entre as motas, H\u00e9lder Rodrigues \u00e9 o recordista com nove vit\u00f3rias.\" \/>\n<meta property=\"og:url\" content=\"https:\/\/portaltela.pt\/noticias\/2026\/01\/17\/despedida-em-beleza-de-joao-monteiro-no-dakar\/\" \/>\n<meta property=\"og:site_name\" content=\"Portal Tela Portugal\" \/>\n<meta property=\"article:published_time\" content=\"2026-01-17T19:20:43+00:00\" \/>\n<meta name=\"author\" content=\"Telinha\" \/>\n<meta name=\"twitter:card\" content=\"summary_large_image\" \/>\n<meta name=\"twitter:label1\" content=\"Escrito por\" \/>\n\t<meta name=\"twitter:data1\" content=\"Telinha\" \/>\n\t<meta name=\"twitter:label2\" content=\"Tempo estimado de leitura\" \/>\n\t<meta name=\"twitter:data2\" content=\"1 minuto\" \/>\n<script type=\"application\/ld+json\" class=\"yoast-schema-graph\">{\"@context\":\"https:\/\/schema.org\",\"@graph\":[{\"@type\":\"Article\",\"@id\":\"https:\/\/portaltela.pt\/noticias\/2026\/01\/17\/despedida-em-beleza-de-joao-monteiro-no-dakar\/#article\",\"isPartOf\":{\"@id\":\"https:\/\/portaltela.pt\/noticias\/2026\/01\/17\/despedida-em-beleza-de-joao-monteiro-no-dakar\/\"},\"author\":{\"name\":\"Telinha\",\"@id\":\"https:\/\/portaltela.pt\/#\/schema\/person\/c4278d4a6028830caff9ee44b42d32ed\"},\"headline\":\"Despedida em beleza de Jo\u00e3o Monteiro no Dakar\",\"datePublished\":\"2026-01-17T19:20:43+00:00\",\"mainEntityOfPage\":{\"@id\":\"https:\/\/portaltela.pt\/noticias\/2026\/01\/17\/despedida-em-beleza-de-joao-monteiro-no-dakar\/\"},\"wordCount\":217,\"image\":{\"@id\":\"https:\/\/portaltela.pt\/noticias\/2026\/01\/17\/despedida-em-beleza-de-joao-monteiro-no-dakar\/#primaryimage\"},\"thumbnailUrl\":\"https:\/\/portaltela.pt\/s.01k8rhncp4jt1\/2026\/01\/876622c7-feda-4fc0-872b-57cd00123c11.jpg\",\"keywords\":[\"Can-Am\",\"desporto\",\"Desportos Motorizados\",\"Portugal\"],\"articleSection\":[\"Desporto\"],\"inLanguage\":\"pt-PT\"},{\"@type\":\"WebPage\",\"@id\":\"https:\/\/portaltela.pt\/noticias\/2026\/01\/17\/despedida-em-beleza-de-joao-monteiro-no-dakar\/\",\"url\":\"https:\/\/portaltela.pt\/noticias\/2026\/01\/17\/despedida-em-beleza-de-joao-monteiro-no-dakar\/\",\"name\":\"Despedida em beleza de Jo\u00e3o Monteiro no Dakar - Portal Tela Portugal\",\"isPartOf\":{\"@id\":\"https:\/\/portaltela.pt\/#website\"},\"primaryImageOfPage\":{\"@id\":\"https:\/\/portaltela.pt\/noticias\/2026\/01\/17\/despedida-em-beleza-de-joao-monteiro-no-dakar\/#primaryimage\"},\"image\":{\"@id\":\"https:\/\/portaltela.pt\/noticias\/2026\/01\/17\/despedida-em-beleza-de-joao-monteiro-no-dakar\/#primaryimage\"},\"thumbnailUrl\":\"https:\/\/portaltela.pt\/s.01k8rhncp4jt1\/2026\/01\/876622c7-feda-4fc0-872b-57cd00123c11.jpg\",\"datePublished\":\"2026-01-17T19:20:43+00:00\",\"author\":{\"@id\":\"https:\/\/portaltela.pt\/#\/schema\/person\/c4278d4a6028830caff9ee44b42d32ed\"},\"breadcrumb\":{\"@id\":\"https:\/\/portaltela.pt\/noticias\/2026\/01\/17\/despedida-em-beleza-de-joao-monteiro-no-dakar\/#breadcrumb\"},\"inLanguage\":\"pt-PT\",\"potentialAction\":[{\"@type\":\"ReadAction\",\"target\":[\"https:\/\/portaltela.pt\/noticias\/2026\/01\/17\/despedida-em-beleza-de-joao-monteiro-no-dakar\/\"]}]},{\"@type\":\"ImageObject\",\"inLanguage\":\"pt-PT\",\"@id\":\"https:\/\/portaltela.pt\/noticias\/2026\/01\/17\/despedida-em-beleza-de-joao-monteiro-no-dakar\/#primaryimage\",\"url\":\"https:\/\/portaltela.pt\/s.01k8rhncp4jt1\/2026\/01\/876622c7-feda-4fc0-872b-57cd00123c11.jpg\",\"contentUrl\":\"https:\/\/portaltela.pt\/s.01k8rhncp4jt1\/2026\/01\/876622c7-feda-4fc0-872b-57cd00123c11.jpg\",\"width\":796,\"height\":448,\"caption\":\"Jo\u00e3o Monteiro venceu hoje a 13.\u00aa e \u00faltima etapa da 48.\u00aa edi\u00e7\u00e3o do Dakar. Foto Instagram Jo\u00e3o Monteiro\"},{\"@type\":\"BreadcrumbList\",\"@id\":\"https:\/\/portaltela.pt\/noticias\/2026\/01\/17\/despedida-em-beleza-de-joao-monteiro-no-dakar\/#breadcrumb\",\"itemListElement\":[{\"@type\":\"ListItem\",\"position\":1,\"name\":\"In\u00edcio\",\"item\":\"https:\/\/portaltela.pt\/\"},{\"@type\":\"ListItem\",\"position\":2,\"name\":\"Despedida em beleza de Jo\u00e3o Monteiro no Dakar\"}]},{\"@type\":\"WebSite\",\"@id\":\"https:\/\/portaltela.pt\/#website\",\"url\":\"https:\/\/portaltela.pt\/\",\"name\":\"Portal Tela Portugal\",\"description\":\"\",\"potentialAction\":[{\"@type\":\"SearchAction\",\"target\":{\"@type\":\"EntryPoint\",\"urlTemplate\":\"https:\/\/portaltela.pt\/?s={search_term_string}\"},\"query-input\":{\"@type\":\"PropertyValueSpecification\",\"valueRequired\":true,\"valueName\":\"search_term_string\"}}],\"inLanguage\":\"pt-PT\"},{\"@type\":\"Person\",\"@id\":\"https:\/\/portaltela.pt\/#\/schema\/person\/c4278d4a6028830caff9ee44b42d32ed\",\"name\":\"Telinha\",\"image\":{\"@type\":\"ImageObject\",\"inLanguage\":\"pt-PT\",\"@id\":\"https:\/\/portaltela.pt\/s.01k8rhncp4jt1\/2025\/11\/talking-bot-125x125.png\",\"url\":\"https:\/\/portaltela.pt\/s.01k8rhncp4jt1\/2025\/11\/talking-bot-125x125.png\",\"contentUrl\":\"https:\/\/portaltela.pt\/s.01k8rhncp4jt1\/2025\/11\/talking-bot-125x125.png\",\"caption\":\"Telinha\"},\"sameAs\":[\"https:\/\/portaltela.pt\/\"],\"url\":\"https:\/\/portaltela.pt\/por\/367410592786\/\"}]}<\/script>\n<!-- \/ Yoast SEO plugin. -->","yoast_head_json":{"title":"Despedida em beleza de Jo\u00e3o Monteiro no Dakar - Portal Tela Portugal","robots":{"index":"index","follow":"follow","max-snippet":"max-snippet:-1","max-image-preview":"max-image-preview:large","max-video-preview":"max-video-preview:-1"},"og_locale":"pt_PT","og_type":"article","og_title":"Despedida em beleza de Jo\u00e3o Monteiro no Dakar - Portal Tela Portugal","og_description":"Jo\u00e3o Monteiro (Can-Am), navegado por Nuno Morais, venceu a 13.\u00aa e \u00faltima etapa do Dakar, na categoria SSV, com 55,09 minutos para cento e cinco quil\u00f3metros cronometrados em redor de Yanbu, Ar\u00e1bia Saudita. Venceu Johan Kristofferson (Polaris) por 14 segundos. Jeremias Ferioli (Can-Am) fechou o p\u00f3dio, a 20 segundos do vencedor. Este \u00e9 o 13.\u00ba piloto portugu\u00eas a triunfar numa etapa do Dakar, somando a vit\u00f3ria de Jo\u00e3o Monteiro com a dupla Jo\u00e3o Monteiro\/Nuno Morais. Entre as motas, H\u00e9lder Rodrigues \u00e9 o recordista com nove vit\u00f3rias.","og_url":"https:\/\/portaltela.pt\/noticias\/2026\/01\/17\/despedida-em-beleza-de-joao-monteiro-no-dakar\/","og_site_name":"Portal Tela Portugal","article_published_time":"2026-01-17T19:20:43+00:00","author":"Telinha","twitter_card":"summary_large_image","twitter_misc":{"Escrito por":"Telinha","Tempo estimado de leitura":"1 minuto"},"schema":{"@context":"https:\/\/schema.org","@graph":[{"@type":"Article","@id":"https:\/\/portaltela.pt\/noticias\/2026\/01\/17\/despedida-em-beleza-de-joao-monteiro-no-dakar\/#article","isPartOf":{"@id":"https:\/\/portaltela.pt\/noticias\/2026\/01\/17\/despedida-em-beleza-de-joao-monteiro-no-dakar\/"},"author":{"name":"Telinha","@id":"https:\/\/portaltela.pt\/#\/schema\/person\/c4278d4a6028830caff9ee44b42d32ed"},"headline":"Despedida em beleza de Jo\u00e3o Monteiro no Dakar","datePublished":"2026-01-17T19:20:43+00:00","mainEntityOfPage":{"@id":"https:\/\/portaltela.pt\/noticias\/2026\/01\/17\/despedida-em-beleza-de-joao-monteiro-no-dakar\/"},"wordCount":217,"image":{"@id":"https:\/\/portaltela.pt\/noticias\/2026\/01\/17\/despedida-em-beleza-de-joao-monteiro-no-dakar\/#primaryimage"},"thumbnailUrl":"https:\/\/portaltela.pt\/s.01k8rhncp4jt1\/2026\/01\/876622c7-feda-4fc0-872b-57cd00123c11.jpg","keywords":["Can-Am","desporto","Desportos Motorizados","Portugal"],"articleSection":["Desporto"],"inLanguage":"pt-PT"},{"@type":"WebPage","@id":"https:\/\/portaltela.pt\/noticias\/2026\/01\/17\/despedida-em-beleza-de-joao-monteiro-no-dakar\/","url":"https:\/\/portaltela.pt\/noticias\/2026\/01\/17\/despedida-em-beleza-de-joao-monteiro-no-dakar\/","name":"Despedida em beleza de Jo\u00e3o Monteiro no Dakar - Portal Tela Portugal","isPartOf":{"@id":"https:\/\/portaltela.pt\/#website"},"primaryImageOfPage":{"@id":"https:\/\/portaltela.pt\/noticias\/2026\/01\/17\/despedida-em-beleza-de-joao-monteiro-no-dakar\/#primaryimage"},"image":{"@id":"https:\/\/portaltela.pt\/noticias\/2026\/01\/17\/despedida-em-beleza-de-joao-monteiro-no-dakar\/#primaryimage"},"thumbnailUrl":"https:\/\/portaltela.pt\/s.01k8rhncp4jt1\/2026\/01\/876622c7-feda-4fc0-872b-57cd00123c11.jpg","datePublished":"2026-01-17T19:20:43+00:00","author":{"@id":"https:\/\/portaltela.pt\/#\/schema\/person\/c4278d4a6028830caff9ee44b42d32ed"},"breadcrumb":{"@id":"https:\/\/portaltela.pt\/noticias\/2026\/01\/17\/despedida-em-beleza-de-joao-monteiro-no-dakar\/#breadcrumb"},"inLanguage":"pt-PT","potentialAction":[{"@type":"ReadAction","target":["https:\/\/portaltela.pt\/noticias\/2026\/01\/17\/despedida-em-beleza-de-joao-monteiro-no-dakar\/"]}]},{"@type":"ImageObject","inLanguage":"pt-PT","@id":"https:\/\/portaltela.pt\/noticias\/2026\/01\/17\/despedida-em-beleza-de-joao-monteiro-no-dakar\/#primaryimage","url":"https:\/\/portaltela.pt\/s.01k8rhncp4jt1\/2026\/01\/876622c7-feda-4fc0-872b-57cd00123c11.jpg","contentUrl":"https:\/\/portaltela.pt\/s.01k8rhncp4jt1\/2026\/01\/876622c7-feda-4fc0-872b-57cd00123c11.jpg","width":796,"height":448,"caption":"Jo\u00e3o Monteiro venceu hoje a 13.\u00aa e \u00faltima etapa da 48.\u00aa edi\u00e7\u00e3o do Dakar. Foto Instagram Jo\u00e3o Monteiro"},{"@type":"BreadcrumbList","@id":"https:\/\/portaltela.pt\/noticias\/2026\/01\/17\/despedida-em-beleza-de-joao-monteiro-no-dakar\/#breadcrumb","itemListElement":[{"@type":"ListItem","position":1,"name":"In\u00edcio","item":"https:\/\/portaltela.pt\/"},{"@type":"ListItem","position":2,"name":"Despedida em beleza de Jo\u00e3o Monteiro no Dakar"}]},{"@type":"WebSite","@id":"https:\/\/portaltela.pt\/#website","url":"https:\/\/portaltela.pt\/","name":"Portal Tela Portugal","description":"","potentialAction":[{"@type":"SearchAction","target":{"@type":"EntryPoint","urlTemplate":"https:\/\/portaltela.pt\/?s={search_term_string}"},"query-input":{"@type":"PropertyValueSpecification","valueRequired":true,"valueName":"search_term_string"}}],"inLanguage":"pt-PT"},{"@type":"Person","@id":"https:\/\/portaltela.pt\/#\/schema\/person\/c4278d4a6028830caff9ee44b42d32ed","name":"Telinha","image":{"@type":"ImageObject","inLanguage":"pt-PT","@id":"https:\/\/portaltela.pt\/s.01k8rhncp4jt1\/2025\/11\/talking-bot-125x125.png","url":"https:\/\/portaltela.pt\/s.01k8rhncp4jt1\/2025\/11\/talking-bot-125x125.png","contentUrl":"https:\/\/portaltela.pt\/s.01k8rhncp4jt1\/2025\/11\/talking-bot-125x125.png","caption":"Telinha"},"sameAs":["https:\/\/portaltela.pt\/"],"url":"https:\/\/portaltela.pt\/por\/367410592786\/"}]}},"_links":{"self":[{"href":"https:\/\/portaltela.pt\/api\/wp\/v2\/posts\/148684","targetHints":{"allow":["GET"]}}],"collection":[{"href":"https:\/\/portaltela.pt\/api\/wp\/v2\/posts"}],"about":[{"href":"https:\/\/portaltela.pt\/api\/wp\/v2\/types\/post"}],"author":[{"embeddable":true,"href":"https:\/\/portaltela.pt\/api\/wp\/v2\/users\/2"}],"replies":[{"embeddable":true,"href":"https:\/\/portaltela.pt\/api\/wp\/v2\/comments?post=148684"}],"version-history":[{"count":0,"href":"https:\/\/portaltela.pt\/api\/wp\/v2\/posts\/148684\/revisions"}],"wp:featuredmedia":[{"embeddable":true,"href":"https:\/\/portaltela.pt\/api\/wp\/v2\/media\/148703"}],"wp:attachment":[{"href":"https:\/\/portaltela.pt\/api\/wp\/v2\/media?parent=148684"}],"wp:term":[{"taxonomy":"category","embeddable":true,"href":"https:\/\/portaltela.pt\/api\/wp\/v2\/categories?post=148684"},{"taxonomy":"post_tag","embeddable":true,"href":"https:\/\/portaltela.pt\/api\/wp\/v2\/tags?post=148684"}],"curies":[{"name":"wp","href":"https:\/\/api.w.org\/{rel}","templated":true}]}}