{"id":148653,"date":"2026-01-17T15:46:00","date_gmt":"2026-01-17T18:46:00","guid":{"rendered":"https:\/\/portaltela.pt\/noticias\/2026\/01\/17\/iuri-leitao-e-rui-oliveira-vencem-prova-no-trofeu-artur-lopes\/"},"modified":"2026-01-17T15:46:00","modified_gmt":"2026-01-17T18:46:00","slug":"iuri-leitao-e-rui-oliveira-vencem-prova-no-trofeu-artur-lopes","status":"publish","type":"post","link":"https:\/\/portaltela.pt\/desporto\/2026\/01\/17\/iuri-leitao-e-rui-oliveira-vencem-prova-no-trofeu-artur-lopes\/","title":{"rendered":"I\u00fari Leit\u00e3o e Rui Oliveira vencem prova no Trof\u00e9u Artur Lopes"},"content":{"rendered":"<p>I\u00fari Leit\u00e3o e Rui Oliveira, campe\u00f5es ol\u00edmpicos, venceram a prova de madison no Trof\u00e9u Internacional de Pista Artur Lopes, em Sangalhos. A dupla reuniu-se pela primeira vez ap\u00f3s os Jogos de Paris 2024 e destacou-se no Vel\u00f3dromo de Sangalhos, em Anadia, com tons dourados na indument\u00e1ria.<\/p>\n<p>Os dois atletas mostraram sintonia ao longo da corrida e conquistaram o lugar mais alto do p\u00f3dio. Leit\u00e3o destacou que gostariam de competir semanalmente juntos, embora ainda n\u00e3o esteja definido o regresso, manifestando disponibilidade para regressar assim que poss\u00edvel.<\/p>\n<p>Rui Oliveira tamb\u00e9m comentou a prova, dizendo que o espet\u00e1culo apresentado agradou a todos. No primeiro dia do circuito, Leit\u00e3o venceu o Scratch, \u00e0 frente de um corredor gaiense, enquanto Oliveira fechou a corrida por pontos no topo, com o vianense \u00e0 frente dele.<\/p>\n<h3>Resultados e balan\u00e7os<\/h3>\n<p>No dia anterior, Leit\u00e3o j\u00e1 tinha sa\u00eddo vitorioso no Scratch, destacando-se entre outros atletas. A dupla ol\u00edmpica demonstrou forte ritmo e consist\u00eancia ao longo da competi\u00e7\u00e3o, contribuindo para o sucesso de Portugal na edi\u00e7\u00e3o do Trof\u00e9u Artur Lopes.<\/p>\n<p>A organiza\u00e7\u00e3o do evento manteve o foco na competi\u00e7\u00e3o de pista, reunindo atletas de v\u00e1rias regi\u00f5es. O Vel\u00f3dromo de Sangalhos voltou a receber um evento de grande qualidade t\u00e9cnica, com os principais nomes nacionais em pista a competir em v\u00e1rias provas.<\/p>\n","protected":false},"excerpt":{"rendered":"<ul>\n<li>I\u00fari Leit\u00e3o e Rui Oliveira venceram a prova de madison no Trof\u00e9u Internacional de Pista Artur Lopes, no Vel\u00f3dromo de Sangalhos, Anadia.<\/li>\n<li>A dupla, campe\u00f5es ol\u00edmpicos, entrou em pista em tons dourados e conquistou o lugar mais alto no s\u00e1bado.<\/li>\n<li>I\u00fari Leit\u00e3o afirmou que n\u00e3o h\u00e1 regresso marcado, mas que querem correr juntos sempre que poss\u00edvel.<\/li>\n<li>Rui Oliveira elogiou o espet\u00e1culo apresentado pela dupla durante a prova.<\/li>\n<li>No primeiro dia do circuito, Leit\u00e3o venceu o Scrath, \u00e0 frente do gaiense, enquanto Rui Oliveira ficou em primeiro na corrida por pontos, precedido pelo vianense.<\/li>\n<\/ul>\n","protected":false},"author":2,"featured_media":148654,"comment_status":"closed","ping_status":"closed","sticky":false,"template":"","format":"standard","meta":{"footnotes":""},"categories":[21],"tags":[1504,923,152,1898,84,1014],"class_list":["post-148653","post","type-post","status-publish","format-standard","has-post-thumbnail","hentry","category-desporto","tag-anadia","tag-ciclismo","tag-desporto","tag-federacao-portuguesa-de-ciclismo","tag-olimpiadas","tag-portugal"],"yoast_head":"<!-- This site is optimized with the Yoast SEO plugin v27.2 - https:\/\/yoast.com\/product\/yoast-seo-wordpress\/ -->\n<title>I\u00fari Leit\u00e3o e Rui Oliveira vencem prova no Trof\u00e9u Artur Lopes - Portal Tela Portugal<\/title>\n<meta name=\"robots\" content=\"index, follow, max-snippet:-1, max-image-preview:large, max-video-preview:-1\" \/>\n<meta property=\"og:locale\" content=\"pt_PT\" \/>\n<meta property=\"og:type\" content=\"article\" \/>\n<meta property=\"og:title\" content=\"I\u00fari Leit\u00e3o e Rui Oliveira vencem prova no Trof\u00e9u Artur Lopes - Portal Tela Portugal\" \/>\n<meta property=\"og:description\" content=\"I\u00fari Leit\u00e3o e Rui Oliveira venceram a prova de madison no Trof\u00e9u Internacional de Pista Artur Lopes, no Vel\u00f3dromo de Sangalhos, Anadia. A dupla, campe\u00f5es ol\u00edmpicos, entrou em pista em tons dourados e conquistou o lugar mais alto no s\u00e1bado. I\u00fari Leit\u00e3o afirmou que n\u00e3o h\u00e1 regresso marcado, mas que querem correr juntos sempre que poss\u00edvel. Rui Oliveira elogiou o espet\u00e1culo apresentado pela dupla durante a prova. No primeiro dia do circuito, Leit\u00e3o venceu o Scrath, \u00e0 frente do gaiense, enquanto Rui Oliveira ficou em primeiro na corrida por pontos, precedido pelo vianense.\" \/>\n<meta property=\"og:url\" content=\"https:\/\/portaltela.pt\/noticias\/2026\/01\/17\/iuri-leitao-e-rui-oliveira-vencem-prova-no-trofeu-artur-lopes\/\" \/>\n<meta property=\"og:site_name\" content=\"Portal Tela Portugal\" \/>\n<meta property=\"article:published_time\" content=\"2026-01-17T18:46:00+00:00\" \/>\n<meta name=\"author\" content=\"Telinha\" \/>\n<meta name=\"twitter:card\" content=\"summary_large_image\" \/>\n<meta name=\"twitter:label1\" content=\"Escrito por\" \/>\n\t<meta name=\"twitter:data1\" content=\"Telinha\" \/>\n\t<meta name=\"twitter:label2\" content=\"Tempo estimado de leitura\" \/>\n\t<meta name=\"twitter:data2\" content=\"1 minuto\" \/>\n<script type=\"application\/ld+json\" class=\"yoast-schema-graph\">{\"@context\":\"https:\/\/schema.org\",\"@graph\":[{\"@type\":\"Article\",\"@id\":\"https:\/\/portaltela.pt\/noticias\/2026\/01\/17\/iuri-leitao-e-rui-oliveira-vencem-prova-no-trofeu-artur-lopes\/#article\",\"isPartOf\":{\"@id\":\"https:\/\/portaltela.pt\/noticias\/2026\/01\/17\/iuri-leitao-e-rui-oliveira-vencem-prova-no-trofeu-artur-lopes\/\"},\"author\":{\"name\":\"Telinha\",\"@id\":\"https:\/\/portaltela.pt\/#\/schema\/person\/c4278d4a6028830caff9ee44b42d32ed\"},\"headline\":\"I\u00fari Leit\u00e3o e Rui Oliveira vencem prova no Trof\u00e9u Artur Lopes\",\"datePublished\":\"2026-01-17T18:46:00+00:00\",\"mainEntityOfPage\":{\"@id\":\"https:\/\/portaltela.pt\/noticias\/2026\/01\/17\/iuri-leitao-e-rui-oliveira-vencem-prova-no-trofeu-artur-lopes\/\"},\"wordCount\":252,\"image\":{\"@id\":\"https:\/\/portaltela.pt\/noticias\/2026\/01\/17\/iuri-leitao-e-rui-oliveira-vencem-prova-no-trofeu-artur-lopes\/#primaryimage\"},\"thumbnailUrl\":\"https:\/\/portaltela.pt\/s.01k8rhncp4jt1\/2026\/01\/image-1042.jpg\",\"keywords\":[\"Anadia\",\"ciclismo\",\"desporto\",\"Federa\u00e7\u00e3o Portuguesa de Ciclismo\",\"olimp\u00edadas\",\"Portugal\"],\"articleSection\":[\"Desporto\"],\"inLanguage\":\"pt-PT\"},{\"@type\":\"WebPage\",\"@id\":\"https:\/\/portaltela.pt\/noticias\/2026\/01\/17\/iuri-leitao-e-rui-oliveira-vencem-prova-no-trofeu-artur-lopes\/\",\"url\":\"https:\/\/portaltela.pt\/noticias\/2026\/01\/17\/iuri-leitao-e-rui-oliveira-vencem-prova-no-trofeu-artur-lopes\/\",\"name\":\"I\u00fari Leit\u00e3o e Rui Oliveira vencem prova no Trof\u00e9u Artur Lopes - Portal Tela Portugal\",\"isPartOf\":{\"@id\":\"https:\/\/portaltela.pt\/#website\"},\"primaryImageOfPage\":{\"@id\":\"https:\/\/portaltela.pt\/noticias\/2026\/01\/17\/iuri-leitao-e-rui-oliveira-vencem-prova-no-trofeu-artur-lopes\/#primaryimage\"},\"image\":{\"@id\":\"https:\/\/portaltela.pt\/noticias\/2026\/01\/17\/iuri-leitao-e-rui-oliveira-vencem-prova-no-trofeu-artur-lopes\/#primaryimage\"},\"thumbnailUrl\":\"https:\/\/portaltela.pt\/s.01k8rhncp4jt1\/2026\/01\/image-1042.jpg\",\"datePublished\":\"2026-01-17T18:46:00+00:00\",\"author\":{\"@id\":\"https:\/\/portaltela.pt\/#\/schema\/person\/c4278d4a6028830caff9ee44b42d32ed\"},\"breadcrumb\":{\"@id\":\"https:\/\/portaltela.pt\/noticias\/2026\/01\/17\/iuri-leitao-e-rui-oliveira-vencem-prova-no-trofeu-artur-lopes\/#breadcrumb\"},\"inLanguage\":\"pt-PT\",\"potentialAction\":[{\"@type\":\"ReadAction\",\"target\":[\"https:\/\/portaltela.pt\/noticias\/2026\/01\/17\/iuri-leitao-e-rui-oliveira-vencem-prova-no-trofeu-artur-lopes\/\"]}]},{\"@type\":\"ImageObject\",\"inLanguage\":\"pt-PT\",\"@id\":\"https:\/\/portaltela.pt\/noticias\/2026\/01\/17\/iuri-leitao-e-rui-oliveira-vencem-prova-no-trofeu-artur-lopes\/#primaryimage\",\"url\":\"https:\/\/portaltela.pt\/s.01k8rhncp4jt1\/2026\/01\/image-1042.jpg\",\"contentUrl\":\"https:\/\/portaltela.pt\/s.01k8rhncp4jt1\/2026\/01\/image-1042.jpg\",\"width\":796,\"height\":448,\"caption\":\"Dupla triunfou equipada em tons dourado\"},{\"@type\":\"BreadcrumbList\",\"@id\":\"https:\/\/portaltela.pt\/noticias\/2026\/01\/17\/iuri-leitao-e-rui-oliveira-vencem-prova-no-trofeu-artur-lopes\/#breadcrumb\",\"itemListElement\":[{\"@type\":\"ListItem\",\"position\":1,\"name\":\"In\u00edcio\",\"item\":\"https:\/\/portaltela.pt\/\"},{\"@type\":\"ListItem\",\"position\":2,\"name\":\"I\u00fari Leit\u00e3o e Rui Oliveira vencem prova no Trof\u00e9u Artur Lopes\"}]},{\"@type\":\"WebSite\",\"@id\":\"https:\/\/portaltela.pt\/#website\",\"url\":\"https:\/\/portaltela.pt\/\",\"name\":\"Portal Tela Portugal\",\"description\":\"\",\"potentialAction\":[{\"@type\":\"SearchAction\",\"target\":{\"@type\":\"EntryPoint\",\"urlTemplate\":\"https:\/\/portaltela.pt\/?s={search_term_string}\"},\"query-input\":{\"@type\":\"PropertyValueSpecification\",\"valueRequired\":true,\"valueName\":\"search_term_string\"}}],\"inLanguage\":\"pt-PT\"},{\"@type\":\"Person\",\"@id\":\"https:\/\/portaltela.pt\/#\/schema\/person\/c4278d4a6028830caff9ee44b42d32ed\",\"name\":\"Telinha\",\"image\":{\"@type\":\"ImageObject\",\"inLanguage\":\"pt-PT\",\"@id\":\"https:\/\/portaltela.pt\/s.01k8rhncp4jt1\/2025\/11\/talking-bot-125x125.png\",\"url\":\"https:\/\/portaltela.pt\/s.01k8rhncp4jt1\/2025\/11\/talking-bot-125x125.png\",\"contentUrl\":\"https:\/\/portaltela.pt\/s.01k8rhncp4jt1\/2025\/11\/talking-bot-125x125.png\",\"caption\":\"Telinha\"},\"sameAs\":[\"https:\/\/portaltela.pt\/\"],\"url\":\"https:\/\/portaltela.pt\/por\/367410592786\/\"}]}<\/script>\n<!-- \/ Yoast SEO plugin. -->","yoast_head_json":{"title":"I\u00fari Leit\u00e3o e Rui Oliveira vencem prova no Trof\u00e9u Artur Lopes - Portal Tela Portugal","robots":{"index":"index","follow":"follow","max-snippet":"max-snippet:-1","max-image-preview":"max-image-preview:large","max-video-preview":"max-video-preview:-1"},"og_locale":"pt_PT","og_type":"article","og_title":"I\u00fari Leit\u00e3o e Rui Oliveira vencem prova no Trof\u00e9u Artur Lopes - Portal Tela Portugal","og_description":"I\u00fari Leit\u00e3o e Rui Oliveira venceram a prova de madison no Trof\u00e9u Internacional de Pista Artur Lopes, no Vel\u00f3dromo de Sangalhos, Anadia. A dupla, campe\u00f5es ol\u00edmpicos, entrou em pista em tons dourados e conquistou o lugar mais alto no s\u00e1bado. I\u00fari Leit\u00e3o afirmou que n\u00e3o h\u00e1 regresso marcado, mas que querem correr juntos sempre que poss\u00edvel. Rui Oliveira elogiou o espet\u00e1culo apresentado pela dupla durante a prova. No primeiro dia do circuito, Leit\u00e3o venceu o Scrath, \u00e0 frente do gaiense, enquanto Rui Oliveira ficou em primeiro na corrida por pontos, precedido pelo vianense.","og_url":"https:\/\/portaltela.pt\/noticias\/2026\/01\/17\/iuri-leitao-e-rui-oliveira-vencem-prova-no-trofeu-artur-lopes\/","og_site_name":"Portal Tela Portugal","article_published_time":"2026-01-17T18:46:00+00:00","author":"Telinha","twitter_card":"summary_large_image","twitter_misc":{"Escrito por":"Telinha","Tempo estimado de leitura":"1 minuto"},"schema":{"@context":"https:\/\/schema.org","@graph":[{"@type":"Article","@id":"https:\/\/portaltela.pt\/noticias\/2026\/01\/17\/iuri-leitao-e-rui-oliveira-vencem-prova-no-trofeu-artur-lopes\/#article","isPartOf":{"@id":"https:\/\/portaltela.pt\/noticias\/2026\/01\/17\/iuri-leitao-e-rui-oliveira-vencem-prova-no-trofeu-artur-lopes\/"},"author":{"name":"Telinha","@id":"https:\/\/portaltela.pt\/#\/schema\/person\/c4278d4a6028830caff9ee44b42d32ed"},"headline":"I\u00fari Leit\u00e3o e Rui Oliveira vencem prova no Trof\u00e9u Artur Lopes","datePublished":"2026-01-17T18:46:00+00:00","mainEntityOfPage":{"@id":"https:\/\/portaltela.pt\/noticias\/2026\/01\/17\/iuri-leitao-e-rui-oliveira-vencem-prova-no-trofeu-artur-lopes\/"},"wordCount":252,"image":{"@id":"https:\/\/portaltela.pt\/noticias\/2026\/01\/17\/iuri-leitao-e-rui-oliveira-vencem-prova-no-trofeu-artur-lopes\/#primaryimage"},"thumbnailUrl":"https:\/\/portaltela.pt\/s.01k8rhncp4jt1\/2026\/01\/image-1042.jpg","keywords":["Anadia","ciclismo","desporto","Federa\u00e7\u00e3o Portuguesa de Ciclismo","olimp\u00edadas","Portugal"],"articleSection":["Desporto"],"inLanguage":"pt-PT"},{"@type":"WebPage","@id":"https:\/\/portaltela.pt\/noticias\/2026\/01\/17\/iuri-leitao-e-rui-oliveira-vencem-prova-no-trofeu-artur-lopes\/","url":"https:\/\/portaltela.pt\/noticias\/2026\/01\/17\/iuri-leitao-e-rui-oliveira-vencem-prova-no-trofeu-artur-lopes\/","name":"I\u00fari Leit\u00e3o e Rui Oliveira vencem prova no Trof\u00e9u Artur Lopes - Portal Tela Portugal","isPartOf":{"@id":"https:\/\/portaltela.pt\/#website"},"primaryImageOfPage":{"@id":"https:\/\/portaltela.pt\/noticias\/2026\/01\/17\/iuri-leitao-e-rui-oliveira-vencem-prova-no-trofeu-artur-lopes\/#primaryimage"},"image":{"@id":"https:\/\/portaltela.pt\/noticias\/2026\/01\/17\/iuri-leitao-e-rui-oliveira-vencem-prova-no-trofeu-artur-lopes\/#primaryimage"},"thumbnailUrl":"https:\/\/portaltela.pt\/s.01k8rhncp4jt1\/2026\/01\/image-1042.jpg","datePublished":"2026-01-17T18:46:00+00:00","author":{"@id":"https:\/\/portaltela.pt\/#\/schema\/person\/c4278d4a6028830caff9ee44b42d32ed"},"breadcrumb":{"@id":"https:\/\/portaltela.pt\/noticias\/2026\/01\/17\/iuri-leitao-e-rui-oliveira-vencem-prova-no-trofeu-artur-lopes\/#breadcrumb"},"inLanguage":"pt-PT","potentialAction":[{"@type":"ReadAction","target":["https:\/\/portaltela.pt\/noticias\/2026\/01\/17\/iuri-leitao-e-rui-oliveira-vencem-prova-no-trofeu-artur-lopes\/"]}]},{"@type":"ImageObject","inLanguage":"pt-PT","@id":"https:\/\/portaltela.pt\/noticias\/2026\/01\/17\/iuri-leitao-e-rui-oliveira-vencem-prova-no-trofeu-artur-lopes\/#primaryimage","url":"https:\/\/portaltela.pt\/s.01k8rhncp4jt1\/2026\/01\/image-1042.jpg","contentUrl":"https:\/\/portaltela.pt\/s.01k8rhncp4jt1\/2026\/01\/image-1042.jpg","width":796,"height":448,"caption":"Dupla triunfou equipada em tons dourado"},{"@type":"BreadcrumbList","@id":"https:\/\/portaltela.pt\/noticias\/2026\/01\/17\/iuri-leitao-e-rui-oliveira-vencem-prova-no-trofeu-artur-lopes\/#breadcrumb","itemListElement":[{"@type":"ListItem","position":1,"name":"In\u00edcio","item":"https:\/\/portaltela.pt\/"},{"@type":"ListItem","position":2,"name":"I\u00fari Leit\u00e3o e Rui Oliveira vencem prova no Trof\u00e9u Artur Lopes"}]},{"@type":"WebSite","@id":"https:\/\/portaltela.pt\/#website","url":"https:\/\/portaltela.pt\/","name":"Portal Tela Portugal","description":"","potentialAction":[{"@type":"SearchAction","target":{"@type":"EntryPoint","urlTemplate":"https:\/\/portaltela.pt\/?s={search_term_string}"},"query-input":{"@type":"PropertyValueSpecification","valueRequired":true,"valueName":"search_term_string"}}],"inLanguage":"pt-PT"},{"@type":"Person","@id":"https:\/\/portaltela.pt\/#\/schema\/person\/c4278d4a6028830caff9ee44b42d32ed","name":"Telinha","image":{"@type":"ImageObject","inLanguage":"pt-PT","@id":"https:\/\/portaltela.pt\/s.01k8rhncp4jt1\/2025\/11\/talking-bot-125x125.png","url":"https:\/\/portaltela.pt\/s.01k8rhncp4jt1\/2025\/11\/talking-bot-125x125.png","contentUrl":"https:\/\/portaltela.pt\/s.01k8rhncp4jt1\/2025\/11\/talking-bot-125x125.png","caption":"Telinha"},"sameAs":["https:\/\/portaltela.pt\/"],"url":"https:\/\/portaltela.pt\/por\/367410592786\/"}]}},"_links":{"self":[{"href":"https:\/\/portaltela.pt\/api\/wp\/v2\/posts\/148653","targetHints":{"allow":["GET"]}}],"collection":[{"href":"https:\/\/portaltela.pt\/api\/wp\/v2\/posts"}],"about":[{"href":"https:\/\/portaltela.pt\/api\/wp\/v2\/types\/post"}],"author":[{"embeddable":true,"href":"https:\/\/portaltela.pt\/api\/wp\/v2\/users\/2"}],"replies":[{"embeddable":true,"href":"https:\/\/portaltela.pt\/api\/wp\/v2\/comments?post=148653"}],"version-history":[{"count":0,"href":"https:\/\/portaltela.pt\/api\/wp\/v2\/posts\/148653\/revisions"}],"wp:featuredmedia":[{"embeddable":true,"href":"https:\/\/portaltela.pt\/api\/wp\/v2\/media\/148654"}],"wp:attachment":[{"href":"https:\/\/portaltela.pt\/api\/wp\/v2\/media?parent=148653"}],"wp:term":[{"taxonomy":"category","embeddable":true,"href":"https:\/\/portaltela.pt\/api\/wp\/v2\/categories?post=148653"},{"taxonomy":"post_tag","embeddable":true,"href":"https:\/\/portaltela.pt\/api\/wp\/v2\/tags?post=148653"}],"curies":[{"name":"wp","href":"https:\/\/api.w.org\/{rel}","templated":true}]}}